
{"id":76553,"date":"2021-06-23T16:36:56","date_gmt":"2021-06-23T19:36:56","guid":{"rendered":"http:\/\/jornalbeirario.com.br\/portal\/?p=76553"},"modified":"2021-06-23T16:36:56","modified_gmt":"2021-06-23T19:36:56","slug":"alerj-cria-frente-parlamentar-pela-democratizacao-da-comunicacao","status":"publish","type":"post","link":"https:\/\/jornalbeirario.com.br\/portal\/?p=76553","title":{"rendered":"Alerj cria Frente Parlamentar pela Democratiza\u00e7\u00e3o da Comunica\u00e7\u00e3o"},"content":{"rendered":"<div class=\"painel_interno \">\n<div class=\"navegacao\" style=\"text-align: justify;\">Na noite desta segunda-feira, dia 22, foi realizado o primeiro encontro organizado pela Frente Parlamentar pela Democratiza\u00e7\u00e3o da Comunica\u00e7\u00e3o, criado por um grupo de deputados da Assembleia Legislativa do Estado do Rio de Janeiro (Alerj), que reuniu jornalistas, parlamentares, ativistas e pesquisadores.<\/div>\n<div class=\"navegacao\" style=\"text-align: justify;\">\n<p class=\"margintop11\">&#8211; Essa frente n\u00e3o inaugura as lutas na Assembleia Legislativa em defesa da Comunica\u00e7\u00e3o, mas chega para refor\u00e7ar e avan\u00e7ar em iniciativas. O campo da Comunica\u00e7\u00e3o \u00e9 muito disputado pelos interesses do capital e, consequentemente, h\u00e1 press\u00f5es de interesses que se expressam com muita veracidade &#8211; disse o deputado Waldeck Carneiro (PT).<\/p>\n<p class=\"margintop11\">Ele presidiu o encontro, onde v\u00e1rias quest\u00f5es foram discutidas, entre elas o acesso \u00e0 internet banda larga nas escolas, combate \u00e0 dissemina\u00e7\u00e3o de fake news e \u00e0 viol\u00eancia contra jornalistas.<\/p>\n<\/div>\n<\/div>\n<div>\n<p class=\"margintop11\" style=\"text-align: justify;\">Na reuni\u00e3o, o deputado Fl\u00e1vio Serafini (PSol), secret\u00e1rio-geral da comiss\u00e3o, cobrou o cumprimento da Lei 6.892\/14, de autoria de Carlos Minc (PSB), que destina m\u00ednimo de 1% do total das verbas de execu\u00e7\u00e3o de campanhas\u00a0institucionais e de publicidade \u00e0 contrata\u00e7\u00e3o de servi\u00e7os de r\u00e1dios e TVs comunit\u00e1rias.<\/p>\n<p class=\"margintop11\" style=\"text-align: justify;\">&#8211; N\u00e3o d\u00e1 pra gente acreditar em uma sociedade verdadeiramente democr\u00e1tica, sem pensar na democratiza\u00e7\u00e3o da Comunica\u00e7\u00e3o. A gente tem o desafio de fazer com que a democratiza\u00e7\u00e3o de fato aconte\u00e7a em diferentes esferas para garantir o fomento aos ve\u00edculos de comunica\u00e7\u00e3o popular e alternativos que n\u00e3o estejam centrados no grande oligop\u00f3lio midi\u00e1tico do pa\u00eds &#8211; comentou.<\/p>\n<p class=\"margintop11\" style=\"text-align: justify;\">O presidente do Sindicato Estadual dos Jornalistas do Rio de Janeiro, M\u00e1rio Sousa, defendeu a interioriza\u00e7\u00e3o da Frente Parlamentar para al\u00e9m da Regi\u00e3o Metropolitana do estado.<\/p>\n<p class=\"margintop11\" style=\"text-align: justify;\">&#8211; S\u00e3o dezenas de ve\u00edculos que est\u00e3o sendo fechados, com jornalistas desempregados e sem apoio \u00e0 comunica\u00e7\u00e3o popular no interior do estado. Al\u00e9m disso, a viol\u00eancia contra jornalistas \u00e9 muito presente e invisibilizada nesses locais. Nos \u00faltimos dez anos, foram quase 30 profissionais assassinados &#8211; pontuou.<\/p>\n<p class=\"margintop11\" style=\"text-align: justify;\">Em rela\u00e7\u00e3o aos meios digitais, segundo\u00a0a representante do Comit\u00ea Gestor da Internet no Brasil, Bia Barbosa, 25% da popula\u00e7\u00e3o brasileira n\u00e3o est\u00e1 conectada \u00e0 internet e 60% \u00e9 conectada a planos m\u00f3veis de baixa qualidade, o que dificulta o acesso dos estudantes \u00e0s plataformas de educa\u00e7\u00e3o.<\/p>\n<p class=\"margintop11\" style=\"text-align: justify;\">Ela sugeriu ainda que a propaga\u00e7\u00e3o de desinforma\u00e7\u00e3o e de fake news na internet seja inserida nas discuss\u00f5es da frente parlamentar, principalmente com a aproxima\u00e7\u00e3o das elei\u00e7\u00f5es de 2022. \u201cAs quest\u00f5es da prote\u00e7\u00e3o de dados e de privacidade tamb\u00e9m precisam ser debatidas no \u00e2mbito dos munic\u00edpios e dos estados\u201d, ressaltou.<\/p>\n<p class=\"margintop11\" style=\"text-align: justify;\">Comp\u00f5em a comiss\u00e3o tamb\u00e9m o vice-presidente da comiss\u00e3o Carlos Minc (PSB); o secret\u00e1rio-geral, Fl\u00e1vio Serafini (PSol) e a secret\u00e1ria-geral adjunta, Enfermeira Rejane (PCdoB). A reuni\u00e3o tamb\u00e9m contou com a presen\u00e7a das deputadas M\u00f4nica Francisco, Dani Monteiro e Renata Souza, todas do PSol.<\/p>\n<p><em>Foto: Reprodu\u00e7\u00e3o<\/em><\/p>\n<\/div>\n","protected":false},"excerpt":{"rendered":"<p>Na noite desta segunda-feira, dia 22, foi realizado o primeiro encontro organizado pela Frente Parlamentar pela Democratiza\u00e7\u00e3o da Comunica\u00e7\u00e3o, criado por um grupo de<\/p>\n","protected":false},"author":1,"featured_media":76557,"comment_status":"open","ping_status":"open","sticky":false,"template":"","format":"standard","meta":{"pmpro_default_level":"","footnotes":""},"categories":[11,158],"tags":[],"class_list":["post-76553","post","type-post","status-publish","format-standard","has-post-thumbnail","hentry","category-politica","category-rio-de-janeiro","pmpro-has-access"],"yoast_head":"<!-- This site is optimized with the Yoast SEO plugin v27.4 - https:\/\/yoast.com\/product\/yoast-seo-wordpress\/ -->\n<title>Alerj cria Frente Parlamentar pela Democratiza\u00e7\u00e3o da Comunica\u00e7\u00e3o - JORNAL BEIRA RIO<\/title>\n<meta name=\"robots\" content=\"index, follow, max-snippet:-1, max-image-preview:large, max-video-preview:-1\" \/>\n<link rel=\"canonical\" href=\"https:\/\/jornalbeirario.com.br\/portal\/?p=76553\" \/>\n<meta property=\"og:locale\" content=\"pt_BR\" \/>\n<meta property=\"og:type\" content=\"article\" \/>\n<meta property=\"og:title\" content=\"Alerj cria Frente Parlamentar pela Democratiza\u00e7\u00e3o da Comunica\u00e7\u00e3o - JORNAL BEIRA RIO\" \/>\n<meta property=\"og:description\" content=\"Na noite desta segunda-feira, dia 22, foi realizado o primeiro encontro organizado pela Frente Parlamentar pela Democratiza\u00e7\u00e3o da Comunica\u00e7\u00e3o, criado por um grupo de\" \/>\n<meta property=\"og:url\" content=\"https:\/\/jornalbeirario.com.br\/portal\/?p=76553\" \/>\n<meta property=\"og:site_name\" content=\"JORNAL BEIRA RIO\" \/>\n<meta property=\"article:published_time\" content=\"2021-06-23T19:36:56+00:00\" \/>\n<meta property=\"og:image\" content=\"https:\/\/jornalbeirario.com.br\/portal\/wp-content\/uploads\/2021\/06\/frente1.jpg\" \/>\n\t<meta property=\"og:image:width\" content=\"891\" \/>\n\t<meta property=\"og:image:height\" content=\"480\" \/>\n\t<meta property=\"og:image:type\" content=\"image\/jpeg\" \/>\n<meta name=\"author\" content=\"Jornal BEIRA-RIO\" \/>\n<meta name=\"twitter:card\" content=\"summary_large_image\" \/>\n<meta name=\"twitter:label1\" content=\"Escrito por\" \/>\n\t<meta name=\"twitter:data1\" content=\"Jornal BEIRA-RIO\" \/>\n\t<meta name=\"twitter:label2\" content=\"Est. tempo de leitura\" \/>\n\t<meta name=\"twitter:data2\" content=\"2 minutos\" \/>\n<script type=\"application\/ld+json\" class=\"yoast-schema-graph\">{\"@context\":\"https:\\\/\\\/schema.org\",\"@graph\":[{\"@type\":\"Article\",\"@id\":\"https:\\\/\\\/jornalbeirario.com.br\\\/portal\\\/?p=76553#article\",\"isPartOf\":{\"@id\":\"https:\\\/\\\/jornalbeirario.com.br\\\/portal\\\/?p=76553\"},\"author\":{\"name\":\"Jornal BEIRA-RIO\",\"@id\":\"https:\\\/\\\/jornalbeirario.com.br\\\/portal\\\/#\\\/schema\\\/person\\\/c6c423e4c2465d2a9233f6539173e7c1\"},\"headline\":\"Alerj cria Frente Parlamentar pela Democratiza\u00e7\u00e3o da Comunica\u00e7\u00e3o\",\"datePublished\":\"2021-06-23T19:36:56+00:00\",\"mainEntityOfPage\":{\"@id\":\"https:\\\/\\\/jornalbeirario.com.br\\\/portal\\\/?p=76553\"},\"wordCount\":506,\"commentCount\":0,\"publisher\":{\"@id\":\"https:\\\/\\\/jornalbeirario.com.br\\\/portal\\\/#organization\"},\"image\":{\"@id\":\"https:\\\/\\\/jornalbeirario.com.br\\\/portal\\\/?p=76553#primaryimage\"},\"thumbnailUrl\":\"https:\\\/\\\/jornalbeirario.com.br\\\/portal\\\/wp-content\\\/uploads\\\/2021\\\/06\\\/frente1.jpg\",\"articleSection\":[\"Pol\u00edtica\",\"Rio de Janeiro\"],\"inLanguage\":\"pt-BR\",\"potentialAction\":[{\"@type\":\"CommentAction\",\"name\":\"Comment\",\"target\":[\"https:\\\/\\\/jornalbeirario.com.br\\\/portal\\\/?p=76553#respond\"]}]},{\"@type\":\"WebPage\",\"@id\":\"https:\\\/\\\/jornalbeirario.com.br\\\/portal\\\/?p=76553\",\"url\":\"https:\\\/\\\/jornalbeirario.com.br\\\/portal\\\/?p=76553\",\"name\":\"Alerj cria Frente Parlamentar pela Democratiza\u00e7\u00e3o da Comunica\u00e7\u00e3o - JORNAL BEIRA RIO\",\"isPartOf\":{\"@id\":\"https:\\\/\\\/jornalbeirario.com.br\\\/portal\\\/#website\"},\"primaryImageOfPage\":{\"@id\":\"https:\\\/\\\/jornalbeirario.com.br\\\/portal\\\/?p=76553#primaryimage\"},\"image\":{\"@id\":\"https:\\\/\\\/jornalbeirario.com.br\\\/portal\\\/?p=76553#primaryimage\"},\"thumbnailUrl\":\"https:\\\/\\\/jornalbeirario.com.br\\\/portal\\\/wp-content\\\/uploads\\\/2021\\\/06\\\/frente1.jpg\",\"datePublished\":\"2021-06-23T19:36:56+00:00\",\"breadcrumb\":{\"@id\":\"https:\\\/\\\/jornalbeirario.com.br\\\/portal\\\/?p=76553#breadcrumb\"},\"inLanguage\":\"pt-BR\",\"potentialAction\":[{\"@type\":\"ReadAction\",\"target\":[\"https:\\\/\\\/jornalbeirario.com.br\\\/portal\\\/?p=76553\"]}]},{\"@type\":\"ImageObject\",\"inLanguage\":\"pt-BR\",\"@id\":\"https:\\\/\\\/jornalbeirario.com.br\\\/portal\\\/?p=76553#primaryimage\",\"url\":\"https:\\\/\\\/jornalbeirario.com.br\\\/portal\\\/wp-content\\\/uploads\\\/2021\\\/06\\\/frente1.jpg\",\"contentUrl\":\"https:\\\/\\\/jornalbeirario.com.br\\\/portal\\\/wp-content\\\/uploads\\\/2021\\\/06\\\/frente1.jpg\",\"width\":891,\"height\":480},{\"@type\":\"BreadcrumbList\",\"@id\":\"https:\\\/\\\/jornalbeirario.com.br\\\/portal\\\/?p=76553#breadcrumb\",\"itemListElement\":[{\"@type\":\"ListItem\",\"position\":1,\"name\":\"Home\",\"item\":\"https:\\\/\\\/jornalbeirario.com.br\\\/portal\"},{\"@type\":\"ListItem\",\"position\":2,\"name\":\"Alerj cria Frente Parlamentar pela Democratiza\u00e7\u00e3o da Comunica\u00e7\u00e3o\"}]},{\"@type\":\"WebSite\",\"@id\":\"https:\\\/\\\/jornalbeirario.com.br\\\/portal\\\/#website\",\"url\":\"https:\\\/\\\/jornalbeirario.com.br\\\/portal\\\/\",\"name\":\"JORNAL BEIRA RIO\",\"description\":\"\",\"publisher\":{\"@id\":\"https:\\\/\\\/jornalbeirario.com.br\\\/portal\\\/#organization\"},\"potentialAction\":[{\"@type\":\"SearchAction\",\"target\":{\"@type\":\"EntryPoint\",\"urlTemplate\":\"https:\\\/\\\/jornalbeirario.com.br\\\/portal\\\/?s={search_term_string}\"},\"query-input\":{\"@type\":\"PropertyValueSpecification\",\"valueRequired\":true,\"valueName\":\"search_term_string\"}}],\"inLanguage\":\"pt-BR\"},{\"@type\":\"Organization\",\"@id\":\"https:\\\/\\\/jornalbeirario.com.br\\\/portal\\\/#organization\",\"name\":\"JORNAL BEIRA RIO\",\"url\":\"https:\\\/\\\/jornalbeirario.com.br\\\/portal\\\/\",\"logo\":{\"@type\":\"ImageObject\",\"inLanguage\":\"pt-BR\",\"@id\":\"https:\\\/\\\/jornalbeirario.com.br\\\/portal\\\/#\\\/schema\\\/logo\\\/image\\\/\",\"url\":\"https:\\\/\\\/jornalbeirario.com.br\\\/portal\\\/wp-content\\\/uploads\\\/2017\\\/09\\\/BEIRA-RIO_logo600.png\",\"contentUrl\":\"https:\\\/\\\/jornalbeirario.com.br\\\/portal\\\/wp-content\\\/uploads\\\/2017\\\/09\\\/BEIRA-RIO_logo600.png\",\"width\":650,\"height\":108,\"caption\":\"JORNAL BEIRA RIO\"},\"image\":{\"@id\":\"https:\\\/\\\/jornalbeirario.com.br\\\/portal\\\/#\\\/schema\\\/logo\\\/image\\\/\"}},{\"@type\":\"Person\",\"@id\":\"https:\\\/\\\/jornalbeirario.com.br\\\/portal\\\/#\\\/schema\\\/person\\\/c6c423e4c2465d2a9233f6539173e7c1\",\"name\":\"Jornal BEIRA-RIO\",\"image\":{\"@type\":\"ImageObject\",\"inLanguage\":\"pt-BR\",\"@id\":\"https:\\\/\\\/jornalbeirario.com.br\\\/portal\\\/wp-content\\\/uploads\\\/2023\\\/10\\\/logojbr1.jpg\",\"url\":\"https:\\\/\\\/jornalbeirario.com.br\\\/portal\\\/wp-content\\\/uploads\\\/2023\\\/10\\\/logojbr1.jpg\",\"contentUrl\":\"https:\\\/\\\/jornalbeirario.com.br\\\/portal\\\/wp-content\\\/uploads\\\/2023\\\/10\\\/logojbr1.jpg\",\"caption\":\"Jornal BEIRA-RIO\"},\"url\":\"https:\\\/\\\/jornalbeirario.com.br\\\/portal\\\/?author=1\"}]}<\/script>\n<!-- \/ Yoast SEO plugin. -->","yoast_head_json":{"title":"Alerj cria Frente Parlamentar pela Democratiza\u00e7\u00e3o da Comunica\u00e7\u00e3o - JORNAL BEIRA RIO","robots":{"index":"index","follow":"follow","max-snippet":"max-snippet:-1","max-image-preview":"max-image-preview:large","max-video-preview":"max-video-preview:-1"},"canonical":"https:\/\/jornalbeirario.com.br\/portal\/?p=76553","og_locale":"pt_BR","og_type":"article","og_title":"Alerj cria Frente Parlamentar pela Democratiza\u00e7\u00e3o da Comunica\u00e7\u00e3o - JORNAL BEIRA RIO","og_description":"Na noite desta segunda-feira, dia 22, foi realizado o primeiro encontro organizado pela Frente Parlamentar pela Democratiza\u00e7\u00e3o da Comunica\u00e7\u00e3o, criado por um grupo de","og_url":"https:\/\/jornalbeirario.com.br\/portal\/?p=76553","og_site_name":"JORNAL BEIRA RIO","article_published_time":"2021-06-23T19:36:56+00:00","og_image":[{"width":891,"height":480,"url":"https:\/\/jornalbeirario.com.br\/portal\/wp-content\/uploads\/2021\/06\/frente1.jpg","type":"image\/jpeg"}],"author":"Jornal BEIRA-RIO","twitter_card":"summary_large_image","twitter_misc":{"Escrito por":"Jornal BEIRA-RIO","Est. tempo de leitura":"2 minutos"},"schema":{"@context":"https:\/\/schema.org","@graph":[{"@type":"Article","@id":"https:\/\/jornalbeirario.com.br\/portal\/?p=76553#article","isPartOf":{"@id":"https:\/\/jornalbeirario.com.br\/portal\/?p=76553"},"author":{"name":"Jornal BEIRA-RIO","@id":"https:\/\/jornalbeirario.com.br\/portal\/#\/schema\/person\/c6c423e4c2465d2a9233f6539173e7c1"},"headline":"Alerj cria Frente Parlamentar pela Democratiza\u00e7\u00e3o da Comunica\u00e7\u00e3o","datePublished":"2021-06-23T19:36:56+00:00","mainEntityOfPage":{"@id":"https:\/\/jornalbeirario.com.br\/portal\/?p=76553"},"wordCount":506,"commentCount":0,"publisher":{"@id":"https:\/\/jornalbeirario.com.br\/portal\/#organization"},"image":{"@id":"https:\/\/jornalbeirario.com.br\/portal\/?p=76553#primaryimage"},"thumbnailUrl":"https:\/\/jornalbeirario.com.br\/portal\/wp-content\/uploads\/2021\/06\/frente1.jpg","articleSection":["Pol\u00edtica","Rio de Janeiro"],"inLanguage":"pt-BR","potentialAction":[{"@type":"CommentAction","name":"Comment","target":["https:\/\/jornalbeirario.com.br\/portal\/?p=76553#respond"]}]},{"@type":"WebPage","@id":"https:\/\/jornalbeirario.com.br\/portal\/?p=76553","url":"https:\/\/jornalbeirario.com.br\/portal\/?p=76553","name":"Alerj cria Frente Parlamentar pela Democratiza\u00e7\u00e3o da Comunica\u00e7\u00e3o - JORNAL BEIRA RIO","isPartOf":{"@id":"https:\/\/jornalbeirario.com.br\/portal\/#website"},"primaryImageOfPage":{"@id":"https:\/\/jornalbeirario.com.br\/portal\/?p=76553#primaryimage"},"image":{"@id":"https:\/\/jornalbeirario.com.br\/portal\/?p=76553#primaryimage"},"thumbnailUrl":"https:\/\/jornalbeirario.com.br\/portal\/wp-content\/uploads\/2021\/06\/frente1.jpg","datePublished":"2021-06-23T19:36:56+00:00","breadcrumb":{"@id":"https:\/\/jornalbeirario.com.br\/portal\/?p=76553#breadcrumb"},"inLanguage":"pt-BR","potentialAction":[{"@type":"ReadAction","target":["https:\/\/jornalbeirario.com.br\/portal\/?p=76553"]}]},{"@type":"ImageObject","inLanguage":"pt-BR","@id":"https:\/\/jornalbeirario.com.br\/portal\/?p=76553#primaryimage","url":"https:\/\/jornalbeirario.com.br\/portal\/wp-content\/uploads\/2021\/06\/frente1.jpg","contentUrl":"https:\/\/jornalbeirario.com.br\/portal\/wp-content\/uploads\/2021\/06\/frente1.jpg","width":891,"height":480},{"@type":"BreadcrumbList","@id":"https:\/\/jornalbeirario.com.br\/portal\/?p=76553#breadcrumb","itemListElement":[{"@type":"ListItem","position":1,"name":"Home","item":"https:\/\/jornalbeirario.com.br\/portal"},{"@type":"ListItem","position":2,"name":"Alerj cria Frente Parlamentar pela Democratiza\u00e7\u00e3o da Comunica\u00e7\u00e3o"}]},{"@type":"WebSite","@id":"https:\/\/jornalbeirario.com.br\/portal\/#website","url":"https:\/\/jornalbeirario.com.br\/portal\/","name":"JORNAL BEIRA RIO","description":"","publisher":{"@id":"https:\/\/jornalbeirario.com.br\/portal\/#organization"},"potentialAction":[{"@type":"SearchAction","target":{"@type":"EntryPoint","urlTemplate":"https:\/\/jornalbeirario.com.br\/portal\/?s={search_term_string}"},"query-input":{"@type":"PropertyValueSpecification","valueRequired":true,"valueName":"search_term_string"}}],"inLanguage":"pt-BR"},{"@type":"Organization","@id":"https:\/\/jornalbeirario.com.br\/portal\/#organization","name":"JORNAL BEIRA RIO","url":"https:\/\/jornalbeirario.com.br\/portal\/","logo":{"@type":"ImageObject","inLanguage":"pt-BR","@id":"https:\/\/jornalbeirario.com.br\/portal\/#\/schema\/logo\/image\/","url":"https:\/\/jornalbeirario.com.br\/portal\/wp-content\/uploads\/2017\/09\/BEIRA-RIO_logo600.png","contentUrl":"https:\/\/jornalbeirario.com.br\/portal\/wp-content\/uploads\/2017\/09\/BEIRA-RIO_logo600.png","width":650,"height":108,"caption":"JORNAL BEIRA RIO"},"image":{"@id":"https:\/\/jornalbeirario.com.br\/portal\/#\/schema\/logo\/image\/"}},{"@type":"Person","@id":"https:\/\/jornalbeirario.com.br\/portal\/#\/schema\/person\/c6c423e4c2465d2a9233f6539173e7c1","name":"Jornal BEIRA-RIO","image":{"@type":"ImageObject","inLanguage":"pt-BR","@id":"https:\/\/jornalbeirario.com.br\/portal\/wp-content\/uploads\/2023\/10\/logojbr1.jpg","url":"https:\/\/jornalbeirario.com.br\/portal\/wp-content\/uploads\/2023\/10\/logojbr1.jpg","contentUrl":"https:\/\/jornalbeirario.com.br\/portal\/wp-content\/uploads\/2023\/10\/logojbr1.jpg","caption":"Jornal BEIRA-RIO"},"url":"https:\/\/jornalbeirario.com.br\/portal\/?author=1"}]}},"_links":{"self":[{"href":"https:\/\/jornalbeirario.com.br\/portal\/index.php?rest_route=\/wp\/v2\/posts\/76553","targetHints":{"allow":["GET"]}}],"collection":[{"href":"https:\/\/jornalbeirario.com.br\/portal\/index.php?rest_route=\/wp\/v2\/posts"}],"about":[{"href":"https:\/\/jornalbeirario.com.br\/portal\/index.php?rest_route=\/wp\/v2\/types\/post"}],"author":[{"embeddable":true,"href":"https:\/\/jornalbeirario.com.br\/portal\/index.php?rest_route=\/wp\/v2\/users\/1"}],"replies":[{"embeddable":true,"href":"https:\/\/jornalbeirario.com.br\/portal\/index.php?rest_route=%2Fwp%2Fv2%2Fcomments&post=76553"}],"version-history":[{"count":4,"href":"https:\/\/jornalbeirario.com.br\/portal\/index.php?rest_route=\/wp\/v2\/posts\/76553\/revisions"}],"predecessor-version":[{"id":76558,"href":"https:\/\/jornalbeirario.com.br\/portal\/index.php?rest_route=\/wp\/v2\/posts\/76553\/revisions\/76558"}],"wp:featuredmedia":[{"embeddable":true,"href":"https:\/\/jornalbeirario.com.br\/portal\/index.php?rest_route=\/wp\/v2\/media\/76557"}],"wp:attachment":[{"href":"https:\/\/jornalbeirario.com.br\/portal\/index.php?rest_route=%2Fwp%2Fv2%2Fmedia&parent=76553"}],"wp:term":[{"taxonomy":"category","embeddable":true,"href":"https:\/\/jornalbeirario.com.br\/portal\/index.php?rest_route=%2Fwp%2Fv2%2Fcategories&post=76553"},{"taxonomy":"post_tag","embeddable":true,"href":"https:\/\/jornalbeirario.com.br\/portal\/index.php?rest_route=%2Fwp%2Fv2%2Ftags&post=76553"}],"curies":[{"name":"wp","href":"https:\/\/api.w.org\/{rel}","templated":true}]}}