
{"id":76465,"date":"2021-06-21T06:57:50","date_gmt":"2021-06-21T09:57:50","guid":{"rendered":"http:\/\/jornalbeirario.com.br\/portal\/?p=76465"},"modified":"2021-06-21T06:57:50","modified_gmt":"2021-06-21T09:57:50","slug":"vaninho-exonera-todos-os-secretarios-diretores-e-chefes-da-gestao-imbere","status":"publish","type":"post","link":"https:\/\/jornalbeirario.com.br\/portal\/?p=76465","title":{"rendered":"Vaninho exonera todos os secret\u00e1rios, diretores e chefes da gest\u00e3o Imber\u00ea"},"content":{"rendered":"<p style=\"text-align: justify;\"><a href=\"https:\/\/jornalbeirario.com.br\/portal\/?p=76323\">Dando sequ\u00eancia \u00e0 mudan\u00e7a de seu secretariado<\/a>, iniciada ap\u00f3s sua posse, o novo prefeito interino de Itatiaia, Silvano Rodrigues, o Vaninho (PSC), exonerou todo o secretariado, diretores de departamento e chefes de divis\u00e3o nomeados pelo prefeito interino anterior, Imber\u00ea Moreira (PRTB).<\/p>\n<p style=\"text-align: justify;\">Segundo o <a href=\"https:\/\/jornalbeirario.com.br\/portal\/wp-content\/uploads\/2021\/06\/Decreto-n\u00ba-3.686.pdf\">Decreto n\u00ba 3.686, assinado neste s\u00e1bado, dia 19<\/a>, todos os nomes exonerados &#8220;dever\u00e3o entregar as chaves das respectivas Secretarias\/Departamentos ou Divis\u00e3o, ao servidor de carreira mais antigo lotado na Secretaria, Departamento ou Divis\u00e3o, juntamente com as senhas utilizadas para acesso n\u00e3o s\u00f3 aos setores como tamb\u00e9m nos computadores existentes nas referidas Secretarias\/Departamentos ou Divis\u00e3o&#8221; at\u00e9 a manh\u00e3 de segunda-feira, dia 21.<\/p>\n<p style=\"text-align: justify;\">O decreto tem como base <a href=\"https:\/\/jornalbeirario.com.br\/portal\/?p=76166\">a decis\u00e3o judicial que determinou o afastamento de Imber\u00ea<\/a>, al\u00e9m da recomenda\u00e7\u00e3o feita pelo Minist\u00e9rio P\u00fablico do Rio de Janeiro (MPRJ), para revis\u00e3o de todos os atos da gest\u00e3o anterior e tamb\u00e9m da necessidade da dispensa dos nomeados com a finalidade de evitar a continuidade e os novos atos de improbidade administrativa.<\/p>\n<p style=\"text-align: justify;\">As \u00fanicas exce\u00e7\u00f5es, determinadas pelo artigo 1\u00ba, s\u00e3o os cargos nomeados pelo pr\u00f3prio Vaninho. Na semana passada, ele nomeou a pedagoga Diene Motta para a Secretaria de Educa\u00e7\u00e3o; o economista Sander Anderson para a Secretaria de Planejamento; o contabilista, Francisco Assis, para a Secretaria de Finan\u00e7as; o administrador de empresas, Tiago Diniz, para a Secretaria de Administra\u00e7\u00e3o; o titular da pasta da Sa\u00fade, o psic\u00f3logo Leandro de Oliveira; e o contabilista e \u00a0servidor de carreira, Edson de Sousa, para a Secretaria de Administra\u00e7\u00e3o Tribut\u00e1ria. Todos eles s\u00e3o funcion\u00e1rios de carreira da Prefeitura.<\/p>\n","protected":false},"excerpt":{"rendered":"<p>Dando sequ\u00eancia \u00e0 mudan\u00e7a de seu secretariado, iniciada ap\u00f3s sua posse, o novo prefeito interino de Itatiaia, Silvano Rodrigues, o Vaninho (PSC), exonerou todo<\/p>\n","protected":false},"author":1,"featured_media":76482,"comment_status":"open","ping_status":"open","sticky":false,"template":"","format":"standard","meta":{"pmpro_default_level":"","footnotes":""},"categories":[227,11,233],"tags":[],"class_list":["post-76465","post","type-post","status-publish","format-standard","has-post-thumbnail","hentry","category-manchete","category-politica","category-regiao","pmpro-has-access"],"yoast_head":"<!-- This site is optimized with the Yoast SEO plugin v27.4 - https:\/\/yoast.com\/product\/yoast-seo-wordpress\/ -->\n<title>Vaninho exonera todos os secret\u00e1rios, diretores e chefes da gest\u00e3o Imber\u00ea - JORNAL BEIRA RIO<\/title>\n<meta name=\"robots\" content=\"index, follow, max-snippet:-1, max-image-preview:large, max-video-preview:-1\" \/>\n<link rel=\"canonical\" href=\"https:\/\/jornalbeirario.com.br\/portal\/?p=76465\" \/>\n<meta property=\"og:locale\" content=\"pt_BR\" \/>\n<meta property=\"og:type\" content=\"article\" \/>\n<meta property=\"og:title\" content=\"Vaninho exonera todos os secret\u00e1rios, diretores e chefes da gest\u00e3o Imber\u00ea - JORNAL BEIRA RIO\" \/>\n<meta property=\"og:description\" content=\"Dando sequ\u00eancia \u00e0 mudan\u00e7a de seu secretariado, iniciada ap\u00f3s sua posse, o novo prefeito interino de Itatiaia, Silvano Rodrigues, o Vaninho (PSC), exonerou todo\" \/>\n<meta property=\"og:url\" content=\"https:\/\/jornalbeirario.com.br\/portal\/?p=76465\" \/>\n<meta property=\"og:site_name\" content=\"JORNAL BEIRA RIO\" \/>\n<meta property=\"article:published_time\" content=\"2021-06-21T09:57:50+00:00\" \/>\n<meta property=\"og:image\" content=\"https:\/\/jornalbeirario.com.br\/portal\/wp-content\/uploads\/2021\/06\/exoneracoes1.jpg\" \/>\n\t<meta property=\"og:image:width\" content=\"1100\" \/>\n\t<meta property=\"og:image:height\" content=\"470\" \/>\n\t<meta property=\"og:image:type\" content=\"image\/jpeg\" \/>\n<meta name=\"author\" content=\"Jornal BEIRA-RIO\" \/>\n<meta name=\"twitter:card\" content=\"summary_large_image\" \/>\n<meta name=\"twitter:label1\" content=\"Escrito por\" \/>\n\t<meta name=\"twitter:data1\" content=\"Jornal BEIRA-RIO\" \/>\n\t<meta name=\"twitter:label2\" content=\"Est. tempo de leitura\" \/>\n\t<meta name=\"twitter:data2\" content=\"1 minuto\" \/>\n<script type=\"application\/ld+json\" class=\"yoast-schema-graph\">{\"@context\":\"https:\\\/\\\/schema.org\",\"@graph\":[{\"@type\":\"Article\",\"@id\":\"https:\\\/\\\/jornalbeirario.com.br\\\/portal\\\/?p=76465#article\",\"isPartOf\":{\"@id\":\"https:\\\/\\\/jornalbeirario.com.br\\\/portal\\\/?p=76465\"},\"author\":{\"name\":\"Jornal BEIRA-RIO\",\"@id\":\"https:\\\/\\\/jornalbeirario.com.br\\\/portal\\\/#\\\/schema\\\/person\\\/c6c423e4c2465d2a9233f6539173e7c1\"},\"headline\":\"Vaninho exonera todos os secret\u00e1rios, diretores e chefes da gest\u00e3o Imber\u00ea\",\"datePublished\":\"2021-06-21T09:57:50+00:00\",\"mainEntityOfPage\":{\"@id\":\"https:\\\/\\\/jornalbeirario.com.br\\\/portal\\\/?p=76465\"},\"wordCount\":294,\"commentCount\":0,\"publisher\":{\"@id\":\"https:\\\/\\\/jornalbeirario.com.br\\\/portal\\\/#organization\"},\"image\":{\"@id\":\"https:\\\/\\\/jornalbeirario.com.br\\\/portal\\\/?p=76465#primaryimage\"},\"thumbnailUrl\":\"https:\\\/\\\/jornalbeirario.com.br\\\/portal\\\/wp-content\\\/uploads\\\/2021\\\/06\\\/exoneracoes1.jpg\",\"articleSection\":[\"Manchete\",\"Pol\u00edtica\",\"Regi\u00e3o\"],\"inLanguage\":\"pt-BR\",\"potentialAction\":[{\"@type\":\"CommentAction\",\"name\":\"Comment\",\"target\":[\"https:\\\/\\\/jornalbeirario.com.br\\\/portal\\\/?p=76465#respond\"]}]},{\"@type\":\"WebPage\",\"@id\":\"https:\\\/\\\/jornalbeirario.com.br\\\/portal\\\/?p=76465\",\"url\":\"https:\\\/\\\/jornalbeirario.com.br\\\/portal\\\/?p=76465\",\"name\":\"Vaninho exonera todos os secret\u00e1rios, diretores e chefes da gest\u00e3o Imber\u00ea - JORNAL BEIRA RIO\",\"isPartOf\":{\"@id\":\"https:\\\/\\\/jornalbeirario.com.br\\\/portal\\\/#website\"},\"primaryImageOfPage\":{\"@id\":\"https:\\\/\\\/jornalbeirario.com.br\\\/portal\\\/?p=76465#primaryimage\"},\"image\":{\"@id\":\"https:\\\/\\\/jornalbeirario.com.br\\\/portal\\\/?p=76465#primaryimage\"},\"thumbnailUrl\":\"https:\\\/\\\/jornalbeirario.com.br\\\/portal\\\/wp-content\\\/uploads\\\/2021\\\/06\\\/exoneracoes1.jpg\",\"datePublished\":\"2021-06-21T09:57:50+00:00\",\"breadcrumb\":{\"@id\":\"https:\\\/\\\/jornalbeirario.com.br\\\/portal\\\/?p=76465#breadcrumb\"},\"inLanguage\":\"pt-BR\",\"potentialAction\":[{\"@type\":\"ReadAction\",\"target\":[\"https:\\\/\\\/jornalbeirario.com.br\\\/portal\\\/?p=76465\"]}]},{\"@type\":\"ImageObject\",\"inLanguage\":\"pt-BR\",\"@id\":\"https:\\\/\\\/jornalbeirario.com.br\\\/portal\\\/?p=76465#primaryimage\",\"url\":\"https:\\\/\\\/jornalbeirario.com.br\\\/portal\\\/wp-content\\\/uploads\\\/2021\\\/06\\\/exoneracoes1.jpg\",\"contentUrl\":\"https:\\\/\\\/jornalbeirario.com.br\\\/portal\\\/wp-content\\\/uploads\\\/2021\\\/06\\\/exoneracoes1.jpg\",\"width\":1100,\"height\":470},{\"@type\":\"BreadcrumbList\",\"@id\":\"https:\\\/\\\/jornalbeirario.com.br\\\/portal\\\/?p=76465#breadcrumb\",\"itemListElement\":[{\"@type\":\"ListItem\",\"position\":1,\"name\":\"Home\",\"item\":\"https:\\\/\\\/jornalbeirario.com.br\\\/portal\"},{\"@type\":\"ListItem\",\"position\":2,\"name\":\"Vaninho exonera todos os secret\u00e1rios, diretores e chefes da gest\u00e3o Imber\u00ea\"}]},{\"@type\":\"WebSite\",\"@id\":\"https:\\\/\\\/jornalbeirario.com.br\\\/portal\\\/#website\",\"url\":\"https:\\\/\\\/jornalbeirario.com.br\\\/portal\\\/\",\"name\":\"JORNAL BEIRA RIO\",\"description\":\"\",\"publisher\":{\"@id\":\"https:\\\/\\\/jornalbeirario.com.br\\\/portal\\\/#organization\"},\"potentialAction\":[{\"@type\":\"SearchAction\",\"target\":{\"@type\":\"EntryPoint\",\"urlTemplate\":\"https:\\\/\\\/jornalbeirario.com.br\\\/portal\\\/?s={search_term_string}\"},\"query-input\":{\"@type\":\"PropertyValueSpecification\",\"valueRequired\":true,\"valueName\":\"search_term_string\"}}],\"inLanguage\":\"pt-BR\"},{\"@type\":\"Organization\",\"@id\":\"https:\\\/\\\/jornalbeirario.com.br\\\/portal\\\/#organization\",\"name\":\"JORNAL BEIRA RIO\",\"url\":\"https:\\\/\\\/jornalbeirario.com.br\\\/portal\\\/\",\"logo\":{\"@type\":\"ImageObject\",\"inLanguage\":\"pt-BR\",\"@id\":\"https:\\\/\\\/jornalbeirario.com.br\\\/portal\\\/#\\\/schema\\\/logo\\\/image\\\/\",\"url\":\"https:\\\/\\\/jornalbeirario.com.br\\\/portal\\\/wp-content\\\/uploads\\\/2017\\\/09\\\/BEIRA-RIO_logo600.png\",\"contentUrl\":\"https:\\\/\\\/jornalbeirario.com.br\\\/portal\\\/wp-content\\\/uploads\\\/2017\\\/09\\\/BEIRA-RIO_logo600.png\",\"width\":650,\"height\":108,\"caption\":\"JORNAL BEIRA RIO\"},\"image\":{\"@id\":\"https:\\\/\\\/jornalbeirario.com.br\\\/portal\\\/#\\\/schema\\\/logo\\\/image\\\/\"}},{\"@type\":\"Person\",\"@id\":\"https:\\\/\\\/jornalbeirario.com.br\\\/portal\\\/#\\\/schema\\\/person\\\/c6c423e4c2465d2a9233f6539173e7c1\",\"name\":\"Jornal BEIRA-RIO\",\"image\":{\"@type\":\"ImageObject\",\"inLanguage\":\"pt-BR\",\"@id\":\"https:\\\/\\\/jornalbeirario.com.br\\\/portal\\\/wp-content\\\/uploads\\\/2023\\\/10\\\/logojbr1.jpg\",\"url\":\"https:\\\/\\\/jornalbeirario.com.br\\\/portal\\\/wp-content\\\/uploads\\\/2023\\\/10\\\/logojbr1.jpg\",\"contentUrl\":\"https:\\\/\\\/jornalbeirario.com.br\\\/portal\\\/wp-content\\\/uploads\\\/2023\\\/10\\\/logojbr1.jpg\",\"caption\":\"Jornal BEIRA-RIO\"},\"url\":\"https:\\\/\\\/jornalbeirario.com.br\\\/portal\\\/?author=1\"}]}<\/script>\n<!-- \/ Yoast SEO plugin. -->","yoast_head_json":{"title":"Vaninho exonera todos os secret\u00e1rios, diretores e chefes da gest\u00e3o Imber\u00ea - JORNAL BEIRA RIO","robots":{"index":"index","follow":"follow","max-snippet":"max-snippet:-1","max-image-preview":"max-image-preview:large","max-video-preview":"max-video-preview:-1"},"canonical":"https:\/\/jornalbeirario.com.br\/portal\/?p=76465","og_locale":"pt_BR","og_type":"article","og_title":"Vaninho exonera todos os secret\u00e1rios, diretores e chefes da gest\u00e3o Imber\u00ea - JORNAL BEIRA RIO","og_description":"Dando sequ\u00eancia \u00e0 mudan\u00e7a de seu secretariado, iniciada ap\u00f3s sua posse, o novo prefeito interino de Itatiaia, Silvano Rodrigues, o Vaninho (PSC), exonerou todo","og_url":"https:\/\/jornalbeirario.com.br\/portal\/?p=76465","og_site_name":"JORNAL BEIRA RIO","article_published_time":"2021-06-21T09:57:50+00:00","og_image":[{"width":1100,"height":470,"url":"https:\/\/jornalbeirario.com.br\/portal\/wp-content\/uploads\/2021\/06\/exoneracoes1.jpg","type":"image\/jpeg"}],"author":"Jornal BEIRA-RIO","twitter_card":"summary_large_image","twitter_misc":{"Escrito por":"Jornal BEIRA-RIO","Est. tempo de leitura":"1 minuto"},"schema":{"@context":"https:\/\/schema.org","@graph":[{"@type":"Article","@id":"https:\/\/jornalbeirario.com.br\/portal\/?p=76465#article","isPartOf":{"@id":"https:\/\/jornalbeirario.com.br\/portal\/?p=76465"},"author":{"name":"Jornal BEIRA-RIO","@id":"https:\/\/jornalbeirario.com.br\/portal\/#\/schema\/person\/c6c423e4c2465d2a9233f6539173e7c1"},"headline":"Vaninho exonera todos os secret\u00e1rios, diretores e chefes da gest\u00e3o Imber\u00ea","datePublished":"2021-06-21T09:57:50+00:00","mainEntityOfPage":{"@id":"https:\/\/jornalbeirario.com.br\/portal\/?p=76465"},"wordCount":294,"commentCount":0,"publisher":{"@id":"https:\/\/jornalbeirario.com.br\/portal\/#organization"},"image":{"@id":"https:\/\/jornalbeirario.com.br\/portal\/?p=76465#primaryimage"},"thumbnailUrl":"https:\/\/jornalbeirario.com.br\/portal\/wp-content\/uploads\/2021\/06\/exoneracoes1.jpg","articleSection":["Manchete","Pol\u00edtica","Regi\u00e3o"],"inLanguage":"pt-BR","potentialAction":[{"@type":"CommentAction","name":"Comment","target":["https:\/\/jornalbeirario.com.br\/portal\/?p=76465#respond"]}]},{"@type":"WebPage","@id":"https:\/\/jornalbeirario.com.br\/portal\/?p=76465","url":"https:\/\/jornalbeirario.com.br\/portal\/?p=76465","name":"Vaninho exonera todos os secret\u00e1rios, diretores e chefes da gest\u00e3o Imber\u00ea - JORNAL BEIRA RIO","isPartOf":{"@id":"https:\/\/jornalbeirario.com.br\/portal\/#website"},"primaryImageOfPage":{"@id":"https:\/\/jornalbeirario.com.br\/portal\/?p=76465#primaryimage"},"image":{"@id":"https:\/\/jornalbeirario.com.br\/portal\/?p=76465#primaryimage"},"thumbnailUrl":"https:\/\/jornalbeirario.com.br\/portal\/wp-content\/uploads\/2021\/06\/exoneracoes1.jpg","datePublished":"2021-06-21T09:57:50+00:00","breadcrumb":{"@id":"https:\/\/jornalbeirario.com.br\/portal\/?p=76465#breadcrumb"},"inLanguage":"pt-BR","potentialAction":[{"@type":"ReadAction","target":["https:\/\/jornalbeirario.com.br\/portal\/?p=76465"]}]},{"@type":"ImageObject","inLanguage":"pt-BR","@id":"https:\/\/jornalbeirario.com.br\/portal\/?p=76465#primaryimage","url":"https:\/\/jornalbeirario.com.br\/portal\/wp-content\/uploads\/2021\/06\/exoneracoes1.jpg","contentUrl":"https:\/\/jornalbeirario.com.br\/portal\/wp-content\/uploads\/2021\/06\/exoneracoes1.jpg","width":1100,"height":470},{"@type":"BreadcrumbList","@id":"https:\/\/jornalbeirario.com.br\/portal\/?p=76465#breadcrumb","itemListElement":[{"@type":"ListItem","position":1,"name":"Home","item":"https:\/\/jornalbeirario.com.br\/portal"},{"@type":"ListItem","position":2,"name":"Vaninho exonera todos os secret\u00e1rios, diretores e chefes da gest\u00e3o Imber\u00ea"}]},{"@type":"WebSite","@id":"https:\/\/jornalbeirario.com.br\/portal\/#website","url":"https:\/\/jornalbeirario.com.br\/portal\/","name":"JORNAL BEIRA RIO","description":"","publisher":{"@id":"https:\/\/jornalbeirario.com.br\/portal\/#organization"},"potentialAction":[{"@type":"SearchAction","target":{"@type":"EntryPoint","urlTemplate":"https:\/\/jornalbeirario.com.br\/portal\/?s={search_term_string}"},"query-input":{"@type":"PropertyValueSpecification","valueRequired":true,"valueName":"search_term_string"}}],"inLanguage":"pt-BR"},{"@type":"Organization","@id":"https:\/\/jornalbeirario.com.br\/portal\/#organization","name":"JORNAL BEIRA RIO","url":"https:\/\/jornalbeirario.com.br\/portal\/","logo":{"@type":"ImageObject","inLanguage":"pt-BR","@id":"https:\/\/jornalbeirario.com.br\/portal\/#\/schema\/logo\/image\/","url":"https:\/\/jornalbeirario.com.br\/portal\/wp-content\/uploads\/2017\/09\/BEIRA-RIO_logo600.png","contentUrl":"https:\/\/jornalbeirario.com.br\/portal\/wp-content\/uploads\/2017\/09\/BEIRA-RIO_logo600.png","width":650,"height":108,"caption":"JORNAL BEIRA RIO"},"image":{"@id":"https:\/\/jornalbeirario.com.br\/portal\/#\/schema\/logo\/image\/"}},{"@type":"Person","@id":"https:\/\/jornalbeirario.com.br\/portal\/#\/schema\/person\/c6c423e4c2465d2a9233f6539173e7c1","name":"Jornal BEIRA-RIO","image":{"@type":"ImageObject","inLanguage":"pt-BR","@id":"https:\/\/jornalbeirario.com.br\/portal\/wp-content\/uploads\/2023\/10\/logojbr1.jpg","url":"https:\/\/jornalbeirario.com.br\/portal\/wp-content\/uploads\/2023\/10\/logojbr1.jpg","contentUrl":"https:\/\/jornalbeirario.com.br\/portal\/wp-content\/uploads\/2023\/10\/logojbr1.jpg","caption":"Jornal BEIRA-RIO"},"url":"https:\/\/jornalbeirario.com.br\/portal\/?author=1"}]}},"_links":{"self":[{"href":"https:\/\/jornalbeirario.com.br\/portal\/index.php?rest_route=\/wp\/v2\/posts\/76465","targetHints":{"allow":["GET"]}}],"collection":[{"href":"https:\/\/jornalbeirario.com.br\/portal\/index.php?rest_route=\/wp\/v2\/posts"}],"about":[{"href":"https:\/\/jornalbeirario.com.br\/portal\/index.php?rest_route=\/wp\/v2\/types\/post"}],"author":[{"embeddable":true,"href":"https:\/\/jornalbeirario.com.br\/portal\/index.php?rest_route=\/wp\/v2\/users\/1"}],"replies":[{"embeddable":true,"href":"https:\/\/jornalbeirario.com.br\/portal\/index.php?rest_route=%2Fwp%2Fv2%2Fcomments&post=76465"}],"version-history":[{"count":15,"href":"https:\/\/jornalbeirario.com.br\/portal\/index.php?rest_route=\/wp\/v2\/posts\/76465\/revisions"}],"predecessor-version":[{"id":76483,"href":"https:\/\/jornalbeirario.com.br\/portal\/index.php?rest_route=\/wp\/v2\/posts\/76465\/revisions\/76483"}],"wp:featuredmedia":[{"embeddable":true,"href":"https:\/\/jornalbeirario.com.br\/portal\/index.php?rest_route=\/wp\/v2\/media\/76482"}],"wp:attachment":[{"href":"https:\/\/jornalbeirario.com.br\/portal\/index.php?rest_route=%2Fwp%2Fv2%2Fmedia&parent=76465"}],"wp:term":[{"taxonomy":"category","embeddable":true,"href":"https:\/\/jornalbeirario.com.br\/portal\/index.php?rest_route=%2Fwp%2Fv2%2Fcategories&post=76465"},{"taxonomy":"post_tag","embeddable":true,"href":"https:\/\/jornalbeirario.com.br\/portal\/index.php?rest_route=%2Fwp%2Fv2%2Ftags&post=76465"}],"curies":[{"name":"wp","href":"https:\/\/api.w.org\/{rel}","templated":true}]}}