
{"id":76140,"date":"2021-06-07T14:36:53","date_gmt":"2021-06-07T17:36:53","guid":{"rendered":"http:\/\/jornalbeirario.com.br\/portal\/?p=76140"},"modified":"2021-06-07T14:36:53","modified_gmt":"2021-06-07T17:36:53","slug":"vacinacao-em-itatiaia-chega-a-profissionais-da-educacao-e-pessoas-entre-50-e-59-anos","status":"publish","type":"post","link":"https:\/\/jornalbeirario.com.br\/portal\/?p=76140","title":{"rendered":"Vacina\u00e7\u00e3o em Itatiaia chega a profissionais da educa\u00e7\u00e3o e pessoas entre 50 e 59 anos"},"content":{"rendered":"<p style=\"text-align: justify;\">Come\u00e7ou nesta segunda-feira, dia 7, a imuniza\u00e7\u00e3o dos profissionais da Educa\u00e7\u00e3o contra a Covid-19 em Itatiaia. Todos os professores e funcion\u00e1rios das escolas p\u00fablicas e privadas do ensino b\u00e1sico (creche, pr\u00e9-escolas, ensino fundamental, ensino m\u00e9dio, profissionalizantes e EJA) e do ensino superior ser\u00e3o imunizados conforme cronograma. O primeiro p\u00fablico contemplado engloba os profissionais da rede estadual. Dalva Mendon\u00e7a da Silva foi uma das primeiras profissionais a receberem a dose, nesta manh\u00e3. Ela faz parte da equipe do CIEP 488 Ezequiel Freire.<\/p>\n<p style=\"text-align: justify;\">&#8211; Estou muito emocionada, uma realiza\u00e7\u00e3o para n\u00f3s, especialmente para mim. Eu e meu esposo tivemos Covid-19, no ano passado e passamos por momentos dif\u00edceis, com a interna\u00e7\u00e3o dele. Gra\u00e7as a Deus, ele ficou bem e tivemos uma nova chance de vida, ent\u00e3o est\u00e1 sendo muito especial receber a primeira dose. E que venha a segunda! \u2013 contou Dalva.<\/p>\n<p style=\"text-align: justify;\">A diretora do CIEP, Ang\u00e9lica Alvarenga, relatou que esta importante etapa era muito esperada pelos profissionais. &#8220;Recebemos essa oportunidade com muita gratid\u00e3o, emo\u00e7\u00e3o e muita alegria. Um momento que eu e todos os funcion\u00e1rios aguard\u00e1vamos ansiosos. Estamos, em parceria com o setor de Imuniza\u00e7\u00e3o e a Assist\u00eancia Social, aproveitando o momento para realizar doa\u00e7\u00e3o de alimentos. Cada profissional da Educa\u00e7\u00e3o est\u00e1 trazendo um alimento n\u00e3o perec\u00edvel e vamos encaminhar para a Assist\u00eancia Social de Itatiaia&#8221;.<\/p>\n<p style=\"text-align: justify;\">De acordo com a Secretaria de Sa\u00fade, na semana do dia 14 ao dia 18, ser\u00e3o imunizados os profissionais da rede municipal de Ensino. O cronograma da rede privada est\u00e1 programado na semana do dia 21 ao 25 de junho. Para receber a primeira dose contra a Covid-19, os trabalhadores da Educa\u00e7\u00e3o dever\u00e3o apresentar documento de identifica\u00e7\u00e3o (identidade e CPF), cart\u00e3o do SUS e carteira de vacina\u00e7\u00e3o, se tiver.<\/p>\n<p style=\"text-align: justify;\">MORADORES DE 50 A 59 ANOS<br \/>\nNesta ter\u00e7a-feira, dia 8, come\u00e7a a vacina\u00e7\u00e3o dos moradores do munic\u00edpio entre 50 a 59 anos sem comorbidades. Para receber a dose, \u00e9 preciso ir \u00e0 Policl\u00ednica Municipal, no Centro, na data e hor\u00e1rio estipulado no cronograma e apresentar comprovante de resid\u00eancia, CPF, Cart\u00e3o Nacional SUS e documento de identidade.<\/p>\n<p style=\"text-align: justify;\">Confirma o cronograma:<br \/>\nDe 7 a 11 de junho: profissionais da Educa\u00e7\u00e3o \u2013 escola estadual<br \/>\nDe 14 a 18 de junho: profissionais da Educa\u00e7\u00e3o \u2013 escolas municipais<br \/>\nDe 21 a 25 de junho: profissionais da Educa\u00e7\u00e3o \u2013 escolas particulares<br \/>\n59 ANOS \u2013 MULHERES NASCIDAS DE JAN. a JUN.- 08\/06 &#8211; MANH\u00c3<br \/>\n59 ANOS \u2013 HOMENS NASCIDAS DE JAN. a JUN. &#8211; 08\/06 &#8211; TARDE<br \/>\n59 ANOS \u2013 MULHERES NASCIDAS DE JUL. a DEZ. &#8211; 09\/06 &#8211; MANH\u00c3<br \/>\n59 ANOS \u2013 HOMENS NASCIDAS DE JUL. a DEZ.- 09\/06 &#8211; TARDE<br \/>\n58 ANOS \u2013 MULHERES NASCIDAS DE JAN. a JUN. &#8211; 10\/06 &#8211; MANH\u00c3<br \/>\n58 ANOS \u2013 HOMENS NASCIDAS DE JAN. a JUN. &#8211; 10\/06 &#8211; TARDE<br \/>\n58 ANOS \u2013 MULHERES NASCIDAS DE JUL. a DEZ. &#8211; 11\/06 &#8211; MANH\u00c3<br \/>\n58 ANOS \u2013 HOMENS NASCIDAS DE JAN. a JUN. &#8211; 11\/06 &#8211; TARDE<br \/>\n57 ANOS \u2013 MULHERES &#8211; 15\/06 &#8211; MANH\u00c3<br \/>\n57 ANOS \u2013 HOMENS &#8211; 15\/06 &#8211; TARDE<br \/>\n56 ANOS \u2013 MULHERES &#8211; 16\/06 &#8211; MANH\u00c3<br \/>\n56 ANOS \u2013 HOMENS &#8211; 16\/06 &#8211; TARDE<br \/>\n55 ANOS \u2013 MULHERES &#8211; 17\/06 &#8211; MANH\u00c3<br \/>\n55 ANOS \u2013 HOMENS &#8211; 17\/06 &#8211; TARDE<br \/>\n54 ANOS \u2013 MULHERES &#8211; 18\/06 &#8211; MANH\u00c3<br \/>\n54 ANOS \u2013 HOMENS &#8211; 18\/06 &#8211; TARDE<br \/>\n53 ANOS \u2013 MULHERES &#8211; 21\/06 &#8211; MANH\u00c3<br \/>\n53 ANOS \u2013 HOMENS &#8211; 21\/06 &#8211; TARDE<br \/>\n52 ANOS \u2013 MULHERES &#8211; 22\/06 &#8211; MANH\u00c3<br \/>\n52 ANOS \u2013 HOMENS &#8211; 22\/06 &#8211; MANH\u00c3<br \/>\n51 ANOS \u2013 MULHERES &#8211; 23\/06 &#8211; MANH\u00c3<br \/>\n51 ANOS \u2013 HOMENS &#8211; 23\/06 &#8211; MANH\u00c3<br \/>\n50 ANOS \u2013 MULHERES &#8211; 24\/06 &#8211; MANH\u00c3<br \/>\n50 ANOS \u2013 HOMENS &#8211; 24\/06 MANH\u00c3<\/p>\n<p style=\"text-align: justify;\">De acordo com o \u00faltimo levantamento do Setor de Imuniza\u00e7\u00e3o, foram vacinadas, com a primeira dose, at\u00e9 o dia 2 de junho, 7.839 pessoas em Itatiaia, sendo 24,4% da popula\u00e7\u00e3o total. Com a segunda dose, o n\u00famero de imunizados chega a 4.046 moradores, sendo 12,6% da popula\u00e7\u00e3o.<\/p>\n<p><em>Foto: Divulga\u00e7\u00e3o\/PMI<\/em><\/p>\n","protected":false},"excerpt":{"rendered":"<p>Come\u00e7ou nesta segunda-feira, dia 7, a imuniza\u00e7\u00e3o dos profissionais da Educa\u00e7\u00e3o contra a Covid-19 em Itatiaia. Todos os professores e funcion\u00e1rios das escolas p\u00fablicas<\/p>\n","protected":false},"author":1,"featured_media":76144,"comment_status":"open","ping_status":"open","sticky":false,"template":"","format":"standard","meta":{"pmpro_default_level":"","footnotes":""},"categories":[1,18],"tags":[],"class_list":["post-76140","post","type-post","status-publish","format-standard","has-post-thumbnail","hentry","category-cidade","category-saude","pmpro-has-access"],"yoast_head":"<!-- This site is optimized with the Yoast SEO plugin v27.4 - https:\/\/yoast.com\/product\/yoast-seo-wordpress\/ -->\n<title>Vacina\u00e7\u00e3o em Itatiaia chega a profissionais da educa\u00e7\u00e3o e pessoas entre 50 e 59 anos - JORNAL BEIRA RIO<\/title>\n<meta name=\"robots\" content=\"index, follow, max-snippet:-1, max-image-preview:large, max-video-preview:-1\" \/>\n<link rel=\"canonical\" href=\"https:\/\/jornalbeirario.com.br\/portal\/?p=76140\" \/>\n<meta property=\"og:locale\" content=\"pt_BR\" \/>\n<meta property=\"og:type\" content=\"article\" \/>\n<meta property=\"og:title\" content=\"Vacina\u00e7\u00e3o em Itatiaia chega a profissionais da educa\u00e7\u00e3o e pessoas entre 50 e 59 anos - JORNAL BEIRA RIO\" \/>\n<meta property=\"og:description\" content=\"Come\u00e7ou nesta segunda-feira, dia 7, a imuniza\u00e7\u00e3o dos profissionais da Educa\u00e7\u00e3o contra a Covid-19 em Itatiaia. Todos os professores e funcion\u00e1rios das escolas p\u00fablicas\" \/>\n<meta property=\"og:url\" content=\"https:\/\/jornalbeirario.com.br\/portal\/?p=76140\" \/>\n<meta property=\"og:site_name\" content=\"JORNAL BEIRA RIO\" \/>\n<meta property=\"article:published_time\" content=\"2021-06-07T17:36:53+00:00\" \/>\n<meta property=\"og:image\" content=\"https:\/\/jornalbeirario.com.br\/portal\/wp-content\/uploads\/2021\/06\/vacinacaopmi1.jpg\" \/>\n\t<meta property=\"og:image:width\" content=\"640\" \/>\n\t<meta property=\"og:image:height\" content=\"480\" \/>\n\t<meta property=\"og:image:type\" content=\"image\/jpeg\" \/>\n<meta name=\"author\" content=\"Jornal BEIRA-RIO\" \/>\n<meta name=\"twitter:card\" content=\"summary_large_image\" \/>\n<meta name=\"twitter:label1\" content=\"Escrito por\" \/>\n\t<meta name=\"twitter:data1\" content=\"Jornal BEIRA-RIO\" \/>\n\t<meta name=\"twitter:label2\" content=\"Est. tempo de leitura\" \/>\n\t<meta name=\"twitter:data2\" content=\"3 minutos\" \/>\n<script type=\"application\/ld+json\" class=\"yoast-schema-graph\">{\"@context\":\"https:\\\/\\\/schema.org\",\"@graph\":[{\"@type\":\"Article\",\"@id\":\"https:\\\/\\\/jornalbeirario.com.br\\\/portal\\\/?p=76140#article\",\"isPartOf\":{\"@id\":\"https:\\\/\\\/jornalbeirario.com.br\\\/portal\\\/?p=76140\"},\"author\":{\"name\":\"Jornal BEIRA-RIO\",\"@id\":\"https:\\\/\\\/jornalbeirario.com.br\\\/portal\\\/#\\\/schema\\\/person\\\/c6c423e4c2465d2a9233f6539173e7c1\"},\"headline\":\"Vacina\u00e7\u00e3o em Itatiaia chega a profissionais da educa\u00e7\u00e3o e pessoas entre 50 e 59 anos\",\"datePublished\":\"2021-06-07T17:36:53+00:00\",\"mainEntityOfPage\":{\"@id\":\"https:\\\/\\\/jornalbeirario.com.br\\\/portal\\\/?p=76140\"},\"wordCount\":627,\"commentCount\":0,\"publisher\":{\"@id\":\"https:\\\/\\\/jornalbeirario.com.br\\\/portal\\\/#organization\"},\"image\":{\"@id\":\"https:\\\/\\\/jornalbeirario.com.br\\\/portal\\\/?p=76140#primaryimage\"},\"thumbnailUrl\":\"https:\\\/\\\/jornalbeirario.com.br\\\/portal\\\/wp-content\\\/uploads\\\/2021\\\/06\\\/vacinacaopmi1.jpg\",\"articleSection\":[\"Cidade\",\"Sa\u00fade\"],\"inLanguage\":\"pt-BR\",\"potentialAction\":[{\"@type\":\"CommentAction\",\"name\":\"Comment\",\"target\":[\"https:\\\/\\\/jornalbeirario.com.br\\\/portal\\\/?p=76140#respond\"]}]},{\"@type\":\"WebPage\",\"@id\":\"https:\\\/\\\/jornalbeirario.com.br\\\/portal\\\/?p=76140\",\"url\":\"https:\\\/\\\/jornalbeirario.com.br\\\/portal\\\/?p=76140\",\"name\":\"Vacina\u00e7\u00e3o em Itatiaia chega a profissionais da educa\u00e7\u00e3o e pessoas entre 50 e 59 anos - JORNAL BEIRA RIO\",\"isPartOf\":{\"@id\":\"https:\\\/\\\/jornalbeirario.com.br\\\/portal\\\/#website\"},\"primaryImageOfPage\":{\"@id\":\"https:\\\/\\\/jornalbeirario.com.br\\\/portal\\\/?p=76140#primaryimage\"},\"image\":{\"@id\":\"https:\\\/\\\/jornalbeirario.com.br\\\/portal\\\/?p=76140#primaryimage\"},\"thumbnailUrl\":\"https:\\\/\\\/jornalbeirario.com.br\\\/portal\\\/wp-content\\\/uploads\\\/2021\\\/06\\\/vacinacaopmi1.jpg\",\"datePublished\":\"2021-06-07T17:36:53+00:00\",\"breadcrumb\":{\"@id\":\"https:\\\/\\\/jornalbeirario.com.br\\\/portal\\\/?p=76140#breadcrumb\"},\"inLanguage\":\"pt-BR\",\"potentialAction\":[{\"@type\":\"ReadAction\",\"target\":[\"https:\\\/\\\/jornalbeirario.com.br\\\/portal\\\/?p=76140\"]}]},{\"@type\":\"ImageObject\",\"inLanguage\":\"pt-BR\",\"@id\":\"https:\\\/\\\/jornalbeirario.com.br\\\/portal\\\/?p=76140#primaryimage\",\"url\":\"https:\\\/\\\/jornalbeirario.com.br\\\/portal\\\/wp-content\\\/uploads\\\/2021\\\/06\\\/vacinacaopmi1.jpg\",\"contentUrl\":\"https:\\\/\\\/jornalbeirario.com.br\\\/portal\\\/wp-content\\\/uploads\\\/2021\\\/06\\\/vacinacaopmi1.jpg\",\"width\":640,\"height\":480},{\"@type\":\"BreadcrumbList\",\"@id\":\"https:\\\/\\\/jornalbeirario.com.br\\\/portal\\\/?p=76140#breadcrumb\",\"itemListElement\":[{\"@type\":\"ListItem\",\"position\":1,\"name\":\"Home\",\"item\":\"https:\\\/\\\/jornalbeirario.com.br\\\/portal\"},{\"@type\":\"ListItem\",\"position\":2,\"name\":\"Vacina\u00e7\u00e3o em Itatiaia chega a profissionais da educa\u00e7\u00e3o e pessoas entre 50 e 59 anos\"}]},{\"@type\":\"WebSite\",\"@id\":\"https:\\\/\\\/jornalbeirario.com.br\\\/portal\\\/#website\",\"url\":\"https:\\\/\\\/jornalbeirario.com.br\\\/portal\\\/\",\"name\":\"JORNAL BEIRA RIO\",\"description\":\"\",\"publisher\":{\"@id\":\"https:\\\/\\\/jornalbeirario.com.br\\\/portal\\\/#organization\"},\"potentialAction\":[{\"@type\":\"SearchAction\",\"target\":{\"@type\":\"EntryPoint\",\"urlTemplate\":\"https:\\\/\\\/jornalbeirario.com.br\\\/portal\\\/?s={search_term_string}\"},\"query-input\":{\"@type\":\"PropertyValueSpecification\",\"valueRequired\":true,\"valueName\":\"search_term_string\"}}],\"inLanguage\":\"pt-BR\"},{\"@type\":\"Organization\",\"@id\":\"https:\\\/\\\/jornalbeirario.com.br\\\/portal\\\/#organization\",\"name\":\"JORNAL BEIRA RIO\",\"url\":\"https:\\\/\\\/jornalbeirario.com.br\\\/portal\\\/\",\"logo\":{\"@type\":\"ImageObject\",\"inLanguage\":\"pt-BR\",\"@id\":\"https:\\\/\\\/jornalbeirario.com.br\\\/portal\\\/#\\\/schema\\\/logo\\\/image\\\/\",\"url\":\"https:\\\/\\\/jornalbeirario.com.br\\\/portal\\\/wp-content\\\/uploads\\\/2017\\\/09\\\/BEIRA-RIO_logo600.png\",\"contentUrl\":\"https:\\\/\\\/jornalbeirario.com.br\\\/portal\\\/wp-content\\\/uploads\\\/2017\\\/09\\\/BEIRA-RIO_logo600.png\",\"width\":650,\"height\":108,\"caption\":\"JORNAL BEIRA RIO\"},\"image\":{\"@id\":\"https:\\\/\\\/jornalbeirario.com.br\\\/portal\\\/#\\\/schema\\\/logo\\\/image\\\/\"}},{\"@type\":\"Person\",\"@id\":\"https:\\\/\\\/jornalbeirario.com.br\\\/portal\\\/#\\\/schema\\\/person\\\/c6c423e4c2465d2a9233f6539173e7c1\",\"name\":\"Jornal BEIRA-RIO\",\"image\":{\"@type\":\"ImageObject\",\"inLanguage\":\"pt-BR\",\"@id\":\"https:\\\/\\\/jornalbeirario.com.br\\\/portal\\\/wp-content\\\/uploads\\\/2023\\\/10\\\/logojbr1.jpg\",\"url\":\"https:\\\/\\\/jornalbeirario.com.br\\\/portal\\\/wp-content\\\/uploads\\\/2023\\\/10\\\/logojbr1.jpg\",\"contentUrl\":\"https:\\\/\\\/jornalbeirario.com.br\\\/portal\\\/wp-content\\\/uploads\\\/2023\\\/10\\\/logojbr1.jpg\",\"caption\":\"Jornal BEIRA-RIO\"},\"url\":\"https:\\\/\\\/jornalbeirario.com.br\\\/portal\\\/?author=1\"}]}<\/script>\n<!-- \/ Yoast SEO plugin. -->","yoast_head_json":{"title":"Vacina\u00e7\u00e3o em Itatiaia chega a profissionais da educa\u00e7\u00e3o e pessoas entre 50 e 59 anos - JORNAL BEIRA RIO","robots":{"index":"index","follow":"follow","max-snippet":"max-snippet:-1","max-image-preview":"max-image-preview:large","max-video-preview":"max-video-preview:-1"},"canonical":"https:\/\/jornalbeirario.com.br\/portal\/?p=76140","og_locale":"pt_BR","og_type":"article","og_title":"Vacina\u00e7\u00e3o em Itatiaia chega a profissionais da educa\u00e7\u00e3o e pessoas entre 50 e 59 anos - JORNAL BEIRA RIO","og_description":"Come\u00e7ou nesta segunda-feira, dia 7, a imuniza\u00e7\u00e3o dos profissionais da Educa\u00e7\u00e3o contra a Covid-19 em Itatiaia. Todos os professores e funcion\u00e1rios das escolas p\u00fablicas","og_url":"https:\/\/jornalbeirario.com.br\/portal\/?p=76140","og_site_name":"JORNAL BEIRA RIO","article_published_time":"2021-06-07T17:36:53+00:00","og_image":[{"width":640,"height":480,"url":"https:\/\/jornalbeirario.com.br\/portal\/wp-content\/uploads\/2021\/06\/vacinacaopmi1.jpg","type":"image\/jpeg"}],"author":"Jornal BEIRA-RIO","twitter_card":"summary_large_image","twitter_misc":{"Escrito por":"Jornal BEIRA-RIO","Est. tempo de leitura":"3 minutos"},"schema":{"@context":"https:\/\/schema.org","@graph":[{"@type":"Article","@id":"https:\/\/jornalbeirario.com.br\/portal\/?p=76140#article","isPartOf":{"@id":"https:\/\/jornalbeirario.com.br\/portal\/?p=76140"},"author":{"name":"Jornal BEIRA-RIO","@id":"https:\/\/jornalbeirario.com.br\/portal\/#\/schema\/person\/c6c423e4c2465d2a9233f6539173e7c1"},"headline":"Vacina\u00e7\u00e3o em Itatiaia chega a profissionais da educa\u00e7\u00e3o e pessoas entre 50 e 59 anos","datePublished":"2021-06-07T17:36:53+00:00","mainEntityOfPage":{"@id":"https:\/\/jornalbeirario.com.br\/portal\/?p=76140"},"wordCount":627,"commentCount":0,"publisher":{"@id":"https:\/\/jornalbeirario.com.br\/portal\/#organization"},"image":{"@id":"https:\/\/jornalbeirario.com.br\/portal\/?p=76140#primaryimage"},"thumbnailUrl":"https:\/\/jornalbeirario.com.br\/portal\/wp-content\/uploads\/2021\/06\/vacinacaopmi1.jpg","articleSection":["Cidade","Sa\u00fade"],"inLanguage":"pt-BR","potentialAction":[{"@type":"CommentAction","name":"Comment","target":["https:\/\/jornalbeirario.com.br\/portal\/?p=76140#respond"]}]},{"@type":"WebPage","@id":"https:\/\/jornalbeirario.com.br\/portal\/?p=76140","url":"https:\/\/jornalbeirario.com.br\/portal\/?p=76140","name":"Vacina\u00e7\u00e3o em Itatiaia chega a profissionais da educa\u00e7\u00e3o e pessoas entre 50 e 59 anos - JORNAL BEIRA RIO","isPartOf":{"@id":"https:\/\/jornalbeirario.com.br\/portal\/#website"},"primaryImageOfPage":{"@id":"https:\/\/jornalbeirario.com.br\/portal\/?p=76140#primaryimage"},"image":{"@id":"https:\/\/jornalbeirario.com.br\/portal\/?p=76140#primaryimage"},"thumbnailUrl":"https:\/\/jornalbeirario.com.br\/portal\/wp-content\/uploads\/2021\/06\/vacinacaopmi1.jpg","datePublished":"2021-06-07T17:36:53+00:00","breadcrumb":{"@id":"https:\/\/jornalbeirario.com.br\/portal\/?p=76140#breadcrumb"},"inLanguage":"pt-BR","potentialAction":[{"@type":"ReadAction","target":["https:\/\/jornalbeirario.com.br\/portal\/?p=76140"]}]},{"@type":"ImageObject","inLanguage":"pt-BR","@id":"https:\/\/jornalbeirario.com.br\/portal\/?p=76140#primaryimage","url":"https:\/\/jornalbeirario.com.br\/portal\/wp-content\/uploads\/2021\/06\/vacinacaopmi1.jpg","contentUrl":"https:\/\/jornalbeirario.com.br\/portal\/wp-content\/uploads\/2021\/06\/vacinacaopmi1.jpg","width":640,"height":480},{"@type":"BreadcrumbList","@id":"https:\/\/jornalbeirario.com.br\/portal\/?p=76140#breadcrumb","itemListElement":[{"@type":"ListItem","position":1,"name":"Home","item":"https:\/\/jornalbeirario.com.br\/portal"},{"@type":"ListItem","position":2,"name":"Vacina\u00e7\u00e3o em Itatiaia chega a profissionais da educa\u00e7\u00e3o e pessoas entre 50 e 59 anos"}]},{"@type":"WebSite","@id":"https:\/\/jornalbeirario.com.br\/portal\/#website","url":"https:\/\/jornalbeirario.com.br\/portal\/","name":"JORNAL BEIRA RIO","description":"","publisher":{"@id":"https:\/\/jornalbeirario.com.br\/portal\/#organization"},"potentialAction":[{"@type":"SearchAction","target":{"@type":"EntryPoint","urlTemplate":"https:\/\/jornalbeirario.com.br\/portal\/?s={search_term_string}"},"query-input":{"@type":"PropertyValueSpecification","valueRequired":true,"valueName":"search_term_string"}}],"inLanguage":"pt-BR"},{"@type":"Organization","@id":"https:\/\/jornalbeirario.com.br\/portal\/#organization","name":"JORNAL BEIRA RIO","url":"https:\/\/jornalbeirario.com.br\/portal\/","logo":{"@type":"ImageObject","inLanguage":"pt-BR","@id":"https:\/\/jornalbeirario.com.br\/portal\/#\/schema\/logo\/image\/","url":"https:\/\/jornalbeirario.com.br\/portal\/wp-content\/uploads\/2017\/09\/BEIRA-RIO_logo600.png","contentUrl":"https:\/\/jornalbeirario.com.br\/portal\/wp-content\/uploads\/2017\/09\/BEIRA-RIO_logo600.png","width":650,"height":108,"caption":"JORNAL BEIRA RIO"},"image":{"@id":"https:\/\/jornalbeirario.com.br\/portal\/#\/schema\/logo\/image\/"}},{"@type":"Person","@id":"https:\/\/jornalbeirario.com.br\/portal\/#\/schema\/person\/c6c423e4c2465d2a9233f6539173e7c1","name":"Jornal BEIRA-RIO","image":{"@type":"ImageObject","inLanguage":"pt-BR","@id":"https:\/\/jornalbeirario.com.br\/portal\/wp-content\/uploads\/2023\/10\/logojbr1.jpg","url":"https:\/\/jornalbeirario.com.br\/portal\/wp-content\/uploads\/2023\/10\/logojbr1.jpg","contentUrl":"https:\/\/jornalbeirario.com.br\/portal\/wp-content\/uploads\/2023\/10\/logojbr1.jpg","caption":"Jornal BEIRA-RIO"},"url":"https:\/\/jornalbeirario.com.br\/portal\/?author=1"}]}},"_links":{"self":[{"href":"https:\/\/jornalbeirario.com.br\/portal\/index.php?rest_route=\/wp\/v2\/posts\/76140","targetHints":{"allow":["GET"]}}],"collection":[{"href":"https:\/\/jornalbeirario.com.br\/portal\/index.php?rest_route=\/wp\/v2\/posts"}],"about":[{"href":"https:\/\/jornalbeirario.com.br\/portal\/index.php?rest_route=\/wp\/v2\/types\/post"}],"author":[{"embeddable":true,"href":"https:\/\/jornalbeirario.com.br\/portal\/index.php?rest_route=\/wp\/v2\/users\/1"}],"replies":[{"embeddable":true,"href":"https:\/\/jornalbeirario.com.br\/portal\/index.php?rest_route=%2Fwp%2Fv2%2Fcomments&post=76140"}],"version-history":[{"count":4,"href":"https:\/\/jornalbeirario.com.br\/portal\/index.php?rest_route=\/wp\/v2\/posts\/76140\/revisions"}],"predecessor-version":[{"id":76145,"href":"https:\/\/jornalbeirario.com.br\/portal\/index.php?rest_route=\/wp\/v2\/posts\/76140\/revisions\/76145"}],"wp:featuredmedia":[{"embeddable":true,"href":"https:\/\/jornalbeirario.com.br\/portal\/index.php?rest_route=\/wp\/v2\/media\/76144"}],"wp:attachment":[{"href":"https:\/\/jornalbeirario.com.br\/portal\/index.php?rest_route=%2Fwp%2Fv2%2Fmedia&parent=76140"}],"wp:term":[{"taxonomy":"category","embeddable":true,"href":"https:\/\/jornalbeirario.com.br\/portal\/index.php?rest_route=%2Fwp%2Fv2%2Fcategories&post=76140"},{"taxonomy":"post_tag","embeddable":true,"href":"https:\/\/jornalbeirario.com.br\/portal\/index.php?rest_route=%2Fwp%2Fv2%2Ftags&post=76140"}],"curies":[{"name":"wp","href":"https:\/\/api.w.org\/{rel}","templated":true}]}}