
{"id":75315,"date":"2021-05-06T16:18:41","date_gmt":"2021-05-06T19:18:41","guid":{"rendered":"http:\/\/jornalbeirario.com.br\/portal\/?p=75315"},"modified":"2021-05-06T16:49:15","modified_gmt":"2021-05-06T19:49:15","slug":"vestibular-cederj-abre-prazo-para-pedido-de-isencao-e-cota-ate-o-dia-14","status":"publish","type":"post","link":"https:\/\/jornalbeirario.com.br\/portal\/?p=75315","title":{"rendered":"Vestibular Cederj abre prazo para pedido de isen\u00e7\u00e3o e cota at\u00e9 o dia 14"},"content":{"rendered":"<p style=\"text-align: justify;\">Os candidatos que desejarem a isen\u00e7\u00e3o do pagamento da taxa de inscri\u00e7\u00e3o e ingresso no sistema de cotas do Vestibular Cederj do segundo semestre deste ano (2021-2)\u00a0 t\u00eam at\u00e9 o dia 14 deste m\u00eas para se inscreverem ao concurso, que oferece 7.574 vagas distribu\u00eddas em 16 cursos, entre licenciatura (Hist\u00f3ria, Ci\u00eancias Biol\u00f3gicas, F\u00edsica, Geografia, Letras, Matem\u00e1tica, Pedagogia, Qu\u00edmica e Turismo), bacharelado (Administra\u00e7\u00e3o, Administra\u00e7\u00e3o P\u00fablica, Ci\u00eancias Cont\u00e1beis e Engenharia de Produ\u00e7\u00e3o) e tecn\u00f3logo (Sistemas de Computa\u00e7\u00e3o, Gest\u00e3o de Turismo e Seguran\u00e7a P\u00fablica). A prova ser\u00e1 realizada no dia 11 de julho.<\/p>\n<p style=\"text-align: justify;\">Os interessados na isen\u00e7\u00e3o para fazer a inscri\u00e7\u00e3o em um dos cursos devem <a href=\"http:\/\/www.cecierj.edu.br\/consorcio-cederj\/vestibular\/2021-2\/\">acessar o site da Funda\u00e7\u00e3o Cecierj<\/a>. Em caso de d\u00favida, a pessoa deve enviar um e-mail para vestibular@cecierj.edu.br. Al\u00e9m disso, quem desejar fazer uso do que disp\u00f5e o Decreto Estadual n\u00ba 43.065, de 08\/07\/2011, que trata dos direitos de travestis e transexuais em utilizarem o nome social na administra\u00e7\u00e3o direta e indireta do Estado do Rio de Janeiro, dever\u00e3o enviar e-mail formalizando seu pleito para vestibular@cecierj.edu.br, informando seu n\u00famero de requerimento e o nome a ser inserido como nome social.<\/p>\n<p style=\"text-align: justify;\">Os aprovados ser\u00e3o matriculados em uma das institui\u00e7\u00f5es consorciadas (Cefet\/RJ, Uenf, Uerj, UFF, UFRJ, UFRRJ ou UniRio), que \u00e9 coordenador pela Funda\u00e7\u00e3o Cecierj, vinculada \u00e0 Secretaria de Estado de Ci\u00eancia, Tecnologia e Inova\u00e7\u00e3o.<\/p>\n<p style=\"text-align: justify;\">O Vestibular Cederj 2021.2 contar\u00e1 com o aproveitamento de notas de mais de uma edi\u00e7\u00e3o do Exame Nacional do Ensino M\u00e9dio (Enem). O candidato que desejar utilizar a nota do Enem deve prestar aten\u00e7\u00e3o \u00e0s regras definidas, no edital, por cada universidade.<\/p>\n<p style=\"text-align: justify;\">Os que desejarem fazer uso do que disp\u00f5e o Decreto Estadual n\u00ba 43.065, de 08 de julho de 2011, que trata dos direitos de travestis e transexuais em utilizarem o nome social na administra\u00e7\u00e3o direta e indireta do Estado do Rio de Janeiro, dever\u00e3o enviar e-mail formalizando seu pleito para vestibular@cecierj.edu.br, informando seu n\u00famero de requerimento e o nome a ser inserido como nome social.<\/p>\n<p style=\"text-align: justify;\"><em>Foto: Divulga\u00e7\u00e3o<\/em><\/p>\n","protected":false},"excerpt":{"rendered":"<p>Os candidatos que desejarem a isen\u00e7\u00e3o do pagamento da taxa de inscri\u00e7\u00e3o e ingresso no sistema de cotas do Vestibular Cederj do segundo semestre<\/p>\n","protected":false},"author":1,"featured_media":75319,"comment_status":"open","ping_status":"open","sticky":false,"template":"","format":"standard","meta":{"pmpro_default_level":"","footnotes":""},"categories":[28,158],"tags":[],"class_list":["post-75315","post","type-post","status-publish","format-standard","has-post-thumbnail","hentry","category-educacao","category-rio-de-janeiro","pmpro-has-access"],"yoast_head":"<!-- This site is optimized with the Yoast SEO plugin v27.4 - https:\/\/yoast.com\/product\/yoast-seo-wordpress\/ -->\n<title>Vestibular Cederj abre prazo para pedido de isen\u00e7\u00e3o e cota at\u00e9 o dia 14 - JORNAL BEIRA RIO<\/title>\n<meta name=\"robots\" content=\"index, follow, max-snippet:-1, max-image-preview:large, max-video-preview:-1\" \/>\n<link rel=\"canonical\" href=\"https:\/\/jornalbeirario.com.br\/portal\/?p=75315\" \/>\n<meta property=\"og:locale\" content=\"pt_BR\" \/>\n<meta property=\"og:type\" content=\"article\" \/>\n<meta property=\"og:title\" content=\"Vestibular Cederj abre prazo para pedido de isen\u00e7\u00e3o e cota at\u00e9 o dia 14 - JORNAL BEIRA RIO\" \/>\n<meta property=\"og:description\" content=\"Os candidatos que desejarem a isen\u00e7\u00e3o do pagamento da taxa de inscri\u00e7\u00e3o e ingresso no sistema de cotas do Vestibular Cederj do segundo semestre\" \/>\n<meta property=\"og:url\" content=\"https:\/\/jornalbeirario.com.br\/portal\/?p=75315\" \/>\n<meta property=\"og:site_name\" content=\"JORNAL BEIRA RIO\" \/>\n<meta property=\"article:published_time\" content=\"2021-05-06T19:18:41+00:00\" \/>\n<meta property=\"article:modified_time\" content=\"2021-05-06T19:49:15+00:00\" \/>\n<meta property=\"og:image\" content=\"https:\/\/jornalbeirario.com.br\/portal\/wp-content\/uploads\/2021\/05\/cederj01.jpg\" \/>\n\t<meta property=\"og:image:width\" content=\"640\" \/>\n\t<meta property=\"og:image:height\" content=\"480\" \/>\n\t<meta property=\"og:image:type\" content=\"image\/jpeg\" \/>\n<meta name=\"author\" content=\"Jornal BEIRA-RIO\" \/>\n<meta name=\"twitter:card\" content=\"summary_large_image\" \/>\n<meta name=\"twitter:label1\" content=\"Escrito por\" \/>\n\t<meta name=\"twitter:data1\" content=\"Jornal BEIRA-RIO\" \/>\n\t<meta name=\"twitter:label2\" content=\"Est. tempo de leitura\" \/>\n\t<meta name=\"twitter:data2\" content=\"2 minutos\" \/>\n<script type=\"application\/ld+json\" class=\"yoast-schema-graph\">{\"@context\":\"https:\\\/\\\/schema.org\",\"@graph\":[{\"@type\":\"Article\",\"@id\":\"https:\\\/\\\/jornalbeirario.com.br\\\/portal\\\/?p=75315#article\",\"isPartOf\":{\"@id\":\"https:\\\/\\\/jornalbeirario.com.br\\\/portal\\\/?p=75315\"},\"author\":{\"name\":\"Jornal BEIRA-RIO\",\"@id\":\"https:\\\/\\\/jornalbeirario.com.br\\\/portal\\\/#\\\/schema\\\/person\\\/c6c423e4c2465d2a9233f6539173e7c1\"},\"headline\":\"Vestibular Cederj abre prazo para pedido de isen\u00e7\u00e3o e cota at\u00e9 o dia 14\",\"datePublished\":\"2021-05-06T19:18:41+00:00\",\"dateModified\":\"2021-05-06T19:49:15+00:00\",\"mainEntityOfPage\":{\"@id\":\"https:\\\/\\\/jornalbeirario.com.br\\\/portal\\\/?p=75315\"},\"wordCount\":381,\"commentCount\":0,\"publisher\":{\"@id\":\"https:\\\/\\\/jornalbeirario.com.br\\\/portal\\\/#organization\"},\"image\":{\"@id\":\"https:\\\/\\\/jornalbeirario.com.br\\\/portal\\\/?p=75315#primaryimage\"},\"thumbnailUrl\":\"https:\\\/\\\/jornalbeirario.com.br\\\/portal\\\/wp-content\\\/uploads\\\/2021\\\/05\\\/cederj01.jpg\",\"articleSection\":[\"Educa\u00e7\u00e3o\",\"Rio de Janeiro\"],\"inLanguage\":\"pt-BR\",\"potentialAction\":[{\"@type\":\"CommentAction\",\"name\":\"Comment\",\"target\":[\"https:\\\/\\\/jornalbeirario.com.br\\\/portal\\\/?p=75315#respond\"]}]},{\"@type\":\"WebPage\",\"@id\":\"https:\\\/\\\/jornalbeirario.com.br\\\/portal\\\/?p=75315\",\"url\":\"https:\\\/\\\/jornalbeirario.com.br\\\/portal\\\/?p=75315\",\"name\":\"Vestibular Cederj abre prazo para pedido de isen\u00e7\u00e3o e cota at\u00e9 o dia 14 - JORNAL BEIRA RIO\",\"isPartOf\":{\"@id\":\"https:\\\/\\\/jornalbeirario.com.br\\\/portal\\\/#website\"},\"primaryImageOfPage\":{\"@id\":\"https:\\\/\\\/jornalbeirario.com.br\\\/portal\\\/?p=75315#primaryimage\"},\"image\":{\"@id\":\"https:\\\/\\\/jornalbeirario.com.br\\\/portal\\\/?p=75315#primaryimage\"},\"thumbnailUrl\":\"https:\\\/\\\/jornalbeirario.com.br\\\/portal\\\/wp-content\\\/uploads\\\/2021\\\/05\\\/cederj01.jpg\",\"datePublished\":\"2021-05-06T19:18:41+00:00\",\"dateModified\":\"2021-05-06T19:49:15+00:00\",\"breadcrumb\":{\"@id\":\"https:\\\/\\\/jornalbeirario.com.br\\\/portal\\\/?p=75315#breadcrumb\"},\"inLanguage\":\"pt-BR\",\"potentialAction\":[{\"@type\":\"ReadAction\",\"target\":[\"https:\\\/\\\/jornalbeirario.com.br\\\/portal\\\/?p=75315\"]}]},{\"@type\":\"ImageObject\",\"inLanguage\":\"pt-BR\",\"@id\":\"https:\\\/\\\/jornalbeirario.com.br\\\/portal\\\/?p=75315#primaryimage\",\"url\":\"https:\\\/\\\/jornalbeirario.com.br\\\/portal\\\/wp-content\\\/uploads\\\/2021\\\/05\\\/cederj01.jpg\",\"contentUrl\":\"https:\\\/\\\/jornalbeirario.com.br\\\/portal\\\/wp-content\\\/uploads\\\/2021\\\/05\\\/cederj01.jpg\",\"width\":640,\"height\":480},{\"@type\":\"BreadcrumbList\",\"@id\":\"https:\\\/\\\/jornalbeirario.com.br\\\/portal\\\/?p=75315#breadcrumb\",\"itemListElement\":[{\"@type\":\"ListItem\",\"position\":1,\"name\":\"Home\",\"item\":\"https:\\\/\\\/jornalbeirario.com.br\\\/portal\"},{\"@type\":\"ListItem\",\"position\":2,\"name\":\"Vestibular Cederj abre prazo para pedido de isen\u00e7\u00e3o e cota at\u00e9 o dia 14\"}]},{\"@type\":\"WebSite\",\"@id\":\"https:\\\/\\\/jornalbeirario.com.br\\\/portal\\\/#website\",\"url\":\"https:\\\/\\\/jornalbeirario.com.br\\\/portal\\\/\",\"name\":\"JORNAL BEIRA RIO\",\"description\":\"\",\"publisher\":{\"@id\":\"https:\\\/\\\/jornalbeirario.com.br\\\/portal\\\/#organization\"},\"potentialAction\":[{\"@type\":\"SearchAction\",\"target\":{\"@type\":\"EntryPoint\",\"urlTemplate\":\"https:\\\/\\\/jornalbeirario.com.br\\\/portal\\\/?s={search_term_string}\"},\"query-input\":{\"@type\":\"PropertyValueSpecification\",\"valueRequired\":true,\"valueName\":\"search_term_string\"}}],\"inLanguage\":\"pt-BR\"},{\"@type\":\"Organization\",\"@id\":\"https:\\\/\\\/jornalbeirario.com.br\\\/portal\\\/#organization\",\"name\":\"JORNAL BEIRA RIO\",\"url\":\"https:\\\/\\\/jornalbeirario.com.br\\\/portal\\\/\",\"logo\":{\"@type\":\"ImageObject\",\"inLanguage\":\"pt-BR\",\"@id\":\"https:\\\/\\\/jornalbeirario.com.br\\\/portal\\\/#\\\/schema\\\/logo\\\/image\\\/\",\"url\":\"https:\\\/\\\/jornalbeirario.com.br\\\/portal\\\/wp-content\\\/uploads\\\/2017\\\/09\\\/BEIRA-RIO_logo600.png\",\"contentUrl\":\"https:\\\/\\\/jornalbeirario.com.br\\\/portal\\\/wp-content\\\/uploads\\\/2017\\\/09\\\/BEIRA-RIO_logo600.png\",\"width\":650,\"height\":108,\"caption\":\"JORNAL BEIRA RIO\"},\"image\":{\"@id\":\"https:\\\/\\\/jornalbeirario.com.br\\\/portal\\\/#\\\/schema\\\/logo\\\/image\\\/\"}},{\"@type\":\"Person\",\"@id\":\"https:\\\/\\\/jornalbeirario.com.br\\\/portal\\\/#\\\/schema\\\/person\\\/c6c423e4c2465d2a9233f6539173e7c1\",\"name\":\"Jornal BEIRA-RIO\",\"image\":{\"@type\":\"ImageObject\",\"inLanguage\":\"pt-BR\",\"@id\":\"https:\\\/\\\/jornalbeirario.com.br\\\/portal\\\/wp-content\\\/uploads\\\/2023\\\/10\\\/logojbr1.jpg\",\"url\":\"https:\\\/\\\/jornalbeirario.com.br\\\/portal\\\/wp-content\\\/uploads\\\/2023\\\/10\\\/logojbr1.jpg\",\"contentUrl\":\"https:\\\/\\\/jornalbeirario.com.br\\\/portal\\\/wp-content\\\/uploads\\\/2023\\\/10\\\/logojbr1.jpg\",\"caption\":\"Jornal BEIRA-RIO\"},\"url\":\"https:\\\/\\\/jornalbeirario.com.br\\\/portal\\\/?author=1\"}]}<\/script>\n<!-- \/ Yoast SEO plugin. -->","yoast_head_json":{"title":"Vestibular Cederj abre prazo para pedido de isen\u00e7\u00e3o e cota at\u00e9 o dia 14 - JORNAL BEIRA RIO","robots":{"index":"index","follow":"follow","max-snippet":"max-snippet:-1","max-image-preview":"max-image-preview:large","max-video-preview":"max-video-preview:-1"},"canonical":"https:\/\/jornalbeirario.com.br\/portal\/?p=75315","og_locale":"pt_BR","og_type":"article","og_title":"Vestibular Cederj abre prazo para pedido de isen\u00e7\u00e3o e cota at\u00e9 o dia 14 - JORNAL BEIRA RIO","og_description":"Os candidatos que desejarem a isen\u00e7\u00e3o do pagamento da taxa de inscri\u00e7\u00e3o e ingresso no sistema de cotas do Vestibular Cederj do segundo semestre","og_url":"https:\/\/jornalbeirario.com.br\/portal\/?p=75315","og_site_name":"JORNAL BEIRA RIO","article_published_time":"2021-05-06T19:18:41+00:00","article_modified_time":"2021-05-06T19:49:15+00:00","og_image":[{"width":640,"height":480,"url":"https:\/\/jornalbeirario.com.br\/portal\/wp-content\/uploads\/2021\/05\/cederj01.jpg","type":"image\/jpeg"}],"author":"Jornal BEIRA-RIO","twitter_card":"summary_large_image","twitter_misc":{"Escrito por":"Jornal BEIRA-RIO","Est. tempo de leitura":"2 minutos"},"schema":{"@context":"https:\/\/schema.org","@graph":[{"@type":"Article","@id":"https:\/\/jornalbeirario.com.br\/portal\/?p=75315#article","isPartOf":{"@id":"https:\/\/jornalbeirario.com.br\/portal\/?p=75315"},"author":{"name":"Jornal BEIRA-RIO","@id":"https:\/\/jornalbeirario.com.br\/portal\/#\/schema\/person\/c6c423e4c2465d2a9233f6539173e7c1"},"headline":"Vestibular Cederj abre prazo para pedido de isen\u00e7\u00e3o e cota at\u00e9 o dia 14","datePublished":"2021-05-06T19:18:41+00:00","dateModified":"2021-05-06T19:49:15+00:00","mainEntityOfPage":{"@id":"https:\/\/jornalbeirario.com.br\/portal\/?p=75315"},"wordCount":381,"commentCount":0,"publisher":{"@id":"https:\/\/jornalbeirario.com.br\/portal\/#organization"},"image":{"@id":"https:\/\/jornalbeirario.com.br\/portal\/?p=75315#primaryimage"},"thumbnailUrl":"https:\/\/jornalbeirario.com.br\/portal\/wp-content\/uploads\/2021\/05\/cederj01.jpg","articleSection":["Educa\u00e7\u00e3o","Rio de Janeiro"],"inLanguage":"pt-BR","potentialAction":[{"@type":"CommentAction","name":"Comment","target":["https:\/\/jornalbeirario.com.br\/portal\/?p=75315#respond"]}]},{"@type":"WebPage","@id":"https:\/\/jornalbeirario.com.br\/portal\/?p=75315","url":"https:\/\/jornalbeirario.com.br\/portal\/?p=75315","name":"Vestibular Cederj abre prazo para pedido de isen\u00e7\u00e3o e cota at\u00e9 o dia 14 - JORNAL BEIRA RIO","isPartOf":{"@id":"https:\/\/jornalbeirario.com.br\/portal\/#website"},"primaryImageOfPage":{"@id":"https:\/\/jornalbeirario.com.br\/portal\/?p=75315#primaryimage"},"image":{"@id":"https:\/\/jornalbeirario.com.br\/portal\/?p=75315#primaryimage"},"thumbnailUrl":"https:\/\/jornalbeirario.com.br\/portal\/wp-content\/uploads\/2021\/05\/cederj01.jpg","datePublished":"2021-05-06T19:18:41+00:00","dateModified":"2021-05-06T19:49:15+00:00","breadcrumb":{"@id":"https:\/\/jornalbeirario.com.br\/portal\/?p=75315#breadcrumb"},"inLanguage":"pt-BR","potentialAction":[{"@type":"ReadAction","target":["https:\/\/jornalbeirario.com.br\/portal\/?p=75315"]}]},{"@type":"ImageObject","inLanguage":"pt-BR","@id":"https:\/\/jornalbeirario.com.br\/portal\/?p=75315#primaryimage","url":"https:\/\/jornalbeirario.com.br\/portal\/wp-content\/uploads\/2021\/05\/cederj01.jpg","contentUrl":"https:\/\/jornalbeirario.com.br\/portal\/wp-content\/uploads\/2021\/05\/cederj01.jpg","width":640,"height":480},{"@type":"BreadcrumbList","@id":"https:\/\/jornalbeirario.com.br\/portal\/?p=75315#breadcrumb","itemListElement":[{"@type":"ListItem","position":1,"name":"Home","item":"https:\/\/jornalbeirario.com.br\/portal"},{"@type":"ListItem","position":2,"name":"Vestibular Cederj abre prazo para pedido de isen\u00e7\u00e3o e cota at\u00e9 o dia 14"}]},{"@type":"WebSite","@id":"https:\/\/jornalbeirario.com.br\/portal\/#website","url":"https:\/\/jornalbeirario.com.br\/portal\/","name":"JORNAL BEIRA RIO","description":"","publisher":{"@id":"https:\/\/jornalbeirario.com.br\/portal\/#organization"},"potentialAction":[{"@type":"SearchAction","target":{"@type":"EntryPoint","urlTemplate":"https:\/\/jornalbeirario.com.br\/portal\/?s={search_term_string}"},"query-input":{"@type":"PropertyValueSpecification","valueRequired":true,"valueName":"search_term_string"}}],"inLanguage":"pt-BR"},{"@type":"Organization","@id":"https:\/\/jornalbeirario.com.br\/portal\/#organization","name":"JORNAL BEIRA RIO","url":"https:\/\/jornalbeirario.com.br\/portal\/","logo":{"@type":"ImageObject","inLanguage":"pt-BR","@id":"https:\/\/jornalbeirario.com.br\/portal\/#\/schema\/logo\/image\/","url":"https:\/\/jornalbeirario.com.br\/portal\/wp-content\/uploads\/2017\/09\/BEIRA-RIO_logo600.png","contentUrl":"https:\/\/jornalbeirario.com.br\/portal\/wp-content\/uploads\/2017\/09\/BEIRA-RIO_logo600.png","width":650,"height":108,"caption":"JORNAL BEIRA RIO"},"image":{"@id":"https:\/\/jornalbeirario.com.br\/portal\/#\/schema\/logo\/image\/"}},{"@type":"Person","@id":"https:\/\/jornalbeirario.com.br\/portal\/#\/schema\/person\/c6c423e4c2465d2a9233f6539173e7c1","name":"Jornal BEIRA-RIO","image":{"@type":"ImageObject","inLanguage":"pt-BR","@id":"https:\/\/jornalbeirario.com.br\/portal\/wp-content\/uploads\/2023\/10\/logojbr1.jpg","url":"https:\/\/jornalbeirario.com.br\/portal\/wp-content\/uploads\/2023\/10\/logojbr1.jpg","contentUrl":"https:\/\/jornalbeirario.com.br\/portal\/wp-content\/uploads\/2023\/10\/logojbr1.jpg","caption":"Jornal BEIRA-RIO"},"url":"https:\/\/jornalbeirario.com.br\/portal\/?author=1"}]}},"_links":{"self":[{"href":"https:\/\/jornalbeirario.com.br\/portal\/index.php?rest_route=\/wp\/v2\/posts\/75315","targetHints":{"allow":["GET"]}}],"collection":[{"href":"https:\/\/jornalbeirario.com.br\/portal\/index.php?rest_route=\/wp\/v2\/posts"}],"about":[{"href":"https:\/\/jornalbeirario.com.br\/portal\/index.php?rest_route=\/wp\/v2\/types\/post"}],"author":[{"embeddable":true,"href":"https:\/\/jornalbeirario.com.br\/portal\/index.php?rest_route=\/wp\/v2\/users\/1"}],"replies":[{"embeddable":true,"href":"https:\/\/jornalbeirario.com.br\/portal\/index.php?rest_route=%2Fwp%2Fv2%2Fcomments&post=75315"}],"version-history":[{"count":6,"href":"https:\/\/jornalbeirario.com.br\/portal\/index.php?rest_route=\/wp\/v2\/posts\/75315\/revisions"}],"predecessor-version":[{"id":75322,"href":"https:\/\/jornalbeirario.com.br\/portal\/index.php?rest_route=\/wp\/v2\/posts\/75315\/revisions\/75322"}],"wp:featuredmedia":[{"embeddable":true,"href":"https:\/\/jornalbeirario.com.br\/portal\/index.php?rest_route=\/wp\/v2\/media\/75319"}],"wp:attachment":[{"href":"https:\/\/jornalbeirario.com.br\/portal\/index.php?rest_route=%2Fwp%2Fv2%2Fmedia&parent=75315"}],"wp:term":[{"taxonomy":"category","embeddable":true,"href":"https:\/\/jornalbeirario.com.br\/portal\/index.php?rest_route=%2Fwp%2Fv2%2Fcategories&post=75315"},{"taxonomy":"post_tag","embeddable":true,"href":"https:\/\/jornalbeirario.com.br\/portal\/index.php?rest_route=%2Fwp%2Fv2%2Ftags&post=75315"}],"curies":[{"name":"wp","href":"https:\/\/api.w.org\/{rel}","templated":true}]}}