
{"id":75139,"date":"2021-04-30T12:16:54","date_gmt":"2021-04-30T15:16:54","guid":{"rendered":"http:\/\/jornalbeirario.com.br\/portal\/?p=75139"},"modified":"2021-04-30T12:28:39","modified_gmt":"2021-04-30T15:28:39","slug":"brasil-chega-a-marca-de-400-mil-mortos-pela-covid-19","status":"publish","type":"post","link":"https:\/\/jornalbeirario.com.br\/portal\/?p=75139","title":{"rendered":"Brasil chega a marca de 400 mil mortos pela Covid-19"},"content":{"rendered":"<p style=\"text-align: justify;\">No \u00faltimo boletim publicado no final da tarde de quinta-feira, dia 29, pelo Minist\u00e9rio da Sa\u00fade, o Brasil bateu a marca dos 400 mil mortos pela covid-19. Nas \u00faltimas 24 horas (at\u00e9 a noite de quinta-feira), foram registrados 3.001 novos \u00f3bitos. Com isso, o total de pessoas que perderam a vida para a pandemia do novo coronav\u00edrus chegou a 401.186.<\/p>\n<p style=\"text-align: justify;\">Ontem, o balan\u00e7o di\u00e1rio marcava 398.185 v\u00edtimas que n\u00e3o resistiram \u00e0 pandemia. Ainda h\u00e1 3.663 mortes em investiga\u00e7\u00e3o por equipes de sa\u00fade. Isso porque h\u00e1 casos em que o diagn\u00f3stico sobre a causa s\u00f3 sai ap\u00f3s a morte do paciente.<\/p>\n<p style=\"text-align: justify;\">A soma de pessoas que contra\u00edram o v\u00edrus desde o in\u00edcio da pandemia alcan\u00e7ou 14.590.678. Entre quarta-feira, dia 28, e quinta-feira, foram confirmados 69.389 diagn\u00f3sticos positivos de covid-19. Na quarta, o painel do Minist\u00e9rio da Sa\u00fade marcava 14.521.289 casos acumulados.<\/p>\n<p style=\"text-align: justify;\">Em termos de mortes, o pa\u00eds est\u00e1 atr\u00e1s apenas dos Estados Unidos, que tiveram at\u00e9 o momento 574.947 mortes em fun\u00e7\u00e3o da covid-19. J\u00e1 no ranking de casos, o pa\u00eds est\u00e1 na terceira coloca\u00e7\u00e3o, atr\u00e1s da \u00cdndia (18.376.524) e dos Estados Unidos (32.272.447).<\/p>\n<p style=\"text-align: justify;\">O n\u00famero de pessoas recuperadas totalizou 13.152.118. J\u00e1 a quantidade de pacientes com casos ativos, em acompanhamento por equipes de sa\u00fade, ficou em 1.037.374.<\/p>\n<p style=\"text-align: justify;\">O ranking de estados com mais mortes pela covid-19 \u00e9 liderado por S\u00e3o Paulo (95.532), Rio de Janeiro (43.965), Minas Gerais (33.041), Rio Grande do Sul (24.753) e Paran\u00e1 (22.229). J\u00e1 as unidades da Federa\u00e7\u00e3o com menos \u00f3bitos s\u00e3o Roraima (1.503), Acre (1.525), Amap\u00e1 (1.536), Tocantins (2.529) e Alagoas (4.200).<\/p>\n<p style=\"text-align: justify;\">O Conselho Nacional de Secret\u00e1rios de Sa\u00fade (Conass) divulgou nota lamentando as 400 mil mortes. \u201cO n\u00famero reflete a dor de fam\u00edlias que perderam pais, av\u00f3s, filhos e irm\u00e3os de forma r\u00e1pida, violenta e muitas vezes solit\u00e1ria. Reflete tamb\u00e9m erros de condu\u00e7\u00e3o e a aus\u00eancia de coordena\u00e7\u00e3o centralizada no n\u00edvel federal.\u201d<\/p>\n<p style=\"text-align: justify;\">Na nota, os secret\u00e1rios estaduais de Sa\u00fade insistem na necessidade de ampliar a vacina\u00e7\u00e3o contra a covid-19 e de uma ampla campanha de comunica\u00e7\u00e3o para destacar a import\u00e2ncia das medidas de preven\u00e7\u00e3o e garantir ades\u00e3o \u00e0 vacina\u00e7\u00e3o.<\/p>\n<p style=\"text-align: justify;\">O Conselho Nacional de Sa\u00fade (CNS) tamb\u00e9m soltou comunicado no qual se solidariza com as fam\u00edlias dos mortos e critica as a\u00e7\u00f5es do governo federal. \u201cA aus\u00eancia de coordena\u00e7\u00e3o nacional, o desfinanciamento deliberado do Sistema \u00danico de Sa\u00fade (SUS) e a nega\u00e7\u00e3o com motiva\u00e7\u00e3o ideol\u00f3gica para compra das vacinas contra a Covid-19, no momento em que precis\u00e1vamos ter adquirido, s\u00e3o alguns dos in\u00fameros motivos que tornam a atual gest\u00e3o como a grande respons\u00e1vel pela barb\u00e1rie que vivemos\u201d, diz o texto do CNS.<\/p>\n<p><em>Fonte: Ag\u00eancia Brasil<\/em><\/p>\n","protected":false},"excerpt":{"rendered":"<p>No \u00faltimo boletim publicado no final da tarde de quinta-feira, dia 29, pelo Minist\u00e9rio da Sa\u00fade, o Brasil bateu a marca dos 400 mil<\/p>\n","protected":false},"author":1,"featured_media":70115,"comment_status":"open","ping_status":"open","sticky":false,"template":"","format":"standard","meta":{"pmpro_default_level":"","footnotes":""},"categories":[35,18],"tags":[],"class_list":["post-75139","post","type-post","status-publish","format-standard","has-post-thumbnail","hentry","category-nacional","category-saude","pmpro-has-access"],"yoast_head":"<!-- This site is optimized with the Yoast SEO plugin v27.4 - https:\/\/yoast.com\/product\/yoast-seo-wordpress\/ -->\n<title>Brasil chega a marca de 400 mil mortos pela Covid-19 - JORNAL BEIRA RIO<\/title>\n<meta name=\"robots\" content=\"index, follow, max-snippet:-1, max-image-preview:large, max-video-preview:-1\" \/>\n<link rel=\"canonical\" href=\"https:\/\/jornalbeirario.com.br\/portal\/?p=75139\" \/>\n<meta property=\"og:locale\" content=\"pt_BR\" \/>\n<meta property=\"og:type\" content=\"article\" \/>\n<meta property=\"og:title\" content=\"Brasil chega a marca de 400 mil mortos pela Covid-19 - JORNAL BEIRA RIO\" \/>\n<meta property=\"og:description\" content=\"No \u00faltimo boletim publicado no final da tarde de quinta-feira, dia 29, pelo Minist\u00e9rio da Sa\u00fade, o Brasil bateu a marca dos 400 mil\" \/>\n<meta property=\"og:url\" content=\"https:\/\/jornalbeirario.com.br\/portal\/?p=75139\" \/>\n<meta property=\"og:site_name\" content=\"JORNAL BEIRA RIO\" \/>\n<meta property=\"article:published_time\" content=\"2021-04-30T15:16:54+00:00\" \/>\n<meta property=\"article:modified_time\" content=\"2021-04-30T15:28:39+00:00\" \/>\n<meta property=\"og:image\" content=\"https:\/\/jornalbeirario.com.br\/portal\/wp-content\/uploads\/2020\/08\/mortecovid1.jpg\" \/>\n\t<meta property=\"og:image:width\" content=\"640\" \/>\n\t<meta property=\"og:image:height\" content=\"480\" \/>\n\t<meta property=\"og:image:type\" content=\"image\/jpeg\" \/>\n<meta name=\"author\" content=\"Jornal BEIRA-RIO\" \/>\n<meta name=\"twitter:card\" content=\"summary_large_image\" \/>\n<meta name=\"twitter:label1\" content=\"Escrito por\" \/>\n\t<meta name=\"twitter:data1\" content=\"Jornal BEIRA-RIO\" \/>\n\t<meta name=\"twitter:label2\" content=\"Est. tempo de leitura\" \/>\n\t<meta name=\"twitter:data2\" content=\"2 minutos\" \/>\n<script type=\"application\/ld+json\" class=\"yoast-schema-graph\">{\"@context\":\"https:\\\/\\\/schema.org\",\"@graph\":[{\"@type\":\"Article\",\"@id\":\"https:\\\/\\\/jornalbeirario.com.br\\\/portal\\\/?p=75139#article\",\"isPartOf\":{\"@id\":\"https:\\\/\\\/jornalbeirario.com.br\\\/portal\\\/?p=75139\"},\"author\":{\"name\":\"Jornal BEIRA-RIO\",\"@id\":\"https:\\\/\\\/jornalbeirario.com.br\\\/portal\\\/#\\\/schema\\\/person\\\/c6c423e4c2465d2a9233f6539173e7c1\"},\"headline\":\"Brasil chega a marca de 400 mil mortos pela Covid-19\",\"datePublished\":\"2021-04-30T15:16:54+00:00\",\"dateModified\":\"2021-04-30T15:28:39+00:00\",\"mainEntityOfPage\":{\"@id\":\"https:\\\/\\\/jornalbeirario.com.br\\\/portal\\\/?p=75139\"},\"wordCount\":476,\"commentCount\":0,\"publisher\":{\"@id\":\"https:\\\/\\\/jornalbeirario.com.br\\\/portal\\\/#organization\"},\"image\":{\"@id\":\"https:\\\/\\\/jornalbeirario.com.br\\\/portal\\\/?p=75139#primaryimage\"},\"thumbnailUrl\":\"https:\\\/\\\/jornalbeirario.com.br\\\/portal\\\/wp-content\\\/uploads\\\/2020\\\/08\\\/mortecovid1.jpg\",\"articleSection\":[\"Nacional\",\"Sa\u00fade\"],\"inLanguage\":\"pt-BR\",\"potentialAction\":[{\"@type\":\"CommentAction\",\"name\":\"Comment\",\"target\":[\"https:\\\/\\\/jornalbeirario.com.br\\\/portal\\\/?p=75139#respond\"]}]},{\"@type\":\"WebPage\",\"@id\":\"https:\\\/\\\/jornalbeirario.com.br\\\/portal\\\/?p=75139\",\"url\":\"https:\\\/\\\/jornalbeirario.com.br\\\/portal\\\/?p=75139\",\"name\":\"Brasil chega a marca de 400 mil mortos pela Covid-19 - JORNAL BEIRA RIO\",\"isPartOf\":{\"@id\":\"https:\\\/\\\/jornalbeirario.com.br\\\/portal\\\/#website\"},\"primaryImageOfPage\":{\"@id\":\"https:\\\/\\\/jornalbeirario.com.br\\\/portal\\\/?p=75139#primaryimage\"},\"image\":{\"@id\":\"https:\\\/\\\/jornalbeirario.com.br\\\/portal\\\/?p=75139#primaryimage\"},\"thumbnailUrl\":\"https:\\\/\\\/jornalbeirario.com.br\\\/portal\\\/wp-content\\\/uploads\\\/2020\\\/08\\\/mortecovid1.jpg\",\"datePublished\":\"2021-04-30T15:16:54+00:00\",\"dateModified\":\"2021-04-30T15:28:39+00:00\",\"breadcrumb\":{\"@id\":\"https:\\\/\\\/jornalbeirario.com.br\\\/portal\\\/?p=75139#breadcrumb\"},\"inLanguage\":\"pt-BR\",\"potentialAction\":[{\"@type\":\"ReadAction\",\"target\":[\"https:\\\/\\\/jornalbeirario.com.br\\\/portal\\\/?p=75139\"]}]},{\"@type\":\"ImageObject\",\"inLanguage\":\"pt-BR\",\"@id\":\"https:\\\/\\\/jornalbeirario.com.br\\\/portal\\\/?p=75139#primaryimage\",\"url\":\"https:\\\/\\\/jornalbeirario.com.br\\\/portal\\\/wp-content\\\/uploads\\\/2020\\\/08\\\/mortecovid1.jpg\",\"contentUrl\":\"https:\\\/\\\/jornalbeirario.com.br\\\/portal\\\/wp-content\\\/uploads\\\/2020\\\/08\\\/mortecovid1.jpg\",\"width\":640,\"height\":480,\"caption\":\"Rio de Janeiro ainda n\u00e3o retornou ao patamar anterior de mortes em rela\u00e7\u00e3o \u00e0 pandemia\"},{\"@type\":\"BreadcrumbList\",\"@id\":\"https:\\\/\\\/jornalbeirario.com.br\\\/portal\\\/?p=75139#breadcrumb\",\"itemListElement\":[{\"@type\":\"ListItem\",\"position\":1,\"name\":\"Home\",\"item\":\"https:\\\/\\\/jornalbeirario.com.br\\\/portal\"},{\"@type\":\"ListItem\",\"position\":2,\"name\":\"Brasil chega a marca de 400 mil mortos pela Covid-19\"}]},{\"@type\":\"WebSite\",\"@id\":\"https:\\\/\\\/jornalbeirario.com.br\\\/portal\\\/#website\",\"url\":\"https:\\\/\\\/jornalbeirario.com.br\\\/portal\\\/\",\"name\":\"JORNAL BEIRA RIO\",\"description\":\"\",\"publisher\":{\"@id\":\"https:\\\/\\\/jornalbeirario.com.br\\\/portal\\\/#organization\"},\"potentialAction\":[{\"@type\":\"SearchAction\",\"target\":{\"@type\":\"EntryPoint\",\"urlTemplate\":\"https:\\\/\\\/jornalbeirario.com.br\\\/portal\\\/?s={search_term_string}\"},\"query-input\":{\"@type\":\"PropertyValueSpecification\",\"valueRequired\":true,\"valueName\":\"search_term_string\"}}],\"inLanguage\":\"pt-BR\"},{\"@type\":\"Organization\",\"@id\":\"https:\\\/\\\/jornalbeirario.com.br\\\/portal\\\/#organization\",\"name\":\"JORNAL BEIRA RIO\",\"url\":\"https:\\\/\\\/jornalbeirario.com.br\\\/portal\\\/\",\"logo\":{\"@type\":\"ImageObject\",\"inLanguage\":\"pt-BR\",\"@id\":\"https:\\\/\\\/jornalbeirario.com.br\\\/portal\\\/#\\\/schema\\\/logo\\\/image\\\/\",\"url\":\"https:\\\/\\\/jornalbeirario.com.br\\\/portal\\\/wp-content\\\/uploads\\\/2017\\\/09\\\/BEIRA-RIO_logo600.png\",\"contentUrl\":\"https:\\\/\\\/jornalbeirario.com.br\\\/portal\\\/wp-content\\\/uploads\\\/2017\\\/09\\\/BEIRA-RIO_logo600.png\",\"width\":650,\"height\":108,\"caption\":\"JORNAL BEIRA RIO\"},\"image\":{\"@id\":\"https:\\\/\\\/jornalbeirario.com.br\\\/portal\\\/#\\\/schema\\\/logo\\\/image\\\/\"}},{\"@type\":\"Person\",\"@id\":\"https:\\\/\\\/jornalbeirario.com.br\\\/portal\\\/#\\\/schema\\\/person\\\/c6c423e4c2465d2a9233f6539173e7c1\",\"name\":\"Jornal BEIRA-RIO\",\"image\":{\"@type\":\"ImageObject\",\"inLanguage\":\"pt-BR\",\"@id\":\"https:\\\/\\\/jornalbeirario.com.br\\\/portal\\\/wp-content\\\/uploads\\\/2023\\\/10\\\/logojbr1.jpg\",\"url\":\"https:\\\/\\\/jornalbeirario.com.br\\\/portal\\\/wp-content\\\/uploads\\\/2023\\\/10\\\/logojbr1.jpg\",\"contentUrl\":\"https:\\\/\\\/jornalbeirario.com.br\\\/portal\\\/wp-content\\\/uploads\\\/2023\\\/10\\\/logojbr1.jpg\",\"caption\":\"Jornal BEIRA-RIO\"},\"url\":\"https:\\\/\\\/jornalbeirario.com.br\\\/portal\\\/?author=1\"}]}<\/script>\n<!-- \/ Yoast SEO plugin. -->","yoast_head_json":{"title":"Brasil chega a marca de 400 mil mortos pela Covid-19 - JORNAL BEIRA RIO","robots":{"index":"index","follow":"follow","max-snippet":"max-snippet:-1","max-image-preview":"max-image-preview:large","max-video-preview":"max-video-preview:-1"},"canonical":"https:\/\/jornalbeirario.com.br\/portal\/?p=75139","og_locale":"pt_BR","og_type":"article","og_title":"Brasil chega a marca de 400 mil mortos pela Covid-19 - JORNAL BEIRA RIO","og_description":"No \u00faltimo boletim publicado no final da tarde de quinta-feira, dia 29, pelo Minist\u00e9rio da Sa\u00fade, o Brasil bateu a marca dos 400 mil","og_url":"https:\/\/jornalbeirario.com.br\/portal\/?p=75139","og_site_name":"JORNAL BEIRA RIO","article_published_time":"2021-04-30T15:16:54+00:00","article_modified_time":"2021-04-30T15:28:39+00:00","og_image":[{"width":640,"height":480,"url":"https:\/\/jornalbeirario.com.br\/portal\/wp-content\/uploads\/2020\/08\/mortecovid1.jpg","type":"image\/jpeg"}],"author":"Jornal BEIRA-RIO","twitter_card":"summary_large_image","twitter_misc":{"Escrito por":"Jornal BEIRA-RIO","Est. tempo de leitura":"2 minutos"},"schema":{"@context":"https:\/\/schema.org","@graph":[{"@type":"Article","@id":"https:\/\/jornalbeirario.com.br\/portal\/?p=75139#article","isPartOf":{"@id":"https:\/\/jornalbeirario.com.br\/portal\/?p=75139"},"author":{"name":"Jornal BEIRA-RIO","@id":"https:\/\/jornalbeirario.com.br\/portal\/#\/schema\/person\/c6c423e4c2465d2a9233f6539173e7c1"},"headline":"Brasil chega a marca de 400 mil mortos pela Covid-19","datePublished":"2021-04-30T15:16:54+00:00","dateModified":"2021-04-30T15:28:39+00:00","mainEntityOfPage":{"@id":"https:\/\/jornalbeirario.com.br\/portal\/?p=75139"},"wordCount":476,"commentCount":0,"publisher":{"@id":"https:\/\/jornalbeirario.com.br\/portal\/#organization"},"image":{"@id":"https:\/\/jornalbeirario.com.br\/portal\/?p=75139#primaryimage"},"thumbnailUrl":"https:\/\/jornalbeirario.com.br\/portal\/wp-content\/uploads\/2020\/08\/mortecovid1.jpg","articleSection":["Nacional","Sa\u00fade"],"inLanguage":"pt-BR","potentialAction":[{"@type":"CommentAction","name":"Comment","target":["https:\/\/jornalbeirario.com.br\/portal\/?p=75139#respond"]}]},{"@type":"WebPage","@id":"https:\/\/jornalbeirario.com.br\/portal\/?p=75139","url":"https:\/\/jornalbeirario.com.br\/portal\/?p=75139","name":"Brasil chega a marca de 400 mil mortos pela Covid-19 - JORNAL BEIRA RIO","isPartOf":{"@id":"https:\/\/jornalbeirario.com.br\/portal\/#website"},"primaryImageOfPage":{"@id":"https:\/\/jornalbeirario.com.br\/portal\/?p=75139#primaryimage"},"image":{"@id":"https:\/\/jornalbeirario.com.br\/portal\/?p=75139#primaryimage"},"thumbnailUrl":"https:\/\/jornalbeirario.com.br\/portal\/wp-content\/uploads\/2020\/08\/mortecovid1.jpg","datePublished":"2021-04-30T15:16:54+00:00","dateModified":"2021-04-30T15:28:39+00:00","breadcrumb":{"@id":"https:\/\/jornalbeirario.com.br\/portal\/?p=75139#breadcrumb"},"inLanguage":"pt-BR","potentialAction":[{"@type":"ReadAction","target":["https:\/\/jornalbeirario.com.br\/portal\/?p=75139"]}]},{"@type":"ImageObject","inLanguage":"pt-BR","@id":"https:\/\/jornalbeirario.com.br\/portal\/?p=75139#primaryimage","url":"https:\/\/jornalbeirario.com.br\/portal\/wp-content\/uploads\/2020\/08\/mortecovid1.jpg","contentUrl":"https:\/\/jornalbeirario.com.br\/portal\/wp-content\/uploads\/2020\/08\/mortecovid1.jpg","width":640,"height":480,"caption":"Rio de Janeiro ainda n\u00e3o retornou ao patamar anterior de mortes em rela\u00e7\u00e3o \u00e0 pandemia"},{"@type":"BreadcrumbList","@id":"https:\/\/jornalbeirario.com.br\/portal\/?p=75139#breadcrumb","itemListElement":[{"@type":"ListItem","position":1,"name":"Home","item":"https:\/\/jornalbeirario.com.br\/portal"},{"@type":"ListItem","position":2,"name":"Brasil chega a marca de 400 mil mortos pela Covid-19"}]},{"@type":"WebSite","@id":"https:\/\/jornalbeirario.com.br\/portal\/#website","url":"https:\/\/jornalbeirario.com.br\/portal\/","name":"JORNAL BEIRA RIO","description":"","publisher":{"@id":"https:\/\/jornalbeirario.com.br\/portal\/#organization"},"potentialAction":[{"@type":"SearchAction","target":{"@type":"EntryPoint","urlTemplate":"https:\/\/jornalbeirario.com.br\/portal\/?s={search_term_string}"},"query-input":{"@type":"PropertyValueSpecification","valueRequired":true,"valueName":"search_term_string"}}],"inLanguage":"pt-BR"},{"@type":"Organization","@id":"https:\/\/jornalbeirario.com.br\/portal\/#organization","name":"JORNAL BEIRA RIO","url":"https:\/\/jornalbeirario.com.br\/portal\/","logo":{"@type":"ImageObject","inLanguage":"pt-BR","@id":"https:\/\/jornalbeirario.com.br\/portal\/#\/schema\/logo\/image\/","url":"https:\/\/jornalbeirario.com.br\/portal\/wp-content\/uploads\/2017\/09\/BEIRA-RIO_logo600.png","contentUrl":"https:\/\/jornalbeirario.com.br\/portal\/wp-content\/uploads\/2017\/09\/BEIRA-RIO_logo600.png","width":650,"height":108,"caption":"JORNAL BEIRA RIO"},"image":{"@id":"https:\/\/jornalbeirario.com.br\/portal\/#\/schema\/logo\/image\/"}},{"@type":"Person","@id":"https:\/\/jornalbeirario.com.br\/portal\/#\/schema\/person\/c6c423e4c2465d2a9233f6539173e7c1","name":"Jornal BEIRA-RIO","image":{"@type":"ImageObject","inLanguage":"pt-BR","@id":"https:\/\/jornalbeirario.com.br\/portal\/wp-content\/uploads\/2023\/10\/logojbr1.jpg","url":"https:\/\/jornalbeirario.com.br\/portal\/wp-content\/uploads\/2023\/10\/logojbr1.jpg","contentUrl":"https:\/\/jornalbeirario.com.br\/portal\/wp-content\/uploads\/2023\/10\/logojbr1.jpg","caption":"Jornal BEIRA-RIO"},"url":"https:\/\/jornalbeirario.com.br\/portal\/?author=1"}]}},"_links":{"self":[{"href":"https:\/\/jornalbeirario.com.br\/portal\/index.php?rest_route=\/wp\/v2\/posts\/75139","targetHints":{"allow":["GET"]}}],"collection":[{"href":"https:\/\/jornalbeirario.com.br\/portal\/index.php?rest_route=\/wp\/v2\/posts"}],"about":[{"href":"https:\/\/jornalbeirario.com.br\/portal\/index.php?rest_route=\/wp\/v2\/types\/post"}],"author":[{"embeddable":true,"href":"https:\/\/jornalbeirario.com.br\/portal\/index.php?rest_route=\/wp\/v2\/users\/1"}],"replies":[{"embeddable":true,"href":"https:\/\/jornalbeirario.com.br\/portal\/index.php?rest_route=%2Fwp%2Fv2%2Fcomments&post=75139"}],"version-history":[{"count":7,"href":"https:\/\/jornalbeirario.com.br\/portal\/index.php?rest_route=\/wp\/v2\/posts\/75139\/revisions"}],"predecessor-version":[{"id":75146,"href":"https:\/\/jornalbeirario.com.br\/portal\/index.php?rest_route=\/wp\/v2\/posts\/75139\/revisions\/75146"}],"wp:featuredmedia":[{"embeddable":true,"href":"https:\/\/jornalbeirario.com.br\/portal\/index.php?rest_route=\/wp\/v2\/media\/70115"}],"wp:attachment":[{"href":"https:\/\/jornalbeirario.com.br\/portal\/index.php?rest_route=%2Fwp%2Fv2%2Fmedia&parent=75139"}],"wp:term":[{"taxonomy":"category","embeddable":true,"href":"https:\/\/jornalbeirario.com.br\/portal\/index.php?rest_route=%2Fwp%2Fv2%2Fcategories&post=75139"},{"taxonomy":"post_tag","embeddable":true,"href":"https:\/\/jornalbeirario.com.br\/portal\/index.php?rest_route=%2Fwp%2Fv2%2Ftags&post=75139"}],"curies":[{"name":"wp","href":"https:\/\/api.w.org\/{rel}","templated":true}]}}