
{"id":7502,"date":"2013-04-05T12:02:40","date_gmt":"2013-04-05T12:02:40","guid":{"rendered":"http:\/\/jornalbeirario.com.br\/portal\/portal\/?p=7502"},"modified":"2013-04-05T12:02:40","modified_gmt":"2013-04-05T12:02:40","slug":"quem-pensa-5","status":"publish","type":"post","link":"https:\/\/jornalbeirario.com.br\/portal\/?p=7502","title":{"rendered":"QUEM PENSA?"},"content":{"rendered":"<p style=\"text-align: justify;\">Vereadores de Resende (de Resende?)<\/p>\n<p style=\"text-align: justify;\">Os vereadores de Resende parecem morar no pa\u00eds de Alice, durante toda uma sess\u00e3o n\u00e3o fazem refer\u00eancia aos assuntos que est\u00e3o nas ruas, entre os mun\u00edcipes e de relev\u00e2ncia pol\u00edtica: aumento da tarifa de \u00f4nibus, contrata\u00e7\u00f5es em excesso sem concurso p\u00fablico pelo Executivo, inclusive para departamentos inexistentes, a ainda defici\u00eancia da coleta de lixo, pagamento de aluguel para uso do estado, estacionamento rotativo, propagandas institucionais, ex-prefeito Meohas colado no prefeito Rechuan, entre tantos outros assuntos que poder\u00e3o respingar na responsabilidade destes mesmo vereadores.<br \/>\nLevam mais de trinta minutos para fazer uma discuss\u00e3o sobre um \u00fanico sem\u00e1foro, levam tempo maior ainda para discutir o ensino estadual. Isso mesmo, estadual. Uma preocupa\u00e7\u00e3o excessiva com aquilo que n\u00e3o t\u00eam compet\u00eancia. A sess\u00e3o do dia 2 de abril, os vereadores mostraram-se muito preocupados com o endere\u00e7o da Coordenadoria estadual de Educa\u00e7\u00e3o que saiu de Resende exatamente na gest\u00e3o que tanto defendem e tendo o prefeito Rechuan colado no governador. Imagina se n\u00e3o fosse.<br \/>\nOs vereadores n\u00e3o falam e t\u00e3o pouco fiscalizam, por exemplo, o pagamento pelo cofres municipais, de aluguel de pr\u00e9dio para o Detran que \u00e9 estadual e nem mesmo usam essa e outras \u201cparcerias\u201d para mostrar que o governo parece n\u00e3o ter for\u00e7a (ou seria interesse?) de resolver outras quest\u00f5es simples, como fiscalizar a cal\u00e7ada do setor de vistoria deste mesmo \u00f3rg\u00e3o estadual na cidade (p\u00e1gina 13). Os vereadores se mostram t\u00e3o indignados com a mudan\u00e7a da Coordenadoria Estadual de Educa\u00e7\u00e3o para Volta Redonda, mas n\u00e3o falam que foi no governo parceiro do Rechuan que isso aconteceu.<br \/>\nOs vereadores falam pontualmente sobre falta de vagas nas creches e nada falam sobre o Ciep 489 da Cidade Alegria, rec\u00e9m-municipalizado, que fechou os port\u00f5es para a comunidade; antes ficavam abertos nos fins de semana, agora s\u00f3 as atividades autorizadas. Os vereadores se mostram muito preocupados com a informa\u00e7\u00e3o da Nissan que desqualifica os candidatos de Resende porque n\u00e3o passam na prova de ensino fundamental, mas em nenhum momento falam da aprova\u00e7\u00e3o autom\u00e1tica; preocupam-se muito com ensino t\u00e9cnico e desconhecem a necessidade de forma\u00e7\u00e3o cient\u00edfica; o mercado de trabalho \u00e9 sempre o foco e n\u00e3o a forma\u00e7\u00e3o do cidad\u00e3o. Ta\u00ed o resultado.<br \/>\nO vereador Tisga (PPS) na mesma sess\u00e3o pede para que os professores andem nos \u00f4nibus escolares, exclusivos para o transporte de alunos; os professores t\u00eam vale-transporte para isso, mas o debate prossegue como se tudo fosse novidade.<br \/>\nAlguns vereadores ficam calados todo o tempo e outros protagonizam disputas como \u00e9 o caso do vereador Rom\u00e9rio (PMDB) e da vereadora Soraia Balieiro (PSB), cada um tomando para si indica\u00e7\u00f5es que n\u00e3o apresentam qualquer valor pr\u00e1tico. \u00c9 um deboche, e na minha opini\u00e3o, um desrespeito com a assist\u00eancia. O assunto sempre acaba em piada. Tamb\u00e9m ganhando R$ 10 mil por m\u00eas, que pagamos, pode virar tudo piada, n\u00e9? Ambos disputam a autoria de uma delegacia da mulher para o munic\u00edpio, mas n\u00e3o pressionam o prefeito para que este e sua \u201camizade\u201d com o governador, assim como sua influ\u00eancia enquanto presidente do Cons\u00f3rcio Intermunicipal de Seguran\u00e7a com Cidadania do M\u00e9dio Vale do Para\u00edba Fluminense para trazer mais policiais civis para a Delegacia da Cidade.<br \/>\nOs vereadores e o prefeito n\u00e3o sabem, n\u00e3o sabem porque s\u00e3o tratados de maneira diferente, quando chegam na Delegacia v\u00e3o direto para a sala do delegado, n\u00e3o ficam naquelas cadeiras desconfort\u00e1veis pegando sol e esperando horas para registrar uma ocorr\u00eancia na delegacia. Horas. Horas. Nunca menos de duas horas, e muito f\u00e1cil chegar a quatro horas de espera por um atendimento. Falta pessoal, entre outras coisas na delegacia de Resende, n\u00e3o apenas para o atendimento \u00e0 cidad\u00e3, mas para qualquer cidad\u00e3o. Mas os vereadores preferem discuss\u00f5es mais subjetivas, fazer o qu\u00ea? Na hora da palavra de lideran\u00e7a partid\u00e1ria raramente falam sobre o partido ou interesses do partido na constru\u00e7\u00e3o das pol\u00edticas p\u00fablicas do munic\u00edpio.<br \/>\nOs vereadores calados s\u00e3o enigm\u00e1ticos ainda, pois n\u00e3o sabemos se est\u00e3o calados porque s\u00e3o novos ou porque preferem a omiss\u00e3o mesmo. E olha que eu reclamava da C\u00e2mara que tinha Claudio Mendon\u00e7a, Alo\u00edsio Balieiro, An\u00edbal Rocha Pontes, entre outros. \u00c9ramos felizes e n\u00e3o t\u00ednhamos ideia. Hoje as discuss\u00f5es s\u00e3o rasas, sem paix\u00e3o pela causa, s\u00f3 pelas consequ\u00eancias, falas sem qualquer embasamento, impulsivas. Fazem barba, cabelo e bigode os vereadores Pedro Paulo Florenzano (PP) e Luiz de Oliveira Pedra (PDT) que conhecedores da legisla\u00e7\u00e3o (pelo menos tem os dois que conhecem) chegam a rir das abordagens feitas pelos outros vereadores, inclusive do presidente Bira Ritton (PP) que faz quest\u00e3o de afirmar que \u00e9 um seguidor fiel da lei. Ent\u00e3o t\u00e1 ent\u00e3o!<br \/>\nLamento profundamente que mais uma Legislatura se desenhe como antag\u00f4nica aos anseios populares e ao verdadeiro papel de legislador que cabem a estes representantes do povo. Eles s\u00e3o. N\u00e3o s\u00e3o?<br \/>\nAna L\u00facia<br \/>\nEditora do jornal BEIRA-RIO<br \/>\nanalucia@jornalbeirario.com.br<\/p>\n","protected":false},"excerpt":{"rendered":"<p>Vereadores de Resende (de Resende?) Os vereadores de Resende parecem morar no pa\u00eds de Alice, durante toda uma sess\u00e3o n\u00e3o fazem refer\u00eancia aos assuntos<\/p>\n","protected":false},"author":1,"featured_media":0,"comment_status":"open","ping_status":"open","sticky":false,"template":"","format":"standard","meta":{"pmpro_default_level":"","footnotes":""},"categories":[8],"tags":[155],"class_list":["post-7502","post","type-post","status-publish","format-standard","hentry","category-opiniao","tag-dehoraemhora","pmpro-has-access"],"yoast_head":"<!-- This site is optimized with the Yoast SEO plugin v27.4 - https:\/\/yoast.com\/product\/yoast-seo-wordpress\/ -->\n<title>QUEM PENSA? - JORNAL BEIRA RIO<\/title>\n<meta name=\"robots\" content=\"index, follow, max-snippet:-1, max-image-preview:large, max-video-preview:-1\" \/>\n<link rel=\"canonical\" href=\"https:\/\/jornalbeirario.com.br\/portal\/?p=7502\" \/>\n<meta property=\"og:locale\" content=\"pt_BR\" \/>\n<meta property=\"og:type\" content=\"article\" \/>\n<meta property=\"og:title\" content=\"QUEM PENSA? - JORNAL BEIRA RIO\" \/>\n<meta property=\"og:description\" content=\"Vereadores de Resende (de Resende?) Os vereadores de Resende parecem morar no pa\u00eds de Alice, durante toda uma sess\u00e3o n\u00e3o fazem refer\u00eancia aos assuntos\" \/>\n<meta property=\"og:url\" content=\"https:\/\/jornalbeirario.com.br\/portal\/?p=7502\" \/>\n<meta property=\"og:site_name\" content=\"JORNAL BEIRA RIO\" \/>\n<meta property=\"article:published_time\" content=\"2013-04-05T12:02:40+00:00\" \/>\n<meta name=\"author\" content=\"Jornal BEIRA-RIO\" \/>\n<meta name=\"twitter:card\" content=\"summary_large_image\" \/>\n<meta name=\"twitter:label1\" content=\"Escrito por\" \/>\n\t<meta name=\"twitter:data1\" content=\"Jornal BEIRA-RIO\" \/>\n\t<meta name=\"twitter:label2\" content=\"Est. tempo de leitura\" \/>\n\t<meta name=\"twitter:data2\" content=\"4 minutos\" \/>\n<script type=\"application\/ld+json\" class=\"yoast-schema-graph\">{\"@context\":\"https:\\\/\\\/schema.org\",\"@graph\":[{\"@type\":\"Article\",\"@id\":\"https:\\\/\\\/jornalbeirario.com.br\\\/portal\\\/?p=7502#article\",\"isPartOf\":{\"@id\":\"https:\\\/\\\/jornalbeirario.com.br\\\/portal\\\/?p=7502\"},\"author\":{\"name\":\"Jornal BEIRA-RIO\",\"@id\":\"https:\\\/\\\/jornalbeirario.com.br\\\/portal\\\/#\\\/schema\\\/person\\\/c6c423e4c2465d2a9233f6539173e7c1\"},\"headline\":\"QUEM PENSA?\",\"datePublished\":\"2013-04-05T12:02:40+00:00\",\"mainEntityOfPage\":{\"@id\":\"https:\\\/\\\/jornalbeirario.com.br\\\/portal\\\/?p=7502\"},\"wordCount\":896,\"commentCount\":0,\"publisher\":{\"@id\":\"https:\\\/\\\/jornalbeirario.com.br\\\/portal\\\/#organization\"},\"keywords\":[\"dehoraemhora\"],\"articleSection\":[\"Opini\u00e3o\"],\"inLanguage\":\"pt-BR\",\"potentialAction\":[{\"@type\":\"CommentAction\",\"name\":\"Comment\",\"target\":[\"https:\\\/\\\/jornalbeirario.com.br\\\/portal\\\/?p=7502#respond\"]}]},{\"@type\":\"WebPage\",\"@id\":\"https:\\\/\\\/jornalbeirario.com.br\\\/portal\\\/?p=7502\",\"url\":\"https:\\\/\\\/jornalbeirario.com.br\\\/portal\\\/?p=7502\",\"name\":\"QUEM PENSA? - JORNAL BEIRA RIO\",\"isPartOf\":{\"@id\":\"https:\\\/\\\/jornalbeirario.com.br\\\/portal\\\/#website\"},\"datePublished\":\"2013-04-05T12:02:40+00:00\",\"breadcrumb\":{\"@id\":\"https:\\\/\\\/jornalbeirario.com.br\\\/portal\\\/?p=7502#breadcrumb\"},\"inLanguage\":\"pt-BR\",\"potentialAction\":[{\"@type\":\"ReadAction\",\"target\":[\"https:\\\/\\\/jornalbeirario.com.br\\\/portal\\\/?p=7502\"]}]},{\"@type\":\"BreadcrumbList\",\"@id\":\"https:\\\/\\\/jornalbeirario.com.br\\\/portal\\\/?p=7502#breadcrumb\",\"itemListElement\":[{\"@type\":\"ListItem\",\"position\":1,\"name\":\"Home\",\"item\":\"https:\\\/\\\/jornalbeirario.com.br\\\/portal\"},{\"@type\":\"ListItem\",\"position\":2,\"name\":\"QUEM PENSA?\"}]},{\"@type\":\"WebSite\",\"@id\":\"https:\\\/\\\/jornalbeirario.com.br\\\/portal\\\/#website\",\"url\":\"https:\\\/\\\/jornalbeirario.com.br\\\/portal\\\/\",\"name\":\"JORNAL BEIRA RIO\",\"description\":\"\",\"publisher\":{\"@id\":\"https:\\\/\\\/jornalbeirario.com.br\\\/portal\\\/#organization\"},\"potentialAction\":[{\"@type\":\"SearchAction\",\"target\":{\"@type\":\"EntryPoint\",\"urlTemplate\":\"https:\\\/\\\/jornalbeirario.com.br\\\/portal\\\/?s={search_term_string}\"},\"query-input\":{\"@type\":\"PropertyValueSpecification\",\"valueRequired\":true,\"valueName\":\"search_term_string\"}}],\"inLanguage\":\"pt-BR\"},{\"@type\":\"Organization\",\"@id\":\"https:\\\/\\\/jornalbeirario.com.br\\\/portal\\\/#organization\",\"name\":\"JORNAL BEIRA RIO\",\"url\":\"https:\\\/\\\/jornalbeirario.com.br\\\/portal\\\/\",\"logo\":{\"@type\":\"ImageObject\",\"inLanguage\":\"pt-BR\",\"@id\":\"https:\\\/\\\/jornalbeirario.com.br\\\/portal\\\/#\\\/schema\\\/logo\\\/image\\\/\",\"url\":\"https:\\\/\\\/jornalbeirario.com.br\\\/portal\\\/wp-content\\\/uploads\\\/2017\\\/09\\\/BEIRA-RIO_logo600.png\",\"contentUrl\":\"https:\\\/\\\/jornalbeirario.com.br\\\/portal\\\/wp-content\\\/uploads\\\/2017\\\/09\\\/BEIRA-RIO_logo600.png\",\"width\":650,\"height\":108,\"caption\":\"JORNAL BEIRA RIO\"},\"image\":{\"@id\":\"https:\\\/\\\/jornalbeirario.com.br\\\/portal\\\/#\\\/schema\\\/logo\\\/image\\\/\"}},{\"@type\":\"Person\",\"@id\":\"https:\\\/\\\/jornalbeirario.com.br\\\/portal\\\/#\\\/schema\\\/person\\\/c6c423e4c2465d2a9233f6539173e7c1\",\"name\":\"Jornal BEIRA-RIO\",\"image\":{\"@type\":\"ImageObject\",\"inLanguage\":\"pt-BR\",\"@id\":\"https:\\\/\\\/jornalbeirario.com.br\\\/portal\\\/wp-content\\\/uploads\\\/2023\\\/10\\\/logojbr1.jpg\",\"url\":\"https:\\\/\\\/jornalbeirario.com.br\\\/portal\\\/wp-content\\\/uploads\\\/2023\\\/10\\\/logojbr1.jpg\",\"contentUrl\":\"https:\\\/\\\/jornalbeirario.com.br\\\/portal\\\/wp-content\\\/uploads\\\/2023\\\/10\\\/logojbr1.jpg\",\"caption\":\"Jornal BEIRA-RIO\"},\"url\":\"https:\\\/\\\/jornalbeirario.com.br\\\/portal\\\/?author=1\"}]}<\/script>\n<!-- \/ Yoast SEO plugin. -->","yoast_head_json":{"title":"QUEM PENSA? - JORNAL BEIRA RIO","robots":{"index":"index","follow":"follow","max-snippet":"max-snippet:-1","max-image-preview":"max-image-preview:large","max-video-preview":"max-video-preview:-1"},"canonical":"https:\/\/jornalbeirario.com.br\/portal\/?p=7502","og_locale":"pt_BR","og_type":"article","og_title":"QUEM PENSA? - JORNAL BEIRA RIO","og_description":"Vereadores de Resende (de Resende?) Os vereadores de Resende parecem morar no pa\u00eds de Alice, durante toda uma sess\u00e3o n\u00e3o fazem refer\u00eancia aos assuntos","og_url":"https:\/\/jornalbeirario.com.br\/portal\/?p=7502","og_site_name":"JORNAL BEIRA RIO","article_published_time":"2013-04-05T12:02:40+00:00","author":"Jornal BEIRA-RIO","twitter_card":"summary_large_image","twitter_misc":{"Escrito por":"Jornal BEIRA-RIO","Est. tempo de leitura":"4 minutos"},"schema":{"@context":"https:\/\/schema.org","@graph":[{"@type":"Article","@id":"https:\/\/jornalbeirario.com.br\/portal\/?p=7502#article","isPartOf":{"@id":"https:\/\/jornalbeirario.com.br\/portal\/?p=7502"},"author":{"name":"Jornal BEIRA-RIO","@id":"https:\/\/jornalbeirario.com.br\/portal\/#\/schema\/person\/c6c423e4c2465d2a9233f6539173e7c1"},"headline":"QUEM PENSA?","datePublished":"2013-04-05T12:02:40+00:00","mainEntityOfPage":{"@id":"https:\/\/jornalbeirario.com.br\/portal\/?p=7502"},"wordCount":896,"commentCount":0,"publisher":{"@id":"https:\/\/jornalbeirario.com.br\/portal\/#organization"},"keywords":["dehoraemhora"],"articleSection":["Opini\u00e3o"],"inLanguage":"pt-BR","potentialAction":[{"@type":"CommentAction","name":"Comment","target":["https:\/\/jornalbeirario.com.br\/portal\/?p=7502#respond"]}]},{"@type":"WebPage","@id":"https:\/\/jornalbeirario.com.br\/portal\/?p=7502","url":"https:\/\/jornalbeirario.com.br\/portal\/?p=7502","name":"QUEM PENSA? - JORNAL BEIRA RIO","isPartOf":{"@id":"https:\/\/jornalbeirario.com.br\/portal\/#website"},"datePublished":"2013-04-05T12:02:40+00:00","breadcrumb":{"@id":"https:\/\/jornalbeirario.com.br\/portal\/?p=7502#breadcrumb"},"inLanguage":"pt-BR","potentialAction":[{"@type":"ReadAction","target":["https:\/\/jornalbeirario.com.br\/portal\/?p=7502"]}]},{"@type":"BreadcrumbList","@id":"https:\/\/jornalbeirario.com.br\/portal\/?p=7502#breadcrumb","itemListElement":[{"@type":"ListItem","position":1,"name":"Home","item":"https:\/\/jornalbeirario.com.br\/portal"},{"@type":"ListItem","position":2,"name":"QUEM PENSA?"}]},{"@type":"WebSite","@id":"https:\/\/jornalbeirario.com.br\/portal\/#website","url":"https:\/\/jornalbeirario.com.br\/portal\/","name":"JORNAL BEIRA RIO","description":"","publisher":{"@id":"https:\/\/jornalbeirario.com.br\/portal\/#organization"},"potentialAction":[{"@type":"SearchAction","target":{"@type":"EntryPoint","urlTemplate":"https:\/\/jornalbeirario.com.br\/portal\/?s={search_term_string}"},"query-input":{"@type":"PropertyValueSpecification","valueRequired":true,"valueName":"search_term_string"}}],"inLanguage":"pt-BR"},{"@type":"Organization","@id":"https:\/\/jornalbeirario.com.br\/portal\/#organization","name":"JORNAL BEIRA RIO","url":"https:\/\/jornalbeirario.com.br\/portal\/","logo":{"@type":"ImageObject","inLanguage":"pt-BR","@id":"https:\/\/jornalbeirario.com.br\/portal\/#\/schema\/logo\/image\/","url":"https:\/\/jornalbeirario.com.br\/portal\/wp-content\/uploads\/2017\/09\/BEIRA-RIO_logo600.png","contentUrl":"https:\/\/jornalbeirario.com.br\/portal\/wp-content\/uploads\/2017\/09\/BEIRA-RIO_logo600.png","width":650,"height":108,"caption":"JORNAL BEIRA RIO"},"image":{"@id":"https:\/\/jornalbeirario.com.br\/portal\/#\/schema\/logo\/image\/"}},{"@type":"Person","@id":"https:\/\/jornalbeirario.com.br\/portal\/#\/schema\/person\/c6c423e4c2465d2a9233f6539173e7c1","name":"Jornal BEIRA-RIO","image":{"@type":"ImageObject","inLanguage":"pt-BR","@id":"https:\/\/jornalbeirario.com.br\/portal\/wp-content\/uploads\/2023\/10\/logojbr1.jpg","url":"https:\/\/jornalbeirario.com.br\/portal\/wp-content\/uploads\/2023\/10\/logojbr1.jpg","contentUrl":"https:\/\/jornalbeirario.com.br\/portal\/wp-content\/uploads\/2023\/10\/logojbr1.jpg","caption":"Jornal BEIRA-RIO"},"url":"https:\/\/jornalbeirario.com.br\/portal\/?author=1"}]}},"_links":{"self":[{"href":"https:\/\/jornalbeirario.com.br\/portal\/index.php?rest_route=\/wp\/v2\/posts\/7502","targetHints":{"allow":["GET"]}}],"collection":[{"href":"https:\/\/jornalbeirario.com.br\/portal\/index.php?rest_route=\/wp\/v2\/posts"}],"about":[{"href":"https:\/\/jornalbeirario.com.br\/portal\/index.php?rest_route=\/wp\/v2\/types\/post"}],"author":[{"embeddable":true,"href":"https:\/\/jornalbeirario.com.br\/portal\/index.php?rest_route=\/wp\/v2\/users\/1"}],"replies":[{"embeddable":true,"href":"https:\/\/jornalbeirario.com.br\/portal\/index.php?rest_route=%2Fwp%2Fv2%2Fcomments&post=7502"}],"version-history":[{"count":1,"href":"https:\/\/jornalbeirario.com.br\/portal\/index.php?rest_route=\/wp\/v2\/posts\/7502\/revisions"}],"predecessor-version":[{"id":7503,"href":"https:\/\/jornalbeirario.com.br\/portal\/index.php?rest_route=\/wp\/v2\/posts\/7502\/revisions\/7503"}],"wp:attachment":[{"href":"https:\/\/jornalbeirario.com.br\/portal\/index.php?rest_route=%2Fwp%2Fv2%2Fmedia&parent=7502"}],"wp:term":[{"taxonomy":"category","embeddable":true,"href":"https:\/\/jornalbeirario.com.br\/portal\/index.php?rest_route=%2Fwp%2Fv2%2Fcategories&post=7502"},{"taxonomy":"post_tag","embeddable":true,"href":"https:\/\/jornalbeirario.com.br\/portal\/index.php?rest_route=%2Fwp%2Fv2%2Ftags&post=7502"}],"curies":[{"name":"wp","href":"https:\/\/api.w.org\/{rel}","templated":true}]}}