
{"id":74835,"date":"2021-04-21T16:32:44","date_gmt":"2021-04-21T19:32:44","guid":{"rendered":"http:\/\/jornalbeirario.com.br\/portal\/?p=74835"},"modified":"2021-04-21T16:32:44","modified_gmt":"2021-04-21T19:32:44","slug":"sao-miguel-pagamentos-atrasados-e-queda-de-braco-com-o-governo-municipal","status":"publish","type":"post","link":"https:\/\/jornalbeirario.com.br\/portal\/?p=74835","title":{"rendered":"S\u00e3o Miguel: pagamentos atrasados e queda de bra\u00e7o com o governo municipal"},"content":{"rendered":"<p style=\"text-align: justify;\"><a href=\"https:\/\/jornalbeirario.com.br\/portal\/wp-content\/uploads\/2021\/04\/onibussmiguel2.jpg\"><img loading=\"lazy\" decoding=\"async\" class=\"alignright size-medium wp-image-74844\" src=\"https:\/\/jornalbeirario.com.br\/portal\/wp-content\/uploads\/2021\/04\/onibussmiguel2-300x225.jpg\" alt=\"\" width=\"300\" height=\"225\" srcset=\"https:\/\/jornalbeirario.com.br\/portal\/wp-content\/uploads\/2021\/04\/onibussmiguel2-300x225.jpg 300w, https:\/\/jornalbeirario.com.br\/portal\/wp-content\/uploads\/2021\/04\/onibussmiguel2.jpg 640w\" sizes=\"auto, (max-width: 300px) 100vw, 300px\" \/><\/a>Os funcion\u00e1rios da empresa de \u00f4nibus S\u00e3o Miguel, concession\u00e1ria de transporte p\u00fablico de Resende, come\u00e7aram a receber na manh\u00e3 desta quarta-feira, dia 21, o pagamento dos vales alimenta\u00e7\u00e3o que estavam atrasados, na sede da empresa, e retornaram \u00e0s atividades ap\u00f3s paralisa\u00e7\u00e3o realizada durante a tarde desta ter\u00e7a-feira, dia 20.<\/p>\n<p style=\"text-align: justify;\">O pagamento do benef\u00edcio acontece um dia ap\u00f3s o epis\u00f3dio envolvendo a iniciativa de alguns motoristas da concession\u00e1ria de paralisar as atividades em protesto ao atraso de sal\u00e1rios e outros benef\u00edcios. A iniciativa provocou a demiss\u00e3o por justa causa de um dos funcion\u00e1rios, tamb\u00e9m na ter\u00e7a-feira. O procedimento adotado pela empresa gerou revolta nas redes sociais, tanto dos familiares quanto de outros usu\u00e1rios.<\/p>\n<p style=\"text-align: justify;\">&#8211; Gente, estou indignada&#8230; Meu pai h\u00e1 anos trabalha na S\u00e3o Miguel, quem o conhece sabe&#8230; A dedica\u00e7\u00e3o, o compromisso que sempre teve!! E agora levar justa causa por uma paralisa\u00e7\u00e3o feita pra reivindicar os direitos? O povo trabalhando sem receber e ainda ser mandado embora por justa causa? Essa S\u00e3o Miguel est\u00e1 de sacanagem n\u00e3o \u00e9 poss\u00edvel! &#8211; desabafou uma familiar do funcion\u00e1rio, em um grupo.<\/p>\n<p style=\"text-align: justify;\">Um morador tamb\u00e9m mostrou sua indigna\u00e7\u00e3o contra a empresa. &#8220;Uma vergonha uma empresa desta sem credibilidade no mercado, teve \u00f4nibus apreendido pela justi\u00e7a, n\u00e3o pagar funcion\u00e1ria em suas filiais, e ainda amea\u00e7ar a justa causa, em um pai de fam\u00edlia, sendo que o contrato j\u00e1 foi encerrado, j\u00e1 era pra ir embora e ainda insiste de rodar em Resende. (&#8230;) Cad\u00ea o poder judici\u00e1rio desta comarca com Minist\u00e9rio P\u00fablico que n\u00e3o faz jus, a esse ato? Ser\u00e1 que o gerente que ganha a\u00ed 10 mil por m\u00eas vai ter seu sal\u00e1rio atrasado? Acha que ele ficar\u00e1 preocupado se atrasar seu pagamento?&#8221;, citou em sua postagem.<\/p>\n<p style=\"text-align: justify;\">O comunicado da empresa assinala que o funcion\u00e1rio teve o contrato de trabalho rescindido ao &#8220;incitar, convocar e participar de paralisa\u00e7\u00e3o ilegal do transporte coletivo de Resende, n\u00e3o orquestrada pelo sindicato da categoria, mesmo diante da terr\u00edvel situa\u00e7\u00e3o vivenciada pela epidemia do Covid-19&#8221;.<\/p>\n<p style=\"text-align: justify;\">A demiss\u00e3o exp\u00f5e os problemas que a S\u00e3o Miguel v\u00eam enfrentando h\u00e1 algum tempo no munic\u00edpio. Deixar de pagar os sal\u00e1rios e outros benef\u00edcios aos funcion\u00e1rios tem virado rotina para a empresa. O gerente alega que a concession\u00e1ria &#8211; assim como outras que prestam o mesmo tipo de servi\u00e7o em todo o pa\u00eds &#8211; vem sofrendo os efeitos da pandemia.<\/p>\n<p style=\"text-align: justify;\">\u2014 Estamos sofrendo com a queda das receitas e o aumento dos combust\u00edveis, sendo que a empresa est\u00e1 com grandes dificuldades para cumprir com suas obriga\u00e7\u00f5es. Tanto que o problema agora foi pagar o vale alimenta\u00e7\u00e3o, que estava programado para hoje (ter\u00e7a-feira, dia 20) e n\u00e3o conseguimos fazer no prazo &#8211; disse o gerente da concession\u00e1ria, Rodrigo Camargos.<\/p>\n<p style=\"text-align: justify;\">A manifesta\u00e7\u00e3o dos motoristas na ter\u00e7a pegou tanto o gerente quanto o diretor social da subsede de Resende do Sindicato dos Trabalhadores em Transportes Rodovi\u00e1rios de Barra Mansa, Laurimiro Cordeiro de Souza, o Mineiro. Segundo o representante sindical, a iniciativa de paralisar as atividades causou estranheza tamb\u00e9m no sindicato. Ele relembrou que no come\u00e7o do m\u00eas, motoristas, cobradores e outros trabalhadores da S\u00e3o Miguel amea\u00e7aram parar de trabalhar devido ao n\u00e3o pagamento de todo o sal\u00e1rio no \u00faltimo dia 6.<\/p>\n<p style=\"text-align: justify;\">&#8211; Fui atr\u00e1s do Rodrigo, que nos informou que teria havido um problema para efetivar o pagamento dos 40% restantes da remunera\u00e7\u00e3o, mas que isso seria resolvido na segunda-feira seguinte (dia 12), depois disso nenhum funcion\u00e1rio denunciou problemas no pagamento, geralmente eles nos comunicam quanto tem alguma coisa errada. E agora n\u00e3o fiquei sabendo de nada &#8211; disse Mineiro.<\/p>\n<p style=\"text-align: justify;\">A tentativa de promover uma paralisa\u00e7\u00e3o das atividades em Resende mostra que os funcion\u00e1rios, por mais que tenham um sindicato que as representa nas conven\u00e7\u00f5es coletivas, v\u00eam sofrendo cada vez mais com a piora significativa da situa\u00e7\u00e3o que passa a concession\u00e1ria, que coincide tamb\u00e9m com uma queda de bra\u00e7o entre a S\u00e3o Miguel e o atual governo municipal.<\/p>\n<p style=\"text-align: justify;\">Tudo come\u00e7ou no in\u00edcio do ano de 2017, quando come\u00e7ou a vigorar o decreto do prefeito anterior, Jos\u00e9 Rechuan J\u00fanior, que aumentou a tarifa do transporte p\u00fablico de R$ 3,40 para R$ 3,80. No entanto, no m\u00eas de novembro daquele ano, logo ap\u00f3s a aprova\u00e7\u00e3o do aumento pelo Conselho Municipal de Tr\u00e2nsito (Comutran), o atual prefeito <a href=\"https:\/\/jornalbeirario.com.br\/portal\/?p=46558\">Diogo Balieiro havia afirmado na ocasi\u00e3o &#8220;que tomaria todas as provid\u00eancias para revogar o que considerou &#8216;absurdo&#8217;\u201d<\/a> e revogar o aumento da tarifa (). A S\u00e3o Miguel recorreu e entrou na justi\u00e7a contra a recusa do prefeito e acabou levando a melhor. O decreto de Balieiro contra o reajuste da tarifa teve vida curta porque n\u00e3o revogou a medida aprovada por Jos\u00e9 Rechuan.<\/p>\n<p style=\"text-align: justify;\">O governo do prefeito chegou a anunciar que agiria com maior rigor na fiscaliza\u00e7\u00e3o dos servi\u00e7os da concession\u00e1ria <a href=\"https:\/\/jornalbeirario.com.br\/portal\/?p=50096\">com a cria\u00e7\u00e3o de um decreto de forma equivocada<\/a>, mas o trabalho e a presta\u00e7\u00e3o de servi\u00e7o da S\u00e3o Miguel seguem sendo criticados. Entre os anos de 2017 e 2018, quando a C\u00e2mara promoveu algumas audi\u00eancias p\u00fablicas (em <a href=\"https:\/\/jornalbeirario.com.br\/portal\/?p=49680\">maio<\/a> e <a href=\"https:\/\/jornalbeirario.com.br\/portal\/?p=62388\">dezembro<\/a> de 2017), o prefeito deixou de comparecer a todas elas, mesmo quando a prefeitura decidiu por fazer outra audi\u00eancia, em <a href=\"https:\/\/jornalbeirario.com.br\/portal\/?p=67381\">fevereiro do ano passado<\/a>.<\/p>\n<p style=\"text-align: justify;\">Em todos esses encontros, a popula\u00e7\u00e3o mostrou a insatisfa\u00e7\u00e3o com o valor da passagem e a qualidade da empresa. Com a pandemia do coronav\u00edrus, j\u00e1 com o documento sobre o processo licitat\u00f3rio de escolha da nova concess\u00e3o, a Prefeitura de Resende <a href=\"https:\/\/jornalbeirario.com.br\/portal\/?p=68962\">marcou o evento para julho<\/a>, o Tribunal de Contas do Estado (TCE-RJ) suspendeu o processo, baseado em uma representa\u00e7\u00e3o da S\u00e3o Miguel, por \u201csupostas irregularidades cometidas pelo Poder Executivo no edital de concorr\u00eancia p\u00fablica\u201d.<\/p>\n<p style=\"text-align: justify;\">No mesmo m\u00eas, a\u00a0decis\u00e3o\u00a0<a href=\"https:\/\/jornalbeirario.com.br\/portal\/wp-content\/uploads\/2020\/09\/Transporte_Resende.pdf\">foi anulada pelo Minist\u00e9rio P\u00fablico do Rio de Janeiro (MPRJ)<\/a>. Segundo informa\u00e7\u00f5es da imprensa regional, o \u00f3rg\u00e3o foi contr\u00e1rio ao voto do tribunal e apontou que o edital lan\u00e7ado pela prefeitura \u201catendeu todos os requisitos legais e dever\u00e1 ter andamento normal de agora em diante\u201d. Em setembro o Minist\u00e9rio P\u00fablico <a href=\"https:\/\/jornalbeirario.com.br\/portal\/?p=71689\">deu parecer contr\u00e1rio a empresa<\/a>, que queria a\u00a0suspens\u00e3o da concorr\u00eancia p\u00fablica para a escolha da concession\u00e1ria que prestar\u00e1 o servi\u00e7o para Resende nos pr\u00f3ximos 20 anos.<\/p>\n<p style=\"text-align: justify;\">At\u00e9 o momento n\u00e3o h\u00e1 previs\u00e3o de quando o processo licitat\u00f3rio acontecer\u00e1, e a S\u00e3o Miguel segue prestando o servi\u00e7o em Resende.<\/p>\n","protected":false},"excerpt":{"rendered":"<p>Os funcion\u00e1rios da empresa de \u00f4nibus S\u00e3o Miguel, concession\u00e1ria de transporte p\u00fablico de Resende, come\u00e7aram a receber na manh\u00e3 desta quarta-feira, dia 21, o<\/p>\n","protected":false},"author":1,"featured_media":74843,"comment_status":"open","ping_status":"open","sticky":false,"template":"","format":"standard","meta":{"pmpro_default_level":"","footnotes":""},"categories":[1,227,157],"tags":[],"class_list":["post-74835","post","type-post","status-publish","format-standard","has-post-thumbnail","hentry","category-cidade","category-manchete","category-transporte","pmpro-has-access"],"yoast_head":"<!-- This site is optimized with the Yoast SEO plugin v27.4 - https:\/\/yoast.com\/product\/yoast-seo-wordpress\/ -->\n<title>S\u00e3o Miguel: pagamentos atrasados e queda de bra\u00e7o com o governo municipal - JORNAL BEIRA RIO<\/title>\n<meta name=\"robots\" content=\"index, follow, max-snippet:-1, max-image-preview:large, max-video-preview:-1\" \/>\n<link rel=\"canonical\" href=\"https:\/\/jornalbeirario.com.br\/portal\/?p=74835\" \/>\n<meta property=\"og:locale\" content=\"pt_BR\" \/>\n<meta property=\"og:type\" content=\"article\" \/>\n<meta property=\"og:title\" content=\"S\u00e3o Miguel: pagamentos atrasados e queda de bra\u00e7o com o governo municipal - JORNAL BEIRA RIO\" \/>\n<meta property=\"og:description\" content=\"Os funcion\u00e1rios da empresa de \u00f4nibus S\u00e3o Miguel, concession\u00e1ria de transporte p\u00fablico de Resende, come\u00e7aram a receber na manh\u00e3 desta quarta-feira, dia 21, o\" \/>\n<meta property=\"og:url\" content=\"https:\/\/jornalbeirario.com.br\/portal\/?p=74835\" \/>\n<meta property=\"og:site_name\" content=\"JORNAL BEIRA RIO\" \/>\n<meta property=\"article:published_time\" content=\"2021-04-21T19:32:44+00:00\" \/>\n<meta property=\"og:image\" content=\"https:\/\/jornalbeirario.com.br\/portal\/wp-content\/uploads\/2021\/04\/onibussmiguel1.jpg\" \/>\n\t<meta property=\"og:image:width\" content=\"1100\" \/>\n\t<meta property=\"og:image:height\" content=\"470\" \/>\n\t<meta property=\"og:image:type\" content=\"image\/jpeg\" \/>\n<meta name=\"author\" content=\"Jornal BEIRA-RIO\" \/>\n<meta name=\"twitter:card\" content=\"summary_large_image\" \/>\n<meta name=\"twitter:label1\" content=\"Escrito por\" \/>\n\t<meta name=\"twitter:data1\" content=\"Jornal BEIRA-RIO\" \/>\n\t<meta name=\"twitter:label2\" content=\"Est. tempo de leitura\" \/>\n\t<meta name=\"twitter:data2\" content=\"6 minutos\" \/>\n<script type=\"application\/ld+json\" class=\"yoast-schema-graph\">{\"@context\":\"https:\\\/\\\/schema.org\",\"@graph\":[{\"@type\":\"Article\",\"@id\":\"https:\\\/\\\/jornalbeirario.com.br\\\/portal\\\/?p=74835#article\",\"isPartOf\":{\"@id\":\"https:\\\/\\\/jornalbeirario.com.br\\\/portal\\\/?p=74835\"},\"author\":{\"name\":\"Jornal BEIRA-RIO\",\"@id\":\"https:\\\/\\\/jornalbeirario.com.br\\\/portal\\\/#\\\/schema\\\/person\\\/c6c423e4c2465d2a9233f6539173e7c1\"},\"headline\":\"S\u00e3o Miguel: pagamentos atrasados e queda de bra\u00e7o com o governo municipal\",\"datePublished\":\"2021-04-21T19:32:44+00:00\",\"mainEntityOfPage\":{\"@id\":\"https:\\\/\\\/jornalbeirario.com.br\\\/portal\\\/?p=74835\"},\"wordCount\":1160,\"commentCount\":0,\"publisher\":{\"@id\":\"https:\\\/\\\/jornalbeirario.com.br\\\/portal\\\/#organization\"},\"image\":{\"@id\":\"https:\\\/\\\/jornalbeirario.com.br\\\/portal\\\/?p=74835#primaryimage\"},\"thumbnailUrl\":\"https:\\\/\\\/jornalbeirario.com.br\\\/portal\\\/wp-content\\\/uploads\\\/2021\\\/04\\\/onibussmiguel1.jpg\",\"articleSection\":[\"Cidade\",\"Manchete\",\"Transporte\"],\"inLanguage\":\"pt-BR\",\"potentialAction\":[{\"@type\":\"CommentAction\",\"name\":\"Comment\",\"target\":[\"https:\\\/\\\/jornalbeirario.com.br\\\/portal\\\/?p=74835#respond\"]}]},{\"@type\":\"WebPage\",\"@id\":\"https:\\\/\\\/jornalbeirario.com.br\\\/portal\\\/?p=74835\",\"url\":\"https:\\\/\\\/jornalbeirario.com.br\\\/portal\\\/?p=74835\",\"name\":\"S\u00e3o Miguel: pagamentos atrasados e queda de bra\u00e7o com o governo municipal - JORNAL BEIRA RIO\",\"isPartOf\":{\"@id\":\"https:\\\/\\\/jornalbeirario.com.br\\\/portal\\\/#website\"},\"primaryImageOfPage\":{\"@id\":\"https:\\\/\\\/jornalbeirario.com.br\\\/portal\\\/?p=74835#primaryimage\"},\"image\":{\"@id\":\"https:\\\/\\\/jornalbeirario.com.br\\\/portal\\\/?p=74835#primaryimage\"},\"thumbnailUrl\":\"https:\\\/\\\/jornalbeirario.com.br\\\/portal\\\/wp-content\\\/uploads\\\/2021\\\/04\\\/onibussmiguel1.jpg\",\"datePublished\":\"2021-04-21T19:32:44+00:00\",\"breadcrumb\":{\"@id\":\"https:\\\/\\\/jornalbeirario.com.br\\\/portal\\\/?p=74835#breadcrumb\"},\"inLanguage\":\"pt-BR\",\"potentialAction\":[{\"@type\":\"ReadAction\",\"target\":[\"https:\\\/\\\/jornalbeirario.com.br\\\/portal\\\/?p=74835\"]}]},{\"@type\":\"ImageObject\",\"inLanguage\":\"pt-BR\",\"@id\":\"https:\\\/\\\/jornalbeirario.com.br\\\/portal\\\/?p=74835#primaryimage\",\"url\":\"https:\\\/\\\/jornalbeirario.com.br\\\/portal\\\/wp-content\\\/uploads\\\/2021\\\/04\\\/onibussmiguel1.jpg\",\"contentUrl\":\"https:\\\/\\\/jornalbeirario.com.br\\\/portal\\\/wp-content\\\/uploads\\\/2021\\\/04\\\/onibussmiguel1.jpg\",\"width\":1100,\"height\":470},{\"@type\":\"BreadcrumbList\",\"@id\":\"https:\\\/\\\/jornalbeirario.com.br\\\/portal\\\/?p=74835#breadcrumb\",\"itemListElement\":[{\"@type\":\"ListItem\",\"position\":1,\"name\":\"Home\",\"item\":\"https:\\\/\\\/jornalbeirario.com.br\\\/portal\"},{\"@type\":\"ListItem\",\"position\":2,\"name\":\"S\u00e3o Miguel: pagamentos atrasados e queda de bra\u00e7o com o governo municipal\"}]},{\"@type\":\"WebSite\",\"@id\":\"https:\\\/\\\/jornalbeirario.com.br\\\/portal\\\/#website\",\"url\":\"https:\\\/\\\/jornalbeirario.com.br\\\/portal\\\/\",\"name\":\"JORNAL BEIRA RIO\",\"description\":\"\",\"publisher\":{\"@id\":\"https:\\\/\\\/jornalbeirario.com.br\\\/portal\\\/#organization\"},\"potentialAction\":[{\"@type\":\"SearchAction\",\"target\":{\"@type\":\"EntryPoint\",\"urlTemplate\":\"https:\\\/\\\/jornalbeirario.com.br\\\/portal\\\/?s={search_term_string}\"},\"query-input\":{\"@type\":\"PropertyValueSpecification\",\"valueRequired\":true,\"valueName\":\"search_term_string\"}}],\"inLanguage\":\"pt-BR\"},{\"@type\":\"Organization\",\"@id\":\"https:\\\/\\\/jornalbeirario.com.br\\\/portal\\\/#organization\",\"name\":\"JORNAL BEIRA RIO\",\"url\":\"https:\\\/\\\/jornalbeirario.com.br\\\/portal\\\/\",\"logo\":{\"@type\":\"ImageObject\",\"inLanguage\":\"pt-BR\",\"@id\":\"https:\\\/\\\/jornalbeirario.com.br\\\/portal\\\/#\\\/schema\\\/logo\\\/image\\\/\",\"url\":\"https:\\\/\\\/jornalbeirario.com.br\\\/portal\\\/wp-content\\\/uploads\\\/2017\\\/09\\\/BEIRA-RIO_logo600.png\",\"contentUrl\":\"https:\\\/\\\/jornalbeirario.com.br\\\/portal\\\/wp-content\\\/uploads\\\/2017\\\/09\\\/BEIRA-RIO_logo600.png\",\"width\":650,\"height\":108,\"caption\":\"JORNAL BEIRA RIO\"},\"image\":{\"@id\":\"https:\\\/\\\/jornalbeirario.com.br\\\/portal\\\/#\\\/schema\\\/logo\\\/image\\\/\"}},{\"@type\":\"Person\",\"@id\":\"https:\\\/\\\/jornalbeirario.com.br\\\/portal\\\/#\\\/schema\\\/person\\\/c6c423e4c2465d2a9233f6539173e7c1\",\"name\":\"Jornal BEIRA-RIO\",\"image\":{\"@type\":\"ImageObject\",\"inLanguage\":\"pt-BR\",\"@id\":\"https:\\\/\\\/jornalbeirario.com.br\\\/portal\\\/wp-content\\\/uploads\\\/2023\\\/10\\\/logojbr1.jpg\",\"url\":\"https:\\\/\\\/jornalbeirario.com.br\\\/portal\\\/wp-content\\\/uploads\\\/2023\\\/10\\\/logojbr1.jpg\",\"contentUrl\":\"https:\\\/\\\/jornalbeirario.com.br\\\/portal\\\/wp-content\\\/uploads\\\/2023\\\/10\\\/logojbr1.jpg\",\"caption\":\"Jornal BEIRA-RIO\"},\"url\":\"https:\\\/\\\/jornalbeirario.com.br\\\/portal\\\/?author=1\"}]}<\/script>\n<!-- \/ Yoast SEO plugin. -->","yoast_head_json":{"title":"S\u00e3o Miguel: pagamentos atrasados e queda de bra\u00e7o com o governo municipal - JORNAL BEIRA RIO","robots":{"index":"index","follow":"follow","max-snippet":"max-snippet:-1","max-image-preview":"max-image-preview:large","max-video-preview":"max-video-preview:-1"},"canonical":"https:\/\/jornalbeirario.com.br\/portal\/?p=74835","og_locale":"pt_BR","og_type":"article","og_title":"S\u00e3o Miguel: pagamentos atrasados e queda de bra\u00e7o com o governo municipal - JORNAL BEIRA RIO","og_description":"Os funcion\u00e1rios da empresa de \u00f4nibus S\u00e3o Miguel, concession\u00e1ria de transporte p\u00fablico de Resende, come\u00e7aram a receber na manh\u00e3 desta quarta-feira, dia 21, o","og_url":"https:\/\/jornalbeirario.com.br\/portal\/?p=74835","og_site_name":"JORNAL BEIRA RIO","article_published_time":"2021-04-21T19:32:44+00:00","og_image":[{"width":1100,"height":470,"url":"https:\/\/jornalbeirario.com.br\/portal\/wp-content\/uploads\/2021\/04\/onibussmiguel1.jpg","type":"image\/jpeg"}],"author":"Jornal BEIRA-RIO","twitter_card":"summary_large_image","twitter_misc":{"Escrito por":"Jornal BEIRA-RIO","Est. tempo de leitura":"6 minutos"},"schema":{"@context":"https:\/\/schema.org","@graph":[{"@type":"Article","@id":"https:\/\/jornalbeirario.com.br\/portal\/?p=74835#article","isPartOf":{"@id":"https:\/\/jornalbeirario.com.br\/portal\/?p=74835"},"author":{"name":"Jornal BEIRA-RIO","@id":"https:\/\/jornalbeirario.com.br\/portal\/#\/schema\/person\/c6c423e4c2465d2a9233f6539173e7c1"},"headline":"S\u00e3o Miguel: pagamentos atrasados e queda de bra\u00e7o com o governo municipal","datePublished":"2021-04-21T19:32:44+00:00","mainEntityOfPage":{"@id":"https:\/\/jornalbeirario.com.br\/portal\/?p=74835"},"wordCount":1160,"commentCount":0,"publisher":{"@id":"https:\/\/jornalbeirario.com.br\/portal\/#organization"},"image":{"@id":"https:\/\/jornalbeirario.com.br\/portal\/?p=74835#primaryimage"},"thumbnailUrl":"https:\/\/jornalbeirario.com.br\/portal\/wp-content\/uploads\/2021\/04\/onibussmiguel1.jpg","articleSection":["Cidade","Manchete","Transporte"],"inLanguage":"pt-BR","potentialAction":[{"@type":"CommentAction","name":"Comment","target":["https:\/\/jornalbeirario.com.br\/portal\/?p=74835#respond"]}]},{"@type":"WebPage","@id":"https:\/\/jornalbeirario.com.br\/portal\/?p=74835","url":"https:\/\/jornalbeirario.com.br\/portal\/?p=74835","name":"S\u00e3o Miguel: pagamentos atrasados e queda de bra\u00e7o com o governo municipal - JORNAL BEIRA RIO","isPartOf":{"@id":"https:\/\/jornalbeirario.com.br\/portal\/#website"},"primaryImageOfPage":{"@id":"https:\/\/jornalbeirario.com.br\/portal\/?p=74835#primaryimage"},"image":{"@id":"https:\/\/jornalbeirario.com.br\/portal\/?p=74835#primaryimage"},"thumbnailUrl":"https:\/\/jornalbeirario.com.br\/portal\/wp-content\/uploads\/2021\/04\/onibussmiguel1.jpg","datePublished":"2021-04-21T19:32:44+00:00","breadcrumb":{"@id":"https:\/\/jornalbeirario.com.br\/portal\/?p=74835#breadcrumb"},"inLanguage":"pt-BR","potentialAction":[{"@type":"ReadAction","target":["https:\/\/jornalbeirario.com.br\/portal\/?p=74835"]}]},{"@type":"ImageObject","inLanguage":"pt-BR","@id":"https:\/\/jornalbeirario.com.br\/portal\/?p=74835#primaryimage","url":"https:\/\/jornalbeirario.com.br\/portal\/wp-content\/uploads\/2021\/04\/onibussmiguel1.jpg","contentUrl":"https:\/\/jornalbeirario.com.br\/portal\/wp-content\/uploads\/2021\/04\/onibussmiguel1.jpg","width":1100,"height":470},{"@type":"BreadcrumbList","@id":"https:\/\/jornalbeirario.com.br\/portal\/?p=74835#breadcrumb","itemListElement":[{"@type":"ListItem","position":1,"name":"Home","item":"https:\/\/jornalbeirario.com.br\/portal"},{"@type":"ListItem","position":2,"name":"S\u00e3o Miguel: pagamentos atrasados e queda de bra\u00e7o com o governo municipal"}]},{"@type":"WebSite","@id":"https:\/\/jornalbeirario.com.br\/portal\/#website","url":"https:\/\/jornalbeirario.com.br\/portal\/","name":"JORNAL BEIRA RIO","description":"","publisher":{"@id":"https:\/\/jornalbeirario.com.br\/portal\/#organization"},"potentialAction":[{"@type":"SearchAction","target":{"@type":"EntryPoint","urlTemplate":"https:\/\/jornalbeirario.com.br\/portal\/?s={search_term_string}"},"query-input":{"@type":"PropertyValueSpecification","valueRequired":true,"valueName":"search_term_string"}}],"inLanguage":"pt-BR"},{"@type":"Organization","@id":"https:\/\/jornalbeirario.com.br\/portal\/#organization","name":"JORNAL BEIRA RIO","url":"https:\/\/jornalbeirario.com.br\/portal\/","logo":{"@type":"ImageObject","inLanguage":"pt-BR","@id":"https:\/\/jornalbeirario.com.br\/portal\/#\/schema\/logo\/image\/","url":"https:\/\/jornalbeirario.com.br\/portal\/wp-content\/uploads\/2017\/09\/BEIRA-RIO_logo600.png","contentUrl":"https:\/\/jornalbeirario.com.br\/portal\/wp-content\/uploads\/2017\/09\/BEIRA-RIO_logo600.png","width":650,"height":108,"caption":"JORNAL BEIRA RIO"},"image":{"@id":"https:\/\/jornalbeirario.com.br\/portal\/#\/schema\/logo\/image\/"}},{"@type":"Person","@id":"https:\/\/jornalbeirario.com.br\/portal\/#\/schema\/person\/c6c423e4c2465d2a9233f6539173e7c1","name":"Jornal BEIRA-RIO","image":{"@type":"ImageObject","inLanguage":"pt-BR","@id":"https:\/\/jornalbeirario.com.br\/portal\/wp-content\/uploads\/2023\/10\/logojbr1.jpg","url":"https:\/\/jornalbeirario.com.br\/portal\/wp-content\/uploads\/2023\/10\/logojbr1.jpg","contentUrl":"https:\/\/jornalbeirario.com.br\/portal\/wp-content\/uploads\/2023\/10\/logojbr1.jpg","caption":"Jornal BEIRA-RIO"},"url":"https:\/\/jornalbeirario.com.br\/portal\/?author=1"}]}},"_links":{"self":[{"href":"https:\/\/jornalbeirario.com.br\/portal\/index.php?rest_route=\/wp\/v2\/posts\/74835","targetHints":{"allow":["GET"]}}],"collection":[{"href":"https:\/\/jornalbeirario.com.br\/portal\/index.php?rest_route=\/wp\/v2\/posts"}],"about":[{"href":"https:\/\/jornalbeirario.com.br\/portal\/index.php?rest_route=\/wp\/v2\/types\/post"}],"author":[{"embeddable":true,"href":"https:\/\/jornalbeirario.com.br\/portal\/index.php?rest_route=\/wp\/v2\/users\/1"}],"replies":[{"embeddable":true,"href":"https:\/\/jornalbeirario.com.br\/portal\/index.php?rest_route=%2Fwp%2Fv2%2Fcomments&post=74835"}],"version-history":[{"count":22,"href":"https:\/\/jornalbeirario.com.br\/portal\/index.php?rest_route=\/wp\/v2\/posts\/74835\/revisions"}],"predecessor-version":[{"id":74859,"href":"https:\/\/jornalbeirario.com.br\/portal\/index.php?rest_route=\/wp\/v2\/posts\/74835\/revisions\/74859"}],"wp:featuredmedia":[{"embeddable":true,"href":"https:\/\/jornalbeirario.com.br\/portal\/index.php?rest_route=\/wp\/v2\/media\/74843"}],"wp:attachment":[{"href":"https:\/\/jornalbeirario.com.br\/portal\/index.php?rest_route=%2Fwp%2Fv2%2Fmedia&parent=74835"}],"wp:term":[{"taxonomy":"category","embeddable":true,"href":"https:\/\/jornalbeirario.com.br\/portal\/index.php?rest_route=%2Fwp%2Fv2%2Fcategories&post=74835"},{"taxonomy":"post_tag","embeddable":true,"href":"https:\/\/jornalbeirario.com.br\/portal\/index.php?rest_route=%2Fwp%2Fv2%2Ftags&post=74835"}],"curies":[{"name":"wp","href":"https:\/\/api.w.org\/{rel}","templated":true}]}}