
{"id":74601,"date":"2021-04-14T10:43:20","date_gmt":"2021-04-14T13:43:20","guid":{"rendered":"http:\/\/jornalbeirario.com.br\/portal\/?p=74601"},"modified":"2021-04-14T11:47:48","modified_gmt":"2021-04-14T14:47:48","slug":"setur-rj-apresenta-plano-estrategico-para-o-turismo-fluminense-em-2021","status":"publish","type":"post","link":"https:\/\/jornalbeirario.com.br\/portal\/?p=74601","title":{"rendered":"Setur-RJ apresenta Plano Estrat\u00e9gico para o turismo fluminense em 2021"},"content":{"rendered":"<p style=\"text-align: justify;\"><a href=\"https:\/\/jornalbeirario.com.br\/portal\/wp-content\/uploads\/2021\/04\/apresentacao2.jpg\"><img loading=\"lazy\" decoding=\"async\" class=\"aligncenter size-full wp-image-74614\" src=\"https:\/\/jornalbeirario.com.br\/portal\/wp-content\/uploads\/2021\/04\/apresentacao2.jpg\" alt=\"\" width=\"906\" height=\"406\" srcset=\"https:\/\/jornalbeirario.com.br\/portal\/wp-content\/uploads\/2021\/04\/apresentacao2.jpg 906w, https:\/\/jornalbeirario.com.br\/portal\/wp-content\/uploads\/2021\/04\/apresentacao2-300x134.jpg 300w, https:\/\/jornalbeirario.com.br\/portal\/wp-content\/uploads\/2021\/04\/apresentacao2-768x344.jpg 768w\" sizes=\"auto, (max-width: 906px) 100vw, 906px\" \/><\/a><\/p>\n<p style=\"text-align: justify;\">Pensando no per\u00edodo atual e no p\u00f3s-pandemia nas atividades que envolvem o turismo, a Secretaria de Estado de Turismo do RJ (Setur-RJ), junto com a Comiss\u00e3o de Turismo da Assembleia Legislativa do Estado do Rio de Janeiro (Alerj) e o presidente da Companhia de Turismo do Estado do Rio de Janeiro (Turisrio), S\u00e9rgio Ricardo de Almeida, realizaram nesta ter\u00e7a-feira, dia 13, uma audi\u00eancia p\u00fablica virtual para apresenta\u00e7\u00e3o do plano estrat\u00e9gico elaborado pela Setur (foto acima).<\/p>\n<p style=\"text-align: justify;\">O estudo aponta propostas para o desenvolvimento do setor, que no estado do Rio foi respons\u00e1vel pela chegada de 27,5% dos turistas estrangeiros ao pa\u00eds, em 2019, e que desde o ano passado teve que se reinventar devido a pandemia da covid-19, muito lembrada pelos deputados durante a audi\u00eancia.<\/p>\n<p style=\"text-align: justify;\">&#8211; Com a pandemia, surgiu o &#8216;turismo de proximidade&#8217;, que se caracteriza pelo turista que viaja em carro pr\u00f3prio, com a fam\u00edlia, a locais pr\u00f3ximos e que permitem atividades ao ar livre. Nosso estado \u00e9 repleto de op\u00e7\u00f5es tur\u00edsticas em contato com a natureza &#8211; destacou o secret\u00e1rio de Turismo, Gustavo Tutuca.<\/p>\n<p style=\"text-align: justify;\">Ele aproveitou para refor\u00e7ar a import\u00e2ncia tur\u00edstica do Rio ao dizer que o Estado \u00e9 o que tem a maior diversidade de recursos e atrativos tur\u00edsticos em curta dist\u00e2ncia, sendo de extrema relev\u00e2ncia, uma vez que, atualmente, o turismo de proximidade \u00e9 o que mais atrai os visitantes.<\/p>\n<p style=\"text-align: justify;\">&#8211; Pesquisas indicam que mais de 50% dos viajantes procuram destinos pr\u00f3ximos ao seu local de resid\u00eancia. Outro dado importante, e que nos favorece, \u00e9 a predomin\u00e2ncia por busca de lugares que proporcionem um maior contato com a natureza. Nosso Estado tem, a poucos quil\u00f4metros de dist\u00e2ncia da Capital, atrativos na serra e no litoral e cidades que oferecem infraestrutura de excel\u00eancia para receber os visitantes com seguran\u00e7a, seguindo as normas sanit\u00e1rias vigentes.<\/p>\n<p style=\"text-align: justify;\">Para motivar o deslocamento desses turistas para o Rio de Janeiro, o secret\u00e1rio apresentou as estrat\u00e9gias que ser\u00e3o adotadas pela Setur. Uma campanha de divulga\u00e7\u00e3o do Estado, apostando no turismo de proximidade, tem como objetivo fortalecer a marca RJ em S\u00e3o Paulo (capital e interior), Minas Gerais e Distrito Federal. Ser\u00e3o realizados workshops e ativa\u00e7\u00f5es em shoppings, al\u00e9m de flashmobs e divulga\u00e7\u00e3o em m\u00eddias digitais.<\/p>\n<p style=\"text-align: justify;\">O secret\u00e1rio ainda destacou que durante a pandemia uma das a\u00e7\u00f5es feitas foi o portal \u201cRio de Janeiro \u2013 Turismo consciente\u201d, que certifica estabelecimentos preparados para receber visitantes, respeitando as orienta\u00e7\u00f5es da Secretaria de Estado de Sa\u00fade. J\u00e1 foram certificados 2791 estabelecimentos.<\/p>\n<p style=\"text-align: justify;\">Tutuca apresentou outros projetos voltados para o per\u00edodo p\u00f3s-pandemia, entre eles um portal \u00fanico para desburocratizar a produ\u00e7\u00e3o de eventos, permitindo a solicita\u00e7\u00e3o de alvar\u00e1s centralizada.<\/p>\n<p style=\"text-align: justify;\">Entre os outros pontos abordados do Plano Estrat\u00e9gico est\u00e3o o Passaporte do Cicloturismo, para mapear e desenhar as rotas cicl\u00edsticas do Rio de Janeiro; a reativa\u00e7\u00e3o do Conselho Estadual de Seguran\u00e7a Tur\u00edstica; realiza\u00e7\u00e3o de f\u00f3runs regionais, com transfer\u00eancia do Gabinete para as regi\u00f5es tur\u00edsticas; e o Turismo RJ + 10 anos, que ser\u00e1 um legado de gest\u00e3o, com o objetivo de propor a\u00e7\u00f5es para colocar o Rio de Janeiro em um patamar diferenciado em termos de competitividade com outros destinos no cen\u00e1rio mundial, que alcancem resultados no per\u00edodo dos pr\u00f3ximos 10 anos.<\/p>\n<p style=\"text-align: justify;\">O deputado Noel de Carvalho (PSDB), que \u00e9 um dos membros da Comiss\u00e3o de Turismo da Alerj, comentou sobre a audi\u00eancia, os pr\u00f3ximos passos na execu\u00e7\u00e3o do plano e relembrou o encontro realizado h\u00e1 um m\u00eas com o\u00a0Conselho Regional de Turismo das Agulhas Negras.<\/p>\n<p style=\"text-align: justify;\">&#8211; Acompanhei a apresenta\u00e7\u00e3o de ontem do secret\u00e1rio Gustavo Tutuca na Comiss\u00e3o de Turismo, presidido pela deputada Alana Passos (PSL) e posso afirmar que o que nos foi apresentado vem de encontro ao que discutimos h\u00e1 um m\u00eas com o Conselho Regional de Turismo das Agulhas Negras. Vamos trabalhar muito para colaborar e tornar realidade as rotas cicl\u00edsticas e os f\u00f3runs regionais. O estado do Rio de Janeiro tem tudo para despontar ainda mais no Turismo e nosso desafio \u00e9 maior neste momento quando devemos estar atentos \u00e0 seguran\u00e7a e cuidados &#8211; completou Noel.<\/p>\n<p><em>Fotos: Reprodu\u00e7\u00e3o\/Alerj<\/em><\/p>\n","protected":false},"excerpt":{"rendered":"<p>Pensando no per\u00edodo atual e no p\u00f3s-pandemia nas atividades que envolvem o turismo, a Secretaria de Estado de Turismo do RJ (Setur-RJ), junto com<\/p>\n","protected":false},"author":1,"featured_media":74607,"comment_status":"open","ping_status":"open","sticky":false,"template":"","format":"standard","meta":{"pmpro_default_level":"","footnotes":""},"categories":[227,11,16],"tags":[],"class_list":["post-74601","post","type-post","status-publish","format-standard","has-post-thumbnail","hentry","category-manchete","category-politica","category-turismo","pmpro-has-access"],"yoast_head":"<!-- This site is optimized with the Yoast SEO plugin v27.4 - https:\/\/yoast.com\/product\/yoast-seo-wordpress\/ -->\n<title>Setur-RJ apresenta Plano Estrat\u00e9gico para o turismo fluminense em 2021 - JORNAL BEIRA RIO<\/title>\n<meta name=\"robots\" content=\"index, follow, max-snippet:-1, max-image-preview:large, max-video-preview:-1\" \/>\n<link rel=\"canonical\" href=\"https:\/\/jornalbeirario.com.br\/portal\/?p=74601\" \/>\n<meta property=\"og:locale\" content=\"pt_BR\" \/>\n<meta property=\"og:type\" content=\"article\" \/>\n<meta property=\"og:title\" content=\"Setur-RJ apresenta Plano Estrat\u00e9gico para o turismo fluminense em 2021 - JORNAL BEIRA RIO\" \/>\n<meta property=\"og:description\" content=\"Pensando no per\u00edodo atual e no p\u00f3s-pandemia nas atividades que envolvem o turismo, a Secretaria de Estado de Turismo do RJ (Setur-RJ), junto com\" \/>\n<meta property=\"og:url\" content=\"https:\/\/jornalbeirario.com.br\/portal\/?p=74601\" \/>\n<meta property=\"og:site_name\" content=\"JORNAL BEIRA RIO\" \/>\n<meta property=\"article:published_time\" content=\"2021-04-14T13:43:20+00:00\" \/>\n<meta property=\"article:modified_time\" content=\"2021-04-14T14:47:48+00:00\" \/>\n<meta property=\"og:image\" content=\"https:\/\/jornalbeirario.com.br\/portal\/wp-content\/uploads\/2021\/04\/apresentacao1.jpg\" \/>\n\t<meta property=\"og:image:width\" content=\"1100\" \/>\n\t<meta property=\"og:image:height\" content=\"470\" \/>\n\t<meta property=\"og:image:type\" content=\"image\/jpeg\" \/>\n<meta name=\"author\" content=\"Jornal BEIRA-RIO\" \/>\n<meta name=\"twitter:card\" content=\"summary_large_image\" \/>\n<meta name=\"twitter:label1\" content=\"Escrito por\" \/>\n\t<meta name=\"twitter:data1\" content=\"Jornal BEIRA-RIO\" \/>\n\t<meta name=\"twitter:label2\" content=\"Est. tempo de leitura\" \/>\n\t<meta name=\"twitter:data2\" content=\"4 minutos\" \/>\n<script type=\"application\/ld+json\" class=\"yoast-schema-graph\">{\"@context\":\"https:\\\/\\\/schema.org\",\"@graph\":[{\"@type\":\"Article\",\"@id\":\"https:\\\/\\\/jornalbeirario.com.br\\\/portal\\\/?p=74601#article\",\"isPartOf\":{\"@id\":\"https:\\\/\\\/jornalbeirario.com.br\\\/portal\\\/?p=74601\"},\"author\":{\"name\":\"Jornal BEIRA-RIO\",\"@id\":\"https:\\\/\\\/jornalbeirario.com.br\\\/portal\\\/#\\\/schema\\\/person\\\/c6c423e4c2465d2a9233f6539173e7c1\"},\"headline\":\"Setur-RJ apresenta Plano Estrat\u00e9gico para o turismo fluminense em 2021\",\"datePublished\":\"2021-04-14T13:43:20+00:00\",\"dateModified\":\"2021-04-14T14:47:48+00:00\",\"mainEntityOfPage\":{\"@id\":\"https:\\\/\\\/jornalbeirario.com.br\\\/portal\\\/?p=74601\"},\"wordCount\":738,\"commentCount\":0,\"publisher\":{\"@id\":\"https:\\\/\\\/jornalbeirario.com.br\\\/portal\\\/#organization\"},\"image\":{\"@id\":\"https:\\\/\\\/jornalbeirario.com.br\\\/portal\\\/?p=74601#primaryimage\"},\"thumbnailUrl\":\"https:\\\/\\\/jornalbeirario.com.br\\\/portal\\\/wp-content\\\/uploads\\\/2021\\\/04\\\/apresentacao1.jpg\",\"articleSection\":[\"Manchete\",\"Pol\u00edtica\",\"Turismo\"],\"inLanguage\":\"pt-BR\",\"potentialAction\":[{\"@type\":\"CommentAction\",\"name\":\"Comment\",\"target\":[\"https:\\\/\\\/jornalbeirario.com.br\\\/portal\\\/?p=74601#respond\"]}]},{\"@type\":\"WebPage\",\"@id\":\"https:\\\/\\\/jornalbeirario.com.br\\\/portal\\\/?p=74601\",\"url\":\"https:\\\/\\\/jornalbeirario.com.br\\\/portal\\\/?p=74601\",\"name\":\"Setur-RJ apresenta Plano Estrat\u00e9gico para o turismo fluminense em 2021 - JORNAL BEIRA RIO\",\"isPartOf\":{\"@id\":\"https:\\\/\\\/jornalbeirario.com.br\\\/portal\\\/#website\"},\"primaryImageOfPage\":{\"@id\":\"https:\\\/\\\/jornalbeirario.com.br\\\/portal\\\/?p=74601#primaryimage\"},\"image\":{\"@id\":\"https:\\\/\\\/jornalbeirario.com.br\\\/portal\\\/?p=74601#primaryimage\"},\"thumbnailUrl\":\"https:\\\/\\\/jornalbeirario.com.br\\\/portal\\\/wp-content\\\/uploads\\\/2021\\\/04\\\/apresentacao1.jpg\",\"datePublished\":\"2021-04-14T13:43:20+00:00\",\"dateModified\":\"2021-04-14T14:47:48+00:00\",\"breadcrumb\":{\"@id\":\"https:\\\/\\\/jornalbeirario.com.br\\\/portal\\\/?p=74601#breadcrumb\"},\"inLanguage\":\"pt-BR\",\"potentialAction\":[{\"@type\":\"ReadAction\",\"target\":[\"https:\\\/\\\/jornalbeirario.com.br\\\/portal\\\/?p=74601\"]}]},{\"@type\":\"ImageObject\",\"inLanguage\":\"pt-BR\",\"@id\":\"https:\\\/\\\/jornalbeirario.com.br\\\/portal\\\/?p=74601#primaryimage\",\"url\":\"https:\\\/\\\/jornalbeirario.com.br\\\/portal\\\/wp-content\\\/uploads\\\/2021\\\/04\\\/apresentacao1.jpg\",\"contentUrl\":\"https:\\\/\\\/jornalbeirario.com.br\\\/portal\\\/wp-content\\\/uploads\\\/2021\\\/04\\\/apresentacao1.jpg\",\"width\":1100,\"height\":470},{\"@type\":\"BreadcrumbList\",\"@id\":\"https:\\\/\\\/jornalbeirario.com.br\\\/portal\\\/?p=74601#breadcrumb\",\"itemListElement\":[{\"@type\":\"ListItem\",\"position\":1,\"name\":\"Home\",\"item\":\"https:\\\/\\\/jornalbeirario.com.br\\\/portal\"},{\"@type\":\"ListItem\",\"position\":2,\"name\":\"Setur-RJ apresenta Plano Estrat\u00e9gico para o turismo fluminense em 2021\"}]},{\"@type\":\"WebSite\",\"@id\":\"https:\\\/\\\/jornalbeirario.com.br\\\/portal\\\/#website\",\"url\":\"https:\\\/\\\/jornalbeirario.com.br\\\/portal\\\/\",\"name\":\"JORNAL BEIRA RIO\",\"description\":\"\",\"publisher\":{\"@id\":\"https:\\\/\\\/jornalbeirario.com.br\\\/portal\\\/#organization\"},\"potentialAction\":[{\"@type\":\"SearchAction\",\"target\":{\"@type\":\"EntryPoint\",\"urlTemplate\":\"https:\\\/\\\/jornalbeirario.com.br\\\/portal\\\/?s={search_term_string}\"},\"query-input\":{\"@type\":\"PropertyValueSpecification\",\"valueRequired\":true,\"valueName\":\"search_term_string\"}}],\"inLanguage\":\"pt-BR\"},{\"@type\":\"Organization\",\"@id\":\"https:\\\/\\\/jornalbeirario.com.br\\\/portal\\\/#organization\",\"name\":\"JORNAL BEIRA RIO\",\"url\":\"https:\\\/\\\/jornalbeirario.com.br\\\/portal\\\/\",\"logo\":{\"@type\":\"ImageObject\",\"inLanguage\":\"pt-BR\",\"@id\":\"https:\\\/\\\/jornalbeirario.com.br\\\/portal\\\/#\\\/schema\\\/logo\\\/image\\\/\",\"url\":\"https:\\\/\\\/jornalbeirario.com.br\\\/portal\\\/wp-content\\\/uploads\\\/2017\\\/09\\\/BEIRA-RIO_logo600.png\",\"contentUrl\":\"https:\\\/\\\/jornalbeirario.com.br\\\/portal\\\/wp-content\\\/uploads\\\/2017\\\/09\\\/BEIRA-RIO_logo600.png\",\"width\":650,\"height\":108,\"caption\":\"JORNAL BEIRA RIO\"},\"image\":{\"@id\":\"https:\\\/\\\/jornalbeirario.com.br\\\/portal\\\/#\\\/schema\\\/logo\\\/image\\\/\"}},{\"@type\":\"Person\",\"@id\":\"https:\\\/\\\/jornalbeirario.com.br\\\/portal\\\/#\\\/schema\\\/person\\\/c6c423e4c2465d2a9233f6539173e7c1\",\"name\":\"Jornal BEIRA-RIO\",\"image\":{\"@type\":\"ImageObject\",\"inLanguage\":\"pt-BR\",\"@id\":\"https:\\\/\\\/jornalbeirario.com.br\\\/portal\\\/wp-content\\\/uploads\\\/2023\\\/10\\\/logojbr1.jpg\",\"url\":\"https:\\\/\\\/jornalbeirario.com.br\\\/portal\\\/wp-content\\\/uploads\\\/2023\\\/10\\\/logojbr1.jpg\",\"contentUrl\":\"https:\\\/\\\/jornalbeirario.com.br\\\/portal\\\/wp-content\\\/uploads\\\/2023\\\/10\\\/logojbr1.jpg\",\"caption\":\"Jornal BEIRA-RIO\"},\"url\":\"https:\\\/\\\/jornalbeirario.com.br\\\/portal\\\/?author=1\"}]}<\/script>\n<!-- \/ Yoast SEO plugin. -->","yoast_head_json":{"title":"Setur-RJ apresenta Plano Estrat\u00e9gico para o turismo fluminense em 2021 - JORNAL BEIRA RIO","robots":{"index":"index","follow":"follow","max-snippet":"max-snippet:-1","max-image-preview":"max-image-preview:large","max-video-preview":"max-video-preview:-1"},"canonical":"https:\/\/jornalbeirario.com.br\/portal\/?p=74601","og_locale":"pt_BR","og_type":"article","og_title":"Setur-RJ apresenta Plano Estrat\u00e9gico para o turismo fluminense em 2021 - JORNAL BEIRA RIO","og_description":"Pensando no per\u00edodo atual e no p\u00f3s-pandemia nas atividades que envolvem o turismo, a Secretaria de Estado de Turismo do RJ (Setur-RJ), junto com","og_url":"https:\/\/jornalbeirario.com.br\/portal\/?p=74601","og_site_name":"JORNAL BEIRA RIO","article_published_time":"2021-04-14T13:43:20+00:00","article_modified_time":"2021-04-14T14:47:48+00:00","og_image":[{"width":1100,"height":470,"url":"https:\/\/jornalbeirario.com.br\/portal\/wp-content\/uploads\/2021\/04\/apresentacao1.jpg","type":"image\/jpeg"}],"author":"Jornal BEIRA-RIO","twitter_card":"summary_large_image","twitter_misc":{"Escrito por":"Jornal BEIRA-RIO","Est. tempo de leitura":"4 minutos"},"schema":{"@context":"https:\/\/schema.org","@graph":[{"@type":"Article","@id":"https:\/\/jornalbeirario.com.br\/portal\/?p=74601#article","isPartOf":{"@id":"https:\/\/jornalbeirario.com.br\/portal\/?p=74601"},"author":{"name":"Jornal BEIRA-RIO","@id":"https:\/\/jornalbeirario.com.br\/portal\/#\/schema\/person\/c6c423e4c2465d2a9233f6539173e7c1"},"headline":"Setur-RJ apresenta Plano Estrat\u00e9gico para o turismo fluminense em 2021","datePublished":"2021-04-14T13:43:20+00:00","dateModified":"2021-04-14T14:47:48+00:00","mainEntityOfPage":{"@id":"https:\/\/jornalbeirario.com.br\/portal\/?p=74601"},"wordCount":738,"commentCount":0,"publisher":{"@id":"https:\/\/jornalbeirario.com.br\/portal\/#organization"},"image":{"@id":"https:\/\/jornalbeirario.com.br\/portal\/?p=74601#primaryimage"},"thumbnailUrl":"https:\/\/jornalbeirario.com.br\/portal\/wp-content\/uploads\/2021\/04\/apresentacao1.jpg","articleSection":["Manchete","Pol\u00edtica","Turismo"],"inLanguage":"pt-BR","potentialAction":[{"@type":"CommentAction","name":"Comment","target":["https:\/\/jornalbeirario.com.br\/portal\/?p=74601#respond"]}]},{"@type":"WebPage","@id":"https:\/\/jornalbeirario.com.br\/portal\/?p=74601","url":"https:\/\/jornalbeirario.com.br\/portal\/?p=74601","name":"Setur-RJ apresenta Plano Estrat\u00e9gico para o turismo fluminense em 2021 - JORNAL BEIRA RIO","isPartOf":{"@id":"https:\/\/jornalbeirario.com.br\/portal\/#website"},"primaryImageOfPage":{"@id":"https:\/\/jornalbeirario.com.br\/portal\/?p=74601#primaryimage"},"image":{"@id":"https:\/\/jornalbeirario.com.br\/portal\/?p=74601#primaryimage"},"thumbnailUrl":"https:\/\/jornalbeirario.com.br\/portal\/wp-content\/uploads\/2021\/04\/apresentacao1.jpg","datePublished":"2021-04-14T13:43:20+00:00","dateModified":"2021-04-14T14:47:48+00:00","breadcrumb":{"@id":"https:\/\/jornalbeirario.com.br\/portal\/?p=74601#breadcrumb"},"inLanguage":"pt-BR","potentialAction":[{"@type":"ReadAction","target":["https:\/\/jornalbeirario.com.br\/portal\/?p=74601"]}]},{"@type":"ImageObject","inLanguage":"pt-BR","@id":"https:\/\/jornalbeirario.com.br\/portal\/?p=74601#primaryimage","url":"https:\/\/jornalbeirario.com.br\/portal\/wp-content\/uploads\/2021\/04\/apresentacao1.jpg","contentUrl":"https:\/\/jornalbeirario.com.br\/portal\/wp-content\/uploads\/2021\/04\/apresentacao1.jpg","width":1100,"height":470},{"@type":"BreadcrumbList","@id":"https:\/\/jornalbeirario.com.br\/portal\/?p=74601#breadcrumb","itemListElement":[{"@type":"ListItem","position":1,"name":"Home","item":"https:\/\/jornalbeirario.com.br\/portal"},{"@type":"ListItem","position":2,"name":"Setur-RJ apresenta Plano Estrat\u00e9gico para o turismo fluminense em 2021"}]},{"@type":"WebSite","@id":"https:\/\/jornalbeirario.com.br\/portal\/#website","url":"https:\/\/jornalbeirario.com.br\/portal\/","name":"JORNAL BEIRA RIO","description":"","publisher":{"@id":"https:\/\/jornalbeirario.com.br\/portal\/#organization"},"potentialAction":[{"@type":"SearchAction","target":{"@type":"EntryPoint","urlTemplate":"https:\/\/jornalbeirario.com.br\/portal\/?s={search_term_string}"},"query-input":{"@type":"PropertyValueSpecification","valueRequired":true,"valueName":"search_term_string"}}],"inLanguage":"pt-BR"},{"@type":"Organization","@id":"https:\/\/jornalbeirario.com.br\/portal\/#organization","name":"JORNAL BEIRA RIO","url":"https:\/\/jornalbeirario.com.br\/portal\/","logo":{"@type":"ImageObject","inLanguage":"pt-BR","@id":"https:\/\/jornalbeirario.com.br\/portal\/#\/schema\/logo\/image\/","url":"https:\/\/jornalbeirario.com.br\/portal\/wp-content\/uploads\/2017\/09\/BEIRA-RIO_logo600.png","contentUrl":"https:\/\/jornalbeirario.com.br\/portal\/wp-content\/uploads\/2017\/09\/BEIRA-RIO_logo600.png","width":650,"height":108,"caption":"JORNAL BEIRA RIO"},"image":{"@id":"https:\/\/jornalbeirario.com.br\/portal\/#\/schema\/logo\/image\/"}},{"@type":"Person","@id":"https:\/\/jornalbeirario.com.br\/portal\/#\/schema\/person\/c6c423e4c2465d2a9233f6539173e7c1","name":"Jornal BEIRA-RIO","image":{"@type":"ImageObject","inLanguage":"pt-BR","@id":"https:\/\/jornalbeirario.com.br\/portal\/wp-content\/uploads\/2023\/10\/logojbr1.jpg","url":"https:\/\/jornalbeirario.com.br\/portal\/wp-content\/uploads\/2023\/10\/logojbr1.jpg","contentUrl":"https:\/\/jornalbeirario.com.br\/portal\/wp-content\/uploads\/2023\/10\/logojbr1.jpg","caption":"Jornal BEIRA-RIO"},"url":"https:\/\/jornalbeirario.com.br\/portal\/?author=1"}]}},"_links":{"self":[{"href":"https:\/\/jornalbeirario.com.br\/portal\/index.php?rest_route=\/wp\/v2\/posts\/74601","targetHints":{"allow":["GET"]}}],"collection":[{"href":"https:\/\/jornalbeirario.com.br\/portal\/index.php?rest_route=\/wp\/v2\/posts"}],"about":[{"href":"https:\/\/jornalbeirario.com.br\/portal\/index.php?rest_route=\/wp\/v2\/types\/post"}],"author":[{"embeddable":true,"href":"https:\/\/jornalbeirario.com.br\/portal\/index.php?rest_route=\/wp\/v2\/users\/1"}],"replies":[{"embeddable":true,"href":"https:\/\/jornalbeirario.com.br\/portal\/index.php?rest_route=%2Fwp%2Fv2%2Fcomments&post=74601"}],"version-history":[{"count":14,"href":"https:\/\/jornalbeirario.com.br\/portal\/index.php?rest_route=\/wp\/v2\/posts\/74601\/revisions"}],"predecessor-version":[{"id":74620,"href":"https:\/\/jornalbeirario.com.br\/portal\/index.php?rest_route=\/wp\/v2\/posts\/74601\/revisions\/74620"}],"wp:featuredmedia":[{"embeddable":true,"href":"https:\/\/jornalbeirario.com.br\/portal\/index.php?rest_route=\/wp\/v2\/media\/74607"}],"wp:attachment":[{"href":"https:\/\/jornalbeirario.com.br\/portal\/index.php?rest_route=%2Fwp%2Fv2%2Fmedia&parent=74601"}],"wp:term":[{"taxonomy":"category","embeddable":true,"href":"https:\/\/jornalbeirario.com.br\/portal\/index.php?rest_route=%2Fwp%2Fv2%2Fcategories&post=74601"},{"taxonomy":"post_tag","embeddable":true,"href":"https:\/\/jornalbeirario.com.br\/portal\/index.php?rest_route=%2Fwp%2Fv2%2Ftags&post=74601"}],"curies":[{"name":"wp","href":"https:\/\/api.w.org\/{rel}","templated":true}]}}