
{"id":74503,"date":"2021-04-09T11:26:38","date_gmt":"2021-04-09T14:26:38","guid":{"rendered":"http:\/\/jornalbeirario.com.br\/portal\/?p=74503"},"modified":"2021-04-09T11:26:38","modified_gmt":"2021-04-09T14:26:38","slug":"pmr-orienta-beneficiarios-sobre-calendario-do-auxilio-emergencial","status":"publish","type":"post","link":"https:\/\/jornalbeirario.com.br\/portal\/?p=74503","title":{"rendered":"PMR orienta benefici\u00e1rios sobre calend\u00e1rio do Aux\u00edlio Emergencial"},"content":{"rendered":"<p style=\"text-align: justify;\"><a href=\"https:\/\/jornalbeirario.com.br\/portal\/wp-content\/uploads\/2021\/04\/crasparquemg1.jpg\"><img loading=\"lazy\" decoding=\"async\" class=\"alignright size-medium wp-image-74509\" src=\"https:\/\/jornalbeirario.com.br\/portal\/wp-content\/uploads\/2021\/04\/crasparquemg1-300x225.jpg\" alt=\"\" width=\"300\" height=\"225\" srcset=\"https:\/\/jornalbeirario.com.br\/portal\/wp-content\/uploads\/2021\/04\/crasparquemg1-300x225.jpg 300w, https:\/\/jornalbeirario.com.br\/portal\/wp-content\/uploads\/2021\/04\/crasparquemg1.jpg 640w\" sizes=\"auto, (max-width: 300px) 100vw, 300px\" \/><\/a>As Unidades do Centro de Refer\u00eancia de Assist\u00eancia Social (Cras) de Resende continuar\u00e3o funcionando durante a pandemia da covid-19, prestando informa\u00e7\u00f5es aos inscritos para receber os benef\u00edcios do Aux\u00edlio Emergencial. O objetivo \u00e9 orientar a popula\u00e7\u00e3o quanto aos novos calend\u00e1rios do Aux\u00edlio Emergencial (AE) 2021. O cronograma do primeiro ciclo de pagamento do AE come\u00e7ou nesta ter\u00e7a-feira, dia 6, para as pessoas inscritas no Cadastro \u00danico (Cad\u00danico) e n\u00e3o benefici\u00e1rias do Programa Bolsa Fam\u00edlia (PBF), al\u00e9m do p\u00fablico beneficiado a partir de inscri\u00e7\u00e3o efetivada pelo aplicativo ou site da Caixa Econ\u00f4mica Federal (CEF). J\u00e1 para os benefici\u00e1rios do Bolsa Fam\u00edlia, o pagamento do Aux\u00edlio come\u00e7ar\u00e1 a partir do dia 16, seguindo o calend\u00e1rio do programa conforme a ordem estabelecida pelo final do NIS (N\u00famero de Identifica\u00e7\u00e3o Social).<\/p>\n<p style=\"text-align: justify;\">O trabalho \u00e9 realizado pela Prefeitura de Resende, por meio da Secretaria de Assist\u00eancia Social e Direitos Humanos. O governo municipal segue ajudando os benefici\u00e1rios por meio da Diretoria do Cadastro \u00danico e Programa Bolsa Fam\u00edlia e da Diretoria de Prote\u00e7\u00e3o B\u00e1sica, com as instru\u00e7\u00f5es nas unidades do Cras e respeitando todos os protocolos de seguran\u00e7a.<\/p>\n<p style=\"text-align: justify;\">O pagamento do Aux\u00edlio Emergencial 2021 teve in\u00edcio para os trabalhadores benefici\u00e1rios nascidos em janeiro, seguindo escalonado por m\u00eas de nascimento para quem possui o cr\u00e9dito na Conta Social Digital da Caixa. O outro calend\u00e1rio \u00e9 voltado para o p\u00fablico geral que vai efetuar saques em dinheiro das quatro parcelas previstas, conforme escala por m\u00eas de nascimento, a partir do dia 4 de maio.<\/p>\n<p style=\"text-align: justify;\">Vale destacar que existem tr\u00eas categorias de valor para o Aux\u00edlio Emergencial 2021: pessoas que moram sozinhas recebem parcelas de R$ 150; fam\u00edlias com mais de duas pessoas ganham R$ 250 por m\u00eas; e a mulher provedora de fam\u00edlia monoparental (m\u00e3e solo) receber\u00e1 R$ 375.<\/p>\n<p style=\"text-align: justify;\">Se o valor do Bolsa Fam\u00edlia da fam\u00edlia for menor do que o do Aux\u00edlio Emergencial, prevalecer\u00e1 o pagamento do AE, sendo suspenso o outro benef\u00edcio (do programa). Nesta edi\u00e7\u00e3o do aux\u00edlio, haver\u00e1 apenas um benef\u00edcio por fam\u00edlia, mesmo que haja mais de uma pessoa com direito ao aux\u00edlio.<\/p>\n<p style=\"text-align: justify;\">As tabelas de pagamento para o p\u00fablico geral definidas pelo Minist\u00e9rio da Cidadania <a href=\"https:\/\/www.gov.br\/cidadania\/pt-br\/servicos\/auxilio-emergencial\">est\u00e3o dispon\u00edveis no site do governo federal<\/a>. J\u00e1 os benefici\u00e1rios do Bolsa Fam\u00edlia v\u00e3o receber o aux\u00edlio se estiverem enquadrados nos requisitos exigidos a partir de 16 de abril, <a href=\"http:\/\/www.mds.gov.br\/webarquivos\/arquivo\/bolsa_familia\/calendario_bf\/Cartaz_Calendario2021.pdf\">respeitando a escala do programa pela ordem do final do NIS<\/a>.<\/p>\n<p style=\"text-align: justify;\">PRIORIDADE<br \/>\nA diretora do Cadastro \u00danico e do Programa Bolsa Fam\u00edlia em Resende, Kamila Rocha, comentou os crit\u00e9rios de prioridade na concess\u00e3o do Aux\u00edlio Emergencial no caso de existir mais de um trabalhador na fam\u00edlia com direito, preconizados pelo Minist\u00e9rio da Cidadania. \u201cPela ordem, a mulher provedora de fam\u00edlia monoparental \u00e9 a primeira da fila. Depois, \u00e9 analisada a data de nascimento mais antiga e, para fins de desempate, do sexo feminino. Por \u00faltimo, verifica-se a ordem alfab\u00e9tica do nome, se necess\u00e1rio, para fins de desempate\u201d, lembra.<\/p>\n<p style=\"text-align: justify;\">Para a manuten\u00e7\u00e3o do benef\u00edcio, ser\u00e1 realizada a reavalia\u00e7\u00e3o mensal da renda a partir de v\u00ednculo de emprego e de benef\u00edcios assistenciais ou previdenci\u00e1rios, bem como a ocorr\u00eancia de morte do benefici\u00e1rio ou se ele for preso em regime fechado. Quem quiser acompanhar a an\u00e1lise de elegibilidade, os crit\u00e9rios de manuten\u00e7\u00e3o do pagamento, o pagamento das parcelas, a eventual contesta\u00e7\u00e3o \u00e0 inelegibilidade ou o cancelamento do pagamento do Aux\u00edlio Emergencial 2021, basta acessar <a href=\"https:\/\/consultaauxilio.cidadania.gov.br\/ ou https:\/\/gov.br\/auxilio\">o link de consultas do Aux\u00edlio Emergencial<\/a>.<\/p>\n<p><em>Foto: Raimundo Brasil\/Divulga\u00e7\u00e3o PMR<\/em><\/p>\n","protected":false},"excerpt":{"rendered":"<p>As Unidades do Centro de Refer\u00eancia de Assist\u00eancia Social (Cras) de Resende continuar\u00e3o funcionando durante a pandemia da covid-19, prestando informa\u00e7\u00f5es aos inscritos para<\/p>\n","protected":false},"author":1,"featured_media":74509,"comment_status":"open","ping_status":"open","sticky":false,"template":"","format":"standard","meta":{"pmpro_default_level":"","footnotes":""},"categories":[1],"tags":[],"class_list":["post-74503","post","type-post","status-publish","format-standard","has-post-thumbnail","hentry","category-cidade","pmpro-has-access"],"yoast_head":"<!-- This site is optimized with the Yoast SEO plugin v27.4 - https:\/\/yoast.com\/product\/yoast-seo-wordpress\/ -->\n<title>PMR orienta benefici\u00e1rios sobre calend\u00e1rio do Aux\u00edlio Emergencial - JORNAL BEIRA RIO<\/title>\n<meta name=\"robots\" content=\"index, follow, max-snippet:-1, max-image-preview:large, max-video-preview:-1\" \/>\n<link rel=\"canonical\" href=\"https:\/\/jornalbeirario.com.br\/portal\/?p=74503\" \/>\n<meta property=\"og:locale\" content=\"pt_BR\" \/>\n<meta property=\"og:type\" content=\"article\" \/>\n<meta property=\"og:title\" content=\"PMR orienta benefici\u00e1rios sobre calend\u00e1rio do Aux\u00edlio Emergencial - JORNAL BEIRA RIO\" \/>\n<meta property=\"og:description\" content=\"As Unidades do Centro de Refer\u00eancia de Assist\u00eancia Social (Cras) de Resende continuar\u00e3o funcionando durante a pandemia da covid-19, prestando informa\u00e7\u00f5es aos inscritos para\" \/>\n<meta property=\"og:url\" content=\"https:\/\/jornalbeirario.com.br\/portal\/?p=74503\" \/>\n<meta property=\"og:site_name\" content=\"JORNAL BEIRA RIO\" \/>\n<meta property=\"article:published_time\" content=\"2021-04-09T14:26:38+00:00\" \/>\n<meta property=\"og:image\" content=\"https:\/\/jornalbeirario.com.br\/portal\/wp-content\/uploads\/2021\/04\/crasparquemg1.jpg\" \/>\n\t<meta property=\"og:image:width\" content=\"640\" \/>\n\t<meta property=\"og:image:height\" content=\"480\" \/>\n\t<meta property=\"og:image:type\" content=\"image\/jpeg\" \/>\n<meta name=\"author\" content=\"Jornal BEIRA-RIO\" \/>\n<meta name=\"twitter:card\" content=\"summary_large_image\" \/>\n<meta name=\"twitter:label1\" content=\"Escrito por\" \/>\n\t<meta name=\"twitter:data1\" content=\"Jornal BEIRA-RIO\" \/>\n\t<meta name=\"twitter:label2\" content=\"Est. tempo de leitura\" \/>\n\t<meta name=\"twitter:data2\" content=\"3 minutos\" \/>\n<script type=\"application\/ld+json\" class=\"yoast-schema-graph\">{\"@context\":\"https:\\\/\\\/schema.org\",\"@graph\":[{\"@type\":\"Article\",\"@id\":\"https:\\\/\\\/jornalbeirario.com.br\\\/portal\\\/?p=74503#article\",\"isPartOf\":{\"@id\":\"https:\\\/\\\/jornalbeirario.com.br\\\/portal\\\/?p=74503\"},\"author\":{\"name\":\"Jornal BEIRA-RIO\",\"@id\":\"https:\\\/\\\/jornalbeirario.com.br\\\/portal\\\/#\\\/schema\\\/person\\\/c6c423e4c2465d2a9233f6539173e7c1\"},\"headline\":\"PMR orienta benefici\u00e1rios sobre calend\u00e1rio do Aux\u00edlio Emergencial\",\"datePublished\":\"2021-04-09T14:26:38+00:00\",\"mainEntityOfPage\":{\"@id\":\"https:\\\/\\\/jornalbeirario.com.br\\\/portal\\\/?p=74503\"},\"wordCount\":648,\"commentCount\":0,\"publisher\":{\"@id\":\"https:\\\/\\\/jornalbeirario.com.br\\\/portal\\\/#organization\"},\"image\":{\"@id\":\"https:\\\/\\\/jornalbeirario.com.br\\\/portal\\\/?p=74503#primaryimage\"},\"thumbnailUrl\":\"https:\\\/\\\/jornalbeirario.com.br\\\/portal\\\/wp-content\\\/uploads\\\/2021\\\/04\\\/crasparquemg1.jpg\",\"articleSection\":[\"Cidade\"],\"inLanguage\":\"pt-BR\",\"potentialAction\":[{\"@type\":\"CommentAction\",\"name\":\"Comment\",\"target\":[\"https:\\\/\\\/jornalbeirario.com.br\\\/portal\\\/?p=74503#respond\"]}]},{\"@type\":\"WebPage\",\"@id\":\"https:\\\/\\\/jornalbeirario.com.br\\\/portal\\\/?p=74503\",\"url\":\"https:\\\/\\\/jornalbeirario.com.br\\\/portal\\\/?p=74503\",\"name\":\"PMR orienta benefici\u00e1rios sobre calend\u00e1rio do Aux\u00edlio Emergencial - JORNAL BEIRA RIO\",\"isPartOf\":{\"@id\":\"https:\\\/\\\/jornalbeirario.com.br\\\/portal\\\/#website\"},\"primaryImageOfPage\":{\"@id\":\"https:\\\/\\\/jornalbeirario.com.br\\\/portal\\\/?p=74503#primaryimage\"},\"image\":{\"@id\":\"https:\\\/\\\/jornalbeirario.com.br\\\/portal\\\/?p=74503#primaryimage\"},\"thumbnailUrl\":\"https:\\\/\\\/jornalbeirario.com.br\\\/portal\\\/wp-content\\\/uploads\\\/2021\\\/04\\\/crasparquemg1.jpg\",\"datePublished\":\"2021-04-09T14:26:38+00:00\",\"breadcrumb\":{\"@id\":\"https:\\\/\\\/jornalbeirario.com.br\\\/portal\\\/?p=74503#breadcrumb\"},\"inLanguage\":\"pt-BR\",\"potentialAction\":[{\"@type\":\"ReadAction\",\"target\":[\"https:\\\/\\\/jornalbeirario.com.br\\\/portal\\\/?p=74503\"]}]},{\"@type\":\"ImageObject\",\"inLanguage\":\"pt-BR\",\"@id\":\"https:\\\/\\\/jornalbeirario.com.br\\\/portal\\\/?p=74503#primaryimage\",\"url\":\"https:\\\/\\\/jornalbeirario.com.br\\\/portal\\\/wp-content\\\/uploads\\\/2021\\\/04\\\/crasparquemg1.jpg\",\"contentUrl\":\"https:\\\/\\\/jornalbeirario.com.br\\\/portal\\\/wp-content\\\/uploads\\\/2021\\\/04\\\/crasparquemg1.jpg\",\"width\":640,\"height\":480},{\"@type\":\"BreadcrumbList\",\"@id\":\"https:\\\/\\\/jornalbeirario.com.br\\\/portal\\\/?p=74503#breadcrumb\",\"itemListElement\":[{\"@type\":\"ListItem\",\"position\":1,\"name\":\"Home\",\"item\":\"https:\\\/\\\/jornalbeirario.com.br\\\/portal\"},{\"@type\":\"ListItem\",\"position\":2,\"name\":\"PMR orienta benefici\u00e1rios sobre calend\u00e1rio do Aux\u00edlio Emergencial\"}]},{\"@type\":\"WebSite\",\"@id\":\"https:\\\/\\\/jornalbeirario.com.br\\\/portal\\\/#website\",\"url\":\"https:\\\/\\\/jornalbeirario.com.br\\\/portal\\\/\",\"name\":\"JORNAL BEIRA RIO\",\"description\":\"\",\"publisher\":{\"@id\":\"https:\\\/\\\/jornalbeirario.com.br\\\/portal\\\/#organization\"},\"potentialAction\":[{\"@type\":\"SearchAction\",\"target\":{\"@type\":\"EntryPoint\",\"urlTemplate\":\"https:\\\/\\\/jornalbeirario.com.br\\\/portal\\\/?s={search_term_string}\"},\"query-input\":{\"@type\":\"PropertyValueSpecification\",\"valueRequired\":true,\"valueName\":\"search_term_string\"}}],\"inLanguage\":\"pt-BR\"},{\"@type\":\"Organization\",\"@id\":\"https:\\\/\\\/jornalbeirario.com.br\\\/portal\\\/#organization\",\"name\":\"JORNAL BEIRA RIO\",\"url\":\"https:\\\/\\\/jornalbeirario.com.br\\\/portal\\\/\",\"logo\":{\"@type\":\"ImageObject\",\"inLanguage\":\"pt-BR\",\"@id\":\"https:\\\/\\\/jornalbeirario.com.br\\\/portal\\\/#\\\/schema\\\/logo\\\/image\\\/\",\"url\":\"https:\\\/\\\/jornalbeirario.com.br\\\/portal\\\/wp-content\\\/uploads\\\/2017\\\/09\\\/BEIRA-RIO_logo600.png\",\"contentUrl\":\"https:\\\/\\\/jornalbeirario.com.br\\\/portal\\\/wp-content\\\/uploads\\\/2017\\\/09\\\/BEIRA-RIO_logo600.png\",\"width\":650,\"height\":108,\"caption\":\"JORNAL BEIRA RIO\"},\"image\":{\"@id\":\"https:\\\/\\\/jornalbeirario.com.br\\\/portal\\\/#\\\/schema\\\/logo\\\/image\\\/\"}},{\"@type\":\"Person\",\"@id\":\"https:\\\/\\\/jornalbeirario.com.br\\\/portal\\\/#\\\/schema\\\/person\\\/c6c423e4c2465d2a9233f6539173e7c1\",\"name\":\"Jornal BEIRA-RIO\",\"image\":{\"@type\":\"ImageObject\",\"inLanguage\":\"pt-BR\",\"@id\":\"https:\\\/\\\/jornalbeirario.com.br\\\/portal\\\/wp-content\\\/uploads\\\/2023\\\/10\\\/logojbr1.jpg\",\"url\":\"https:\\\/\\\/jornalbeirario.com.br\\\/portal\\\/wp-content\\\/uploads\\\/2023\\\/10\\\/logojbr1.jpg\",\"contentUrl\":\"https:\\\/\\\/jornalbeirario.com.br\\\/portal\\\/wp-content\\\/uploads\\\/2023\\\/10\\\/logojbr1.jpg\",\"caption\":\"Jornal BEIRA-RIO\"},\"url\":\"https:\\\/\\\/jornalbeirario.com.br\\\/portal\\\/?author=1\"}]}<\/script>\n<!-- \/ Yoast SEO plugin. -->","yoast_head_json":{"title":"PMR orienta benefici\u00e1rios sobre calend\u00e1rio do Aux\u00edlio Emergencial - JORNAL BEIRA RIO","robots":{"index":"index","follow":"follow","max-snippet":"max-snippet:-1","max-image-preview":"max-image-preview:large","max-video-preview":"max-video-preview:-1"},"canonical":"https:\/\/jornalbeirario.com.br\/portal\/?p=74503","og_locale":"pt_BR","og_type":"article","og_title":"PMR orienta benefici\u00e1rios sobre calend\u00e1rio do Aux\u00edlio Emergencial - JORNAL BEIRA RIO","og_description":"As Unidades do Centro de Refer\u00eancia de Assist\u00eancia Social (Cras) de Resende continuar\u00e3o funcionando durante a pandemia da covid-19, prestando informa\u00e7\u00f5es aos inscritos para","og_url":"https:\/\/jornalbeirario.com.br\/portal\/?p=74503","og_site_name":"JORNAL BEIRA RIO","article_published_time":"2021-04-09T14:26:38+00:00","og_image":[{"width":640,"height":480,"url":"https:\/\/jornalbeirario.com.br\/portal\/wp-content\/uploads\/2021\/04\/crasparquemg1.jpg","type":"image\/jpeg"}],"author":"Jornal BEIRA-RIO","twitter_card":"summary_large_image","twitter_misc":{"Escrito por":"Jornal BEIRA-RIO","Est. tempo de leitura":"3 minutos"},"schema":{"@context":"https:\/\/schema.org","@graph":[{"@type":"Article","@id":"https:\/\/jornalbeirario.com.br\/portal\/?p=74503#article","isPartOf":{"@id":"https:\/\/jornalbeirario.com.br\/portal\/?p=74503"},"author":{"name":"Jornal BEIRA-RIO","@id":"https:\/\/jornalbeirario.com.br\/portal\/#\/schema\/person\/c6c423e4c2465d2a9233f6539173e7c1"},"headline":"PMR orienta benefici\u00e1rios sobre calend\u00e1rio do Aux\u00edlio Emergencial","datePublished":"2021-04-09T14:26:38+00:00","mainEntityOfPage":{"@id":"https:\/\/jornalbeirario.com.br\/portal\/?p=74503"},"wordCount":648,"commentCount":0,"publisher":{"@id":"https:\/\/jornalbeirario.com.br\/portal\/#organization"},"image":{"@id":"https:\/\/jornalbeirario.com.br\/portal\/?p=74503#primaryimage"},"thumbnailUrl":"https:\/\/jornalbeirario.com.br\/portal\/wp-content\/uploads\/2021\/04\/crasparquemg1.jpg","articleSection":["Cidade"],"inLanguage":"pt-BR","potentialAction":[{"@type":"CommentAction","name":"Comment","target":["https:\/\/jornalbeirario.com.br\/portal\/?p=74503#respond"]}]},{"@type":"WebPage","@id":"https:\/\/jornalbeirario.com.br\/portal\/?p=74503","url":"https:\/\/jornalbeirario.com.br\/portal\/?p=74503","name":"PMR orienta benefici\u00e1rios sobre calend\u00e1rio do Aux\u00edlio Emergencial - JORNAL BEIRA RIO","isPartOf":{"@id":"https:\/\/jornalbeirario.com.br\/portal\/#website"},"primaryImageOfPage":{"@id":"https:\/\/jornalbeirario.com.br\/portal\/?p=74503#primaryimage"},"image":{"@id":"https:\/\/jornalbeirario.com.br\/portal\/?p=74503#primaryimage"},"thumbnailUrl":"https:\/\/jornalbeirario.com.br\/portal\/wp-content\/uploads\/2021\/04\/crasparquemg1.jpg","datePublished":"2021-04-09T14:26:38+00:00","breadcrumb":{"@id":"https:\/\/jornalbeirario.com.br\/portal\/?p=74503#breadcrumb"},"inLanguage":"pt-BR","potentialAction":[{"@type":"ReadAction","target":["https:\/\/jornalbeirario.com.br\/portal\/?p=74503"]}]},{"@type":"ImageObject","inLanguage":"pt-BR","@id":"https:\/\/jornalbeirario.com.br\/portal\/?p=74503#primaryimage","url":"https:\/\/jornalbeirario.com.br\/portal\/wp-content\/uploads\/2021\/04\/crasparquemg1.jpg","contentUrl":"https:\/\/jornalbeirario.com.br\/portal\/wp-content\/uploads\/2021\/04\/crasparquemg1.jpg","width":640,"height":480},{"@type":"BreadcrumbList","@id":"https:\/\/jornalbeirario.com.br\/portal\/?p=74503#breadcrumb","itemListElement":[{"@type":"ListItem","position":1,"name":"Home","item":"https:\/\/jornalbeirario.com.br\/portal"},{"@type":"ListItem","position":2,"name":"PMR orienta benefici\u00e1rios sobre calend\u00e1rio do Aux\u00edlio Emergencial"}]},{"@type":"WebSite","@id":"https:\/\/jornalbeirario.com.br\/portal\/#website","url":"https:\/\/jornalbeirario.com.br\/portal\/","name":"JORNAL BEIRA RIO","description":"","publisher":{"@id":"https:\/\/jornalbeirario.com.br\/portal\/#organization"},"potentialAction":[{"@type":"SearchAction","target":{"@type":"EntryPoint","urlTemplate":"https:\/\/jornalbeirario.com.br\/portal\/?s={search_term_string}"},"query-input":{"@type":"PropertyValueSpecification","valueRequired":true,"valueName":"search_term_string"}}],"inLanguage":"pt-BR"},{"@type":"Organization","@id":"https:\/\/jornalbeirario.com.br\/portal\/#organization","name":"JORNAL BEIRA RIO","url":"https:\/\/jornalbeirario.com.br\/portal\/","logo":{"@type":"ImageObject","inLanguage":"pt-BR","@id":"https:\/\/jornalbeirario.com.br\/portal\/#\/schema\/logo\/image\/","url":"https:\/\/jornalbeirario.com.br\/portal\/wp-content\/uploads\/2017\/09\/BEIRA-RIO_logo600.png","contentUrl":"https:\/\/jornalbeirario.com.br\/portal\/wp-content\/uploads\/2017\/09\/BEIRA-RIO_logo600.png","width":650,"height":108,"caption":"JORNAL BEIRA RIO"},"image":{"@id":"https:\/\/jornalbeirario.com.br\/portal\/#\/schema\/logo\/image\/"}},{"@type":"Person","@id":"https:\/\/jornalbeirario.com.br\/portal\/#\/schema\/person\/c6c423e4c2465d2a9233f6539173e7c1","name":"Jornal BEIRA-RIO","image":{"@type":"ImageObject","inLanguage":"pt-BR","@id":"https:\/\/jornalbeirario.com.br\/portal\/wp-content\/uploads\/2023\/10\/logojbr1.jpg","url":"https:\/\/jornalbeirario.com.br\/portal\/wp-content\/uploads\/2023\/10\/logojbr1.jpg","contentUrl":"https:\/\/jornalbeirario.com.br\/portal\/wp-content\/uploads\/2023\/10\/logojbr1.jpg","caption":"Jornal BEIRA-RIO"},"url":"https:\/\/jornalbeirario.com.br\/portal\/?author=1"}]}},"_links":{"self":[{"href":"https:\/\/jornalbeirario.com.br\/portal\/index.php?rest_route=\/wp\/v2\/posts\/74503","targetHints":{"allow":["GET"]}}],"collection":[{"href":"https:\/\/jornalbeirario.com.br\/portal\/index.php?rest_route=\/wp\/v2\/posts"}],"about":[{"href":"https:\/\/jornalbeirario.com.br\/portal\/index.php?rest_route=\/wp\/v2\/types\/post"}],"author":[{"embeddable":true,"href":"https:\/\/jornalbeirario.com.br\/portal\/index.php?rest_route=\/wp\/v2\/users\/1"}],"replies":[{"embeddable":true,"href":"https:\/\/jornalbeirario.com.br\/portal\/index.php?rest_route=%2Fwp%2Fv2%2Fcomments&post=74503"}],"version-history":[{"count":5,"href":"https:\/\/jornalbeirario.com.br\/portal\/index.php?rest_route=\/wp\/v2\/posts\/74503\/revisions"}],"predecessor-version":[{"id":74510,"href":"https:\/\/jornalbeirario.com.br\/portal\/index.php?rest_route=\/wp\/v2\/posts\/74503\/revisions\/74510"}],"wp:featuredmedia":[{"embeddable":true,"href":"https:\/\/jornalbeirario.com.br\/portal\/index.php?rest_route=\/wp\/v2\/media\/74509"}],"wp:attachment":[{"href":"https:\/\/jornalbeirario.com.br\/portal\/index.php?rest_route=%2Fwp%2Fv2%2Fmedia&parent=74503"}],"wp:term":[{"taxonomy":"category","embeddable":true,"href":"https:\/\/jornalbeirario.com.br\/portal\/index.php?rest_route=%2Fwp%2Fv2%2Fcategories&post=74503"},{"taxonomy":"post_tag","embeddable":true,"href":"https:\/\/jornalbeirario.com.br\/portal\/index.php?rest_route=%2Fwp%2Fv2%2Ftags&post=74503"}],"curies":[{"name":"wp","href":"https:\/\/api.w.org\/{rel}","templated":true}]}}