
{"id":74238,"date":"2021-03-30T18:52:35","date_gmt":"2021-03-30T21:52:35","guid":{"rendered":"http:\/\/jornalbeirario.com.br\/portal\/?p=74238"},"modified":"2021-03-30T19:07:51","modified_gmt":"2021-03-30T22:07:51","slug":"calendario-estadual-inclui-vacinacao-de-profissionais-da-educacao-e-seguranca","status":"publish","type":"post","link":"https:\/\/jornalbeirario.com.br\/portal\/?p=74238","title":{"rendered":"Calend\u00e1rio estadual inclui vacina\u00e7\u00e3o de profissionais da educa\u00e7\u00e3o e seguran\u00e7a"},"content":{"rendered":"<p style=\"text-align: justify;\">A partir do dia 12 de abril, os profissionais das for\u00e7as de seguran\u00e7a e salvamento passam a fazer parte do grupo priorit\u00e1rio para imuniza\u00e7\u00e3o no <a href=\"https:\/\/jornalbeirario.com.br\/portal\/wp-content\/uploads\/2021\/03\/calendario-unico.pdf\">Calend\u00e1rio \u00danico de Vacina\u00e7\u00e3o contra a Covid-19<\/a>, anunciado nesta ter\u00e7a-feira, dia 30, pelo governador em exerc\u00edcio do estado do Rio, Cl\u00e1udio Castro, durante coletiva \u00e0 imprensa. O objetivo \u00e9 garantir a uniformidade na imuniza\u00e7\u00e3o em todas as regi\u00f5es do estado e a prioridade da popula\u00e7\u00e3o de maior risco.<\/p>\n<p style=\"text-align: justify;\">O outro grupo priorit\u00e1rio tamb\u00e9m inclu\u00eddo no decreto, os profissionais da Educa\u00e7\u00e3o, devem come\u00e7ar a ser imunizados na segunda quinzena de abril. Al\u00e9m disso, ser\u00e1 intensificada a imuniza\u00e7\u00e3o para os profissionais de sa\u00fade, sendo que os mais de 320 mil que ainda n\u00e3o foram vacinados receber\u00e3o a primeira dose at\u00e9 o dia 10 de abril. O decreto estadual ainda prev\u00ea que idosos com 60 anos ou mais recebam a primeira dose at\u00e9 o dia 17 de abril.<\/p>\n<p style=\"text-align: justify;\">&#8211; O Calend\u00e1rio \u00danico de Vacina\u00e7\u00e3o vai dar mais tranquilidade \u00e0 popula\u00e7\u00e3o. Os prefeitos perceberam uma grande migra\u00e7\u00e3o de pessoas para munic\u00edpios vizinhos em busca da vacina. N\u00f3s queremos que a vacina chegue para todas as regi\u00f5es do estado. A imuniza\u00e7\u00e3o \u00e9 a nossa grande esperan\u00e7a e vamos continuar trabalhando para que a vacina\u00e7\u00e3o prossiga da melhor forma poss\u00edvel \u2013 destacou Cl\u00e1udio Castro.<\/p>\n<p style=\"text-align: justify;\">O calend\u00e1rio \u00fanico servir\u00e1 como norte para os munic\u00edpios para que todos possam acompanhar as fases de imuniza\u00e7\u00e3o. As cidades que j\u00e1 est\u00e3o adiantadas em rela\u00e7\u00e3o \u00e0 vacina\u00e7\u00e3o do primeiro grupo previsto no calend\u00e1rio \u00fanico poder\u00e3o dar prosseguimento aos seus calend\u00e1rios. Entretanto, as secretarias municipais de Sa\u00fade dever\u00e3o seguir os grupos previstos na 1\u00aa fase de imuniza\u00e7\u00e3o, conforme preconizado no Plano Nacional.<\/p>\n","protected":false},"excerpt":{"rendered":"<p>A partir do dia 12 de abril, os profissionais das for\u00e7as de seguran\u00e7a e salvamento passam a fazer parte do grupo priorit\u00e1rio para imuniza\u00e7\u00e3o<\/p>\n","protected":false},"author":1,"featured_media":74243,"comment_status":"open","ping_status":"open","sticky":false,"template":"","format":"standard","meta":{"pmpro_default_level":"","footnotes":""},"categories":[227,158,18],"tags":[],"class_list":["post-74238","post","type-post","status-publish","format-standard","has-post-thumbnail","hentry","category-manchete","category-rio-de-janeiro","category-saude","pmpro-has-access"],"yoast_head":"<!-- This site is optimized with the Yoast SEO plugin v27.4 - https:\/\/yoast.com\/product\/yoast-seo-wordpress\/ -->\n<title>Calend\u00e1rio estadual inclui vacina\u00e7\u00e3o de profissionais da educa\u00e7\u00e3o e seguran\u00e7a - JORNAL BEIRA RIO<\/title>\n<meta name=\"robots\" content=\"index, follow, max-snippet:-1, max-image-preview:large, max-video-preview:-1\" \/>\n<link rel=\"canonical\" href=\"https:\/\/jornalbeirario.com.br\/portal\/?p=74238\" \/>\n<meta property=\"og:locale\" content=\"pt_BR\" \/>\n<meta property=\"og:type\" content=\"article\" \/>\n<meta property=\"og:title\" content=\"Calend\u00e1rio estadual inclui vacina\u00e7\u00e3o de profissionais da educa\u00e7\u00e3o e seguran\u00e7a - JORNAL BEIRA RIO\" \/>\n<meta property=\"og:description\" content=\"A partir do dia 12 de abril, os profissionais das for\u00e7as de seguran\u00e7a e salvamento passam a fazer parte do grupo priorit\u00e1rio para imuniza\u00e7\u00e3o\" \/>\n<meta property=\"og:url\" content=\"https:\/\/jornalbeirario.com.br\/portal\/?p=74238\" \/>\n<meta property=\"og:site_name\" content=\"JORNAL BEIRA RIO\" \/>\n<meta property=\"article:published_time\" content=\"2021-03-30T21:52:35+00:00\" \/>\n<meta property=\"article:modified_time\" content=\"2021-03-30T22:07:51+00:00\" \/>\n<meta property=\"og:image\" content=\"https:\/\/jornalbeirario.com.br\/portal\/wp-content\/uploads\/2021\/03\/coletiva1.jpg\" \/>\n\t<meta property=\"og:image:width\" content=\"1100\" \/>\n\t<meta property=\"og:image:height\" content=\"470\" \/>\n\t<meta property=\"og:image:type\" content=\"image\/jpeg\" \/>\n<meta name=\"author\" content=\"Jornal BEIRA-RIO\" \/>\n<meta name=\"twitter:card\" content=\"summary_large_image\" \/>\n<meta name=\"twitter:label1\" content=\"Escrito por\" \/>\n\t<meta name=\"twitter:data1\" content=\"Jornal BEIRA-RIO\" \/>\n\t<meta name=\"twitter:label2\" content=\"Est. tempo de leitura\" \/>\n\t<meta name=\"twitter:data2\" content=\"2 minutos\" \/>\n<script type=\"application\/ld+json\" class=\"yoast-schema-graph\">{\"@context\":\"https:\\\/\\\/schema.org\",\"@graph\":[{\"@type\":\"Article\",\"@id\":\"https:\\\/\\\/jornalbeirario.com.br\\\/portal\\\/?p=74238#article\",\"isPartOf\":{\"@id\":\"https:\\\/\\\/jornalbeirario.com.br\\\/portal\\\/?p=74238\"},\"author\":{\"name\":\"Jornal BEIRA-RIO\",\"@id\":\"https:\\\/\\\/jornalbeirario.com.br\\\/portal\\\/#\\\/schema\\\/person\\\/c6c423e4c2465d2a9233f6539173e7c1\"},\"headline\":\"Calend\u00e1rio estadual inclui vacina\u00e7\u00e3o de profissionais da educa\u00e7\u00e3o e seguran\u00e7a\",\"datePublished\":\"2021-03-30T21:52:35+00:00\",\"dateModified\":\"2021-03-30T22:07:51+00:00\",\"mainEntityOfPage\":{\"@id\":\"https:\\\/\\\/jornalbeirario.com.br\\\/portal\\\/?p=74238\"},\"wordCount\":322,\"commentCount\":0,\"publisher\":{\"@id\":\"https:\\\/\\\/jornalbeirario.com.br\\\/portal\\\/#organization\"},\"image\":{\"@id\":\"https:\\\/\\\/jornalbeirario.com.br\\\/portal\\\/?p=74238#primaryimage\"},\"thumbnailUrl\":\"https:\\\/\\\/jornalbeirario.com.br\\\/portal\\\/wp-content\\\/uploads\\\/2021\\\/03\\\/coletiva1.jpg\",\"articleSection\":[\"Manchete\",\"Rio de Janeiro\",\"Sa\u00fade\"],\"inLanguage\":\"pt-BR\",\"potentialAction\":[{\"@type\":\"CommentAction\",\"name\":\"Comment\",\"target\":[\"https:\\\/\\\/jornalbeirario.com.br\\\/portal\\\/?p=74238#respond\"]}]},{\"@type\":\"WebPage\",\"@id\":\"https:\\\/\\\/jornalbeirario.com.br\\\/portal\\\/?p=74238\",\"url\":\"https:\\\/\\\/jornalbeirario.com.br\\\/portal\\\/?p=74238\",\"name\":\"Calend\u00e1rio estadual inclui vacina\u00e7\u00e3o de profissionais da educa\u00e7\u00e3o e seguran\u00e7a - JORNAL BEIRA RIO\",\"isPartOf\":{\"@id\":\"https:\\\/\\\/jornalbeirario.com.br\\\/portal\\\/#website\"},\"primaryImageOfPage\":{\"@id\":\"https:\\\/\\\/jornalbeirario.com.br\\\/portal\\\/?p=74238#primaryimage\"},\"image\":{\"@id\":\"https:\\\/\\\/jornalbeirario.com.br\\\/portal\\\/?p=74238#primaryimage\"},\"thumbnailUrl\":\"https:\\\/\\\/jornalbeirario.com.br\\\/portal\\\/wp-content\\\/uploads\\\/2021\\\/03\\\/coletiva1.jpg\",\"datePublished\":\"2021-03-30T21:52:35+00:00\",\"dateModified\":\"2021-03-30T22:07:51+00:00\",\"breadcrumb\":{\"@id\":\"https:\\\/\\\/jornalbeirario.com.br\\\/portal\\\/?p=74238#breadcrumb\"},\"inLanguage\":\"pt-BR\",\"potentialAction\":[{\"@type\":\"ReadAction\",\"target\":[\"https:\\\/\\\/jornalbeirario.com.br\\\/portal\\\/?p=74238\"]}]},{\"@type\":\"ImageObject\",\"inLanguage\":\"pt-BR\",\"@id\":\"https:\\\/\\\/jornalbeirario.com.br\\\/portal\\\/?p=74238#primaryimage\",\"url\":\"https:\\\/\\\/jornalbeirario.com.br\\\/portal\\\/wp-content\\\/uploads\\\/2021\\\/03\\\/coletiva1.jpg\",\"contentUrl\":\"https:\\\/\\\/jornalbeirario.com.br\\\/portal\\\/wp-content\\\/uploads\\\/2021\\\/03\\\/coletiva1.jpg\",\"width\":1100,\"height\":470},{\"@type\":\"BreadcrumbList\",\"@id\":\"https:\\\/\\\/jornalbeirario.com.br\\\/portal\\\/?p=74238#breadcrumb\",\"itemListElement\":[{\"@type\":\"ListItem\",\"position\":1,\"name\":\"Home\",\"item\":\"https:\\\/\\\/jornalbeirario.com.br\\\/portal\"},{\"@type\":\"ListItem\",\"position\":2,\"name\":\"Calend\u00e1rio estadual inclui vacina\u00e7\u00e3o de profissionais da educa\u00e7\u00e3o e seguran\u00e7a\"}]},{\"@type\":\"WebSite\",\"@id\":\"https:\\\/\\\/jornalbeirario.com.br\\\/portal\\\/#website\",\"url\":\"https:\\\/\\\/jornalbeirario.com.br\\\/portal\\\/\",\"name\":\"JORNAL BEIRA RIO\",\"description\":\"\",\"publisher\":{\"@id\":\"https:\\\/\\\/jornalbeirario.com.br\\\/portal\\\/#organization\"},\"potentialAction\":[{\"@type\":\"SearchAction\",\"target\":{\"@type\":\"EntryPoint\",\"urlTemplate\":\"https:\\\/\\\/jornalbeirario.com.br\\\/portal\\\/?s={search_term_string}\"},\"query-input\":{\"@type\":\"PropertyValueSpecification\",\"valueRequired\":true,\"valueName\":\"search_term_string\"}}],\"inLanguage\":\"pt-BR\"},{\"@type\":\"Organization\",\"@id\":\"https:\\\/\\\/jornalbeirario.com.br\\\/portal\\\/#organization\",\"name\":\"JORNAL BEIRA RIO\",\"url\":\"https:\\\/\\\/jornalbeirario.com.br\\\/portal\\\/\",\"logo\":{\"@type\":\"ImageObject\",\"inLanguage\":\"pt-BR\",\"@id\":\"https:\\\/\\\/jornalbeirario.com.br\\\/portal\\\/#\\\/schema\\\/logo\\\/image\\\/\",\"url\":\"https:\\\/\\\/jornalbeirario.com.br\\\/portal\\\/wp-content\\\/uploads\\\/2017\\\/09\\\/BEIRA-RIO_logo600.png\",\"contentUrl\":\"https:\\\/\\\/jornalbeirario.com.br\\\/portal\\\/wp-content\\\/uploads\\\/2017\\\/09\\\/BEIRA-RIO_logo600.png\",\"width\":650,\"height\":108,\"caption\":\"JORNAL BEIRA RIO\"},\"image\":{\"@id\":\"https:\\\/\\\/jornalbeirario.com.br\\\/portal\\\/#\\\/schema\\\/logo\\\/image\\\/\"}},{\"@type\":\"Person\",\"@id\":\"https:\\\/\\\/jornalbeirario.com.br\\\/portal\\\/#\\\/schema\\\/person\\\/c6c423e4c2465d2a9233f6539173e7c1\",\"name\":\"Jornal BEIRA-RIO\",\"image\":{\"@type\":\"ImageObject\",\"inLanguage\":\"pt-BR\",\"@id\":\"https:\\\/\\\/jornalbeirario.com.br\\\/portal\\\/wp-content\\\/uploads\\\/2023\\\/10\\\/logojbr1.jpg\",\"url\":\"https:\\\/\\\/jornalbeirario.com.br\\\/portal\\\/wp-content\\\/uploads\\\/2023\\\/10\\\/logojbr1.jpg\",\"contentUrl\":\"https:\\\/\\\/jornalbeirario.com.br\\\/portal\\\/wp-content\\\/uploads\\\/2023\\\/10\\\/logojbr1.jpg\",\"caption\":\"Jornal BEIRA-RIO\"},\"url\":\"https:\\\/\\\/jornalbeirario.com.br\\\/portal\\\/?author=1\"}]}<\/script>\n<!-- \/ Yoast SEO plugin. -->","yoast_head_json":{"title":"Calend\u00e1rio estadual inclui vacina\u00e7\u00e3o de profissionais da educa\u00e7\u00e3o e seguran\u00e7a - JORNAL BEIRA RIO","robots":{"index":"index","follow":"follow","max-snippet":"max-snippet:-1","max-image-preview":"max-image-preview:large","max-video-preview":"max-video-preview:-1"},"canonical":"https:\/\/jornalbeirario.com.br\/portal\/?p=74238","og_locale":"pt_BR","og_type":"article","og_title":"Calend\u00e1rio estadual inclui vacina\u00e7\u00e3o de profissionais da educa\u00e7\u00e3o e seguran\u00e7a - JORNAL BEIRA RIO","og_description":"A partir do dia 12 de abril, os profissionais das for\u00e7as de seguran\u00e7a e salvamento passam a fazer parte do grupo priorit\u00e1rio para imuniza\u00e7\u00e3o","og_url":"https:\/\/jornalbeirario.com.br\/portal\/?p=74238","og_site_name":"JORNAL BEIRA RIO","article_published_time":"2021-03-30T21:52:35+00:00","article_modified_time":"2021-03-30T22:07:51+00:00","og_image":[{"width":1100,"height":470,"url":"https:\/\/jornalbeirario.com.br\/portal\/wp-content\/uploads\/2021\/03\/coletiva1.jpg","type":"image\/jpeg"}],"author":"Jornal BEIRA-RIO","twitter_card":"summary_large_image","twitter_misc":{"Escrito por":"Jornal BEIRA-RIO","Est. tempo de leitura":"2 minutos"},"schema":{"@context":"https:\/\/schema.org","@graph":[{"@type":"Article","@id":"https:\/\/jornalbeirario.com.br\/portal\/?p=74238#article","isPartOf":{"@id":"https:\/\/jornalbeirario.com.br\/portal\/?p=74238"},"author":{"name":"Jornal BEIRA-RIO","@id":"https:\/\/jornalbeirario.com.br\/portal\/#\/schema\/person\/c6c423e4c2465d2a9233f6539173e7c1"},"headline":"Calend\u00e1rio estadual inclui vacina\u00e7\u00e3o de profissionais da educa\u00e7\u00e3o e seguran\u00e7a","datePublished":"2021-03-30T21:52:35+00:00","dateModified":"2021-03-30T22:07:51+00:00","mainEntityOfPage":{"@id":"https:\/\/jornalbeirario.com.br\/portal\/?p=74238"},"wordCount":322,"commentCount":0,"publisher":{"@id":"https:\/\/jornalbeirario.com.br\/portal\/#organization"},"image":{"@id":"https:\/\/jornalbeirario.com.br\/portal\/?p=74238#primaryimage"},"thumbnailUrl":"https:\/\/jornalbeirario.com.br\/portal\/wp-content\/uploads\/2021\/03\/coletiva1.jpg","articleSection":["Manchete","Rio de Janeiro","Sa\u00fade"],"inLanguage":"pt-BR","potentialAction":[{"@type":"CommentAction","name":"Comment","target":["https:\/\/jornalbeirario.com.br\/portal\/?p=74238#respond"]}]},{"@type":"WebPage","@id":"https:\/\/jornalbeirario.com.br\/portal\/?p=74238","url":"https:\/\/jornalbeirario.com.br\/portal\/?p=74238","name":"Calend\u00e1rio estadual inclui vacina\u00e7\u00e3o de profissionais da educa\u00e7\u00e3o e seguran\u00e7a - JORNAL BEIRA RIO","isPartOf":{"@id":"https:\/\/jornalbeirario.com.br\/portal\/#website"},"primaryImageOfPage":{"@id":"https:\/\/jornalbeirario.com.br\/portal\/?p=74238#primaryimage"},"image":{"@id":"https:\/\/jornalbeirario.com.br\/portal\/?p=74238#primaryimage"},"thumbnailUrl":"https:\/\/jornalbeirario.com.br\/portal\/wp-content\/uploads\/2021\/03\/coletiva1.jpg","datePublished":"2021-03-30T21:52:35+00:00","dateModified":"2021-03-30T22:07:51+00:00","breadcrumb":{"@id":"https:\/\/jornalbeirario.com.br\/portal\/?p=74238#breadcrumb"},"inLanguage":"pt-BR","potentialAction":[{"@type":"ReadAction","target":["https:\/\/jornalbeirario.com.br\/portal\/?p=74238"]}]},{"@type":"ImageObject","inLanguage":"pt-BR","@id":"https:\/\/jornalbeirario.com.br\/portal\/?p=74238#primaryimage","url":"https:\/\/jornalbeirario.com.br\/portal\/wp-content\/uploads\/2021\/03\/coletiva1.jpg","contentUrl":"https:\/\/jornalbeirario.com.br\/portal\/wp-content\/uploads\/2021\/03\/coletiva1.jpg","width":1100,"height":470},{"@type":"BreadcrumbList","@id":"https:\/\/jornalbeirario.com.br\/portal\/?p=74238#breadcrumb","itemListElement":[{"@type":"ListItem","position":1,"name":"Home","item":"https:\/\/jornalbeirario.com.br\/portal"},{"@type":"ListItem","position":2,"name":"Calend\u00e1rio estadual inclui vacina\u00e7\u00e3o de profissionais da educa\u00e7\u00e3o e seguran\u00e7a"}]},{"@type":"WebSite","@id":"https:\/\/jornalbeirario.com.br\/portal\/#website","url":"https:\/\/jornalbeirario.com.br\/portal\/","name":"JORNAL BEIRA RIO","description":"","publisher":{"@id":"https:\/\/jornalbeirario.com.br\/portal\/#organization"},"potentialAction":[{"@type":"SearchAction","target":{"@type":"EntryPoint","urlTemplate":"https:\/\/jornalbeirario.com.br\/portal\/?s={search_term_string}"},"query-input":{"@type":"PropertyValueSpecification","valueRequired":true,"valueName":"search_term_string"}}],"inLanguage":"pt-BR"},{"@type":"Organization","@id":"https:\/\/jornalbeirario.com.br\/portal\/#organization","name":"JORNAL BEIRA RIO","url":"https:\/\/jornalbeirario.com.br\/portal\/","logo":{"@type":"ImageObject","inLanguage":"pt-BR","@id":"https:\/\/jornalbeirario.com.br\/portal\/#\/schema\/logo\/image\/","url":"https:\/\/jornalbeirario.com.br\/portal\/wp-content\/uploads\/2017\/09\/BEIRA-RIO_logo600.png","contentUrl":"https:\/\/jornalbeirario.com.br\/portal\/wp-content\/uploads\/2017\/09\/BEIRA-RIO_logo600.png","width":650,"height":108,"caption":"JORNAL BEIRA RIO"},"image":{"@id":"https:\/\/jornalbeirario.com.br\/portal\/#\/schema\/logo\/image\/"}},{"@type":"Person","@id":"https:\/\/jornalbeirario.com.br\/portal\/#\/schema\/person\/c6c423e4c2465d2a9233f6539173e7c1","name":"Jornal BEIRA-RIO","image":{"@type":"ImageObject","inLanguage":"pt-BR","@id":"https:\/\/jornalbeirario.com.br\/portal\/wp-content\/uploads\/2023\/10\/logojbr1.jpg","url":"https:\/\/jornalbeirario.com.br\/portal\/wp-content\/uploads\/2023\/10\/logojbr1.jpg","contentUrl":"https:\/\/jornalbeirario.com.br\/portal\/wp-content\/uploads\/2023\/10\/logojbr1.jpg","caption":"Jornal BEIRA-RIO"},"url":"https:\/\/jornalbeirario.com.br\/portal\/?author=1"}]}},"_links":{"self":[{"href":"https:\/\/jornalbeirario.com.br\/portal\/index.php?rest_route=\/wp\/v2\/posts\/74238","targetHints":{"allow":["GET"]}}],"collection":[{"href":"https:\/\/jornalbeirario.com.br\/portal\/index.php?rest_route=\/wp\/v2\/posts"}],"about":[{"href":"https:\/\/jornalbeirario.com.br\/portal\/index.php?rest_route=\/wp\/v2\/types\/post"}],"author":[{"embeddable":true,"href":"https:\/\/jornalbeirario.com.br\/portal\/index.php?rest_route=\/wp\/v2\/users\/1"}],"replies":[{"embeddable":true,"href":"https:\/\/jornalbeirario.com.br\/portal\/index.php?rest_route=%2Fwp%2Fv2%2Fcomments&post=74238"}],"version-history":[{"count":7,"href":"https:\/\/jornalbeirario.com.br\/portal\/index.php?rest_route=\/wp\/v2\/posts\/74238\/revisions"}],"predecessor-version":[{"id":74247,"href":"https:\/\/jornalbeirario.com.br\/portal\/index.php?rest_route=\/wp\/v2\/posts\/74238\/revisions\/74247"}],"wp:featuredmedia":[{"embeddable":true,"href":"https:\/\/jornalbeirario.com.br\/portal\/index.php?rest_route=\/wp\/v2\/media\/74243"}],"wp:attachment":[{"href":"https:\/\/jornalbeirario.com.br\/portal\/index.php?rest_route=%2Fwp%2Fv2%2Fmedia&parent=74238"}],"wp:term":[{"taxonomy":"category","embeddable":true,"href":"https:\/\/jornalbeirario.com.br\/portal\/index.php?rest_route=%2Fwp%2Fv2%2Fcategories&post=74238"},{"taxonomy":"post_tag","embeddable":true,"href":"https:\/\/jornalbeirario.com.br\/portal\/index.php?rest_route=%2Fwp%2Fv2%2Ftags&post=74238"}],"curies":[{"name":"wp","href":"https:\/\/api.w.org\/{rel}","templated":true}]}}