
{"id":74120,"date":"2021-03-26T19:58:12","date_gmt":"2021-03-26T22:58:12","guid":{"rendered":"http:\/\/jornalbeirario.com.br\/portal\/?p=74120"},"modified":"2021-03-26T20:03:07","modified_gmt":"2021-03-26T23:03:07","slug":"industrias-do-sul-fluminense-apresentam-prioridades-para-assessoria-do-deputado-noel-de-carvalho","status":"publish","type":"post","link":"https:\/\/jornalbeirario.com.br\/portal\/?p=74120","title":{"rendered":"Ind\u00fastrias do Sul Fluminense apresentam prioridades para assessoria do deputado Noel de Carvalho"},"content":{"rendered":"<figure id=\"attachment_74125\" aria-describedby=\"caption-attachment-74125\" style=\"width: 300px\" class=\"wp-caption alignright\"><a href=\"https:\/\/jornalbeirario.com.br\/portal\/wp-content\/uploads\/2021\/03\/reuniaocluster1.jpg\"><img loading=\"lazy\" decoding=\"async\" class=\"wp-image-74125 size-medium\" src=\"https:\/\/jornalbeirario.com.br\/portal\/wp-content\/uploads\/2021\/03\/reuniaocluster1-300x225.jpg\" alt=\"\" width=\"300\" height=\"225\" srcset=\"https:\/\/jornalbeirario.com.br\/portal\/wp-content\/uploads\/2021\/03\/reuniaocluster1-300x225.jpg 300w, https:\/\/jornalbeirario.com.br\/portal\/wp-content\/uploads\/2021\/03\/reuniaocluster1.jpg 640w\" sizes=\"auto, (max-width: 300px) 100vw, 300px\" \/><\/a><figcaption id=\"caption-attachment-74125\" class=\"wp-caption-text\">Da esquerda para a direita, participaram da reuni\u00e3o Marcos Arezo (Jaguar Land Rover), Saulo Franco (Firjan), Ruy Saldanha (assessor Noel de Carvalho), Adilson Dezoto (Volks), Ant\u00f4nio Carlos Vilela (Firjan) e Rodrigo Lemos (Volks) (Foto: Divulga\u00e7\u00e3o)<\/figcaption><\/figure>\n<p style=\"text-align: justify;\">Nesta sexta-feira, dia 26, no centro de treinamento da Volkswagen Caminh\u00f5es e \u00d4nibus, em Resende, integrantes do Cluster Automotivo Sul Fluminense se reuniram com o assessor do deputado Noel de Carvalho (PSDB), Ruy Saldanha, para apresentarem algumas das principais demandas das montadoras da regi\u00e3o (al\u00e9m da Volks, tamb\u00e9m estavam presentes os empres\u00e1rios da Stellantis, de Porto Real; Jaguar\/Land Rover, de Itatiaia; Nissan, de Resende; e Hyundai, de Itatiaia), e tamb\u00e9m dos diversos fornecedores instalados na regi\u00e3o.<\/p>\n<p style=\"text-align: justify;\">O presidente do cluster e representante da Volks, Adilson Dezoto, destacou a atua\u00e7\u00e3o da organiza\u00e7\u00e3o, seus objetivos e demandas junto ao Governo do Estado do Rio de Janeiro, solicitando a aprecia\u00e7\u00e3o do deputado em alguns pontos espec\u00edficos como os das \u00e1reas tribut\u00e1ria, log\u00edstica e de energia.<\/p>\n<p style=\"text-align: justify;\">\u2014 A ind\u00fastria tem sofrido altos e baixos ao longo dos \u00faltimos 30 anos, mas n\u00e3o temos d\u00favidas que gera riqueza. Precisamos nos voltar mais para quem gera riqueza prim\u00e1ria e empregos, mas para isso preciso de condi\u00e7\u00f5es de competitividade. Por isso temos certeza que a colabora\u00e7\u00e3o do deputado \u00e9 de extrema import\u00e2ncia &#8211; citou.<\/p>\n<p style=\"text-align: justify;\">O assessor Saldanha lembrou que a ind\u00fastria sempre foi pauta da agenda de Noel de Carvalho. \u201cNoel sempre foi um incentivador do desenvolvimento e continua com grande atua\u00e7\u00e3o nesta \u00e1rea. E para ele os desafios fazem parte da rotina. Hoje ele n\u00e3o conseguiu estar aqui, mas j\u00e1 solicitou uma segunda reuni\u00e3o com o grupo para o desdobramento desta conversa\u201d, anunciou.<\/p>\n","protected":false},"excerpt":{"rendered":"<p>Nesta sexta-feira, dia 26, no centro de treinamento da Volkswagen Caminh\u00f5es e \u00d4nibus, em Resende, integrantes do Cluster Automotivo Sul Fluminense se reuniram com<\/p>\n","protected":false},"author":1,"featured_media":74125,"comment_status":"open","ping_status":"open","sticky":false,"template":"","format":"standard","meta":{"pmpro_default_level":"","footnotes":""},"categories":[1,6,11],"tags":[],"class_list":["post-74120","post","type-post","status-publish","format-standard","has-post-thumbnail","hentry","category-cidade","category-economia","category-politica","pmpro-has-access"],"yoast_head":"<!-- This site is optimized with the Yoast SEO plugin v27.4 - https:\/\/yoast.com\/product\/yoast-seo-wordpress\/ -->\n<title>Ind\u00fastrias do Sul Fluminense apresentam prioridades para assessoria do deputado Noel de Carvalho - JORNAL BEIRA RIO<\/title>\n<meta name=\"robots\" content=\"index, follow, max-snippet:-1, max-image-preview:large, max-video-preview:-1\" \/>\n<link rel=\"canonical\" href=\"https:\/\/jornalbeirario.com.br\/portal\/?p=74120\" \/>\n<meta property=\"og:locale\" content=\"pt_BR\" \/>\n<meta property=\"og:type\" content=\"article\" \/>\n<meta property=\"og:title\" content=\"Ind\u00fastrias do Sul Fluminense apresentam prioridades para assessoria do deputado Noel de Carvalho - JORNAL BEIRA RIO\" \/>\n<meta property=\"og:description\" content=\"Nesta sexta-feira, dia 26, no centro de treinamento da Volkswagen Caminh\u00f5es e \u00d4nibus, em Resende, integrantes do Cluster Automotivo Sul Fluminense se reuniram com\" \/>\n<meta property=\"og:url\" content=\"https:\/\/jornalbeirario.com.br\/portal\/?p=74120\" \/>\n<meta property=\"og:site_name\" content=\"JORNAL BEIRA RIO\" \/>\n<meta property=\"article:published_time\" content=\"2021-03-26T22:58:12+00:00\" \/>\n<meta property=\"article:modified_time\" content=\"2021-03-26T23:03:07+00:00\" \/>\n<meta property=\"og:image\" content=\"https:\/\/jornalbeirario.com.br\/portal\/wp-content\/uploads\/2021\/03\/reuniaocluster1.jpg\" \/>\n\t<meta property=\"og:image:width\" content=\"640\" \/>\n\t<meta property=\"og:image:height\" content=\"480\" \/>\n\t<meta property=\"og:image:type\" content=\"image\/jpeg\" \/>\n<meta name=\"author\" content=\"Jornal BEIRA-RIO\" \/>\n<meta name=\"twitter:card\" content=\"summary_large_image\" \/>\n<meta name=\"twitter:label1\" content=\"Escrito por\" \/>\n\t<meta name=\"twitter:data1\" content=\"Jornal BEIRA-RIO\" \/>\n\t<meta name=\"twitter:label2\" content=\"Est. tempo de leitura\" \/>\n\t<meta name=\"twitter:data2\" content=\"2 minutos\" \/>\n<script type=\"application\/ld+json\" class=\"yoast-schema-graph\">{\"@context\":\"https:\\\/\\\/schema.org\",\"@graph\":[{\"@type\":\"Article\",\"@id\":\"https:\\\/\\\/jornalbeirario.com.br\\\/portal\\\/?p=74120#article\",\"isPartOf\":{\"@id\":\"https:\\\/\\\/jornalbeirario.com.br\\\/portal\\\/?p=74120\"},\"author\":{\"name\":\"Jornal BEIRA-RIO\",\"@id\":\"https:\\\/\\\/jornalbeirario.com.br\\\/portal\\\/#\\\/schema\\\/person\\\/c6c423e4c2465d2a9233f6539173e7c1\"},\"headline\":\"Ind\u00fastrias do Sul Fluminense apresentam prioridades para assessoria do deputado Noel de Carvalho\",\"datePublished\":\"2021-03-26T22:58:12+00:00\",\"dateModified\":\"2021-03-26T23:03:07+00:00\",\"mainEntityOfPage\":{\"@id\":\"https:\\\/\\\/jornalbeirario.com.br\\\/portal\\\/?p=74120\"},\"wordCount\":317,\"commentCount\":0,\"publisher\":{\"@id\":\"https:\\\/\\\/jornalbeirario.com.br\\\/portal\\\/#organization\"},\"image\":{\"@id\":\"https:\\\/\\\/jornalbeirario.com.br\\\/portal\\\/?p=74120#primaryimage\"},\"thumbnailUrl\":\"https:\\\/\\\/jornalbeirario.com.br\\\/portal\\\/wp-content\\\/uploads\\\/2021\\\/03\\\/reuniaocluster1.jpg\",\"articleSection\":[\"Cidade\",\"Economia\",\"Pol\u00edtica\"],\"inLanguage\":\"pt-BR\",\"potentialAction\":[{\"@type\":\"CommentAction\",\"name\":\"Comment\",\"target\":[\"https:\\\/\\\/jornalbeirario.com.br\\\/portal\\\/?p=74120#respond\"]}]},{\"@type\":\"WebPage\",\"@id\":\"https:\\\/\\\/jornalbeirario.com.br\\\/portal\\\/?p=74120\",\"url\":\"https:\\\/\\\/jornalbeirario.com.br\\\/portal\\\/?p=74120\",\"name\":\"Ind\u00fastrias do Sul Fluminense apresentam prioridades para assessoria do deputado Noel de Carvalho - JORNAL BEIRA RIO\",\"isPartOf\":{\"@id\":\"https:\\\/\\\/jornalbeirario.com.br\\\/portal\\\/#website\"},\"primaryImageOfPage\":{\"@id\":\"https:\\\/\\\/jornalbeirario.com.br\\\/portal\\\/?p=74120#primaryimage\"},\"image\":{\"@id\":\"https:\\\/\\\/jornalbeirario.com.br\\\/portal\\\/?p=74120#primaryimage\"},\"thumbnailUrl\":\"https:\\\/\\\/jornalbeirario.com.br\\\/portal\\\/wp-content\\\/uploads\\\/2021\\\/03\\\/reuniaocluster1.jpg\",\"datePublished\":\"2021-03-26T22:58:12+00:00\",\"dateModified\":\"2021-03-26T23:03:07+00:00\",\"breadcrumb\":{\"@id\":\"https:\\\/\\\/jornalbeirario.com.br\\\/portal\\\/?p=74120#breadcrumb\"},\"inLanguage\":\"pt-BR\",\"potentialAction\":[{\"@type\":\"ReadAction\",\"target\":[\"https:\\\/\\\/jornalbeirario.com.br\\\/portal\\\/?p=74120\"]}]},{\"@type\":\"ImageObject\",\"inLanguage\":\"pt-BR\",\"@id\":\"https:\\\/\\\/jornalbeirario.com.br\\\/portal\\\/?p=74120#primaryimage\",\"url\":\"https:\\\/\\\/jornalbeirario.com.br\\\/portal\\\/wp-content\\\/uploads\\\/2021\\\/03\\\/reuniaocluster1.jpg\",\"contentUrl\":\"https:\\\/\\\/jornalbeirario.com.br\\\/portal\\\/wp-content\\\/uploads\\\/2021\\\/03\\\/reuniaocluster1.jpg\",\"width\":640,\"height\":480,\"caption\":\"nononon\"},{\"@type\":\"BreadcrumbList\",\"@id\":\"https:\\\/\\\/jornalbeirario.com.br\\\/portal\\\/?p=74120#breadcrumb\",\"itemListElement\":[{\"@type\":\"ListItem\",\"position\":1,\"name\":\"Home\",\"item\":\"https:\\\/\\\/jornalbeirario.com.br\\\/portal\"},{\"@type\":\"ListItem\",\"position\":2,\"name\":\"Ind\u00fastrias do Sul Fluminense apresentam prioridades para assessoria do deputado Noel de Carvalho\"}]},{\"@type\":\"WebSite\",\"@id\":\"https:\\\/\\\/jornalbeirario.com.br\\\/portal\\\/#website\",\"url\":\"https:\\\/\\\/jornalbeirario.com.br\\\/portal\\\/\",\"name\":\"JORNAL BEIRA RIO\",\"description\":\"\",\"publisher\":{\"@id\":\"https:\\\/\\\/jornalbeirario.com.br\\\/portal\\\/#organization\"},\"potentialAction\":[{\"@type\":\"SearchAction\",\"target\":{\"@type\":\"EntryPoint\",\"urlTemplate\":\"https:\\\/\\\/jornalbeirario.com.br\\\/portal\\\/?s={search_term_string}\"},\"query-input\":{\"@type\":\"PropertyValueSpecification\",\"valueRequired\":true,\"valueName\":\"search_term_string\"}}],\"inLanguage\":\"pt-BR\"},{\"@type\":\"Organization\",\"@id\":\"https:\\\/\\\/jornalbeirario.com.br\\\/portal\\\/#organization\",\"name\":\"JORNAL BEIRA RIO\",\"url\":\"https:\\\/\\\/jornalbeirario.com.br\\\/portal\\\/\",\"logo\":{\"@type\":\"ImageObject\",\"inLanguage\":\"pt-BR\",\"@id\":\"https:\\\/\\\/jornalbeirario.com.br\\\/portal\\\/#\\\/schema\\\/logo\\\/image\\\/\",\"url\":\"https:\\\/\\\/jornalbeirario.com.br\\\/portal\\\/wp-content\\\/uploads\\\/2017\\\/09\\\/BEIRA-RIO_logo600.png\",\"contentUrl\":\"https:\\\/\\\/jornalbeirario.com.br\\\/portal\\\/wp-content\\\/uploads\\\/2017\\\/09\\\/BEIRA-RIO_logo600.png\",\"width\":650,\"height\":108,\"caption\":\"JORNAL BEIRA RIO\"},\"image\":{\"@id\":\"https:\\\/\\\/jornalbeirario.com.br\\\/portal\\\/#\\\/schema\\\/logo\\\/image\\\/\"}},{\"@type\":\"Person\",\"@id\":\"https:\\\/\\\/jornalbeirario.com.br\\\/portal\\\/#\\\/schema\\\/person\\\/c6c423e4c2465d2a9233f6539173e7c1\",\"name\":\"Jornal BEIRA-RIO\",\"image\":{\"@type\":\"ImageObject\",\"inLanguage\":\"pt-BR\",\"@id\":\"https:\\\/\\\/jornalbeirario.com.br\\\/portal\\\/wp-content\\\/uploads\\\/2023\\\/10\\\/logojbr1.jpg\",\"url\":\"https:\\\/\\\/jornalbeirario.com.br\\\/portal\\\/wp-content\\\/uploads\\\/2023\\\/10\\\/logojbr1.jpg\",\"contentUrl\":\"https:\\\/\\\/jornalbeirario.com.br\\\/portal\\\/wp-content\\\/uploads\\\/2023\\\/10\\\/logojbr1.jpg\",\"caption\":\"Jornal BEIRA-RIO\"},\"url\":\"https:\\\/\\\/jornalbeirario.com.br\\\/portal\\\/?author=1\"}]}<\/script>\n<!-- \/ Yoast SEO plugin. -->","yoast_head_json":{"title":"Ind\u00fastrias do Sul Fluminense apresentam prioridades para assessoria do deputado Noel de Carvalho - JORNAL BEIRA RIO","robots":{"index":"index","follow":"follow","max-snippet":"max-snippet:-1","max-image-preview":"max-image-preview:large","max-video-preview":"max-video-preview:-1"},"canonical":"https:\/\/jornalbeirario.com.br\/portal\/?p=74120","og_locale":"pt_BR","og_type":"article","og_title":"Ind\u00fastrias do Sul Fluminense apresentam prioridades para assessoria do deputado Noel de Carvalho - JORNAL BEIRA RIO","og_description":"Nesta sexta-feira, dia 26, no centro de treinamento da Volkswagen Caminh\u00f5es e \u00d4nibus, em Resende, integrantes do Cluster Automotivo Sul Fluminense se reuniram com","og_url":"https:\/\/jornalbeirario.com.br\/portal\/?p=74120","og_site_name":"JORNAL BEIRA RIO","article_published_time":"2021-03-26T22:58:12+00:00","article_modified_time":"2021-03-26T23:03:07+00:00","og_image":[{"width":640,"height":480,"url":"https:\/\/jornalbeirario.com.br\/portal\/wp-content\/uploads\/2021\/03\/reuniaocluster1.jpg","type":"image\/jpeg"}],"author":"Jornal BEIRA-RIO","twitter_card":"summary_large_image","twitter_misc":{"Escrito por":"Jornal BEIRA-RIO","Est. tempo de leitura":"2 minutos"},"schema":{"@context":"https:\/\/schema.org","@graph":[{"@type":"Article","@id":"https:\/\/jornalbeirario.com.br\/portal\/?p=74120#article","isPartOf":{"@id":"https:\/\/jornalbeirario.com.br\/portal\/?p=74120"},"author":{"name":"Jornal BEIRA-RIO","@id":"https:\/\/jornalbeirario.com.br\/portal\/#\/schema\/person\/c6c423e4c2465d2a9233f6539173e7c1"},"headline":"Ind\u00fastrias do Sul Fluminense apresentam prioridades para assessoria do deputado Noel de Carvalho","datePublished":"2021-03-26T22:58:12+00:00","dateModified":"2021-03-26T23:03:07+00:00","mainEntityOfPage":{"@id":"https:\/\/jornalbeirario.com.br\/portal\/?p=74120"},"wordCount":317,"commentCount":0,"publisher":{"@id":"https:\/\/jornalbeirario.com.br\/portal\/#organization"},"image":{"@id":"https:\/\/jornalbeirario.com.br\/portal\/?p=74120#primaryimage"},"thumbnailUrl":"https:\/\/jornalbeirario.com.br\/portal\/wp-content\/uploads\/2021\/03\/reuniaocluster1.jpg","articleSection":["Cidade","Economia","Pol\u00edtica"],"inLanguage":"pt-BR","potentialAction":[{"@type":"CommentAction","name":"Comment","target":["https:\/\/jornalbeirario.com.br\/portal\/?p=74120#respond"]}]},{"@type":"WebPage","@id":"https:\/\/jornalbeirario.com.br\/portal\/?p=74120","url":"https:\/\/jornalbeirario.com.br\/portal\/?p=74120","name":"Ind\u00fastrias do Sul Fluminense apresentam prioridades para assessoria do deputado Noel de Carvalho - JORNAL BEIRA RIO","isPartOf":{"@id":"https:\/\/jornalbeirario.com.br\/portal\/#website"},"primaryImageOfPage":{"@id":"https:\/\/jornalbeirario.com.br\/portal\/?p=74120#primaryimage"},"image":{"@id":"https:\/\/jornalbeirario.com.br\/portal\/?p=74120#primaryimage"},"thumbnailUrl":"https:\/\/jornalbeirario.com.br\/portal\/wp-content\/uploads\/2021\/03\/reuniaocluster1.jpg","datePublished":"2021-03-26T22:58:12+00:00","dateModified":"2021-03-26T23:03:07+00:00","breadcrumb":{"@id":"https:\/\/jornalbeirario.com.br\/portal\/?p=74120#breadcrumb"},"inLanguage":"pt-BR","potentialAction":[{"@type":"ReadAction","target":["https:\/\/jornalbeirario.com.br\/portal\/?p=74120"]}]},{"@type":"ImageObject","inLanguage":"pt-BR","@id":"https:\/\/jornalbeirario.com.br\/portal\/?p=74120#primaryimage","url":"https:\/\/jornalbeirario.com.br\/portal\/wp-content\/uploads\/2021\/03\/reuniaocluster1.jpg","contentUrl":"https:\/\/jornalbeirario.com.br\/portal\/wp-content\/uploads\/2021\/03\/reuniaocluster1.jpg","width":640,"height":480,"caption":"nononon"},{"@type":"BreadcrumbList","@id":"https:\/\/jornalbeirario.com.br\/portal\/?p=74120#breadcrumb","itemListElement":[{"@type":"ListItem","position":1,"name":"Home","item":"https:\/\/jornalbeirario.com.br\/portal"},{"@type":"ListItem","position":2,"name":"Ind\u00fastrias do Sul Fluminense apresentam prioridades para assessoria do deputado Noel de Carvalho"}]},{"@type":"WebSite","@id":"https:\/\/jornalbeirario.com.br\/portal\/#website","url":"https:\/\/jornalbeirario.com.br\/portal\/","name":"JORNAL BEIRA RIO","description":"","publisher":{"@id":"https:\/\/jornalbeirario.com.br\/portal\/#organization"},"potentialAction":[{"@type":"SearchAction","target":{"@type":"EntryPoint","urlTemplate":"https:\/\/jornalbeirario.com.br\/portal\/?s={search_term_string}"},"query-input":{"@type":"PropertyValueSpecification","valueRequired":true,"valueName":"search_term_string"}}],"inLanguage":"pt-BR"},{"@type":"Organization","@id":"https:\/\/jornalbeirario.com.br\/portal\/#organization","name":"JORNAL BEIRA RIO","url":"https:\/\/jornalbeirario.com.br\/portal\/","logo":{"@type":"ImageObject","inLanguage":"pt-BR","@id":"https:\/\/jornalbeirario.com.br\/portal\/#\/schema\/logo\/image\/","url":"https:\/\/jornalbeirario.com.br\/portal\/wp-content\/uploads\/2017\/09\/BEIRA-RIO_logo600.png","contentUrl":"https:\/\/jornalbeirario.com.br\/portal\/wp-content\/uploads\/2017\/09\/BEIRA-RIO_logo600.png","width":650,"height":108,"caption":"JORNAL BEIRA RIO"},"image":{"@id":"https:\/\/jornalbeirario.com.br\/portal\/#\/schema\/logo\/image\/"}},{"@type":"Person","@id":"https:\/\/jornalbeirario.com.br\/portal\/#\/schema\/person\/c6c423e4c2465d2a9233f6539173e7c1","name":"Jornal BEIRA-RIO","image":{"@type":"ImageObject","inLanguage":"pt-BR","@id":"https:\/\/jornalbeirario.com.br\/portal\/wp-content\/uploads\/2023\/10\/logojbr1.jpg","url":"https:\/\/jornalbeirario.com.br\/portal\/wp-content\/uploads\/2023\/10\/logojbr1.jpg","contentUrl":"https:\/\/jornalbeirario.com.br\/portal\/wp-content\/uploads\/2023\/10\/logojbr1.jpg","caption":"Jornal BEIRA-RIO"},"url":"https:\/\/jornalbeirario.com.br\/portal\/?author=1"}]}},"_links":{"self":[{"href":"https:\/\/jornalbeirario.com.br\/portal\/index.php?rest_route=\/wp\/v2\/posts\/74120","targetHints":{"allow":["GET"]}}],"collection":[{"href":"https:\/\/jornalbeirario.com.br\/portal\/index.php?rest_route=\/wp\/v2\/posts"}],"about":[{"href":"https:\/\/jornalbeirario.com.br\/portal\/index.php?rest_route=\/wp\/v2\/types\/post"}],"author":[{"embeddable":true,"href":"https:\/\/jornalbeirario.com.br\/portal\/index.php?rest_route=\/wp\/v2\/users\/1"}],"replies":[{"embeddable":true,"href":"https:\/\/jornalbeirario.com.br\/portal\/index.php?rest_route=%2Fwp%2Fv2%2Fcomments&post=74120"}],"version-history":[{"count":10,"href":"https:\/\/jornalbeirario.com.br\/portal\/index.php?rest_route=\/wp\/v2\/posts\/74120\/revisions"}],"predecessor-version":[{"id":74131,"href":"https:\/\/jornalbeirario.com.br\/portal\/index.php?rest_route=\/wp\/v2\/posts\/74120\/revisions\/74131"}],"wp:featuredmedia":[{"embeddable":true,"href":"https:\/\/jornalbeirario.com.br\/portal\/index.php?rest_route=\/wp\/v2\/media\/74125"}],"wp:attachment":[{"href":"https:\/\/jornalbeirario.com.br\/portal\/index.php?rest_route=%2Fwp%2Fv2%2Fmedia&parent=74120"}],"wp:term":[{"taxonomy":"category","embeddable":true,"href":"https:\/\/jornalbeirario.com.br\/portal\/index.php?rest_route=%2Fwp%2Fv2%2Fcategories&post=74120"},{"taxonomy":"post_tag","embeddable":true,"href":"https:\/\/jornalbeirario.com.br\/portal\/index.php?rest_route=%2Fwp%2Fv2%2Ftags&post=74120"}],"curies":[{"name":"wp","href":"https:\/\/api.w.org\/{rel}","templated":true}]}}