
{"id":73998,"date":"2021-03-23T10:49:55","date_gmt":"2021-03-23T13:49:55","guid":{"rendered":"http:\/\/jornalbeirario.com.br\/portal\/?p=73998"},"modified":"2021-03-23T11:30:06","modified_gmt":"2021-03-23T14:30:06","slug":"contra-a-covid-19-mprj-recomenda-medidas-de-isolamento-social-para-regiao-metropolitana","status":"publish","type":"post","link":"https:\/\/jornalbeirario.com.br\/portal\/?p=73998","title":{"rendered":"Contra a covid-19, MPRJ recomenda medidas de isolamento social para Regi\u00e3o Metropolitana"},"content":{"rendered":"<figure id=\"attachment_74001\" aria-describedby=\"caption-attachment-74001\" style=\"width: 300px\" class=\"wp-caption alignright\"><a href=\"https:\/\/jornalbeirario.com.br\/portal\/wp-content\/uploads\/2021\/03\/niteroi1.jpg\"><img loading=\"lazy\" decoding=\"async\" class=\"size-medium wp-image-74001\" src=\"https:\/\/jornalbeirario.com.br\/portal\/wp-content\/uploads\/2021\/03\/niteroi1-300x225.jpg\" alt=\"\" width=\"300\" height=\"225\" srcset=\"https:\/\/jornalbeirario.com.br\/portal\/wp-content\/uploads\/2021\/03\/niteroi1-300x225.jpg 300w, https:\/\/jornalbeirario.com.br\/portal\/wp-content\/uploads\/2021\/03\/niteroi1.jpg 640w\" sizes=\"auto, (max-width: 300px) 100vw, 300px\" \/><\/a><figcaption id=\"caption-attachment-74001\" class=\"wp-caption-text\">Niter\u00f3i est\u00e1 na lista de munic\u00edpios que receberam recomenda\u00e7\u00e3o do MPRJ (Foto: Reprodu\u00e7\u00e3o\/Internet)<\/figcaption><\/figure>\n<p style=\"text-align: justify;\">O Minist\u00e9rio P\u00fablico do Estado do Rio de Janeiro (MPRJ), publicou um documento na noite desta segunda-feira, dia 22, por meio da 1\u00aa e 2\u00aa Promotorias de Justi\u00e7a de Tutela Coletiva da Sa\u00fade da Regi\u00e3o Metropolitana II, uma Recomenda\u00e7\u00e3o aos munic\u00edpios de Niter\u00f3i, S\u00e3o Gon\u00e7alo, Itabora\u00ed, Rio Bonito, Tangu\u00e1, Maric\u00e1 e Silva Jardim &#8220;para que adotem a\u00e7\u00f5es imediatas para a amplia\u00e7\u00e3o das medidas de isolamento social, com a suspens\u00e3o das atividades sociais e econ\u00f4micas classificadas como n\u00e3o essenciais e restri\u00e7\u00e3o daquelas consideradas essenciais&#8221;.<\/p>\n<p style=\"text-align: justify;\">A recomenda\u00e7\u00e3o, segundo o MPRJ, se d\u00e1 em meio ao aumento consistente e progressivo, nos \u00faltimos dias, do n\u00famero de interna\u00e7\u00f5es por S\u00edndrome Respirat\u00f3ria Aguda Grave (SRAG) e das taxas de ocupa\u00e7\u00e3o de leitos na regi\u00e3o Metropolitana II, com verifica\u00e7\u00e3o do aumento da taxa de transmiss\u00e3o (acima de 1.1) e da preponder\u00e2ncia da variante de Manaus (P.1) na regi\u00e3o Sudeste. Essa situa\u00e7\u00e3o impossibilita o manejo de pacientes para munic\u00edpios vizinhos em raz\u00e3o da constata\u00e7\u00e3o de risco comum elevado em toda regi\u00e3o, al\u00e9m da press\u00e3o por aumento da demanda por oxig\u00eanio, insumos e medicamentos necess\u00e1rios para a manuten\u00e7\u00e3o dos leitos.<\/p>\n<p style=\"text-align: justify;\">A recomenda\u00e7\u00e3o tamb\u00e9m determina a manuten\u00e7\u00e3o das medidas restritivas e de fiscaliza\u00e7\u00e3o pelo prazo no m\u00ednimo 14 dias, podendo ser, ao final desse prazo, mantidas, flexibilizadas ou ampliadas, de acordo com a evolu\u00e7\u00e3o ou involu\u00e7\u00e3o do n\u00famero de novos cont\u00e1gios, novas interna\u00e7\u00f5es e taxas de ocupa\u00e7\u00e3o de leitos no territ\u00f3rio de cada munic\u00edpio e na Regi\u00e3o Metropolitana II. O documento foi enviado a prefeitos e secret\u00e1rios Municipais de Sa\u00fade que comp\u00f5em a regi\u00e3o e requer a presta\u00e7\u00e3o de informa\u00e7\u00f5es das provid\u00eancias adotadas ao MPRJ no prazo de 48 horas.<\/p>\n<p style=\"text-align: justify;\">A recomenda\u00e7\u00e3o tamb\u00e9m aponta a necessidade do incremento das a\u00e7\u00f5es de fiscaliza\u00e7\u00e3o pela administra\u00e7\u00e3o p\u00fablica municipal quanto ao cumprimento, pela sociedade em geral, das medidas de isolamento impostas como forma de tentativa de supera\u00e7\u00e3o do cen\u00e1rio de colapso do sistema de sa\u00fade.<\/p>\n<p style=\"text-align: justify;\">O documento aponta a necessidade da revis\u00e3o imediata do Plano de Conting\u00eancia para enfrentamento \u00e0 pandemia para amplia\u00e7\u00e3o urgente do n\u00famero de leitos de enfermaria e UTI disponibilizados \u00e0 popula\u00e7\u00e3o em todas as unidades de sa\u00fade de urg\u00eancia e emerg\u00eancia e hospitalares vinculadas ao SUS em que isso se mostre poss\u00edvel e vi\u00e1vel, com indica\u00e7\u00e3o pormenorizada das raz\u00f5es que eventualmente impe\u00e7am esse aumento de quantitativo em cada uma delas.<\/p>\n<p style=\"text-align: justify;\">Complementa a necessidade, ainda, de ado\u00e7\u00e3o urgente das medidas necess\u00e1rias para aquisi\u00e7\u00e3o de oxig\u00eanio, insumos e medicamentos ao atendimento da demanda crescente determinada pelo aumento do n\u00famero e prolongamento do tempo das interna\u00e7\u00f5es por covid-19.<\/p>\n<p style=\"text-align: justify;\">Al\u00e9m da Recomenda\u00e7\u00e3o, as Promotorias de Justi\u00e7a notificaram os representantes dos munic\u00edpios a comparecerem \u00e0 reuni\u00e3o conjunta marcada para a pr\u00f3xima quinta-feira, dia 25, para a apresenta\u00e7\u00e3o das a\u00e7\u00f5es adotadas para o enfrentamento do atual cen\u00e1rio de crise nos seus respectivos territ\u00f3rios.<\/p>\n<p style=\"text-align: justify;\">NITER\u00d3I E RIO COM REGRAS MAIS RIGOROSAS<br \/>\nUm dos munic\u00edpios citados no documento do MPRJ <a href=\"https:\/\/coronavirus.rio\/noticias\/prefeitura-do-rio-determina-fechamento-dos-servicos-nao-essenciais-por-dez-dias\/\">anunciou que adotar\u00e1 regras mais rigorosas no controle da pandemia<\/a>. Niter\u00f3i, atrav\u00e9s de seu prefeito Axel Grael (PDT), e o prefeito da cidade do Rio de Janeiro, Eduardo Paes (DEM), anunciaram em coletiva realizada na tarde de segunda-feira, em Niter\u00f3i, que os munic\u00edpios adotar\u00e3o de forma conjunta regras de isolamento social mais rigorosas.<\/p>\n<p style=\"text-align: justify;\">As medidas come\u00e7am a valer no dia 26 e v\u00e3o at\u00e9 4 de abril. Entre as regras que foram citadas, foi mantida a proibi\u00e7\u00e3o de permanecer em vias p\u00fablicas das 23h \u00e0s 5h. No evento, as duas prefeituras ressaltaram que &#8220;o per\u00edodo n\u00e3o deve ser encarado como feriado, mas sim como medidas de prote\u00e7\u00e3o da vida e isolamento social, respeitando as diretrizes e orienta\u00e7\u00f5es municipais&#8221;.<\/p>\n","protected":false},"excerpt":{"rendered":"<p>O Minist\u00e9rio P\u00fablico do Estado do Rio de Janeiro (MPRJ), publicou um documento na noite desta segunda-feira, dia 22, por meio da 1\u00aa e<\/p>\n","protected":false},"author":1,"featured_media":74001,"comment_status":"open","ping_status":"open","sticky":false,"template":"","format":"standard","meta":{"pmpro_default_level":"","footnotes":""},"categories":[158,18],"tags":[],"class_list":["post-73998","post","type-post","status-publish","format-standard","has-post-thumbnail","hentry","category-rio-de-janeiro","category-saude","pmpro-has-access"],"yoast_head":"<!-- This site is optimized with the Yoast SEO plugin v27.4 - https:\/\/yoast.com\/product\/yoast-seo-wordpress\/ -->\n<title>Contra a covid-19, MPRJ recomenda medidas de isolamento social para Regi\u00e3o Metropolitana - JORNAL BEIRA RIO<\/title>\n<meta name=\"robots\" content=\"index, follow, max-snippet:-1, max-image-preview:large, max-video-preview:-1\" \/>\n<link rel=\"canonical\" href=\"https:\/\/jornalbeirario.com.br\/portal\/?p=73998\" \/>\n<meta property=\"og:locale\" content=\"pt_BR\" \/>\n<meta property=\"og:type\" content=\"article\" \/>\n<meta property=\"og:title\" content=\"Contra a covid-19, MPRJ recomenda medidas de isolamento social para Regi\u00e3o Metropolitana - JORNAL BEIRA RIO\" \/>\n<meta property=\"og:description\" content=\"O Minist\u00e9rio P\u00fablico do Estado do Rio de Janeiro (MPRJ), publicou um documento na noite desta segunda-feira, dia 22, por meio da 1\u00aa e\" \/>\n<meta property=\"og:url\" content=\"https:\/\/jornalbeirario.com.br\/portal\/?p=73998\" \/>\n<meta property=\"og:site_name\" content=\"JORNAL BEIRA RIO\" \/>\n<meta property=\"article:published_time\" content=\"2021-03-23T13:49:55+00:00\" \/>\n<meta property=\"article:modified_time\" content=\"2021-03-23T14:30:06+00:00\" \/>\n<meta property=\"og:image\" content=\"https:\/\/jornalbeirario.com.br\/portal\/wp-content\/uploads\/2021\/03\/niteroi1.jpg\" \/>\n\t<meta property=\"og:image:width\" content=\"640\" \/>\n\t<meta property=\"og:image:height\" content=\"480\" \/>\n\t<meta property=\"og:image:type\" content=\"image\/jpeg\" \/>\n<meta name=\"author\" content=\"Jornal BEIRA-RIO\" \/>\n<meta name=\"twitter:card\" content=\"summary_large_image\" \/>\n<meta name=\"twitter:label1\" content=\"Escrito por\" \/>\n\t<meta name=\"twitter:data1\" content=\"Jornal BEIRA-RIO\" \/>\n\t<meta name=\"twitter:label2\" content=\"Est. tempo de leitura\" \/>\n\t<meta name=\"twitter:data2\" content=\"4 minutos\" \/>\n<script type=\"application\/ld+json\" class=\"yoast-schema-graph\">{\"@context\":\"https:\\\/\\\/schema.org\",\"@graph\":[{\"@type\":\"Article\",\"@id\":\"https:\\\/\\\/jornalbeirario.com.br\\\/portal\\\/?p=73998#article\",\"isPartOf\":{\"@id\":\"https:\\\/\\\/jornalbeirario.com.br\\\/portal\\\/?p=73998\"},\"author\":{\"name\":\"Jornal BEIRA-RIO\",\"@id\":\"https:\\\/\\\/jornalbeirario.com.br\\\/portal\\\/#\\\/schema\\\/person\\\/c6c423e4c2465d2a9233f6539173e7c1\"},\"headline\":\"Contra a covid-19, MPRJ recomenda medidas de isolamento social para Regi\u00e3o Metropolitana\",\"datePublished\":\"2021-03-23T13:49:55+00:00\",\"dateModified\":\"2021-03-23T14:30:06+00:00\",\"mainEntityOfPage\":{\"@id\":\"https:\\\/\\\/jornalbeirario.com.br\\\/portal\\\/?p=73998\"},\"wordCount\":729,\"commentCount\":0,\"publisher\":{\"@id\":\"https:\\\/\\\/jornalbeirario.com.br\\\/portal\\\/#organization\"},\"image\":{\"@id\":\"https:\\\/\\\/jornalbeirario.com.br\\\/portal\\\/?p=73998#primaryimage\"},\"thumbnailUrl\":\"https:\\\/\\\/jornalbeirario.com.br\\\/portal\\\/wp-content\\\/uploads\\\/2021\\\/03\\\/niteroi1.jpg\",\"articleSection\":[\"Rio de Janeiro\",\"Sa\u00fade\"],\"inLanguage\":\"pt-BR\",\"potentialAction\":[{\"@type\":\"CommentAction\",\"name\":\"Comment\",\"target\":[\"https:\\\/\\\/jornalbeirario.com.br\\\/portal\\\/?p=73998#respond\"]}]},{\"@type\":\"WebPage\",\"@id\":\"https:\\\/\\\/jornalbeirario.com.br\\\/portal\\\/?p=73998\",\"url\":\"https:\\\/\\\/jornalbeirario.com.br\\\/portal\\\/?p=73998\",\"name\":\"Contra a covid-19, MPRJ recomenda medidas de isolamento social para Regi\u00e3o Metropolitana - JORNAL BEIRA RIO\",\"isPartOf\":{\"@id\":\"https:\\\/\\\/jornalbeirario.com.br\\\/portal\\\/#website\"},\"primaryImageOfPage\":{\"@id\":\"https:\\\/\\\/jornalbeirario.com.br\\\/portal\\\/?p=73998#primaryimage\"},\"image\":{\"@id\":\"https:\\\/\\\/jornalbeirario.com.br\\\/portal\\\/?p=73998#primaryimage\"},\"thumbnailUrl\":\"https:\\\/\\\/jornalbeirario.com.br\\\/portal\\\/wp-content\\\/uploads\\\/2021\\\/03\\\/niteroi1.jpg\",\"datePublished\":\"2021-03-23T13:49:55+00:00\",\"dateModified\":\"2021-03-23T14:30:06+00:00\",\"breadcrumb\":{\"@id\":\"https:\\\/\\\/jornalbeirario.com.br\\\/portal\\\/?p=73998#breadcrumb\"},\"inLanguage\":\"pt-BR\",\"potentialAction\":[{\"@type\":\"ReadAction\",\"target\":[\"https:\\\/\\\/jornalbeirario.com.br\\\/portal\\\/?p=73998\"]}]},{\"@type\":\"ImageObject\",\"inLanguage\":\"pt-BR\",\"@id\":\"https:\\\/\\\/jornalbeirario.com.br\\\/portal\\\/?p=73998#primaryimage\",\"url\":\"https:\\\/\\\/jornalbeirario.com.br\\\/portal\\\/wp-content\\\/uploads\\\/2021\\\/03\\\/niteroi1.jpg\",\"contentUrl\":\"https:\\\/\\\/jornalbeirario.com.br\\\/portal\\\/wp-content\\\/uploads\\\/2021\\\/03\\\/niteroi1.jpg\",\"width\":640,\"height\":480,\"caption\":\"Niter\u00f3i est\u00e1 na lista de munic\u00edpios que receberu recomenda\u00e7\u00e3o do MPRJ\"},{\"@type\":\"BreadcrumbList\",\"@id\":\"https:\\\/\\\/jornalbeirario.com.br\\\/portal\\\/?p=73998#breadcrumb\",\"itemListElement\":[{\"@type\":\"ListItem\",\"position\":1,\"name\":\"Home\",\"item\":\"https:\\\/\\\/jornalbeirario.com.br\\\/portal\"},{\"@type\":\"ListItem\",\"position\":2,\"name\":\"Contra a covid-19, MPRJ recomenda medidas de isolamento social para Regi\u00e3o Metropolitana\"}]},{\"@type\":\"WebSite\",\"@id\":\"https:\\\/\\\/jornalbeirario.com.br\\\/portal\\\/#website\",\"url\":\"https:\\\/\\\/jornalbeirario.com.br\\\/portal\\\/\",\"name\":\"JORNAL BEIRA RIO\",\"description\":\"\",\"publisher\":{\"@id\":\"https:\\\/\\\/jornalbeirario.com.br\\\/portal\\\/#organization\"},\"potentialAction\":[{\"@type\":\"SearchAction\",\"target\":{\"@type\":\"EntryPoint\",\"urlTemplate\":\"https:\\\/\\\/jornalbeirario.com.br\\\/portal\\\/?s={search_term_string}\"},\"query-input\":{\"@type\":\"PropertyValueSpecification\",\"valueRequired\":true,\"valueName\":\"search_term_string\"}}],\"inLanguage\":\"pt-BR\"},{\"@type\":\"Organization\",\"@id\":\"https:\\\/\\\/jornalbeirario.com.br\\\/portal\\\/#organization\",\"name\":\"JORNAL BEIRA RIO\",\"url\":\"https:\\\/\\\/jornalbeirario.com.br\\\/portal\\\/\",\"logo\":{\"@type\":\"ImageObject\",\"inLanguage\":\"pt-BR\",\"@id\":\"https:\\\/\\\/jornalbeirario.com.br\\\/portal\\\/#\\\/schema\\\/logo\\\/image\\\/\",\"url\":\"https:\\\/\\\/jornalbeirario.com.br\\\/portal\\\/wp-content\\\/uploads\\\/2017\\\/09\\\/BEIRA-RIO_logo600.png\",\"contentUrl\":\"https:\\\/\\\/jornalbeirario.com.br\\\/portal\\\/wp-content\\\/uploads\\\/2017\\\/09\\\/BEIRA-RIO_logo600.png\",\"width\":650,\"height\":108,\"caption\":\"JORNAL BEIRA RIO\"},\"image\":{\"@id\":\"https:\\\/\\\/jornalbeirario.com.br\\\/portal\\\/#\\\/schema\\\/logo\\\/image\\\/\"}},{\"@type\":\"Person\",\"@id\":\"https:\\\/\\\/jornalbeirario.com.br\\\/portal\\\/#\\\/schema\\\/person\\\/c6c423e4c2465d2a9233f6539173e7c1\",\"name\":\"Jornal BEIRA-RIO\",\"image\":{\"@type\":\"ImageObject\",\"inLanguage\":\"pt-BR\",\"@id\":\"https:\\\/\\\/jornalbeirario.com.br\\\/portal\\\/wp-content\\\/uploads\\\/2023\\\/10\\\/logojbr1.jpg\",\"url\":\"https:\\\/\\\/jornalbeirario.com.br\\\/portal\\\/wp-content\\\/uploads\\\/2023\\\/10\\\/logojbr1.jpg\",\"contentUrl\":\"https:\\\/\\\/jornalbeirario.com.br\\\/portal\\\/wp-content\\\/uploads\\\/2023\\\/10\\\/logojbr1.jpg\",\"caption\":\"Jornal BEIRA-RIO\"},\"url\":\"https:\\\/\\\/jornalbeirario.com.br\\\/portal\\\/?author=1\"}]}<\/script>\n<!-- \/ Yoast SEO plugin. -->","yoast_head_json":{"title":"Contra a covid-19, MPRJ recomenda medidas de isolamento social para Regi\u00e3o Metropolitana - JORNAL BEIRA RIO","robots":{"index":"index","follow":"follow","max-snippet":"max-snippet:-1","max-image-preview":"max-image-preview:large","max-video-preview":"max-video-preview:-1"},"canonical":"https:\/\/jornalbeirario.com.br\/portal\/?p=73998","og_locale":"pt_BR","og_type":"article","og_title":"Contra a covid-19, MPRJ recomenda medidas de isolamento social para Regi\u00e3o Metropolitana - JORNAL BEIRA RIO","og_description":"O Minist\u00e9rio P\u00fablico do Estado do Rio de Janeiro (MPRJ), publicou um documento na noite desta segunda-feira, dia 22, por meio da 1\u00aa e","og_url":"https:\/\/jornalbeirario.com.br\/portal\/?p=73998","og_site_name":"JORNAL BEIRA RIO","article_published_time":"2021-03-23T13:49:55+00:00","article_modified_time":"2021-03-23T14:30:06+00:00","og_image":[{"width":640,"height":480,"url":"https:\/\/jornalbeirario.com.br\/portal\/wp-content\/uploads\/2021\/03\/niteroi1.jpg","type":"image\/jpeg"}],"author":"Jornal BEIRA-RIO","twitter_card":"summary_large_image","twitter_misc":{"Escrito por":"Jornal BEIRA-RIO","Est. tempo de leitura":"4 minutos"},"schema":{"@context":"https:\/\/schema.org","@graph":[{"@type":"Article","@id":"https:\/\/jornalbeirario.com.br\/portal\/?p=73998#article","isPartOf":{"@id":"https:\/\/jornalbeirario.com.br\/portal\/?p=73998"},"author":{"name":"Jornal BEIRA-RIO","@id":"https:\/\/jornalbeirario.com.br\/portal\/#\/schema\/person\/c6c423e4c2465d2a9233f6539173e7c1"},"headline":"Contra a covid-19, MPRJ recomenda medidas de isolamento social para Regi\u00e3o Metropolitana","datePublished":"2021-03-23T13:49:55+00:00","dateModified":"2021-03-23T14:30:06+00:00","mainEntityOfPage":{"@id":"https:\/\/jornalbeirario.com.br\/portal\/?p=73998"},"wordCount":729,"commentCount":0,"publisher":{"@id":"https:\/\/jornalbeirario.com.br\/portal\/#organization"},"image":{"@id":"https:\/\/jornalbeirario.com.br\/portal\/?p=73998#primaryimage"},"thumbnailUrl":"https:\/\/jornalbeirario.com.br\/portal\/wp-content\/uploads\/2021\/03\/niteroi1.jpg","articleSection":["Rio de Janeiro","Sa\u00fade"],"inLanguage":"pt-BR","potentialAction":[{"@type":"CommentAction","name":"Comment","target":["https:\/\/jornalbeirario.com.br\/portal\/?p=73998#respond"]}]},{"@type":"WebPage","@id":"https:\/\/jornalbeirario.com.br\/portal\/?p=73998","url":"https:\/\/jornalbeirario.com.br\/portal\/?p=73998","name":"Contra a covid-19, MPRJ recomenda medidas de isolamento social para Regi\u00e3o Metropolitana - JORNAL BEIRA RIO","isPartOf":{"@id":"https:\/\/jornalbeirario.com.br\/portal\/#website"},"primaryImageOfPage":{"@id":"https:\/\/jornalbeirario.com.br\/portal\/?p=73998#primaryimage"},"image":{"@id":"https:\/\/jornalbeirario.com.br\/portal\/?p=73998#primaryimage"},"thumbnailUrl":"https:\/\/jornalbeirario.com.br\/portal\/wp-content\/uploads\/2021\/03\/niteroi1.jpg","datePublished":"2021-03-23T13:49:55+00:00","dateModified":"2021-03-23T14:30:06+00:00","breadcrumb":{"@id":"https:\/\/jornalbeirario.com.br\/portal\/?p=73998#breadcrumb"},"inLanguage":"pt-BR","potentialAction":[{"@type":"ReadAction","target":["https:\/\/jornalbeirario.com.br\/portal\/?p=73998"]}]},{"@type":"ImageObject","inLanguage":"pt-BR","@id":"https:\/\/jornalbeirario.com.br\/portal\/?p=73998#primaryimage","url":"https:\/\/jornalbeirario.com.br\/portal\/wp-content\/uploads\/2021\/03\/niteroi1.jpg","contentUrl":"https:\/\/jornalbeirario.com.br\/portal\/wp-content\/uploads\/2021\/03\/niteroi1.jpg","width":640,"height":480,"caption":"Niter\u00f3i est\u00e1 na lista de munic\u00edpios que receberu recomenda\u00e7\u00e3o do MPRJ"},{"@type":"BreadcrumbList","@id":"https:\/\/jornalbeirario.com.br\/portal\/?p=73998#breadcrumb","itemListElement":[{"@type":"ListItem","position":1,"name":"Home","item":"https:\/\/jornalbeirario.com.br\/portal"},{"@type":"ListItem","position":2,"name":"Contra a covid-19, MPRJ recomenda medidas de isolamento social para Regi\u00e3o Metropolitana"}]},{"@type":"WebSite","@id":"https:\/\/jornalbeirario.com.br\/portal\/#website","url":"https:\/\/jornalbeirario.com.br\/portal\/","name":"JORNAL BEIRA RIO","description":"","publisher":{"@id":"https:\/\/jornalbeirario.com.br\/portal\/#organization"},"potentialAction":[{"@type":"SearchAction","target":{"@type":"EntryPoint","urlTemplate":"https:\/\/jornalbeirario.com.br\/portal\/?s={search_term_string}"},"query-input":{"@type":"PropertyValueSpecification","valueRequired":true,"valueName":"search_term_string"}}],"inLanguage":"pt-BR"},{"@type":"Organization","@id":"https:\/\/jornalbeirario.com.br\/portal\/#organization","name":"JORNAL BEIRA RIO","url":"https:\/\/jornalbeirario.com.br\/portal\/","logo":{"@type":"ImageObject","inLanguage":"pt-BR","@id":"https:\/\/jornalbeirario.com.br\/portal\/#\/schema\/logo\/image\/","url":"https:\/\/jornalbeirario.com.br\/portal\/wp-content\/uploads\/2017\/09\/BEIRA-RIO_logo600.png","contentUrl":"https:\/\/jornalbeirario.com.br\/portal\/wp-content\/uploads\/2017\/09\/BEIRA-RIO_logo600.png","width":650,"height":108,"caption":"JORNAL BEIRA RIO"},"image":{"@id":"https:\/\/jornalbeirario.com.br\/portal\/#\/schema\/logo\/image\/"}},{"@type":"Person","@id":"https:\/\/jornalbeirario.com.br\/portal\/#\/schema\/person\/c6c423e4c2465d2a9233f6539173e7c1","name":"Jornal BEIRA-RIO","image":{"@type":"ImageObject","inLanguage":"pt-BR","@id":"https:\/\/jornalbeirario.com.br\/portal\/wp-content\/uploads\/2023\/10\/logojbr1.jpg","url":"https:\/\/jornalbeirario.com.br\/portal\/wp-content\/uploads\/2023\/10\/logojbr1.jpg","contentUrl":"https:\/\/jornalbeirario.com.br\/portal\/wp-content\/uploads\/2023\/10\/logojbr1.jpg","caption":"Jornal BEIRA-RIO"},"url":"https:\/\/jornalbeirario.com.br\/portal\/?author=1"}]}},"_links":{"self":[{"href":"https:\/\/jornalbeirario.com.br\/portal\/index.php?rest_route=\/wp\/v2\/posts\/73998","targetHints":{"allow":["GET"]}}],"collection":[{"href":"https:\/\/jornalbeirario.com.br\/portal\/index.php?rest_route=\/wp\/v2\/posts"}],"about":[{"href":"https:\/\/jornalbeirario.com.br\/portal\/index.php?rest_route=\/wp\/v2\/types\/post"}],"author":[{"embeddable":true,"href":"https:\/\/jornalbeirario.com.br\/portal\/index.php?rest_route=\/wp\/v2\/users\/1"}],"replies":[{"embeddable":true,"href":"https:\/\/jornalbeirario.com.br\/portal\/index.php?rest_route=%2Fwp%2Fv2%2Fcomments&post=73998"}],"version-history":[{"count":8,"href":"https:\/\/jornalbeirario.com.br\/portal\/index.php?rest_route=\/wp\/v2\/posts\/73998\/revisions"}],"predecessor-version":[{"id":74003,"href":"https:\/\/jornalbeirario.com.br\/portal\/index.php?rest_route=\/wp\/v2\/posts\/73998\/revisions\/74003"}],"wp:featuredmedia":[{"embeddable":true,"href":"https:\/\/jornalbeirario.com.br\/portal\/index.php?rest_route=\/wp\/v2\/media\/74001"}],"wp:attachment":[{"href":"https:\/\/jornalbeirario.com.br\/portal\/index.php?rest_route=%2Fwp%2Fv2%2Fmedia&parent=73998"}],"wp:term":[{"taxonomy":"category","embeddable":true,"href":"https:\/\/jornalbeirario.com.br\/portal\/index.php?rest_route=%2Fwp%2Fv2%2Fcategories&post=73998"},{"taxonomy":"post_tag","embeddable":true,"href":"https:\/\/jornalbeirario.com.br\/portal\/index.php?rest_route=%2Fwp%2Fv2%2Ftags&post=73998"}],"curies":[{"name":"wp","href":"https:\/\/api.w.org\/{rel}","templated":true}]}}