
{"id":73935,"date":"2021-03-22T12:16:23","date_gmt":"2021-03-22T15:16:23","guid":{"rendered":"http:\/\/jornalbeirario.com.br\/portal\/?p=73935"},"modified":"2021-03-22T14:37:38","modified_gmt":"2021-03-22T17:37:38","slug":"rio-de-janeiro-tem-regiao-em-alto-risco-de-transmissao-para-a-covid-19","status":"publish","type":"post","link":"https:\/\/jornalbeirario.com.br\/portal\/?p=73935","title":{"rendered":"Pela primeira vez este ano, estado do RJ est\u00e1 em alto risco para covid-19"},"content":{"rendered":"<p style=\"text-align: justify;\">Se no come\u00e7o deste m\u00eas o Rio de Janeiro ainda apresentava \u00edndices pouco mais confort\u00e1veis em rela\u00e7\u00e3o a covid-19, esse panorama mudou nas duas \u00faltimas semanas. E o estado come\u00e7a a caminhar para a mesma situa\u00e7\u00e3o de colapso nas unidades de sa\u00fade como j\u00e1 vem acontecendo em outras unidades da federa\u00e7\u00e3o. No M\u00e9dio Para\u00edba, onde se localizam os quatro munic\u00edpios da Regi\u00e3o das Agulhas Negras, passou para a bandeira laranja, sendo classificada como de risco moderada para contamina\u00e7\u00e3o, segundo o \u00faltimo levantamento do Mapa de Risco Regional da Covid-19, publicado na \u00faltima sexta-feira, dia 19.<\/p>\n<p style=\"text-align: justify;\">Os dados mais alarmantes v\u00eam da regi\u00e3o Centro-Sul, conhecida por munic\u00edpios hist\u00f3ricos do Vale do Caf\u00e9 como Valen\u00e7a e Vassouras. A regi\u00e3o est\u00e1 classificada com risco muito alto (bandeira Roxa), de acordo com o levantamento, &#8220;devido ao aumento dos indicadores epidemiol\u00f3gicos (\u00f3bito e interna\u00e7\u00f5es) e aumento dos indicadores de capacidade de atendimento (taxa de ocupa\u00e7\u00e3o e tempo at\u00e9 o esgotamento)&#8221;. A regi\u00e3o sofre com uma ocupa\u00e7\u00e3o de 96,59% dos leitos de UTI e de 73,77% nos de enfermaria. Outras regi\u00f5es como a Serrana, a Noroeste e a Metropolitana I est\u00e3o classificadas com risco alto (bandeira vermelha), o que eleva o estado do Rio de Janeiro como \u00e1rea de alto risco.<\/p>\n<p style=\"text-align: justify;\">A situa\u00e7\u00e3o fez o Minist\u00e9rio P\u00fablico do Estado do Rio de Janeiro (MPRJ) publicar uma recomenda\u00e7\u00e3o conjunta a nove munic\u00edpios do Noroeste Fluminense. Em seu documento, tamb\u00e9m datado do dia 19, o \u00f3rg\u00e3o p\u00fablico destaca &#8220;que na tarde do dia 16 de mar\u00e7o de 2021 (ter\u00e7a-feira), o sistema de sa\u00fade chegou ao colapso, atingindo 100% de ocupa\u00e7\u00e3o de leitos oferecidos pelo SUS, j\u00e1 havendo lista de pessoas aguardando leitos para interna\u00e7\u00e3o, e ocorrendo at\u00e9 a presente data, tr\u00eas mortes de pacientes que n\u00e3o resistiram \u00e0 espera&#8221;. Al\u00e9m disso, cita que na manh\u00e3 do mesmo dia, a Central de Regula\u00e7\u00e3o do Noroeste Fluminense registrou 11 pessoas na lista de espera por leitos de UTI para o combate a covid-19.<\/p>\n<p style=\"text-align: justify;\">O documento tamb\u00e9m destaca que &#8220;as medidas atualmente impostas pelos Munic\u00edpios de atribui\u00e7\u00e3o das Promotorias de Justi\u00e7a de Tutela Coletiva do N\u00facleo Itaperuna (sede do MPRJ na regi\u00e3o) est\u00e3o se mostrando ineficientes, uma vez que, em an\u00e1lise regional de casos, verifica-se consider\u00e1vel aumento nos \u00edndices de mun\u00edcipes (cidad\u00e3os) contaminados&#8221;. E coloca <a href=\"https:\/\/jornalbeirario.com.br\/portal\/wp-content\/uploads\/2021\/03\/Recomendac\u0327a\u0303o-Conjunta-001.21.pdf\">uma s\u00e9rie de recomenda\u00e7\u00f5es a serem seguidas pelos munic\u00edpios<\/a>.<\/p>\n<p style=\"text-align: justify;\">Quem tamb\u00e9m manifestou preocupa\u00e7\u00e3o no aumento do n\u00famero de casos foi o presidente do Conselho de Secretarias Municipais de Sa\u00fade do Estado do RJ (Cosems-RJ), Rodrigo Alves Torres Oliveira. <a href=\"http:\/\/www.cosemsrj.org.br\/covid-19-cosems-rj-defende-a-imediata-adocao-de-medidas-restritivas-de-circulacao-de-pessoas\/\">Em nota publicada e assinada pelo presidente na p\u00e1gina oficial da entidade<\/a>, ele defende &#8220;a imediata ado\u00e7\u00e3o de medidas restritivas de circula\u00e7\u00e3o de pessoas como estrat\u00e9gia de preven\u00e7\u00e3o e conten\u00e7\u00e3o da transmiss\u00e3o da doen\u00e7a no estado, para al\u00e9m da amplia\u00e7\u00e3o de leitos, amplia\u00e7\u00e3o de testagem e permanente vigil\u00e2ncia epidemiol\u00f3gica, a\u00e7\u00f5es de sa\u00fade respaldadas e validadas por experi\u00eancias mundiais e estudos cient\u00edficos&#8221;.<\/p>\n<p style=\"text-align: justify;\">&#8211; Vivemos o momento mais grave da pandemia no Brasil, com o v\u00edrus circulando sem restri\u00e7\u00f5es, crescimento de muta\u00e7\u00f5es e o surgimento de novas cepas, mais infecciosas e com maior potencial de transmiss\u00e3o. O distanciamento social \u00e9 a principal medida para achatar a curva de propaga\u00e7\u00e3o e de preven\u00e7\u00e3o adequada, pois reduz drasticamente o contato f\u00edsico, evitando aglomera\u00e7\u00e3o de pessoas, devendo garantir o funcionamento dos servi\u00e7os essenciais e a implementa\u00e7\u00e3o de fiscaliza\u00e7\u00e3o rigorosa das a\u00e7\u00f5es restritivas.<\/p>\n<p style=\"text-align: justify;\">Ele encerra a nota defendendo um SUS cada vez mais forte, vacina\u00e7\u00e3o para todos e imediata ado\u00e7\u00e3o de medidas restritivas de circula\u00e7\u00e3o de pessoas.<\/p>\n<p style=\"text-align: justify;\">M\u00c9DIO PARA\u00cdBA TEM LOTA\u00c7\u00c3O DE UTIS EM 77%<br \/>\n<a href=\"https:\/\/jornalbeirario.com.br\/portal\/wp-content\/uploads\/2021\/03\/painel_indicadores_covid_18_03_2021.pdf\">Em sua 22\u00aa atualiza\u00e7\u00e3o<\/a>, o Mapa de risco da Covid-19 apresentou piora em seus \u00edndices, em compara\u00e7\u00e3o aos dados do levantamento anterior (de 12 de mar\u00e7o), quando o estado apresentava risco moderado de cont\u00e1gio, com regi\u00f5es Noroeste, Metropolitana I e Centro-Sul na bandeira vermelha (risco alto).<\/p>\n<p style=\"text-align: justify;\">No \u00faltimo levantamento, a situa\u00e7\u00e3o da pandemia se encontra em risco alto no estado, sendo que na compara\u00e7\u00e3o do per\u00edodo analisado (28\/02 a 06\/03 com 07 a 13\/03), o Rio de Janeiro apresentou uma redu\u00e7\u00e3o do n\u00famero de \u00f3bitos (-10%). Houve, por\u00e9m, aumento de casos de interna\u00e7\u00f5es por s\u00edndrome respirat\u00f3ria aguda grave (+20%). J\u00e1 as taxas de ocupa\u00e7\u00e3o de leitos no estado na \u00faltima sexta-feira, dia 19, est\u00e3o em 85,1% para leitos de UTI, e em 65,6% para leitos de enfermaria.<\/p>\n<p style=\"text-align: justify;\">Ainda que apresente risco moderado de cont\u00e1gio, a regi\u00e3o do M\u00e9dio Para\u00edba est\u00e1 com uma taxa de 77% de ocupa\u00e7\u00e3o nos leitos de UTI e de 50% para enfermarias. No entanto, a taxa de casos positivos da doen\u00e7a subiu 36,76%.<\/p>\n<p><em>Fotos: Divulga\u00e7\u00e3o\/SES-RJ<\/em><\/p>\n","protected":false},"excerpt":{"rendered":"<p>Se no come\u00e7o deste m\u00eas o Rio de Janeiro ainda apresentava \u00edndices pouco mais confort\u00e1veis em rela\u00e7\u00e3o a covid-19, esse panorama mudou nas duas<\/p>\n","protected":false},"author":1,"featured_media":73973,"comment_status":"open","ping_status":"open","sticky":false,"template":"","format":"standard","meta":{"pmpro_default_level":"","footnotes":""},"categories":[158,18],"tags":[],"class_list":["post-73935","post","type-post","status-publish","format-standard","has-post-thumbnail","hentry","category-rio-de-janeiro","category-saude","pmpro-has-access"],"yoast_head":"<!-- This site is optimized with the Yoast SEO plugin v27.4 - https:\/\/yoast.com\/product\/yoast-seo-wordpress\/ -->\n<title>Pela primeira vez este ano, estado do RJ est\u00e1 em alto risco para covid-19 - JORNAL BEIRA RIO<\/title>\n<meta name=\"robots\" content=\"index, follow, max-snippet:-1, max-image-preview:large, max-video-preview:-1\" \/>\n<link rel=\"canonical\" href=\"https:\/\/jornalbeirario.com.br\/portal\/?p=73935\" \/>\n<meta property=\"og:locale\" content=\"pt_BR\" \/>\n<meta property=\"og:type\" content=\"article\" \/>\n<meta property=\"og:title\" content=\"Pela primeira vez este ano, estado do RJ est\u00e1 em alto risco para covid-19 - JORNAL BEIRA RIO\" \/>\n<meta property=\"og:description\" content=\"Se no come\u00e7o deste m\u00eas o Rio de Janeiro ainda apresentava \u00edndices pouco mais confort\u00e1veis em rela\u00e7\u00e3o a covid-19, esse panorama mudou nas duas\" \/>\n<meta property=\"og:url\" content=\"https:\/\/jornalbeirario.com.br\/portal\/?p=73935\" \/>\n<meta property=\"og:site_name\" content=\"JORNAL BEIRA RIO\" \/>\n<meta property=\"article:published_time\" content=\"2021-03-22T15:16:23+00:00\" \/>\n<meta property=\"article:modified_time\" content=\"2021-03-22T17:37:38+00:00\" \/>\n<meta property=\"og:image\" content=\"https:\/\/jornalbeirario.com.br\/portal\/wp-content\/uploads\/2021\/03\/maparisco1.png\" \/>\n\t<meta property=\"og:image:width\" content=\"640\" \/>\n\t<meta property=\"og:image:height\" content=\"480\" \/>\n\t<meta property=\"og:image:type\" content=\"image\/png\" \/>\n<meta name=\"author\" content=\"Jornal BEIRA-RIO\" \/>\n<meta name=\"twitter:card\" content=\"summary_large_image\" \/>\n<meta name=\"twitter:label1\" content=\"Escrito por\" \/>\n\t<meta name=\"twitter:data1\" content=\"Jornal BEIRA-RIO\" \/>\n\t<meta name=\"twitter:label2\" content=\"Est. tempo de leitura\" \/>\n\t<meta name=\"twitter:data2\" content=\"4 minutos\" \/>\n<script type=\"application\/ld+json\" class=\"yoast-schema-graph\">{\"@context\":\"https:\\\/\\\/schema.org\",\"@graph\":[{\"@type\":\"Article\",\"@id\":\"https:\\\/\\\/jornalbeirario.com.br\\\/portal\\\/?p=73935#article\",\"isPartOf\":{\"@id\":\"https:\\\/\\\/jornalbeirario.com.br\\\/portal\\\/?p=73935\"},\"author\":{\"name\":\"Jornal BEIRA-RIO\",\"@id\":\"https:\\\/\\\/jornalbeirario.com.br\\\/portal\\\/#\\\/schema\\\/person\\\/c6c423e4c2465d2a9233f6539173e7c1\"},\"headline\":\"Pela primeira vez este ano, estado do RJ est\u00e1 em alto risco para covid-19\",\"datePublished\":\"2021-03-22T15:16:23+00:00\",\"dateModified\":\"2021-03-22T17:37:38+00:00\",\"mainEntityOfPage\":{\"@id\":\"https:\\\/\\\/jornalbeirario.com.br\\\/portal\\\/?p=73935\"},\"wordCount\":860,\"commentCount\":0,\"publisher\":{\"@id\":\"https:\\\/\\\/jornalbeirario.com.br\\\/portal\\\/#organization\"},\"image\":{\"@id\":\"https:\\\/\\\/jornalbeirario.com.br\\\/portal\\\/?p=73935#primaryimage\"},\"thumbnailUrl\":\"https:\\\/\\\/jornalbeirario.com.br\\\/portal\\\/wp-content\\\/uploads\\\/2021\\\/03\\\/maparisco1.png\",\"articleSection\":[\"Rio de Janeiro\",\"Sa\u00fade\"],\"inLanguage\":\"pt-BR\",\"potentialAction\":[{\"@type\":\"CommentAction\",\"name\":\"Comment\",\"target\":[\"https:\\\/\\\/jornalbeirario.com.br\\\/portal\\\/?p=73935#respond\"]}]},{\"@type\":\"WebPage\",\"@id\":\"https:\\\/\\\/jornalbeirario.com.br\\\/portal\\\/?p=73935\",\"url\":\"https:\\\/\\\/jornalbeirario.com.br\\\/portal\\\/?p=73935\",\"name\":\"Pela primeira vez este ano, estado do RJ est\u00e1 em alto risco para covid-19 - JORNAL BEIRA RIO\",\"isPartOf\":{\"@id\":\"https:\\\/\\\/jornalbeirario.com.br\\\/portal\\\/#website\"},\"primaryImageOfPage\":{\"@id\":\"https:\\\/\\\/jornalbeirario.com.br\\\/portal\\\/?p=73935#primaryimage\"},\"image\":{\"@id\":\"https:\\\/\\\/jornalbeirario.com.br\\\/portal\\\/?p=73935#primaryimage\"},\"thumbnailUrl\":\"https:\\\/\\\/jornalbeirario.com.br\\\/portal\\\/wp-content\\\/uploads\\\/2021\\\/03\\\/maparisco1.png\",\"datePublished\":\"2021-03-22T15:16:23+00:00\",\"dateModified\":\"2021-03-22T17:37:38+00:00\",\"breadcrumb\":{\"@id\":\"https:\\\/\\\/jornalbeirario.com.br\\\/portal\\\/?p=73935#breadcrumb\"},\"inLanguage\":\"pt-BR\",\"potentialAction\":[{\"@type\":\"ReadAction\",\"target\":[\"https:\\\/\\\/jornalbeirario.com.br\\\/portal\\\/?p=73935\"]}]},{\"@type\":\"ImageObject\",\"inLanguage\":\"pt-BR\",\"@id\":\"https:\\\/\\\/jornalbeirario.com.br\\\/portal\\\/?p=73935#primaryimage\",\"url\":\"https:\\\/\\\/jornalbeirario.com.br\\\/portal\\\/wp-content\\\/uploads\\\/2021\\\/03\\\/maparisco1.png\",\"contentUrl\":\"https:\\\/\\\/jornalbeirario.com.br\\\/portal\\\/wp-content\\\/uploads\\\/2021\\\/03\\\/maparisco1.png\",\"width\":640,\"height\":480},{\"@type\":\"BreadcrumbList\",\"@id\":\"https:\\\/\\\/jornalbeirario.com.br\\\/portal\\\/?p=73935#breadcrumb\",\"itemListElement\":[{\"@type\":\"ListItem\",\"position\":1,\"name\":\"Home\",\"item\":\"https:\\\/\\\/jornalbeirario.com.br\\\/portal\"},{\"@type\":\"ListItem\",\"position\":2,\"name\":\"Pela primeira vez este ano, estado do RJ est\u00e1 em alto risco para covid-19\"}]},{\"@type\":\"WebSite\",\"@id\":\"https:\\\/\\\/jornalbeirario.com.br\\\/portal\\\/#website\",\"url\":\"https:\\\/\\\/jornalbeirario.com.br\\\/portal\\\/\",\"name\":\"JORNAL BEIRA RIO\",\"description\":\"\",\"publisher\":{\"@id\":\"https:\\\/\\\/jornalbeirario.com.br\\\/portal\\\/#organization\"},\"potentialAction\":[{\"@type\":\"SearchAction\",\"target\":{\"@type\":\"EntryPoint\",\"urlTemplate\":\"https:\\\/\\\/jornalbeirario.com.br\\\/portal\\\/?s={search_term_string}\"},\"query-input\":{\"@type\":\"PropertyValueSpecification\",\"valueRequired\":true,\"valueName\":\"search_term_string\"}}],\"inLanguage\":\"pt-BR\"},{\"@type\":\"Organization\",\"@id\":\"https:\\\/\\\/jornalbeirario.com.br\\\/portal\\\/#organization\",\"name\":\"JORNAL BEIRA RIO\",\"url\":\"https:\\\/\\\/jornalbeirario.com.br\\\/portal\\\/\",\"logo\":{\"@type\":\"ImageObject\",\"inLanguage\":\"pt-BR\",\"@id\":\"https:\\\/\\\/jornalbeirario.com.br\\\/portal\\\/#\\\/schema\\\/logo\\\/image\\\/\",\"url\":\"https:\\\/\\\/jornalbeirario.com.br\\\/portal\\\/wp-content\\\/uploads\\\/2017\\\/09\\\/BEIRA-RIO_logo600.png\",\"contentUrl\":\"https:\\\/\\\/jornalbeirario.com.br\\\/portal\\\/wp-content\\\/uploads\\\/2017\\\/09\\\/BEIRA-RIO_logo600.png\",\"width\":650,\"height\":108,\"caption\":\"JORNAL BEIRA RIO\"},\"image\":{\"@id\":\"https:\\\/\\\/jornalbeirario.com.br\\\/portal\\\/#\\\/schema\\\/logo\\\/image\\\/\"}},{\"@type\":\"Person\",\"@id\":\"https:\\\/\\\/jornalbeirario.com.br\\\/portal\\\/#\\\/schema\\\/person\\\/c6c423e4c2465d2a9233f6539173e7c1\",\"name\":\"Jornal BEIRA-RIO\",\"image\":{\"@type\":\"ImageObject\",\"inLanguage\":\"pt-BR\",\"@id\":\"https:\\\/\\\/jornalbeirario.com.br\\\/portal\\\/wp-content\\\/uploads\\\/2023\\\/10\\\/logojbr1.jpg\",\"url\":\"https:\\\/\\\/jornalbeirario.com.br\\\/portal\\\/wp-content\\\/uploads\\\/2023\\\/10\\\/logojbr1.jpg\",\"contentUrl\":\"https:\\\/\\\/jornalbeirario.com.br\\\/portal\\\/wp-content\\\/uploads\\\/2023\\\/10\\\/logojbr1.jpg\",\"caption\":\"Jornal BEIRA-RIO\"},\"url\":\"https:\\\/\\\/jornalbeirario.com.br\\\/portal\\\/?author=1\"}]}<\/script>\n<!-- \/ Yoast SEO plugin. -->","yoast_head_json":{"title":"Pela primeira vez este ano, estado do RJ est\u00e1 em alto risco para covid-19 - JORNAL BEIRA RIO","robots":{"index":"index","follow":"follow","max-snippet":"max-snippet:-1","max-image-preview":"max-image-preview:large","max-video-preview":"max-video-preview:-1"},"canonical":"https:\/\/jornalbeirario.com.br\/portal\/?p=73935","og_locale":"pt_BR","og_type":"article","og_title":"Pela primeira vez este ano, estado do RJ est\u00e1 em alto risco para covid-19 - JORNAL BEIRA RIO","og_description":"Se no come\u00e7o deste m\u00eas o Rio de Janeiro ainda apresentava \u00edndices pouco mais confort\u00e1veis em rela\u00e7\u00e3o a covid-19, esse panorama mudou nas duas","og_url":"https:\/\/jornalbeirario.com.br\/portal\/?p=73935","og_site_name":"JORNAL BEIRA RIO","article_published_time":"2021-03-22T15:16:23+00:00","article_modified_time":"2021-03-22T17:37:38+00:00","og_image":[{"width":640,"height":480,"url":"https:\/\/jornalbeirario.com.br\/portal\/wp-content\/uploads\/2021\/03\/maparisco1.png","type":"image\/png"}],"author":"Jornal BEIRA-RIO","twitter_card":"summary_large_image","twitter_misc":{"Escrito por":"Jornal BEIRA-RIO","Est. tempo de leitura":"4 minutos"},"schema":{"@context":"https:\/\/schema.org","@graph":[{"@type":"Article","@id":"https:\/\/jornalbeirario.com.br\/portal\/?p=73935#article","isPartOf":{"@id":"https:\/\/jornalbeirario.com.br\/portal\/?p=73935"},"author":{"name":"Jornal BEIRA-RIO","@id":"https:\/\/jornalbeirario.com.br\/portal\/#\/schema\/person\/c6c423e4c2465d2a9233f6539173e7c1"},"headline":"Pela primeira vez este ano, estado do RJ est\u00e1 em alto risco para covid-19","datePublished":"2021-03-22T15:16:23+00:00","dateModified":"2021-03-22T17:37:38+00:00","mainEntityOfPage":{"@id":"https:\/\/jornalbeirario.com.br\/portal\/?p=73935"},"wordCount":860,"commentCount":0,"publisher":{"@id":"https:\/\/jornalbeirario.com.br\/portal\/#organization"},"image":{"@id":"https:\/\/jornalbeirario.com.br\/portal\/?p=73935#primaryimage"},"thumbnailUrl":"https:\/\/jornalbeirario.com.br\/portal\/wp-content\/uploads\/2021\/03\/maparisco1.png","articleSection":["Rio de Janeiro","Sa\u00fade"],"inLanguage":"pt-BR","potentialAction":[{"@type":"CommentAction","name":"Comment","target":["https:\/\/jornalbeirario.com.br\/portal\/?p=73935#respond"]}]},{"@type":"WebPage","@id":"https:\/\/jornalbeirario.com.br\/portal\/?p=73935","url":"https:\/\/jornalbeirario.com.br\/portal\/?p=73935","name":"Pela primeira vez este ano, estado do RJ est\u00e1 em alto risco para covid-19 - JORNAL BEIRA RIO","isPartOf":{"@id":"https:\/\/jornalbeirario.com.br\/portal\/#website"},"primaryImageOfPage":{"@id":"https:\/\/jornalbeirario.com.br\/portal\/?p=73935#primaryimage"},"image":{"@id":"https:\/\/jornalbeirario.com.br\/portal\/?p=73935#primaryimage"},"thumbnailUrl":"https:\/\/jornalbeirario.com.br\/portal\/wp-content\/uploads\/2021\/03\/maparisco1.png","datePublished":"2021-03-22T15:16:23+00:00","dateModified":"2021-03-22T17:37:38+00:00","breadcrumb":{"@id":"https:\/\/jornalbeirario.com.br\/portal\/?p=73935#breadcrumb"},"inLanguage":"pt-BR","potentialAction":[{"@type":"ReadAction","target":["https:\/\/jornalbeirario.com.br\/portal\/?p=73935"]}]},{"@type":"ImageObject","inLanguage":"pt-BR","@id":"https:\/\/jornalbeirario.com.br\/portal\/?p=73935#primaryimage","url":"https:\/\/jornalbeirario.com.br\/portal\/wp-content\/uploads\/2021\/03\/maparisco1.png","contentUrl":"https:\/\/jornalbeirario.com.br\/portal\/wp-content\/uploads\/2021\/03\/maparisco1.png","width":640,"height":480},{"@type":"BreadcrumbList","@id":"https:\/\/jornalbeirario.com.br\/portal\/?p=73935#breadcrumb","itemListElement":[{"@type":"ListItem","position":1,"name":"Home","item":"https:\/\/jornalbeirario.com.br\/portal"},{"@type":"ListItem","position":2,"name":"Pela primeira vez este ano, estado do RJ est\u00e1 em alto risco para covid-19"}]},{"@type":"WebSite","@id":"https:\/\/jornalbeirario.com.br\/portal\/#website","url":"https:\/\/jornalbeirario.com.br\/portal\/","name":"JORNAL BEIRA RIO","description":"","publisher":{"@id":"https:\/\/jornalbeirario.com.br\/portal\/#organization"},"potentialAction":[{"@type":"SearchAction","target":{"@type":"EntryPoint","urlTemplate":"https:\/\/jornalbeirario.com.br\/portal\/?s={search_term_string}"},"query-input":{"@type":"PropertyValueSpecification","valueRequired":true,"valueName":"search_term_string"}}],"inLanguage":"pt-BR"},{"@type":"Organization","@id":"https:\/\/jornalbeirario.com.br\/portal\/#organization","name":"JORNAL BEIRA RIO","url":"https:\/\/jornalbeirario.com.br\/portal\/","logo":{"@type":"ImageObject","inLanguage":"pt-BR","@id":"https:\/\/jornalbeirario.com.br\/portal\/#\/schema\/logo\/image\/","url":"https:\/\/jornalbeirario.com.br\/portal\/wp-content\/uploads\/2017\/09\/BEIRA-RIO_logo600.png","contentUrl":"https:\/\/jornalbeirario.com.br\/portal\/wp-content\/uploads\/2017\/09\/BEIRA-RIO_logo600.png","width":650,"height":108,"caption":"JORNAL BEIRA RIO"},"image":{"@id":"https:\/\/jornalbeirario.com.br\/portal\/#\/schema\/logo\/image\/"}},{"@type":"Person","@id":"https:\/\/jornalbeirario.com.br\/portal\/#\/schema\/person\/c6c423e4c2465d2a9233f6539173e7c1","name":"Jornal BEIRA-RIO","image":{"@type":"ImageObject","inLanguage":"pt-BR","@id":"https:\/\/jornalbeirario.com.br\/portal\/wp-content\/uploads\/2023\/10\/logojbr1.jpg","url":"https:\/\/jornalbeirario.com.br\/portal\/wp-content\/uploads\/2023\/10\/logojbr1.jpg","contentUrl":"https:\/\/jornalbeirario.com.br\/portal\/wp-content\/uploads\/2023\/10\/logojbr1.jpg","caption":"Jornal BEIRA-RIO"},"url":"https:\/\/jornalbeirario.com.br\/portal\/?author=1"}]}},"_links":{"self":[{"href":"https:\/\/jornalbeirario.com.br\/portal\/index.php?rest_route=\/wp\/v2\/posts\/73935","targetHints":{"allow":["GET"]}}],"collection":[{"href":"https:\/\/jornalbeirario.com.br\/portal\/index.php?rest_route=\/wp\/v2\/posts"}],"about":[{"href":"https:\/\/jornalbeirario.com.br\/portal\/index.php?rest_route=\/wp\/v2\/types\/post"}],"author":[{"embeddable":true,"href":"https:\/\/jornalbeirario.com.br\/portal\/index.php?rest_route=\/wp\/v2\/users\/1"}],"replies":[{"embeddable":true,"href":"https:\/\/jornalbeirario.com.br\/portal\/index.php?rest_route=%2Fwp%2Fv2%2Fcomments&post=73935"}],"version-history":[{"count":13,"href":"https:\/\/jornalbeirario.com.br\/portal\/index.php?rest_route=\/wp\/v2\/posts\/73935\/revisions"}],"predecessor-version":[{"id":73983,"href":"https:\/\/jornalbeirario.com.br\/portal\/index.php?rest_route=\/wp\/v2\/posts\/73935\/revisions\/73983"}],"wp:featuredmedia":[{"embeddable":true,"href":"https:\/\/jornalbeirario.com.br\/portal\/index.php?rest_route=\/wp\/v2\/media\/73973"}],"wp:attachment":[{"href":"https:\/\/jornalbeirario.com.br\/portal\/index.php?rest_route=%2Fwp%2Fv2%2Fmedia&parent=73935"}],"wp:term":[{"taxonomy":"category","embeddable":true,"href":"https:\/\/jornalbeirario.com.br\/portal\/index.php?rest_route=%2Fwp%2Fv2%2Fcategories&post=73935"},{"taxonomy":"post_tag","embeddable":true,"href":"https:\/\/jornalbeirario.com.br\/portal\/index.php?rest_route=%2Fwp%2Fv2%2Ftags&post=73935"}],"curies":[{"name":"wp","href":"https:\/\/api.w.org\/{rel}","templated":true}]}}