
{"id":73787,"date":"2021-03-12T10:47:51","date_gmt":"2021-03-12T13:47:51","guid":{"rendered":"http:\/\/jornalbeirario.com.br\/portal\/?p=73787"},"modified":"2021-03-12T10:47:51","modified_gmt":"2021-03-12T13:47:51","slug":"pec-que-permite-custeio-do-auxilio-emergencial-estadual-e-aprovada-na-alerj","status":"publish","type":"post","link":"https:\/\/jornalbeirario.com.br\/portal\/?p=73787","title":{"rendered":"PEC que permite custeio do aux\u00edlio emergencial estadual \u00e9 aprovada na Alerj"},"content":{"rendered":"<p style=\"text-align: justify;\">Foi aprovada por unanimidade pela Assembleia Legislativa do Estado do Rio de Janeiro (Alerj) em segunda discuss\u00e3o, nesta quinta-feira, dia 11, a proposta de emenda constitucional (PEC) 52\/21, que prop\u00f5e a desvincula\u00e7\u00e3o de 30% do saldo dos fundos de Combate \u00e0 Pobreza (FECP) e de Conserva\u00e7\u00e3o Ambiental e Desenvolvimento Urbano (Fecam), para o custeio do aux\u00edlio emergencial estadual durante a pandemia, previsto no programa Supera Rio (Lei 9.191\/21). &#8220;O aux\u00edlio emergencial ser\u00e1 implementado pelo Governo em breve e precis\u00e1vamos garantir os recursos para isso\u201d, explicou o deputado Andr\u00e9 Ceciliano (PT), autor da proposta.<\/p>\n<p style=\"text-align: justify;\">Ele destacou que esta foi a primeira PEC a ser aprovada na Alerj pelos 70 deputados nos dois turnos de vota\u00e7\u00e3o. \u201cS\u00e3o esses recursos que ir\u00e3o custear o programa que vai reduzir os impactos financeiros da pandemia na popula\u00e7\u00e3o mais pobre e garantir um apoio para as micro e pequenas empresas\u201d, declarou.<\/p>\n<p style=\"text-align: justify;\">O programa Supera Rio, que j\u00e1 se encontra sancionado pelo governador em exerc\u00edcio, Cl\u00e1udio Castro, garante aux\u00edlio emergencial de at\u00e9 R$ 300 \u00e0s pessoas em situa\u00e7\u00e3o de vulnerabilidade. A desvincula\u00e7\u00e3o valer\u00e1 at\u00e9 o final deste ano, por conta da pandemia de coronav\u00edrus. A PEC ainda dispensa, durante o exerc\u00edcio financeiro de 2021, a observ\u00e2ncia das limita\u00e7\u00f5es legais que acarretem aumento de despesa, com o objetivo de enfrentar a pandemia e suas consequ\u00eancias econ\u00f4micas e sociais.<\/p>\n<p style=\"text-align: justify;\">O benef\u00edcio m\u00ednimo do aux\u00edlio emergencial ser\u00e1 de R$ 200 e as fam\u00edlias poder\u00e3o receber R$ 50 extras por filho &#8211; num m\u00e1ximo de dois. Ter\u00e3o prioridade pessoas que, comprovadamente, tenham renda mensal igual ou inferior a R$ 178 e, de prefer\u00eancia, estejam inscritas no Cadastro \u00danico de Programas Sociais (Cad\u00danico). O benef\u00edcio tamb\u00e9m ser\u00e1 priorit\u00e1rio aos trabalhadores que perderam v\u00ednculo formal de emprego durante a pandemia e que sigam sem qualquer outra fonte de renda. As fam\u00edlias com crian\u00e7as e adolescentes de 0 a 18 anos tamb\u00e9m ter\u00e3o prioridade.<\/p>\n<p style=\"text-align: justify;\">A norma pro\u00edbe o recebimento do aux\u00edlio de forma cumulativa a outro benef\u00edcio previdenci\u00e1rio ou assistencial, seja este de origem federal ou municipal. Pessoas que estejam recebendo aux\u00edlio desemprego tamb\u00e9m n\u00e3o poder\u00e3o ser contempladas. O aux\u00edlio ter\u00e1 validade at\u00e9 31 de dezembro de 2021.<\/p>\n<p style=\"text-align: justify;\">O Programa Supera Rio tamb\u00e9m determina a cria\u00e7\u00e3o de uma linha de cr\u00e9dito de at\u00e9 R$ 50 mil a ser destinada \u00e0s micro e pequenas empresas, \u00e0s cooperativas e associa\u00e7\u00f5es de pequenos produtores, aos microempreendedores individuais, aos profissionais aut\u00f4nomos, aos empreendimentos de economia popular solid\u00e1ria, aos agricultores familiares, aos agentes e empreendedores culturais, ao microempreendedores residentes em favelas e periferias e aos empreendedores sociais e os neg\u00f3cios de impacto social. O valor dever\u00e1 ser pago em at\u00e9 60 meses, tendo uma car\u00eancia m\u00ednima de seis a 12 meses, segundo a especificidade e o valor da linha de cr\u00e9dito concedida. A concess\u00e3o acontecer\u00e1 atrav\u00e9s da Ag\u00eancia Estadual de Fomento (AgeRio).<\/p>\n<p style=\"text-align: justify;\">Al\u00e9m de Ceciliano, outros deputados tamb\u00e9m assinam a emenda, entre eles os parlamentares da regi\u00e3o Sul Fluminense Noel de Carvalho (PSDB), de Resende, e Marcelo Cabeleireiro (DC), de Barra Mansa. A proposta ser\u00e1 publicada no Di\u00e1rio Oficial do Legislativo dos pr\u00f3ximos dias.<\/p>\n<p><em>Foto: Julia Passos\/Alerj<\/em><\/p>\n","protected":false},"excerpt":{"rendered":"<p>Foi aprovada por unanimidade pela Assembleia Legislativa do Estado do Rio de Janeiro (Alerj) em segunda discuss\u00e3o, nesta quinta-feira, dia 11, a proposta de<\/p>\n","protected":false},"author":1,"featured_media":73793,"comment_status":"open","ping_status":"open","sticky":false,"template":"","format":"standard","meta":{"pmpro_default_level":"","footnotes":""},"categories":[6,227,158],"tags":[],"class_list":["post-73787","post","type-post","status-publish","format-standard","has-post-thumbnail","hentry","category-economia","category-manchete","category-rio-de-janeiro","pmpro-has-access"],"yoast_head":"<!-- This site is optimized with the Yoast SEO plugin v27.4 - https:\/\/yoast.com\/product\/yoast-seo-wordpress\/ -->\n<title>PEC que permite custeio do aux\u00edlio emergencial estadual \u00e9 aprovada na Alerj - JORNAL BEIRA RIO<\/title>\n<meta name=\"robots\" content=\"index, follow, max-snippet:-1, max-image-preview:large, max-video-preview:-1\" \/>\n<link rel=\"canonical\" href=\"https:\/\/jornalbeirario.com.br\/portal\/?p=73787\" \/>\n<meta property=\"og:locale\" content=\"pt_BR\" \/>\n<meta property=\"og:type\" content=\"article\" \/>\n<meta property=\"og:title\" content=\"PEC que permite custeio do aux\u00edlio emergencial estadual \u00e9 aprovada na Alerj - JORNAL BEIRA RIO\" \/>\n<meta property=\"og:description\" content=\"Foi aprovada por unanimidade pela Assembleia Legislativa do Estado do Rio de Janeiro (Alerj) em segunda discuss\u00e3o, nesta quinta-feira, dia 11, a proposta de\" \/>\n<meta property=\"og:url\" content=\"https:\/\/jornalbeirario.com.br\/portal\/?p=73787\" \/>\n<meta property=\"og:site_name\" content=\"JORNAL BEIRA RIO\" \/>\n<meta property=\"article:published_time\" content=\"2021-03-12T13:47:51+00:00\" \/>\n<meta property=\"og:image\" content=\"https:\/\/jornalbeirario.com.br\/portal\/wp-content\/uploads\/2021\/03\/sessaoalerj1.jpg\" \/>\n\t<meta property=\"og:image:width\" content=\"1100\" \/>\n\t<meta property=\"og:image:height\" content=\"470\" \/>\n\t<meta property=\"og:image:type\" content=\"image\/jpeg\" \/>\n<meta name=\"author\" content=\"Jornal BEIRA-RIO\" \/>\n<meta name=\"twitter:card\" content=\"summary_large_image\" \/>\n<meta name=\"twitter:label1\" content=\"Escrito por\" \/>\n\t<meta name=\"twitter:data1\" content=\"Jornal BEIRA-RIO\" \/>\n\t<meta name=\"twitter:label2\" content=\"Est. tempo de leitura\" \/>\n\t<meta name=\"twitter:data2\" content=\"3 minutos\" \/>\n<script type=\"application\/ld+json\" class=\"yoast-schema-graph\">{\"@context\":\"https:\\\/\\\/schema.org\",\"@graph\":[{\"@type\":\"Article\",\"@id\":\"https:\\\/\\\/jornalbeirario.com.br\\\/portal\\\/?p=73787#article\",\"isPartOf\":{\"@id\":\"https:\\\/\\\/jornalbeirario.com.br\\\/portal\\\/?p=73787\"},\"author\":{\"name\":\"Jornal BEIRA-RIO\",\"@id\":\"https:\\\/\\\/jornalbeirario.com.br\\\/portal\\\/#\\\/schema\\\/person\\\/c6c423e4c2465d2a9233f6539173e7c1\"},\"headline\":\"PEC que permite custeio do aux\u00edlio emergencial estadual \u00e9 aprovada na Alerj\",\"datePublished\":\"2021-03-12T13:47:51+00:00\",\"mainEntityOfPage\":{\"@id\":\"https:\\\/\\\/jornalbeirario.com.br\\\/portal\\\/?p=73787\"},\"wordCount\":569,\"commentCount\":0,\"publisher\":{\"@id\":\"https:\\\/\\\/jornalbeirario.com.br\\\/portal\\\/#organization\"},\"image\":{\"@id\":\"https:\\\/\\\/jornalbeirario.com.br\\\/portal\\\/?p=73787#primaryimage\"},\"thumbnailUrl\":\"https:\\\/\\\/jornalbeirario.com.br\\\/portal\\\/wp-content\\\/uploads\\\/2021\\\/03\\\/sessaoalerj1.jpg\",\"articleSection\":[\"Economia\",\"Manchete\",\"Rio de Janeiro\"],\"inLanguage\":\"pt-BR\",\"potentialAction\":[{\"@type\":\"CommentAction\",\"name\":\"Comment\",\"target\":[\"https:\\\/\\\/jornalbeirario.com.br\\\/portal\\\/?p=73787#respond\"]}]},{\"@type\":\"WebPage\",\"@id\":\"https:\\\/\\\/jornalbeirario.com.br\\\/portal\\\/?p=73787\",\"url\":\"https:\\\/\\\/jornalbeirario.com.br\\\/portal\\\/?p=73787\",\"name\":\"PEC que permite custeio do aux\u00edlio emergencial estadual \u00e9 aprovada na Alerj - JORNAL BEIRA RIO\",\"isPartOf\":{\"@id\":\"https:\\\/\\\/jornalbeirario.com.br\\\/portal\\\/#website\"},\"primaryImageOfPage\":{\"@id\":\"https:\\\/\\\/jornalbeirario.com.br\\\/portal\\\/?p=73787#primaryimage\"},\"image\":{\"@id\":\"https:\\\/\\\/jornalbeirario.com.br\\\/portal\\\/?p=73787#primaryimage\"},\"thumbnailUrl\":\"https:\\\/\\\/jornalbeirario.com.br\\\/portal\\\/wp-content\\\/uploads\\\/2021\\\/03\\\/sessaoalerj1.jpg\",\"datePublished\":\"2021-03-12T13:47:51+00:00\",\"breadcrumb\":{\"@id\":\"https:\\\/\\\/jornalbeirario.com.br\\\/portal\\\/?p=73787#breadcrumb\"},\"inLanguage\":\"pt-BR\",\"potentialAction\":[{\"@type\":\"ReadAction\",\"target\":[\"https:\\\/\\\/jornalbeirario.com.br\\\/portal\\\/?p=73787\"]}]},{\"@type\":\"ImageObject\",\"inLanguage\":\"pt-BR\",\"@id\":\"https:\\\/\\\/jornalbeirario.com.br\\\/portal\\\/?p=73787#primaryimage\",\"url\":\"https:\\\/\\\/jornalbeirario.com.br\\\/portal\\\/wp-content\\\/uploads\\\/2021\\\/03\\\/sessaoalerj1.jpg\",\"contentUrl\":\"https:\\\/\\\/jornalbeirario.com.br\\\/portal\\\/wp-content\\\/uploads\\\/2021\\\/03\\\/sessaoalerj1.jpg\",\"width\":1100,\"height\":470},{\"@type\":\"BreadcrumbList\",\"@id\":\"https:\\\/\\\/jornalbeirario.com.br\\\/portal\\\/?p=73787#breadcrumb\",\"itemListElement\":[{\"@type\":\"ListItem\",\"position\":1,\"name\":\"Home\",\"item\":\"https:\\\/\\\/jornalbeirario.com.br\\\/portal\"},{\"@type\":\"ListItem\",\"position\":2,\"name\":\"PEC que permite custeio do aux\u00edlio emergencial estadual \u00e9 aprovada na Alerj\"}]},{\"@type\":\"WebSite\",\"@id\":\"https:\\\/\\\/jornalbeirario.com.br\\\/portal\\\/#website\",\"url\":\"https:\\\/\\\/jornalbeirario.com.br\\\/portal\\\/\",\"name\":\"JORNAL BEIRA RIO\",\"description\":\"\",\"publisher\":{\"@id\":\"https:\\\/\\\/jornalbeirario.com.br\\\/portal\\\/#organization\"},\"potentialAction\":[{\"@type\":\"SearchAction\",\"target\":{\"@type\":\"EntryPoint\",\"urlTemplate\":\"https:\\\/\\\/jornalbeirario.com.br\\\/portal\\\/?s={search_term_string}\"},\"query-input\":{\"@type\":\"PropertyValueSpecification\",\"valueRequired\":true,\"valueName\":\"search_term_string\"}}],\"inLanguage\":\"pt-BR\"},{\"@type\":\"Organization\",\"@id\":\"https:\\\/\\\/jornalbeirario.com.br\\\/portal\\\/#organization\",\"name\":\"JORNAL BEIRA RIO\",\"url\":\"https:\\\/\\\/jornalbeirario.com.br\\\/portal\\\/\",\"logo\":{\"@type\":\"ImageObject\",\"inLanguage\":\"pt-BR\",\"@id\":\"https:\\\/\\\/jornalbeirario.com.br\\\/portal\\\/#\\\/schema\\\/logo\\\/image\\\/\",\"url\":\"https:\\\/\\\/jornalbeirario.com.br\\\/portal\\\/wp-content\\\/uploads\\\/2017\\\/09\\\/BEIRA-RIO_logo600.png\",\"contentUrl\":\"https:\\\/\\\/jornalbeirario.com.br\\\/portal\\\/wp-content\\\/uploads\\\/2017\\\/09\\\/BEIRA-RIO_logo600.png\",\"width\":650,\"height\":108,\"caption\":\"JORNAL BEIRA RIO\"},\"image\":{\"@id\":\"https:\\\/\\\/jornalbeirario.com.br\\\/portal\\\/#\\\/schema\\\/logo\\\/image\\\/\"}},{\"@type\":\"Person\",\"@id\":\"https:\\\/\\\/jornalbeirario.com.br\\\/portal\\\/#\\\/schema\\\/person\\\/c6c423e4c2465d2a9233f6539173e7c1\",\"name\":\"Jornal BEIRA-RIO\",\"image\":{\"@type\":\"ImageObject\",\"inLanguage\":\"pt-BR\",\"@id\":\"https:\\\/\\\/jornalbeirario.com.br\\\/portal\\\/wp-content\\\/uploads\\\/2023\\\/10\\\/logojbr1.jpg\",\"url\":\"https:\\\/\\\/jornalbeirario.com.br\\\/portal\\\/wp-content\\\/uploads\\\/2023\\\/10\\\/logojbr1.jpg\",\"contentUrl\":\"https:\\\/\\\/jornalbeirario.com.br\\\/portal\\\/wp-content\\\/uploads\\\/2023\\\/10\\\/logojbr1.jpg\",\"caption\":\"Jornal BEIRA-RIO\"},\"url\":\"https:\\\/\\\/jornalbeirario.com.br\\\/portal\\\/?author=1\"}]}<\/script>\n<!-- \/ Yoast SEO plugin. -->","yoast_head_json":{"title":"PEC que permite custeio do aux\u00edlio emergencial estadual \u00e9 aprovada na Alerj - JORNAL BEIRA RIO","robots":{"index":"index","follow":"follow","max-snippet":"max-snippet:-1","max-image-preview":"max-image-preview:large","max-video-preview":"max-video-preview:-1"},"canonical":"https:\/\/jornalbeirario.com.br\/portal\/?p=73787","og_locale":"pt_BR","og_type":"article","og_title":"PEC que permite custeio do aux\u00edlio emergencial estadual \u00e9 aprovada na Alerj - JORNAL BEIRA RIO","og_description":"Foi aprovada por unanimidade pela Assembleia Legislativa do Estado do Rio de Janeiro (Alerj) em segunda discuss\u00e3o, nesta quinta-feira, dia 11, a proposta de","og_url":"https:\/\/jornalbeirario.com.br\/portal\/?p=73787","og_site_name":"JORNAL BEIRA RIO","article_published_time":"2021-03-12T13:47:51+00:00","og_image":[{"width":1100,"height":470,"url":"https:\/\/jornalbeirario.com.br\/portal\/wp-content\/uploads\/2021\/03\/sessaoalerj1.jpg","type":"image\/jpeg"}],"author":"Jornal BEIRA-RIO","twitter_card":"summary_large_image","twitter_misc":{"Escrito por":"Jornal BEIRA-RIO","Est. tempo de leitura":"3 minutos"},"schema":{"@context":"https:\/\/schema.org","@graph":[{"@type":"Article","@id":"https:\/\/jornalbeirario.com.br\/portal\/?p=73787#article","isPartOf":{"@id":"https:\/\/jornalbeirario.com.br\/portal\/?p=73787"},"author":{"name":"Jornal BEIRA-RIO","@id":"https:\/\/jornalbeirario.com.br\/portal\/#\/schema\/person\/c6c423e4c2465d2a9233f6539173e7c1"},"headline":"PEC que permite custeio do aux\u00edlio emergencial estadual \u00e9 aprovada na Alerj","datePublished":"2021-03-12T13:47:51+00:00","mainEntityOfPage":{"@id":"https:\/\/jornalbeirario.com.br\/portal\/?p=73787"},"wordCount":569,"commentCount":0,"publisher":{"@id":"https:\/\/jornalbeirario.com.br\/portal\/#organization"},"image":{"@id":"https:\/\/jornalbeirario.com.br\/portal\/?p=73787#primaryimage"},"thumbnailUrl":"https:\/\/jornalbeirario.com.br\/portal\/wp-content\/uploads\/2021\/03\/sessaoalerj1.jpg","articleSection":["Economia","Manchete","Rio de Janeiro"],"inLanguage":"pt-BR","potentialAction":[{"@type":"CommentAction","name":"Comment","target":["https:\/\/jornalbeirario.com.br\/portal\/?p=73787#respond"]}]},{"@type":"WebPage","@id":"https:\/\/jornalbeirario.com.br\/portal\/?p=73787","url":"https:\/\/jornalbeirario.com.br\/portal\/?p=73787","name":"PEC que permite custeio do aux\u00edlio emergencial estadual \u00e9 aprovada na Alerj - JORNAL BEIRA RIO","isPartOf":{"@id":"https:\/\/jornalbeirario.com.br\/portal\/#website"},"primaryImageOfPage":{"@id":"https:\/\/jornalbeirario.com.br\/portal\/?p=73787#primaryimage"},"image":{"@id":"https:\/\/jornalbeirario.com.br\/portal\/?p=73787#primaryimage"},"thumbnailUrl":"https:\/\/jornalbeirario.com.br\/portal\/wp-content\/uploads\/2021\/03\/sessaoalerj1.jpg","datePublished":"2021-03-12T13:47:51+00:00","breadcrumb":{"@id":"https:\/\/jornalbeirario.com.br\/portal\/?p=73787#breadcrumb"},"inLanguage":"pt-BR","potentialAction":[{"@type":"ReadAction","target":["https:\/\/jornalbeirario.com.br\/portal\/?p=73787"]}]},{"@type":"ImageObject","inLanguage":"pt-BR","@id":"https:\/\/jornalbeirario.com.br\/portal\/?p=73787#primaryimage","url":"https:\/\/jornalbeirario.com.br\/portal\/wp-content\/uploads\/2021\/03\/sessaoalerj1.jpg","contentUrl":"https:\/\/jornalbeirario.com.br\/portal\/wp-content\/uploads\/2021\/03\/sessaoalerj1.jpg","width":1100,"height":470},{"@type":"BreadcrumbList","@id":"https:\/\/jornalbeirario.com.br\/portal\/?p=73787#breadcrumb","itemListElement":[{"@type":"ListItem","position":1,"name":"Home","item":"https:\/\/jornalbeirario.com.br\/portal"},{"@type":"ListItem","position":2,"name":"PEC que permite custeio do aux\u00edlio emergencial estadual \u00e9 aprovada na Alerj"}]},{"@type":"WebSite","@id":"https:\/\/jornalbeirario.com.br\/portal\/#website","url":"https:\/\/jornalbeirario.com.br\/portal\/","name":"JORNAL BEIRA RIO","description":"","publisher":{"@id":"https:\/\/jornalbeirario.com.br\/portal\/#organization"},"potentialAction":[{"@type":"SearchAction","target":{"@type":"EntryPoint","urlTemplate":"https:\/\/jornalbeirario.com.br\/portal\/?s={search_term_string}"},"query-input":{"@type":"PropertyValueSpecification","valueRequired":true,"valueName":"search_term_string"}}],"inLanguage":"pt-BR"},{"@type":"Organization","@id":"https:\/\/jornalbeirario.com.br\/portal\/#organization","name":"JORNAL BEIRA RIO","url":"https:\/\/jornalbeirario.com.br\/portal\/","logo":{"@type":"ImageObject","inLanguage":"pt-BR","@id":"https:\/\/jornalbeirario.com.br\/portal\/#\/schema\/logo\/image\/","url":"https:\/\/jornalbeirario.com.br\/portal\/wp-content\/uploads\/2017\/09\/BEIRA-RIO_logo600.png","contentUrl":"https:\/\/jornalbeirario.com.br\/portal\/wp-content\/uploads\/2017\/09\/BEIRA-RIO_logo600.png","width":650,"height":108,"caption":"JORNAL BEIRA RIO"},"image":{"@id":"https:\/\/jornalbeirario.com.br\/portal\/#\/schema\/logo\/image\/"}},{"@type":"Person","@id":"https:\/\/jornalbeirario.com.br\/portal\/#\/schema\/person\/c6c423e4c2465d2a9233f6539173e7c1","name":"Jornal BEIRA-RIO","image":{"@type":"ImageObject","inLanguage":"pt-BR","@id":"https:\/\/jornalbeirario.com.br\/portal\/wp-content\/uploads\/2023\/10\/logojbr1.jpg","url":"https:\/\/jornalbeirario.com.br\/portal\/wp-content\/uploads\/2023\/10\/logojbr1.jpg","contentUrl":"https:\/\/jornalbeirario.com.br\/portal\/wp-content\/uploads\/2023\/10\/logojbr1.jpg","caption":"Jornal BEIRA-RIO"},"url":"https:\/\/jornalbeirario.com.br\/portal\/?author=1"}]}},"_links":{"self":[{"href":"https:\/\/jornalbeirario.com.br\/portal\/index.php?rest_route=\/wp\/v2\/posts\/73787","targetHints":{"allow":["GET"]}}],"collection":[{"href":"https:\/\/jornalbeirario.com.br\/portal\/index.php?rest_route=\/wp\/v2\/posts"}],"about":[{"href":"https:\/\/jornalbeirario.com.br\/portal\/index.php?rest_route=\/wp\/v2\/types\/post"}],"author":[{"embeddable":true,"href":"https:\/\/jornalbeirario.com.br\/portal\/index.php?rest_route=\/wp\/v2\/users\/1"}],"replies":[{"embeddable":true,"href":"https:\/\/jornalbeirario.com.br\/portal\/index.php?rest_route=%2Fwp%2Fv2%2Fcomments&post=73787"}],"version-history":[{"count":4,"href":"https:\/\/jornalbeirario.com.br\/portal\/index.php?rest_route=\/wp\/v2\/posts\/73787\/revisions"}],"predecessor-version":[{"id":73792,"href":"https:\/\/jornalbeirario.com.br\/portal\/index.php?rest_route=\/wp\/v2\/posts\/73787\/revisions\/73792"}],"wp:featuredmedia":[{"embeddable":true,"href":"https:\/\/jornalbeirario.com.br\/portal\/index.php?rest_route=\/wp\/v2\/media\/73793"}],"wp:attachment":[{"href":"https:\/\/jornalbeirario.com.br\/portal\/index.php?rest_route=%2Fwp%2Fv2%2Fmedia&parent=73787"}],"wp:term":[{"taxonomy":"category","embeddable":true,"href":"https:\/\/jornalbeirario.com.br\/portal\/index.php?rest_route=%2Fwp%2Fv2%2Fcategories&post=73787"},{"taxonomy":"post_tag","embeddable":true,"href":"https:\/\/jornalbeirario.com.br\/portal\/index.php?rest_route=%2Fwp%2Fv2%2Ftags&post=73787"}],"curies":[{"name":"wp","href":"https:\/\/api.w.org\/{rel}","templated":true}]}}