
{"id":73688,"date":"2021-03-09T16:46:06","date_gmt":"2021-03-09T19:46:06","guid":{"rendered":"http:\/\/jornalbeirario.com.br\/portal\/?p=73688"},"modified":"2021-03-13T15:56:52","modified_gmt":"2021-03-13T18:56:52","slug":"aman-realizara-exercicio-simulado-em-quatis-e-porto-real","status":"publish","type":"post","link":"https:\/\/jornalbeirario.com.br\/portal\/?p=73688","title":{"rendered":"Pandemia tamb\u00e9m ser\u00e1 abordada em exerc\u00edcio simulado da Aman em Quatis e Porto Real"},"content":{"rendered":"<p style=\"text-align: justify;\"><a href=\"https:\/\/jornalbeirario.com.br\/portal\/wp-content\/uploads\/2021\/03\/glo2.jpg\"><img loading=\"lazy\" decoding=\"async\" class=\"alignleft size-medium wp-image-73691\" src=\"https:\/\/jornalbeirario.com.br\/portal\/wp-content\/uploads\/2021\/03\/glo2-300x225.jpg\" alt=\"\" width=\"300\" height=\"225\" srcset=\"https:\/\/jornalbeirario.com.br\/portal\/wp-content\/uploads\/2021\/03\/glo2-300x225.jpg 300w, https:\/\/jornalbeirario.com.br\/portal\/wp-content\/uploads\/2021\/03\/glo2.jpg 640w\" sizes=\"auto, (max-width: 300px) 100vw, 300px\" \/><\/a>Entre os dias 15 e 27 deste m\u00eas, a Academia Militar das Agulhas Negras (Aman) realizar\u00e1 sempre das 9 \u00e0s 19h, um exerc\u00edcio militar simulado na regi\u00e3o de Quatis e Porto Real. Diferente do que vinha acontecendo at\u00e9 o ano passado, devido ao elevado n\u00famero de casos de cont\u00e1gio pelo coronav\u00edrus, a Aman precisou adaptar o evento \u00e0 realidade sanit\u00e1ria enfrentada em todo o planeta, como destaca o chefe da Se\u00e7\u00e3o de Instru\u00e7\u00f5es Especiais da Aman, Major Kau\u00ea Menezes Chagas.<\/p>\n<p style=\"text-align: justify;\">&#8211; A a\u00e7\u00e3o como um todo contar\u00e1 com quase 350 militares, mas devido a situa\u00e7\u00e3o da pandemia o exerc\u00edcio foi planejado para que n\u00e3o mais que 80 militares estejam ao mesmo tempo na cidade pra evitar aglomera\u00e7\u00e3o e respeitar as medidas de prote\u00e7\u00e3o e isolamento do covid estabelecidas pelo poder p\u00fablico. Cabe ressaltar que a academia segue regras r\u00edgidas de isolamento e de controle de seus cadetes de maneira que conseguimos manter as nossas atividades e consigamos conduzir essa opera\u00e7\u00e3o sem nenhum risco, nem aos cadetes nem a popula\u00e7\u00e3o local &#8211; explica o oficial, respons\u00e1vel pela condu\u00e7\u00e3o do est\u00e1gio de opera\u00e7\u00f5es contra for\u00e7as irregulares para cadetes do quarto ano.<\/p>\n<p style=\"text-align: justify;\">A a\u00e7\u00e3o &#8211; que tem por objetivo preparar os futuros oficiais do Ex\u00e9rcito Brasileiro para opera\u00e7\u00f5es de Garantia da Lei e da Ordem (GLO), quando as For\u00e7as Armadas podem ser empregadas em eventos internos, como em quest\u00f5es de seguran\u00e7a p\u00fablica ou em situa\u00e7\u00f5es em que somente o emprego tradicional da pol\u00edcia n\u00e3o \u00e9 o suficiente &#8211; tamb\u00e9m ter\u00e1 a inclus\u00e3o da crise ocasionada pela pandemia entre as situa\u00e7\u00f5es de enfrentamento para os cadetes. &#8220;Inserimos nessa a\u00e7\u00e3o criada a pandemia, representando o que acontece hoje em dia. Mesmo em crise, o Ex\u00e9rcito Brasileiro, que \u00e9 constitu\u00eddo para defender a p\u00e1tria, n\u00e3o pode-se privar de dar aten\u00e7\u00e3o a popula\u00e7\u00e3o em um cen\u00e1rio desses de crise, que \u00e9 o combate a covid. Ele vai estar treinando num combate simulado em que vai se deparar depois de formado&#8221;, cita o major, explicando como funciona o simulado.<\/p>\n<p style=\"text-align: justify;\">&#8211; Esse exerc\u00edcio \u00e9 um combate simulado no contexto diferente do conflito que estamos acostumados a observar. \u00c9 um conflito interno onde o inimigo que estamos simulando enfrentar n\u00e3o \u00e9 um Ex\u00e9rcito regular e sim for\u00e7as irregulares que podem ser organiza\u00e7\u00f5es criminosas, de narcotraficantes ou terroristas, que realizam a\u00e7\u00f5es il\u00edcitas nocivas a popula\u00e7\u00e3o local, e se utilizando dela para sobreviverem, expandirem e ampliarem suas a\u00e7\u00f5es il\u00edcitas. Por isso a import\u00e2ncia de se realizar esse simulado em um ambiente urbano &#8211; explica o oficial, que \u00e9 respons\u00e1vel pela condu\u00e7\u00e3o do est\u00e1gio de opera\u00e7\u00f5es contra for\u00e7as irregulares para cadetes do quarto ano.<\/p>\n<p style=\"text-align: justify;\">O major explica que nas regi\u00f5es abrangidas pelo exerc\u00edcio, ser\u00e3o realizadas simula\u00e7\u00f5es de opera\u00e7\u00f5es militares de patrulhamento, postos de bloqueio de vias urbanas e blitzes que visam o treinamento de maneira mais real. Al\u00e9m dos militares, tamb\u00e9m ser\u00e3o empregadas oito viaturas de grande porte, e haver\u00e1 a participa\u00e7\u00e3o do 37\u00ba batalh\u00e3o de Pol\u00edcia Militar e a 100\u00aa DP (Porto Real), que apoiar\u00e3o o exerc\u00edcio, al\u00e9m das prefeituras dos dois munic\u00edpios. O oficial tamb\u00e9m pede a compreens\u00e3o dos moradores dos munic\u00edpios visitados e que divulguem aos familiares e amigos sobre a opera\u00e7\u00e3o de simula\u00e7\u00e3o.<\/p>\n<p style=\"text-align: justify;\">&#8211; Sendo assim gostar\u00edamos de alertar a popula\u00e7\u00e3o que ocorrer\u00e1 disparos de festim, al\u00e9m de condu\u00e7\u00f5es de presos dentro do contexto da situa\u00e7\u00e3o, com blitz e patrulhamento. Por isso pedimos que todos divulguem nossa a\u00e7\u00e3o para os amigos e familiares a fim de que n\u00e3o causar nenhum transtorno ou surpresa a popula\u00e7\u00e3o que ir\u00e1 nos receber tanto em Quatis quanto em Porto Real &#8211; completa o major.<\/p>\n<p><em>Fotos: Divulga\u00e7\u00e3o<\/em><\/p>\n","protected":false},"excerpt":{"rendered":"<p>Entre os dias 15 e 27 deste m\u00eas, a Academia Militar das Agulhas Negras (Aman) realizar\u00e1 sempre das 9 \u00e0s 19h, um exerc\u00edcio militar<\/p>\n","protected":false},"author":1,"featured_media":73692,"comment_status":"open","ping_status":"open","sticky":false,"template":"","format":"standard","meta":{"pmpro_default_level":"","footnotes":"","_members_access_role":[],"_members_access_error":""},"categories":[233],"tags":[],"class_list":["post-73688","post","type-post","status-publish","format-standard","has-post-thumbnail","hentry","category-regiao","pmpro-has-access"],"yoast_head":"<!-- This site is optimized with the Yoast SEO plugin v28.4 - https:\/\/yoast.com\/product\/yoast-seo-wordpress\/ -->\n<title>Pandemia tamb\u00e9m ser\u00e1 abordada em exerc\u00edcio simulado da Aman em Quatis e Porto Real - JORNAL BEIRA RIO<\/title>\n<meta name=\"robots\" content=\"index, follow, max-snippet:-1, max-image-preview:large, max-video-preview:-1\" \/>\n<link rel=\"canonical\" href=\"https:\/\/jornalbeirario.com.br\/portal\/?p=73688\" \/>\n<meta property=\"og:locale\" content=\"pt_BR\" \/>\n<meta property=\"og:type\" content=\"article\" \/>\n<meta property=\"og:title\" content=\"Pandemia tamb\u00e9m ser\u00e1 abordada em exerc\u00edcio simulado da Aman em Quatis e Porto Real - JORNAL BEIRA RIO\" \/>\n<meta property=\"og:description\" content=\"Entre os dias 15 e 27 deste m\u00eas, a Academia Militar das Agulhas Negras (Aman) realizar\u00e1 sempre das 9 \u00e0s 19h, um exerc\u00edcio militar\" \/>\n<meta property=\"og:url\" content=\"https:\/\/jornalbeirario.com.br\/portal\/?p=73688\" \/>\n<meta property=\"og:site_name\" content=\"JORNAL BEIRA RIO\" \/>\n<meta property=\"article:published_time\" content=\"2021-03-09T19:46:06+00:00\" \/>\n<meta property=\"article:modified_time\" content=\"2021-03-13T18:56:52+00:00\" \/>\n<meta property=\"og:image\" content=\"https:\/\/jornalbeirario.com.br\/portal\/wp-content\/uploads\/2021\/03\/glo1.jpg\" \/>\n\t<meta property=\"og:image:width\" content=\"640\" \/>\n\t<meta property=\"og:image:height\" content=\"480\" \/>\n\t<meta property=\"og:image:type\" content=\"image\/jpeg\" \/>\n<meta name=\"author\" content=\"Jornal BEIRA-RIO\" \/>\n<meta name=\"twitter:card\" content=\"summary_large_image\" \/>\n<meta name=\"twitter:label1\" content=\"Escrito por\" \/>\n\t<meta name=\"twitter:data1\" content=\"Jornal BEIRA-RIO\" \/>\n\t<meta name=\"twitter:label2\" content=\"Est. tempo de leitura\" \/>\n\t<meta name=\"twitter:data2\" content=\"3 minutos\" \/>\n<script type=\"application\/ld+json\" class=\"yoast-schema-graph\">{\"@context\":\"https:\\\/\\\/schema.org\",\"@graph\":[{\"@type\":\"Article\",\"@id\":\"https:\\\/\\\/jornalbeirario.com.br\\\/portal\\\/?p=73688#article\",\"isPartOf\":{\"@id\":\"https:\\\/\\\/jornalbeirario.com.br\\\/portal\\\/?p=73688\"},\"author\":{\"name\":\"Jornal BEIRA-RIO\",\"@id\":\"https:\\\/\\\/jornalbeirario.com.br\\\/portal\\\/#\\\/schema\\\/person\\\/c6c423e4c2465d2a9233f6539173e7c1\"},\"headline\":\"Pandemia tamb\u00e9m ser\u00e1 abordada em exerc\u00edcio simulado da Aman em Quatis e Porto Real\",\"datePublished\":\"2021-03-09T19:46:06+00:00\",\"dateModified\":\"2021-03-13T18:56:52+00:00\",\"mainEntityOfPage\":{\"@id\":\"https:\\\/\\\/jornalbeirario.com.br\\\/portal\\\/?p=73688\"},\"wordCount\":684,\"commentCount\":0,\"publisher\":{\"@id\":\"https:\\\/\\\/jornalbeirario.com.br\\\/portal\\\/#organization\"},\"image\":{\"@id\":\"https:\\\/\\\/jornalbeirario.com.br\\\/portal\\\/?p=73688#primaryimage\"},\"thumbnailUrl\":\"https:\\\/\\\/jornalbeirario.com.br\\\/portal\\\/wp-content\\\/uploads\\\/2021\\\/03\\\/glo1.jpg\",\"articleSection\":[\"Regi\u00e3o\"],\"inLanguage\":\"pt-BR\",\"potentialAction\":[{\"@type\":\"CommentAction\",\"name\":\"Comment\",\"target\":[\"https:\\\/\\\/jornalbeirario.com.br\\\/portal\\\/?p=73688#respond\"]}]},{\"@type\":\"WebPage\",\"@id\":\"https:\\\/\\\/jornalbeirario.com.br\\\/portal\\\/?p=73688\",\"url\":\"https:\\\/\\\/jornalbeirario.com.br\\\/portal\\\/?p=73688\",\"name\":\"Pandemia tamb\u00e9m ser\u00e1 abordada em exerc\u00edcio simulado da Aman em Quatis e Porto Real - JORNAL BEIRA RIO\",\"isPartOf\":{\"@id\":\"https:\\\/\\\/jornalbeirario.com.br\\\/portal\\\/#website\"},\"primaryImageOfPage\":{\"@id\":\"https:\\\/\\\/jornalbeirario.com.br\\\/portal\\\/?p=73688#primaryimage\"},\"image\":{\"@id\":\"https:\\\/\\\/jornalbeirario.com.br\\\/portal\\\/?p=73688#primaryimage\"},\"thumbnailUrl\":\"https:\\\/\\\/jornalbeirario.com.br\\\/portal\\\/wp-content\\\/uploads\\\/2021\\\/03\\\/glo1.jpg\",\"datePublished\":\"2021-03-09T19:46:06+00:00\",\"dateModified\":\"2021-03-13T18:56:52+00:00\",\"breadcrumb\":{\"@id\":\"https:\\\/\\\/jornalbeirario.com.br\\\/portal\\\/?p=73688#breadcrumb\"},\"inLanguage\":\"pt-BR\",\"potentialAction\":[{\"@type\":\"ReadAction\",\"target\":[\"https:\\\/\\\/jornalbeirario.com.br\\\/portal\\\/?p=73688\"]}]},{\"@type\":\"ImageObject\",\"inLanguage\":\"pt-BR\",\"@id\":\"https:\\\/\\\/jornalbeirario.com.br\\\/portal\\\/?p=73688#primaryimage\",\"url\":\"https:\\\/\\\/jornalbeirario.com.br\\\/portal\\\/wp-content\\\/uploads\\\/2021\\\/03\\\/glo1.jpg\",\"contentUrl\":\"https:\\\/\\\/jornalbeirario.com.br\\\/portal\\\/wp-content\\\/uploads\\\/2021\\\/03\\\/glo1.jpg\",\"width\":640,\"height\":480,\"caption\":\"Ex\u00e9rcito tamb\u00e9m esteve realizando treinamentos em Quatis no in\u00edcio do ano (Foto: Arquivo)\"},{\"@type\":\"BreadcrumbList\",\"@id\":\"https:\\\/\\\/jornalbeirario.com.br\\\/portal\\\/?p=73688#breadcrumb\",\"itemListElement\":[{\"@type\":\"ListItem\",\"position\":1,\"name\":\"Home\",\"item\":\"https:\\\/\\\/jornalbeirario.com.br\\\/portal\"},{\"@type\":\"ListItem\",\"position\":2,\"name\":\"Pandemia tamb\u00e9m ser\u00e1 abordada em exerc\u00edcio simulado da Aman em Quatis e Porto Real\"}]},{\"@type\":\"WebSite\",\"@id\":\"https:\\\/\\\/jornalbeirario.com.br\\\/portal\\\/#website\",\"url\":\"https:\\\/\\\/jornalbeirario.com.br\\\/portal\\\/\",\"name\":\"JORNAL BEIRA RIO\",\"description\":\"\",\"publisher\":{\"@id\":\"https:\\\/\\\/jornalbeirario.com.br\\\/portal\\\/#organization\"},\"potentialAction\":[{\"@type\":\"SearchAction\",\"target\":{\"@type\":\"EntryPoint\",\"urlTemplate\":\"https:\\\/\\\/jornalbeirario.com.br\\\/portal\\\/?s={search_term_string}\"},\"query-input\":{\"@type\":\"PropertyValueSpecification\",\"valueRequired\":true,\"valueName\":\"search_term_string\"}}],\"inLanguage\":\"pt-BR\"},{\"@type\":\"Organization\",\"@id\":\"https:\\\/\\\/jornalbeirario.com.br\\\/portal\\\/#organization\",\"name\":\"JORNAL BEIRA RIO\",\"url\":\"https:\\\/\\\/jornalbeirario.com.br\\\/portal\\\/\",\"logo\":{\"@type\":\"ImageObject\",\"inLanguage\":\"pt-BR\",\"@id\":\"https:\\\/\\\/jornalbeirario.com.br\\\/portal\\\/#\\\/schema\\\/logo\\\/image\\\/\",\"url\":\"https:\\\/\\\/jornalbeirario.com.br\\\/portal\\\/wp-content\\\/uploads\\\/2017\\\/09\\\/BEIRA-RIO_logo600.png\",\"contentUrl\":\"https:\\\/\\\/jornalbeirario.com.br\\\/portal\\\/wp-content\\\/uploads\\\/2017\\\/09\\\/BEIRA-RIO_logo600.png\",\"width\":650,\"height\":108,\"caption\":\"JORNAL BEIRA RIO\"},\"image\":{\"@id\":\"https:\\\/\\\/jornalbeirario.com.br\\\/portal\\\/#\\\/schema\\\/logo\\\/image\\\/\"}},{\"@type\":\"Person\",\"@id\":\"https:\\\/\\\/jornalbeirario.com.br\\\/portal\\\/#\\\/schema\\\/person\\\/c6c423e4c2465d2a9233f6539173e7c1\",\"name\":\"Jornal BEIRA-RIO\",\"image\":{\"@type\":\"ImageObject\",\"inLanguage\":\"pt-BR\",\"@id\":\"https:\\\/\\\/jornalbeirario.com.br\\\/portal\\\/wp-content\\\/uploads\\\/2023\\\/10\\\/logojbr1.jpg\",\"url\":\"https:\\\/\\\/jornalbeirario.com.br\\\/portal\\\/wp-content\\\/uploads\\\/2023\\\/10\\\/logojbr1.jpg\",\"contentUrl\":\"https:\\\/\\\/jornalbeirario.com.br\\\/portal\\\/wp-content\\\/uploads\\\/2023\\\/10\\\/logojbr1.jpg\",\"caption\":\"Jornal BEIRA-RIO\"},\"url\":\"https:\\\/\\\/jornalbeirario.com.br\\\/portal\\\/?author=1\"}]}<\/script>\n<!-- \/ Yoast SEO plugin. -->","yoast_head_json":{"title":"Pandemia tamb\u00e9m ser\u00e1 abordada em exerc\u00edcio simulado da Aman em Quatis e Porto Real - JORNAL BEIRA RIO","robots":{"index":"index","follow":"follow","max-snippet":"max-snippet:-1","max-image-preview":"max-image-preview:large","max-video-preview":"max-video-preview:-1"},"canonical":"https:\/\/jornalbeirario.com.br\/portal\/?p=73688","og_locale":"pt_BR","og_type":"article","og_title":"Pandemia tamb\u00e9m ser\u00e1 abordada em exerc\u00edcio simulado da Aman em Quatis e Porto Real - JORNAL BEIRA RIO","og_description":"Entre os dias 15 e 27 deste m\u00eas, a Academia Militar das Agulhas Negras (Aman) realizar\u00e1 sempre das 9 \u00e0s 19h, um exerc\u00edcio militar","og_url":"https:\/\/jornalbeirario.com.br\/portal\/?p=73688","og_site_name":"JORNAL BEIRA RIO","article_published_time":"2021-03-09T19:46:06+00:00","article_modified_time":"2021-03-13T18:56:52+00:00","og_image":[{"width":640,"height":480,"url":"https:\/\/jornalbeirario.com.br\/portal\/wp-content\/uploads\/2021\/03\/glo1.jpg","type":"image\/jpeg"}],"author":"Jornal BEIRA-RIO","twitter_card":"summary_large_image","twitter_misc":{"Escrito por":"Jornal BEIRA-RIO","Est. tempo de leitura":"3 minutos"},"schema":{"@context":"https:\/\/schema.org","@graph":[{"@type":"Article","@id":"https:\/\/jornalbeirario.com.br\/portal\/?p=73688#article","isPartOf":{"@id":"https:\/\/jornalbeirario.com.br\/portal\/?p=73688"},"author":{"name":"Jornal BEIRA-RIO","@id":"https:\/\/jornalbeirario.com.br\/portal\/#\/schema\/person\/c6c423e4c2465d2a9233f6539173e7c1"},"headline":"Pandemia tamb\u00e9m ser\u00e1 abordada em exerc\u00edcio simulado da Aman em Quatis e Porto Real","datePublished":"2021-03-09T19:46:06+00:00","dateModified":"2021-03-13T18:56:52+00:00","mainEntityOfPage":{"@id":"https:\/\/jornalbeirario.com.br\/portal\/?p=73688"},"wordCount":684,"commentCount":0,"publisher":{"@id":"https:\/\/jornalbeirario.com.br\/portal\/#organization"},"image":{"@id":"https:\/\/jornalbeirario.com.br\/portal\/?p=73688#primaryimage"},"thumbnailUrl":"https:\/\/jornalbeirario.com.br\/portal\/wp-content\/uploads\/2021\/03\/glo1.jpg","articleSection":["Regi\u00e3o"],"inLanguage":"pt-BR","potentialAction":[{"@type":"CommentAction","name":"Comment","target":["https:\/\/jornalbeirario.com.br\/portal\/?p=73688#respond"]}]},{"@type":"WebPage","@id":"https:\/\/jornalbeirario.com.br\/portal\/?p=73688","url":"https:\/\/jornalbeirario.com.br\/portal\/?p=73688","name":"Pandemia tamb\u00e9m ser\u00e1 abordada em exerc\u00edcio simulado da Aman em Quatis e Porto Real - JORNAL BEIRA RIO","isPartOf":{"@id":"https:\/\/jornalbeirario.com.br\/portal\/#website"},"primaryImageOfPage":{"@id":"https:\/\/jornalbeirario.com.br\/portal\/?p=73688#primaryimage"},"image":{"@id":"https:\/\/jornalbeirario.com.br\/portal\/?p=73688#primaryimage"},"thumbnailUrl":"https:\/\/jornalbeirario.com.br\/portal\/wp-content\/uploads\/2021\/03\/glo1.jpg","datePublished":"2021-03-09T19:46:06+00:00","dateModified":"2021-03-13T18:56:52+00:00","breadcrumb":{"@id":"https:\/\/jornalbeirario.com.br\/portal\/?p=73688#breadcrumb"},"inLanguage":"pt-BR","potentialAction":[{"@type":"ReadAction","target":["https:\/\/jornalbeirario.com.br\/portal\/?p=73688"]}]},{"@type":"ImageObject","inLanguage":"pt-BR","@id":"https:\/\/jornalbeirario.com.br\/portal\/?p=73688#primaryimage","url":"https:\/\/jornalbeirario.com.br\/portal\/wp-content\/uploads\/2021\/03\/glo1.jpg","contentUrl":"https:\/\/jornalbeirario.com.br\/portal\/wp-content\/uploads\/2021\/03\/glo1.jpg","width":640,"height":480,"caption":"Ex\u00e9rcito tamb\u00e9m esteve realizando treinamentos em Quatis no in\u00edcio do ano (Foto: Arquivo)"},{"@type":"BreadcrumbList","@id":"https:\/\/jornalbeirario.com.br\/portal\/?p=73688#breadcrumb","itemListElement":[{"@type":"ListItem","position":1,"name":"Home","item":"https:\/\/jornalbeirario.com.br\/portal"},{"@type":"ListItem","position":2,"name":"Pandemia tamb\u00e9m ser\u00e1 abordada em exerc\u00edcio simulado da Aman em Quatis e Porto Real"}]},{"@type":"WebSite","@id":"https:\/\/jornalbeirario.com.br\/portal\/#website","url":"https:\/\/jornalbeirario.com.br\/portal\/","name":"JORNAL BEIRA RIO","description":"","publisher":{"@id":"https:\/\/jornalbeirario.com.br\/portal\/#organization"},"potentialAction":[{"@type":"SearchAction","target":{"@type":"EntryPoint","urlTemplate":"https:\/\/jornalbeirario.com.br\/portal\/?s={search_term_string}"},"query-input":{"@type":"PropertyValueSpecification","valueRequired":true,"valueName":"search_term_string"}}],"inLanguage":"pt-BR"},{"@type":"Organization","@id":"https:\/\/jornalbeirario.com.br\/portal\/#organization","name":"JORNAL BEIRA RIO","url":"https:\/\/jornalbeirario.com.br\/portal\/","logo":{"@type":"ImageObject","inLanguage":"pt-BR","@id":"https:\/\/jornalbeirario.com.br\/portal\/#\/schema\/logo\/image\/","url":"https:\/\/jornalbeirario.com.br\/portal\/wp-content\/uploads\/2017\/09\/BEIRA-RIO_logo600.png","contentUrl":"https:\/\/jornalbeirario.com.br\/portal\/wp-content\/uploads\/2017\/09\/BEIRA-RIO_logo600.png","width":650,"height":108,"caption":"JORNAL BEIRA RIO"},"image":{"@id":"https:\/\/jornalbeirario.com.br\/portal\/#\/schema\/logo\/image\/"}},{"@type":"Person","@id":"https:\/\/jornalbeirario.com.br\/portal\/#\/schema\/person\/c6c423e4c2465d2a9233f6539173e7c1","name":"Jornal BEIRA-RIO","image":{"@type":"ImageObject","inLanguage":"pt-BR","@id":"https:\/\/jornalbeirario.com.br\/portal\/wp-content\/uploads\/2023\/10\/logojbr1.jpg","url":"https:\/\/jornalbeirario.com.br\/portal\/wp-content\/uploads\/2023\/10\/logojbr1.jpg","contentUrl":"https:\/\/jornalbeirario.com.br\/portal\/wp-content\/uploads\/2023\/10\/logojbr1.jpg","caption":"Jornal BEIRA-RIO"},"url":"https:\/\/jornalbeirario.com.br\/portal\/?author=1"}]}},"_links":{"self":[{"href":"https:\/\/jornalbeirario.com.br\/portal\/index.php?rest_route=\/wp\/v2\/posts\/73688","targetHints":{"allow":["GET"]}}],"collection":[{"href":"https:\/\/jornalbeirario.com.br\/portal\/index.php?rest_route=\/wp\/v2\/posts"}],"about":[{"href":"https:\/\/jornalbeirario.com.br\/portal\/index.php?rest_route=\/wp\/v2\/types\/post"}],"author":[{"embeddable":true,"href":"https:\/\/jornalbeirario.com.br\/portal\/index.php?rest_route=\/wp\/v2\/users\/1"}],"replies":[{"embeddable":true,"href":"https:\/\/jornalbeirario.com.br\/portal\/index.php?rest_route=%2Fwp%2Fv2%2Fcomments&post=73688"}],"version-history":[{"count":6,"href":"https:\/\/jornalbeirario.com.br\/portal\/index.php?rest_route=\/wp\/v2\/posts\/73688\/revisions"}],"predecessor-version":[{"id":73823,"href":"https:\/\/jornalbeirario.com.br\/portal\/index.php?rest_route=\/wp\/v2\/posts\/73688\/revisions\/73823"}],"wp:featuredmedia":[{"embeddable":true,"href":"https:\/\/jornalbeirario.com.br\/portal\/index.php?rest_route=\/wp\/v2\/media\/73692"}],"wp:attachment":[{"href":"https:\/\/jornalbeirario.com.br\/portal\/index.php?rest_route=%2Fwp%2Fv2%2Fmedia&parent=73688"}],"wp:term":[{"taxonomy":"category","embeddable":true,"href":"https:\/\/jornalbeirario.com.br\/portal\/index.php?rest_route=%2Fwp%2Fv2%2Fcategories&post=73688"},{"taxonomy":"post_tag","embeddable":true,"href":"https:\/\/jornalbeirario.com.br\/portal\/index.php?rest_route=%2Fwp%2Fv2%2Ftags&post=73688"}],"curies":[{"name":"wp","href":"https:\/\/api.w.org\/{rel}","templated":true}]}}