
{"id":73549,"date":"2021-03-02T14:18:20","date_gmt":"2021-03-02T17:18:20","guid":{"rendered":"http:\/\/jornalbeirario.com.br\/portal\/?p=73549"},"modified":"2021-03-02T14:28:26","modified_gmt":"2021-03-02T17:28:26","slug":"auxilio-emergencial-supera-rio-e-aprovado-pelo-governo-do-estado","status":"publish","type":"post","link":"https:\/\/jornalbeirario.com.br\/portal\/?p=73549","title":{"rendered":"Aux\u00edlio Emergencial Supera Rio \u00e9 aprovado pelo Governo do Estado"},"content":{"rendered":"<p style=\"text-align: justify;\"><a href=\"https:\/\/jornalbeirario.com.br\/portal\/wp-content\/uploads\/2021\/03\/sancao21.jpg\"><img loading=\"lazy\" decoding=\"async\" class=\"alignright size-medium wp-image-73558\" src=\"https:\/\/jornalbeirario.com.br\/portal\/wp-content\/uploads\/2021\/03\/sancao21-300x225.jpg\" alt=\"\" width=\"300\" height=\"225\" srcset=\"https:\/\/jornalbeirario.com.br\/portal\/wp-content\/uploads\/2021\/03\/sancao21-300x225.jpg 300w, https:\/\/jornalbeirario.com.br\/portal\/wp-content\/uploads\/2021\/03\/sancao21.jpg 640w\" sizes=\"auto, (max-width: 300px) 100vw, 300px\" \/><\/a>O governador do estado do Rio de Janeiro em exerc\u00edcio, Cla\u00fadio Castro (\u00e0 direita), sancionou nesta ter\u00e7a-feira, dia 2, o Projeto de Lei 3.488, conhecida como Supera Rio, que garante aux\u00edlio emergencial de at\u00e9 R$ 300 a pessoas em situa\u00e7\u00e3o de vulnerabilidade social. O evento aconteceu em Nova Igua\u00e7u, durante a abertura do Governo Presente Baixada, programa que transferiu os gabinetes do chefe do Executivo e de seus secret\u00e1rios para a regi\u00e3o. Segundo informa\u00e7\u00f5es do Governo do Estado, a meta \u00e9 que o pagamento do aux\u00edlio comece a ser feito em abril, com recursos de fundos estaduais. A previs\u00e3o \u00e9 que mais de 200 mil fam\u00edlias sejam atendidas pelo benef\u00edcio.<\/p>\n<p style=\"text-align: justify;\">&#8211; Essa nossa a\u00e7\u00e3o vai tirar muita gente da linha da pobreza. Matar a fome de muitos. Para garantir o aux\u00edlio, a ideia \u00e9 usarmos recursos do Fundo de Combate \u00e0 Pobreza e de outros fundos. Nossas equipes t\u00e9cnicas est\u00e3o detalhando a regulamenta\u00e7\u00e3o e, em cerca de dez dias, divulgaremos detalhes para a popula\u00e7\u00e3o. Todos os cuidados est\u00e3o sendo tomados para que o Regime de Recupera\u00e7\u00e3o Fiscal n\u00e3o seja ferido, mas que a necessidade da popula\u00e7\u00e3o seja garantida &#8211; afirmou Cl\u00e1udio Castro.<\/p>\n<p style=\"text-align: justify;\">Para que isso aconte\u00e7a, ser\u00e1 necess\u00e1ria a aprova\u00e7\u00e3o da <span class=\"ILfuVd NA6bn\"><span class=\"hgKElc\">Proposta de Emenda \u00e0 Constitui\u00e7\u00e3o<\/span><\/span> (PEC) para desvincula\u00e7\u00e3o dos fundos, que est\u00e1 em tramita\u00e7\u00e3o na Alerj. <a href=\"https:\/\/jornalbeirario.com.br\/portal\/?p=73402\">A iniciativa, de autoria do presidente da Casa, Andr\u00e9 Ceciliano (PT)<\/a>, pretende ajudar financeiramente a popula\u00e7\u00e3o mais pobre do Rio de Janeiro. Para Ceciliano, esse dia \u00e9 hist\u00f3rico para o estado.<\/p>\n<p style=\"text-align: justify;\">&#8211; O projeto, que teve apoio un\u00e2nime dos deputados, representa mais uma iniciativa de um conjunto de a\u00e7\u00f5es para fazer o Rio voltar a crescer. O Estado \u00e9 o primeiro do pa\u00eds a sancionar uma lei como essa. \u00c9 importante ressaltar que, al\u00e9m do aux\u00edlio de at\u00e9 R$ 300, uma linha de cr\u00e9dito tamb\u00e9m beneficiar\u00e1 microempreendedores e aut\u00f4nomos &#8211; destacou Ceciliano.<\/p>\n<p><em>Fotos: Rog\u00e9rio Santana\/Divulga\u00e7\u00e3o Governo RJ<\/em><\/p>\n","protected":false},"excerpt":{"rendered":"<p>O governador do estado do Rio de Janeiro em exerc\u00edcio, Cla\u00fadio Castro (\u00e0 direita), sancionou nesta ter\u00e7a-feira, dia 2, o Projeto de Lei 3.488,<\/p>\n","protected":false},"author":1,"featured_media":73559,"comment_status":"open","ping_status":"open","sticky":false,"template":"","format":"standard","meta":{"pmpro_default_level":"","footnotes":""},"categories":[6,158],"tags":[],"class_list":["post-73549","post","type-post","status-publish","format-standard","has-post-thumbnail","hentry","category-economia","category-rio-de-janeiro","pmpro-has-access"],"yoast_head":"<!-- This site is optimized with the Yoast SEO plugin v27.4 - https:\/\/yoast.com\/product\/yoast-seo-wordpress\/ -->\n<title>Aux\u00edlio Emergencial Supera Rio \u00e9 aprovado pelo Governo do Estado - JORNAL BEIRA RIO<\/title>\n<meta name=\"robots\" content=\"index, follow, max-snippet:-1, max-image-preview:large, max-video-preview:-1\" \/>\n<link rel=\"canonical\" href=\"https:\/\/jornalbeirario.com.br\/portal\/?p=73549\" \/>\n<meta property=\"og:locale\" content=\"pt_BR\" \/>\n<meta property=\"og:type\" content=\"article\" \/>\n<meta property=\"og:title\" content=\"Aux\u00edlio Emergencial Supera Rio \u00e9 aprovado pelo Governo do Estado - JORNAL BEIRA RIO\" \/>\n<meta property=\"og:description\" content=\"O governador do estado do Rio de Janeiro em exerc\u00edcio, Cla\u00fadio Castro (\u00e0 direita), sancionou nesta ter\u00e7a-feira, dia 2, o Projeto de Lei 3.488,\" \/>\n<meta property=\"og:url\" content=\"https:\/\/jornalbeirario.com.br\/portal\/?p=73549\" \/>\n<meta property=\"og:site_name\" content=\"JORNAL BEIRA RIO\" \/>\n<meta property=\"article:published_time\" content=\"2021-03-02T17:18:20+00:00\" \/>\n<meta property=\"article:modified_time\" content=\"2021-03-02T17:28:26+00:00\" \/>\n<meta property=\"og:image\" content=\"https:\/\/jornalbeirario.com.br\/portal\/wp-content\/uploads\/2021\/03\/sancao11.jpg\" \/>\n\t<meta property=\"og:image:width\" content=\"640\" \/>\n\t<meta property=\"og:image:height\" content=\"480\" \/>\n\t<meta property=\"og:image:type\" content=\"image\/jpeg\" \/>\n<meta name=\"author\" content=\"Jornal BEIRA-RIO\" \/>\n<meta name=\"twitter:card\" content=\"summary_large_image\" \/>\n<meta name=\"twitter:label1\" content=\"Escrito por\" \/>\n\t<meta name=\"twitter:data1\" content=\"Jornal BEIRA-RIO\" \/>\n\t<meta name=\"twitter:label2\" content=\"Est. tempo de leitura\" \/>\n\t<meta name=\"twitter:data2\" content=\"2 minutos\" \/>\n<script type=\"application\/ld+json\" class=\"yoast-schema-graph\">{\"@context\":\"https:\\\/\\\/schema.org\",\"@graph\":[{\"@type\":\"Article\",\"@id\":\"https:\\\/\\\/jornalbeirario.com.br\\\/portal\\\/?p=73549#article\",\"isPartOf\":{\"@id\":\"https:\\\/\\\/jornalbeirario.com.br\\\/portal\\\/?p=73549\"},\"author\":{\"name\":\"Jornal BEIRA-RIO\",\"@id\":\"https:\\\/\\\/jornalbeirario.com.br\\\/portal\\\/#\\\/schema\\\/person\\\/c6c423e4c2465d2a9233f6539173e7c1\"},\"headline\":\"Aux\u00edlio Emergencial Supera Rio \u00e9 aprovado pelo Governo do Estado\",\"datePublished\":\"2021-03-02T17:18:20+00:00\",\"dateModified\":\"2021-03-02T17:28:26+00:00\",\"mainEntityOfPage\":{\"@id\":\"https:\\\/\\\/jornalbeirario.com.br\\\/portal\\\/?p=73549\"},\"wordCount\":353,\"commentCount\":0,\"publisher\":{\"@id\":\"https:\\\/\\\/jornalbeirario.com.br\\\/portal\\\/#organization\"},\"image\":{\"@id\":\"https:\\\/\\\/jornalbeirario.com.br\\\/portal\\\/?p=73549#primaryimage\"},\"thumbnailUrl\":\"https:\\\/\\\/jornalbeirario.com.br\\\/portal\\\/wp-content\\\/uploads\\\/2021\\\/03\\\/sancao11.jpg\",\"articleSection\":[\"Economia\",\"Rio de Janeiro\"],\"inLanguage\":\"pt-BR\",\"potentialAction\":[{\"@type\":\"CommentAction\",\"name\":\"Comment\",\"target\":[\"https:\\\/\\\/jornalbeirario.com.br\\\/portal\\\/?p=73549#respond\"]}]},{\"@type\":\"WebPage\",\"@id\":\"https:\\\/\\\/jornalbeirario.com.br\\\/portal\\\/?p=73549\",\"url\":\"https:\\\/\\\/jornalbeirario.com.br\\\/portal\\\/?p=73549\",\"name\":\"Aux\u00edlio Emergencial Supera Rio \u00e9 aprovado pelo Governo do Estado - JORNAL BEIRA RIO\",\"isPartOf\":{\"@id\":\"https:\\\/\\\/jornalbeirario.com.br\\\/portal\\\/#website\"},\"primaryImageOfPage\":{\"@id\":\"https:\\\/\\\/jornalbeirario.com.br\\\/portal\\\/?p=73549#primaryimage\"},\"image\":{\"@id\":\"https:\\\/\\\/jornalbeirario.com.br\\\/portal\\\/?p=73549#primaryimage\"},\"thumbnailUrl\":\"https:\\\/\\\/jornalbeirario.com.br\\\/portal\\\/wp-content\\\/uploads\\\/2021\\\/03\\\/sancao11.jpg\",\"datePublished\":\"2021-03-02T17:18:20+00:00\",\"dateModified\":\"2021-03-02T17:28:26+00:00\",\"breadcrumb\":{\"@id\":\"https:\\\/\\\/jornalbeirario.com.br\\\/portal\\\/?p=73549#breadcrumb\"},\"inLanguage\":\"pt-BR\",\"potentialAction\":[{\"@type\":\"ReadAction\",\"target\":[\"https:\\\/\\\/jornalbeirario.com.br\\\/portal\\\/?p=73549\"]}]},{\"@type\":\"ImageObject\",\"inLanguage\":\"pt-BR\",\"@id\":\"https:\\\/\\\/jornalbeirario.com.br\\\/portal\\\/?p=73549#primaryimage\",\"url\":\"https:\\\/\\\/jornalbeirario.com.br\\\/portal\\\/wp-content\\\/uploads\\\/2021\\\/03\\\/sancao11.jpg\",\"contentUrl\":\"https:\\\/\\\/jornalbeirario.com.br\\\/portal\\\/wp-content\\\/uploads\\\/2021\\\/03\\\/sancao11.jpg\",\"width\":640,\"height\":480},{\"@type\":\"BreadcrumbList\",\"@id\":\"https:\\\/\\\/jornalbeirario.com.br\\\/portal\\\/?p=73549#breadcrumb\",\"itemListElement\":[{\"@type\":\"ListItem\",\"position\":1,\"name\":\"Home\",\"item\":\"https:\\\/\\\/jornalbeirario.com.br\\\/portal\"},{\"@type\":\"ListItem\",\"position\":2,\"name\":\"Aux\u00edlio Emergencial Supera Rio \u00e9 aprovado pelo Governo do Estado\"}]},{\"@type\":\"WebSite\",\"@id\":\"https:\\\/\\\/jornalbeirario.com.br\\\/portal\\\/#website\",\"url\":\"https:\\\/\\\/jornalbeirario.com.br\\\/portal\\\/\",\"name\":\"JORNAL BEIRA RIO\",\"description\":\"\",\"publisher\":{\"@id\":\"https:\\\/\\\/jornalbeirario.com.br\\\/portal\\\/#organization\"},\"potentialAction\":[{\"@type\":\"SearchAction\",\"target\":{\"@type\":\"EntryPoint\",\"urlTemplate\":\"https:\\\/\\\/jornalbeirario.com.br\\\/portal\\\/?s={search_term_string}\"},\"query-input\":{\"@type\":\"PropertyValueSpecification\",\"valueRequired\":true,\"valueName\":\"search_term_string\"}}],\"inLanguage\":\"pt-BR\"},{\"@type\":\"Organization\",\"@id\":\"https:\\\/\\\/jornalbeirario.com.br\\\/portal\\\/#organization\",\"name\":\"JORNAL BEIRA RIO\",\"url\":\"https:\\\/\\\/jornalbeirario.com.br\\\/portal\\\/\",\"logo\":{\"@type\":\"ImageObject\",\"inLanguage\":\"pt-BR\",\"@id\":\"https:\\\/\\\/jornalbeirario.com.br\\\/portal\\\/#\\\/schema\\\/logo\\\/image\\\/\",\"url\":\"https:\\\/\\\/jornalbeirario.com.br\\\/portal\\\/wp-content\\\/uploads\\\/2017\\\/09\\\/BEIRA-RIO_logo600.png\",\"contentUrl\":\"https:\\\/\\\/jornalbeirario.com.br\\\/portal\\\/wp-content\\\/uploads\\\/2017\\\/09\\\/BEIRA-RIO_logo600.png\",\"width\":650,\"height\":108,\"caption\":\"JORNAL BEIRA RIO\"},\"image\":{\"@id\":\"https:\\\/\\\/jornalbeirario.com.br\\\/portal\\\/#\\\/schema\\\/logo\\\/image\\\/\"}},{\"@type\":\"Person\",\"@id\":\"https:\\\/\\\/jornalbeirario.com.br\\\/portal\\\/#\\\/schema\\\/person\\\/c6c423e4c2465d2a9233f6539173e7c1\",\"name\":\"Jornal BEIRA-RIO\",\"image\":{\"@type\":\"ImageObject\",\"inLanguage\":\"pt-BR\",\"@id\":\"https:\\\/\\\/jornalbeirario.com.br\\\/portal\\\/wp-content\\\/uploads\\\/2023\\\/10\\\/logojbr1.jpg\",\"url\":\"https:\\\/\\\/jornalbeirario.com.br\\\/portal\\\/wp-content\\\/uploads\\\/2023\\\/10\\\/logojbr1.jpg\",\"contentUrl\":\"https:\\\/\\\/jornalbeirario.com.br\\\/portal\\\/wp-content\\\/uploads\\\/2023\\\/10\\\/logojbr1.jpg\",\"caption\":\"Jornal BEIRA-RIO\"},\"url\":\"https:\\\/\\\/jornalbeirario.com.br\\\/portal\\\/?author=1\"}]}<\/script>\n<!-- \/ Yoast SEO plugin. -->","yoast_head_json":{"title":"Aux\u00edlio Emergencial Supera Rio \u00e9 aprovado pelo Governo do Estado - JORNAL BEIRA RIO","robots":{"index":"index","follow":"follow","max-snippet":"max-snippet:-1","max-image-preview":"max-image-preview:large","max-video-preview":"max-video-preview:-1"},"canonical":"https:\/\/jornalbeirario.com.br\/portal\/?p=73549","og_locale":"pt_BR","og_type":"article","og_title":"Aux\u00edlio Emergencial Supera Rio \u00e9 aprovado pelo Governo do Estado - JORNAL BEIRA RIO","og_description":"O governador do estado do Rio de Janeiro em exerc\u00edcio, Cla\u00fadio Castro (\u00e0 direita), sancionou nesta ter\u00e7a-feira, dia 2, o Projeto de Lei 3.488,","og_url":"https:\/\/jornalbeirario.com.br\/portal\/?p=73549","og_site_name":"JORNAL BEIRA RIO","article_published_time":"2021-03-02T17:18:20+00:00","article_modified_time":"2021-03-02T17:28:26+00:00","og_image":[{"width":640,"height":480,"url":"https:\/\/jornalbeirario.com.br\/portal\/wp-content\/uploads\/2021\/03\/sancao11.jpg","type":"image\/jpeg"}],"author":"Jornal BEIRA-RIO","twitter_card":"summary_large_image","twitter_misc":{"Escrito por":"Jornal BEIRA-RIO","Est. tempo de leitura":"2 minutos"},"schema":{"@context":"https:\/\/schema.org","@graph":[{"@type":"Article","@id":"https:\/\/jornalbeirario.com.br\/portal\/?p=73549#article","isPartOf":{"@id":"https:\/\/jornalbeirario.com.br\/portal\/?p=73549"},"author":{"name":"Jornal BEIRA-RIO","@id":"https:\/\/jornalbeirario.com.br\/portal\/#\/schema\/person\/c6c423e4c2465d2a9233f6539173e7c1"},"headline":"Aux\u00edlio Emergencial Supera Rio \u00e9 aprovado pelo Governo do Estado","datePublished":"2021-03-02T17:18:20+00:00","dateModified":"2021-03-02T17:28:26+00:00","mainEntityOfPage":{"@id":"https:\/\/jornalbeirario.com.br\/portal\/?p=73549"},"wordCount":353,"commentCount":0,"publisher":{"@id":"https:\/\/jornalbeirario.com.br\/portal\/#organization"},"image":{"@id":"https:\/\/jornalbeirario.com.br\/portal\/?p=73549#primaryimage"},"thumbnailUrl":"https:\/\/jornalbeirario.com.br\/portal\/wp-content\/uploads\/2021\/03\/sancao11.jpg","articleSection":["Economia","Rio de Janeiro"],"inLanguage":"pt-BR","potentialAction":[{"@type":"CommentAction","name":"Comment","target":["https:\/\/jornalbeirario.com.br\/portal\/?p=73549#respond"]}]},{"@type":"WebPage","@id":"https:\/\/jornalbeirario.com.br\/portal\/?p=73549","url":"https:\/\/jornalbeirario.com.br\/portal\/?p=73549","name":"Aux\u00edlio Emergencial Supera Rio \u00e9 aprovado pelo Governo do Estado - JORNAL BEIRA RIO","isPartOf":{"@id":"https:\/\/jornalbeirario.com.br\/portal\/#website"},"primaryImageOfPage":{"@id":"https:\/\/jornalbeirario.com.br\/portal\/?p=73549#primaryimage"},"image":{"@id":"https:\/\/jornalbeirario.com.br\/portal\/?p=73549#primaryimage"},"thumbnailUrl":"https:\/\/jornalbeirario.com.br\/portal\/wp-content\/uploads\/2021\/03\/sancao11.jpg","datePublished":"2021-03-02T17:18:20+00:00","dateModified":"2021-03-02T17:28:26+00:00","breadcrumb":{"@id":"https:\/\/jornalbeirario.com.br\/portal\/?p=73549#breadcrumb"},"inLanguage":"pt-BR","potentialAction":[{"@type":"ReadAction","target":["https:\/\/jornalbeirario.com.br\/portal\/?p=73549"]}]},{"@type":"ImageObject","inLanguage":"pt-BR","@id":"https:\/\/jornalbeirario.com.br\/portal\/?p=73549#primaryimage","url":"https:\/\/jornalbeirario.com.br\/portal\/wp-content\/uploads\/2021\/03\/sancao11.jpg","contentUrl":"https:\/\/jornalbeirario.com.br\/portal\/wp-content\/uploads\/2021\/03\/sancao11.jpg","width":640,"height":480},{"@type":"BreadcrumbList","@id":"https:\/\/jornalbeirario.com.br\/portal\/?p=73549#breadcrumb","itemListElement":[{"@type":"ListItem","position":1,"name":"Home","item":"https:\/\/jornalbeirario.com.br\/portal"},{"@type":"ListItem","position":2,"name":"Aux\u00edlio Emergencial Supera Rio \u00e9 aprovado pelo Governo do Estado"}]},{"@type":"WebSite","@id":"https:\/\/jornalbeirario.com.br\/portal\/#website","url":"https:\/\/jornalbeirario.com.br\/portal\/","name":"JORNAL BEIRA RIO","description":"","publisher":{"@id":"https:\/\/jornalbeirario.com.br\/portal\/#organization"},"potentialAction":[{"@type":"SearchAction","target":{"@type":"EntryPoint","urlTemplate":"https:\/\/jornalbeirario.com.br\/portal\/?s={search_term_string}"},"query-input":{"@type":"PropertyValueSpecification","valueRequired":true,"valueName":"search_term_string"}}],"inLanguage":"pt-BR"},{"@type":"Organization","@id":"https:\/\/jornalbeirario.com.br\/portal\/#organization","name":"JORNAL BEIRA RIO","url":"https:\/\/jornalbeirario.com.br\/portal\/","logo":{"@type":"ImageObject","inLanguage":"pt-BR","@id":"https:\/\/jornalbeirario.com.br\/portal\/#\/schema\/logo\/image\/","url":"https:\/\/jornalbeirario.com.br\/portal\/wp-content\/uploads\/2017\/09\/BEIRA-RIO_logo600.png","contentUrl":"https:\/\/jornalbeirario.com.br\/portal\/wp-content\/uploads\/2017\/09\/BEIRA-RIO_logo600.png","width":650,"height":108,"caption":"JORNAL BEIRA RIO"},"image":{"@id":"https:\/\/jornalbeirario.com.br\/portal\/#\/schema\/logo\/image\/"}},{"@type":"Person","@id":"https:\/\/jornalbeirario.com.br\/portal\/#\/schema\/person\/c6c423e4c2465d2a9233f6539173e7c1","name":"Jornal BEIRA-RIO","image":{"@type":"ImageObject","inLanguage":"pt-BR","@id":"https:\/\/jornalbeirario.com.br\/portal\/wp-content\/uploads\/2023\/10\/logojbr1.jpg","url":"https:\/\/jornalbeirario.com.br\/portal\/wp-content\/uploads\/2023\/10\/logojbr1.jpg","contentUrl":"https:\/\/jornalbeirario.com.br\/portal\/wp-content\/uploads\/2023\/10\/logojbr1.jpg","caption":"Jornal BEIRA-RIO"},"url":"https:\/\/jornalbeirario.com.br\/portal\/?author=1"}]}},"_links":{"self":[{"href":"https:\/\/jornalbeirario.com.br\/portal\/index.php?rest_route=\/wp\/v2\/posts\/73549","targetHints":{"allow":["GET"]}}],"collection":[{"href":"https:\/\/jornalbeirario.com.br\/portal\/index.php?rest_route=\/wp\/v2\/posts"}],"about":[{"href":"https:\/\/jornalbeirario.com.br\/portal\/index.php?rest_route=\/wp\/v2\/types\/post"}],"author":[{"embeddable":true,"href":"https:\/\/jornalbeirario.com.br\/portal\/index.php?rest_route=\/wp\/v2\/users\/1"}],"replies":[{"embeddable":true,"href":"https:\/\/jornalbeirario.com.br\/portal\/index.php?rest_route=%2Fwp%2Fv2%2Fcomments&post=73549"}],"version-history":[{"count":11,"href":"https:\/\/jornalbeirario.com.br\/portal\/index.php?rest_route=\/wp\/v2\/posts\/73549\/revisions"}],"predecessor-version":[{"id":73562,"href":"https:\/\/jornalbeirario.com.br\/portal\/index.php?rest_route=\/wp\/v2\/posts\/73549\/revisions\/73562"}],"wp:featuredmedia":[{"embeddable":true,"href":"https:\/\/jornalbeirario.com.br\/portal\/index.php?rest_route=\/wp\/v2\/media\/73559"}],"wp:attachment":[{"href":"https:\/\/jornalbeirario.com.br\/portal\/index.php?rest_route=%2Fwp%2Fv2%2Fmedia&parent=73549"}],"wp:term":[{"taxonomy":"category","embeddable":true,"href":"https:\/\/jornalbeirario.com.br\/portal\/index.php?rest_route=%2Fwp%2Fv2%2Fcategories&post=73549"},{"taxonomy":"post_tag","embeddable":true,"href":"https:\/\/jornalbeirario.com.br\/portal\/index.php?rest_route=%2Fwp%2Fv2%2Ftags&post=73549"}],"curies":[{"name":"wp","href":"https:\/\/api.w.org\/{rel}","templated":true}]}}