
{"id":72906,"date":"2021-01-29T17:53:49","date_gmt":"2021-01-29T20:53:49","guid":{"rendered":"http:\/\/jornalbeirario.com.br\/portal\/?p=72906"},"modified":"2021-01-29T17:53:49","modified_gmt":"2021-01-29T20:53:49","slug":"vacinacao-contra-covid-19-preocupa-hemonucleos-da-regiao","status":"publish","type":"post","link":"https:\/\/jornalbeirario.com.br\/portal\/?p=72906","title":{"rendered":"Vacina\u00e7\u00e3o contra covid-19 preocupa hemon\u00facleos da regi\u00e3o"},"content":{"rendered":"<figure id=\"attachment_72910\" aria-describedby=\"caption-attachment-72910\" style=\"width: 300px\" class=\"wp-caption alignleft\"><a href=\"https:\/\/jornalbeirario.com.br\/portal\/wp-content\/uploads\/2021\/01\/doacaovacina2.jpg\"><img loading=\"lazy\" decoding=\"async\" class=\"wp-image-72910 size-medium\" src=\"https:\/\/jornalbeirario.com.br\/portal\/wp-content\/uploads\/2021\/01\/doacaovacina2-300x225.jpg\" alt=\"\" width=\"300\" height=\"225\" srcset=\"https:\/\/jornalbeirario.com.br\/portal\/wp-content\/uploads\/2021\/01\/doacaovacina2-300x225.jpg 300w, https:\/\/jornalbeirario.com.br\/portal\/wp-content\/uploads\/2021\/01\/doacaovacina2.jpg 640w\" sizes=\"auto, (max-width: 300px) 100vw, 300px\" \/><\/a><figcaption id=\"caption-attachment-72910\" class=\"wp-caption-text\">Necessitando de estoque de sangue, Hemon\u00facleo de Resende est\u00e1 preocupado com per\u00edodo de inaptid\u00e3o das vacinas<\/figcaption><\/figure>\n<p style=\"text-align: justify;\">O in\u00edcio da vacina\u00e7\u00e3o contra a covid-19 em todo o pa\u00eds acendeu um alerta para os dois hemon\u00facleos da regi\u00e3o do M\u00e9dio Para\u00edba. Com baixos n\u00edveis no estoque do banco de sangue, as unidades de Barra Mansa e Resende est\u00e3o orientando seus doadores contemplados entre os grupos priorit\u00e1rios da campanha de imuniza\u00e7\u00e3o a fazerem suas doa\u00e7\u00f5es antes de serem vacinados.<\/p>\n<p style=\"text-align: justify;\">\u00c9 que segundo a coordenadora do Hemon\u00facleo de Resende, a biom\u00e9dica Maria Fernanda Aguiar, existe um per\u00edodo de inaptid\u00e3o para a doa\u00e7\u00e3o de sangue associada ao uso das vacinas. Para ela, todos os imunizantes possuem um per\u00edodo de inaptid\u00e3o espec\u00edfico para a doa\u00e7\u00e3o de sangue, pois podem ocasionar algum tipo de interfer\u00eancia nos resultados dos exames. Essa inaptid\u00e3o tempor\u00e1ria tamb\u00e9m est\u00e1 valendo para as vacinas da Coronavac e de Oxford\/Astrazeneca, que atualmente est\u00e3o sendo aplicadas nos grupos priorit\u00e1rios determinados pelo Minist\u00e9rio da Sa\u00fade.<\/p>\n<p style=\"text-align: justify;\">Ao todo, esse per\u00edodo de inaptid\u00e3o \u00e9 de 48 horas a cada dose da Coronavac e 7 dias a cada dose da Oxford\/Astrazeneca. Estes dados seguem o Plano Nacional de Operacionaliza\u00e7\u00e3o da Vacina\u00e7\u00e3o contra a Covid-19, do Minist\u00e9rio da Sa\u00fade. Para doarem sangue, os volunt\u00e1rios dever\u00e3o informar a data correta que foram imunizados com a vacina da covid-19 ou apresentar o comprovante de vacina\u00e7\u00e3o.<\/p>\n<p style=\"text-align: justify;\">Em virtude da pandemia do coronav\u00edrus, as pessoas interessadas em doar sangue dever\u00e3o fazer agendamento pr\u00e9vio pelo telefone (24) 3381- 4834 para evitar aglomera\u00e7\u00f5es. O Hemon\u00facleo de Resende funciona em anexo ao Hospital de Emerg\u00eancia, de segunda a sexta-feira, de 8 \u00e0s 11h. Vale lembrar que o uso de m\u00e1scara \u00e9 obrigat\u00f3rio assim como a higieniza\u00e7\u00e3o das m\u00e3os e o distanciamento social. Para doar sangue s\u00e3o necess\u00e1rios apresentar documento oficial com foto, estar bem de sa\u00fade, ter entre 16 e 69 anos, pesar mais de 50kg e no caso de menores de idade deve ter a autoriza\u00e7\u00e3o dos pais ou respons\u00e1veis.<\/p>\n<p style=\"text-align: justify;\">O banco de sangue atende hospitais de Resende, Itatiaia, Porto Real e Quatis. Atualmente os tipos sangu\u00edneos em estado cr\u00edtico s\u00e3o: O+, O-, B- e AB-; enquanto que o B+ est\u00e1 em estado de alerta. E os tipos A+, A- e AB+ est\u00e3o est\u00e1veis.<\/p>\n<p style=\"text-align: justify;\">Em Barra Mansa, o estoque de sangue tamb\u00e9m segue abaixo do esperado e o per\u00edodo de inaptid\u00e3o de doa\u00e7\u00e3o p\u00f3s-vacina tem preocupado os profissionais da unidade. Atualmente, as doa\u00e7\u00f5es feitas n\u00e3o conseguem suprir a demanda semanal, pois a abrang\u00eancia da unidade \u00e9 grande e atende diversos hospitais como Santa Maria, Santa Casa, Hospital da Mulher, Upa Leste, Upa Centro e tamb\u00e9m unidades de sa\u00fade em Valen\u00e7a e Rio das Flores.<\/p>\n<p style=\"text-align: justify;\">A coordenadora do Hemon\u00facleo local, Thais Mendes, afirma que a situa\u00e7\u00e3o do estoque \u00e9 critica e est\u00e1 abaixo do esperado pela unidade. Al\u00e9m disso, demonstrou preocupa\u00e7\u00e3o na dificuldade em conseguir doadores espont\u00e2neos. \u201cAs pessoas s\u00f3 v\u00eam doar quando t\u00eam algu\u00e9m da fam\u00edlia precisando, ent\u00e3o hoje o meu estoque est\u00e1 mais para reposi\u00e7\u00e3o do que para manter o estoque rodando cheio\u201d, ressaltou.<\/p>\n<p style=\"text-align: justify;\">De acordo com a coordenadora, as plaquetas do sangue coletado podem durar at\u00e9 cinco dias ap\u00f3s a retirada, mas dificilmente s\u00e3o armazenados por tanto tempo, j\u00e1 que a necessidade \u00e9 alta. \u201cA gente faz a capta\u00e7\u00e3o e acaba usando o que conseguimos durante o decorrer da mesma semana\u201d, afirmou. O centro de coleta necessita, em especial, de doadores que sejam O negativo, pois \u00e9 o tipo sangu\u00edneo universal utilizado para doar para todos os outros grupos.<\/p>\n<p style=\"text-align: justify;\">A preocupa\u00e7\u00e3o da unidade \u00e9 de que o baixo n\u00famero de volunt\u00e1rios fique ainda menor com o seguimento da vacina\u00e7\u00e3o contra a Covid-19. A unidade aconselha que as doa\u00e7\u00f5es sejam feitas antes da vacina\u00e7\u00e3o para que n\u00e3o haja uma grande redu\u00e7\u00e3o no n\u00famero de bolsas em estoque. O Hemon\u00facleo de Barra Mansa fica na Rua Pinto Ribeiro, ao lado do pr\u00e9dio da Santa Casa, no Centro.<\/p>\n<p style=\"text-align: justify;\"><em>Fotos: Felipe Vieira (PMBM) e Divulga\u00e7\u00e3o\/PMR<\/em><\/p>\n","protected":false},"excerpt":{"rendered":"<p>O in\u00edcio da vacina\u00e7\u00e3o contra a covid-19 em todo o pa\u00eds acendeu um alerta para os dois hemon\u00facleos da regi\u00e3o do M\u00e9dio Para\u00edba. Com<\/p>\n","protected":false},"author":1,"featured_media":72911,"comment_status":"open","ping_status":"open","sticky":false,"template":"","format":"standard","meta":{"pmpro_default_level":"","footnotes":"","_members_access_role":[],"_members_access_error":""},"categories":[1,18],"tags":[],"class_list":["post-72906","post","type-post","status-publish","format-standard","has-post-thumbnail","hentry","category-cidade","category-saude","pmpro-has-access"],"yoast_head":"<!-- This site is optimized with the Yoast SEO plugin v28.4 - https:\/\/yoast.com\/product\/yoast-seo-wordpress\/ -->\n<title>Vacina\u00e7\u00e3o contra covid-19 preocupa hemon\u00facleos da regi\u00e3o - JORNAL BEIRA RIO<\/title>\n<meta name=\"robots\" content=\"index, follow, max-snippet:-1, max-image-preview:large, max-video-preview:-1\" \/>\n<link rel=\"canonical\" href=\"https:\/\/jornalbeirario.com.br\/portal\/?p=72906\" \/>\n<meta property=\"og:locale\" content=\"pt_BR\" \/>\n<meta property=\"og:type\" content=\"article\" \/>\n<meta property=\"og:title\" content=\"Vacina\u00e7\u00e3o contra covid-19 preocupa hemon\u00facleos da regi\u00e3o - JORNAL BEIRA RIO\" \/>\n<meta property=\"og:description\" content=\"O in\u00edcio da vacina\u00e7\u00e3o contra a covid-19 em todo o pa\u00eds acendeu um alerta para os dois hemon\u00facleos da regi\u00e3o do M\u00e9dio Para\u00edba. Com\" \/>\n<meta property=\"og:url\" content=\"https:\/\/jornalbeirario.com.br\/portal\/?p=72906\" \/>\n<meta property=\"og:site_name\" content=\"JORNAL BEIRA RIO\" \/>\n<meta property=\"article:published_time\" content=\"2021-01-29T20:53:49+00:00\" \/>\n<meta property=\"og:image\" content=\"https:\/\/jornalbeirario.com.br\/portal\/wp-content\/uploads\/2021\/01\/doacaovacina1.jpg\" \/>\n\t<meta property=\"og:image:width\" content=\"640\" \/>\n\t<meta property=\"og:image:height\" content=\"480\" \/>\n\t<meta property=\"og:image:type\" content=\"image\/jpeg\" \/>\n<meta name=\"author\" content=\"Jornal BEIRA-RIO\" \/>\n<meta name=\"twitter:card\" content=\"summary_large_image\" \/>\n<meta name=\"twitter:label1\" content=\"Escrito por\" \/>\n\t<meta name=\"twitter:data1\" content=\"Jornal BEIRA-RIO\" \/>\n\t<meta name=\"twitter:label2\" content=\"Est. tempo de leitura\" \/>\n\t<meta name=\"twitter:data2\" content=\"4 minutos\" \/>\n<script type=\"application\/ld+json\" class=\"yoast-schema-graph\">{\"@context\":\"https:\\\/\\\/schema.org\",\"@graph\":[{\"@type\":\"Article\",\"@id\":\"https:\\\/\\\/jornalbeirario.com.br\\\/portal\\\/?p=72906#article\",\"isPartOf\":{\"@id\":\"https:\\\/\\\/jornalbeirario.com.br\\\/portal\\\/?p=72906\"},\"author\":{\"name\":\"Jornal BEIRA-RIO\",\"@id\":\"https:\\\/\\\/jornalbeirario.com.br\\\/portal\\\/#\\\/schema\\\/person\\\/c6c423e4c2465d2a9233f6539173e7c1\"},\"headline\":\"Vacina\u00e7\u00e3o contra covid-19 preocupa hemon\u00facleos da regi\u00e3o\",\"datePublished\":\"2021-01-29T20:53:49+00:00\",\"mainEntityOfPage\":{\"@id\":\"https:\\\/\\\/jornalbeirario.com.br\\\/portal\\\/?p=72906\"},\"wordCount\":751,\"commentCount\":0,\"publisher\":{\"@id\":\"https:\\\/\\\/jornalbeirario.com.br\\\/portal\\\/#organization\"},\"image\":{\"@id\":\"https:\\\/\\\/jornalbeirario.com.br\\\/portal\\\/?p=72906#primaryimage\"},\"thumbnailUrl\":\"https:\\\/\\\/jornalbeirario.com.br\\\/portal\\\/wp-content\\\/uploads\\\/2021\\\/01\\\/doacaovacina1.jpg\",\"articleSection\":[\"Cidade\",\"Sa\u00fade\"],\"inLanguage\":\"pt-BR\",\"potentialAction\":[{\"@type\":\"CommentAction\",\"name\":\"Comment\",\"target\":[\"https:\\\/\\\/jornalbeirario.com.br\\\/portal\\\/?p=72906#respond\"]}]},{\"@type\":\"WebPage\",\"@id\":\"https:\\\/\\\/jornalbeirario.com.br\\\/portal\\\/?p=72906\",\"url\":\"https:\\\/\\\/jornalbeirario.com.br\\\/portal\\\/?p=72906\",\"name\":\"Vacina\u00e7\u00e3o contra covid-19 preocupa hemon\u00facleos da regi\u00e3o - JORNAL BEIRA RIO\",\"isPartOf\":{\"@id\":\"https:\\\/\\\/jornalbeirario.com.br\\\/portal\\\/#website\"},\"primaryImageOfPage\":{\"@id\":\"https:\\\/\\\/jornalbeirario.com.br\\\/portal\\\/?p=72906#primaryimage\"},\"image\":{\"@id\":\"https:\\\/\\\/jornalbeirario.com.br\\\/portal\\\/?p=72906#primaryimage\"},\"thumbnailUrl\":\"https:\\\/\\\/jornalbeirario.com.br\\\/portal\\\/wp-content\\\/uploads\\\/2021\\\/01\\\/doacaovacina1.jpg\",\"datePublished\":\"2021-01-29T20:53:49+00:00\",\"breadcrumb\":{\"@id\":\"https:\\\/\\\/jornalbeirario.com.br\\\/portal\\\/?p=72906#breadcrumb\"},\"inLanguage\":\"pt-BR\",\"potentialAction\":[{\"@type\":\"ReadAction\",\"target\":[\"https:\\\/\\\/jornalbeirario.com.br\\\/portal\\\/?p=72906\"]}]},{\"@type\":\"ImageObject\",\"inLanguage\":\"pt-BR\",\"@id\":\"https:\\\/\\\/jornalbeirario.com.br\\\/portal\\\/?p=72906#primaryimage\",\"url\":\"https:\\\/\\\/jornalbeirario.com.br\\\/portal\\\/wp-content\\\/uploads\\\/2021\\\/01\\\/doacaovacina1.jpg\",\"contentUrl\":\"https:\\\/\\\/jornalbeirario.com.br\\\/portal\\\/wp-content\\\/uploads\\\/2021\\\/01\\\/doacaovacina1.jpg\",\"width\":640,\"height\":480},{\"@type\":\"BreadcrumbList\",\"@id\":\"https:\\\/\\\/jornalbeirario.com.br\\\/portal\\\/?p=72906#breadcrumb\",\"itemListElement\":[{\"@type\":\"ListItem\",\"position\":1,\"name\":\"Home\",\"item\":\"https:\\\/\\\/jornalbeirario.com.br\\\/portal\"},{\"@type\":\"ListItem\",\"position\":2,\"name\":\"Vacina\u00e7\u00e3o contra covid-19 preocupa hemon\u00facleos da regi\u00e3o\"}]},{\"@type\":\"WebSite\",\"@id\":\"https:\\\/\\\/jornalbeirario.com.br\\\/portal\\\/#website\",\"url\":\"https:\\\/\\\/jornalbeirario.com.br\\\/portal\\\/\",\"name\":\"JORNAL BEIRA RIO\",\"description\":\"\",\"publisher\":{\"@id\":\"https:\\\/\\\/jornalbeirario.com.br\\\/portal\\\/#organization\"},\"potentialAction\":[{\"@type\":\"SearchAction\",\"target\":{\"@type\":\"EntryPoint\",\"urlTemplate\":\"https:\\\/\\\/jornalbeirario.com.br\\\/portal\\\/?s={search_term_string}\"},\"query-input\":{\"@type\":\"PropertyValueSpecification\",\"valueRequired\":true,\"valueName\":\"search_term_string\"}}],\"inLanguage\":\"pt-BR\"},{\"@type\":\"Organization\",\"@id\":\"https:\\\/\\\/jornalbeirario.com.br\\\/portal\\\/#organization\",\"name\":\"JORNAL BEIRA RIO\",\"url\":\"https:\\\/\\\/jornalbeirario.com.br\\\/portal\\\/\",\"logo\":{\"@type\":\"ImageObject\",\"inLanguage\":\"pt-BR\",\"@id\":\"https:\\\/\\\/jornalbeirario.com.br\\\/portal\\\/#\\\/schema\\\/logo\\\/image\\\/\",\"url\":\"https:\\\/\\\/jornalbeirario.com.br\\\/portal\\\/wp-content\\\/uploads\\\/2017\\\/09\\\/BEIRA-RIO_logo600.png\",\"contentUrl\":\"https:\\\/\\\/jornalbeirario.com.br\\\/portal\\\/wp-content\\\/uploads\\\/2017\\\/09\\\/BEIRA-RIO_logo600.png\",\"width\":650,\"height\":108,\"caption\":\"JORNAL BEIRA RIO\"},\"image\":{\"@id\":\"https:\\\/\\\/jornalbeirario.com.br\\\/portal\\\/#\\\/schema\\\/logo\\\/image\\\/\"}},{\"@type\":\"Person\",\"@id\":\"https:\\\/\\\/jornalbeirario.com.br\\\/portal\\\/#\\\/schema\\\/person\\\/c6c423e4c2465d2a9233f6539173e7c1\",\"name\":\"Jornal BEIRA-RIO\",\"image\":{\"@type\":\"ImageObject\",\"inLanguage\":\"pt-BR\",\"@id\":\"https:\\\/\\\/jornalbeirario.com.br\\\/portal\\\/wp-content\\\/uploads\\\/2023\\\/10\\\/logojbr1.jpg\",\"url\":\"https:\\\/\\\/jornalbeirario.com.br\\\/portal\\\/wp-content\\\/uploads\\\/2023\\\/10\\\/logojbr1.jpg\",\"contentUrl\":\"https:\\\/\\\/jornalbeirario.com.br\\\/portal\\\/wp-content\\\/uploads\\\/2023\\\/10\\\/logojbr1.jpg\",\"caption\":\"Jornal BEIRA-RIO\"},\"url\":\"https:\\\/\\\/jornalbeirario.com.br\\\/portal\\\/?author=1\"}]}<\/script>\n<!-- \/ Yoast SEO plugin. -->","yoast_head_json":{"title":"Vacina\u00e7\u00e3o contra covid-19 preocupa hemon\u00facleos da regi\u00e3o - JORNAL BEIRA RIO","robots":{"index":"index","follow":"follow","max-snippet":"max-snippet:-1","max-image-preview":"max-image-preview:large","max-video-preview":"max-video-preview:-1"},"canonical":"https:\/\/jornalbeirario.com.br\/portal\/?p=72906","og_locale":"pt_BR","og_type":"article","og_title":"Vacina\u00e7\u00e3o contra covid-19 preocupa hemon\u00facleos da regi\u00e3o - JORNAL BEIRA RIO","og_description":"O in\u00edcio da vacina\u00e7\u00e3o contra a covid-19 em todo o pa\u00eds acendeu um alerta para os dois hemon\u00facleos da regi\u00e3o do M\u00e9dio Para\u00edba. Com","og_url":"https:\/\/jornalbeirario.com.br\/portal\/?p=72906","og_site_name":"JORNAL BEIRA RIO","article_published_time":"2021-01-29T20:53:49+00:00","og_image":[{"width":640,"height":480,"url":"https:\/\/jornalbeirario.com.br\/portal\/wp-content\/uploads\/2021\/01\/doacaovacina1.jpg","type":"image\/jpeg"}],"author":"Jornal BEIRA-RIO","twitter_card":"summary_large_image","twitter_misc":{"Escrito por":"Jornal BEIRA-RIO","Est. tempo de leitura":"4 minutos"},"schema":{"@context":"https:\/\/schema.org","@graph":[{"@type":"Article","@id":"https:\/\/jornalbeirario.com.br\/portal\/?p=72906#article","isPartOf":{"@id":"https:\/\/jornalbeirario.com.br\/portal\/?p=72906"},"author":{"name":"Jornal BEIRA-RIO","@id":"https:\/\/jornalbeirario.com.br\/portal\/#\/schema\/person\/c6c423e4c2465d2a9233f6539173e7c1"},"headline":"Vacina\u00e7\u00e3o contra covid-19 preocupa hemon\u00facleos da regi\u00e3o","datePublished":"2021-01-29T20:53:49+00:00","mainEntityOfPage":{"@id":"https:\/\/jornalbeirario.com.br\/portal\/?p=72906"},"wordCount":751,"commentCount":0,"publisher":{"@id":"https:\/\/jornalbeirario.com.br\/portal\/#organization"},"image":{"@id":"https:\/\/jornalbeirario.com.br\/portal\/?p=72906#primaryimage"},"thumbnailUrl":"https:\/\/jornalbeirario.com.br\/portal\/wp-content\/uploads\/2021\/01\/doacaovacina1.jpg","articleSection":["Cidade","Sa\u00fade"],"inLanguage":"pt-BR","potentialAction":[{"@type":"CommentAction","name":"Comment","target":["https:\/\/jornalbeirario.com.br\/portal\/?p=72906#respond"]}]},{"@type":"WebPage","@id":"https:\/\/jornalbeirario.com.br\/portal\/?p=72906","url":"https:\/\/jornalbeirario.com.br\/portal\/?p=72906","name":"Vacina\u00e7\u00e3o contra covid-19 preocupa hemon\u00facleos da regi\u00e3o - JORNAL BEIRA RIO","isPartOf":{"@id":"https:\/\/jornalbeirario.com.br\/portal\/#website"},"primaryImageOfPage":{"@id":"https:\/\/jornalbeirario.com.br\/portal\/?p=72906#primaryimage"},"image":{"@id":"https:\/\/jornalbeirario.com.br\/portal\/?p=72906#primaryimage"},"thumbnailUrl":"https:\/\/jornalbeirario.com.br\/portal\/wp-content\/uploads\/2021\/01\/doacaovacina1.jpg","datePublished":"2021-01-29T20:53:49+00:00","breadcrumb":{"@id":"https:\/\/jornalbeirario.com.br\/portal\/?p=72906#breadcrumb"},"inLanguage":"pt-BR","potentialAction":[{"@type":"ReadAction","target":["https:\/\/jornalbeirario.com.br\/portal\/?p=72906"]}]},{"@type":"ImageObject","inLanguage":"pt-BR","@id":"https:\/\/jornalbeirario.com.br\/portal\/?p=72906#primaryimage","url":"https:\/\/jornalbeirario.com.br\/portal\/wp-content\/uploads\/2021\/01\/doacaovacina1.jpg","contentUrl":"https:\/\/jornalbeirario.com.br\/portal\/wp-content\/uploads\/2021\/01\/doacaovacina1.jpg","width":640,"height":480},{"@type":"BreadcrumbList","@id":"https:\/\/jornalbeirario.com.br\/portal\/?p=72906#breadcrumb","itemListElement":[{"@type":"ListItem","position":1,"name":"Home","item":"https:\/\/jornalbeirario.com.br\/portal"},{"@type":"ListItem","position":2,"name":"Vacina\u00e7\u00e3o contra covid-19 preocupa hemon\u00facleos da regi\u00e3o"}]},{"@type":"WebSite","@id":"https:\/\/jornalbeirario.com.br\/portal\/#website","url":"https:\/\/jornalbeirario.com.br\/portal\/","name":"JORNAL BEIRA RIO","description":"","publisher":{"@id":"https:\/\/jornalbeirario.com.br\/portal\/#organization"},"potentialAction":[{"@type":"SearchAction","target":{"@type":"EntryPoint","urlTemplate":"https:\/\/jornalbeirario.com.br\/portal\/?s={search_term_string}"},"query-input":{"@type":"PropertyValueSpecification","valueRequired":true,"valueName":"search_term_string"}}],"inLanguage":"pt-BR"},{"@type":"Organization","@id":"https:\/\/jornalbeirario.com.br\/portal\/#organization","name":"JORNAL BEIRA RIO","url":"https:\/\/jornalbeirario.com.br\/portal\/","logo":{"@type":"ImageObject","inLanguage":"pt-BR","@id":"https:\/\/jornalbeirario.com.br\/portal\/#\/schema\/logo\/image\/","url":"https:\/\/jornalbeirario.com.br\/portal\/wp-content\/uploads\/2017\/09\/BEIRA-RIO_logo600.png","contentUrl":"https:\/\/jornalbeirario.com.br\/portal\/wp-content\/uploads\/2017\/09\/BEIRA-RIO_logo600.png","width":650,"height":108,"caption":"JORNAL BEIRA RIO"},"image":{"@id":"https:\/\/jornalbeirario.com.br\/portal\/#\/schema\/logo\/image\/"}},{"@type":"Person","@id":"https:\/\/jornalbeirario.com.br\/portal\/#\/schema\/person\/c6c423e4c2465d2a9233f6539173e7c1","name":"Jornal BEIRA-RIO","image":{"@type":"ImageObject","inLanguage":"pt-BR","@id":"https:\/\/jornalbeirario.com.br\/portal\/wp-content\/uploads\/2023\/10\/logojbr1.jpg","url":"https:\/\/jornalbeirario.com.br\/portal\/wp-content\/uploads\/2023\/10\/logojbr1.jpg","contentUrl":"https:\/\/jornalbeirario.com.br\/portal\/wp-content\/uploads\/2023\/10\/logojbr1.jpg","caption":"Jornal BEIRA-RIO"},"url":"https:\/\/jornalbeirario.com.br\/portal\/?author=1"}]}},"_links":{"self":[{"href":"https:\/\/jornalbeirario.com.br\/portal\/index.php?rest_route=\/wp\/v2\/posts\/72906","targetHints":{"allow":["GET"]}}],"collection":[{"href":"https:\/\/jornalbeirario.com.br\/portal\/index.php?rest_route=\/wp\/v2\/posts"}],"about":[{"href":"https:\/\/jornalbeirario.com.br\/portal\/index.php?rest_route=\/wp\/v2\/types\/post"}],"author":[{"embeddable":true,"href":"https:\/\/jornalbeirario.com.br\/portal\/index.php?rest_route=\/wp\/v2\/users\/1"}],"replies":[{"embeddable":true,"href":"https:\/\/jornalbeirario.com.br\/portal\/index.php?rest_route=%2Fwp%2Fv2%2Fcomments&post=72906"}],"version-history":[{"count":4,"href":"https:\/\/jornalbeirario.com.br\/portal\/index.php?rest_route=\/wp\/v2\/posts\/72906\/revisions"}],"predecessor-version":[{"id":72912,"href":"https:\/\/jornalbeirario.com.br\/portal\/index.php?rest_route=\/wp\/v2\/posts\/72906\/revisions\/72912"}],"wp:featuredmedia":[{"embeddable":true,"href":"https:\/\/jornalbeirario.com.br\/portal\/index.php?rest_route=\/wp\/v2\/media\/72911"}],"wp:attachment":[{"href":"https:\/\/jornalbeirario.com.br\/portal\/index.php?rest_route=%2Fwp%2Fv2%2Fmedia&parent=72906"}],"wp:term":[{"taxonomy":"category","embeddable":true,"href":"https:\/\/jornalbeirario.com.br\/portal\/index.php?rest_route=%2Fwp%2Fv2%2Fcategories&post=72906"},{"taxonomy":"post_tag","embeddable":true,"href":"https:\/\/jornalbeirario.com.br\/portal\/index.php?rest_route=%2Fwp%2Fv2%2Ftags&post=72906"}],"curies":[{"name":"wp","href":"https:\/\/api.w.org\/{rel}","templated":true}]}}