
{"id":72894,"date":"2021-01-29T11:55:29","date_gmt":"2021-01-29T14:55:29","guid":{"rendered":"http:\/\/jornalbeirario.com.br\/portal\/?p=72894"},"modified":"2021-01-29T14:16:08","modified_gmt":"2021-01-29T17:16:08","slug":"assessor-da-alerj-fala-sobre-sua-rotina-no-dia-do-orgulho-trans","status":"publish","type":"post","link":"https:\/\/jornalbeirario.com.br\/portal\/?p=72894","title":{"rendered":"Assessor parlamentar fala sobre sua rotina no Dia do Orgulho Trans"},"content":{"rendered":"<figure id=\"attachment_72899\" aria-describedby=\"caption-attachment-72899\" style=\"width: 300px\" class=\"wp-caption alignleft\"><a href=\"https:\/\/jornalbeirario.com.br\/portal\/wp-content\/uploads\/2021\/01\/josetrans1.jpg\"><img loading=\"lazy\" decoding=\"async\" class=\"size-medium wp-image-72899\" src=\"https:\/\/jornalbeirario.com.br\/portal\/wp-content\/uploads\/2021\/01\/josetrans1-300x225.jpg\" alt=\"\" width=\"300\" height=\"225\" srcset=\"https:\/\/jornalbeirario.com.br\/portal\/wp-content\/uploads\/2021\/01\/josetrans1-300x225.jpg 300w, https:\/\/jornalbeirario.com.br\/portal\/wp-content\/uploads\/2021\/01\/josetrans1.jpg 640w\" sizes=\"auto, (max-width: 300px) 100vw, 300px\" \/><\/a><figcaption id=\"caption-attachment-72899\" class=\"wp-caption-text\">Com Jos\u00e9 J\u00e9ssica, deputado Noel ter\u00e1 agenda voltada ao p\u00fablico LGBTQIA+ (Foto: Reprodu\u00e7\u00e3o\/Redes Sociais)<\/figcaption><\/figure>\n<p style=\"text-align: justify;\">Nesta sexta-feira, dia 29, \u00e9 comemorado o Dia do Orgulho Trans. Essa data \u00e9 especial e serve de reflex\u00e3o em rela\u00e7\u00e3o ao respeito a todos os homens e mulheres trans, entre eles o publicit\u00e1rio Jos\u00e9 J\u00e9ssica Silveira. Atualmente com 26 anos, e no in\u00edcio do processo de transi\u00e7\u00e3o de sexo, desde crian\u00e7a tinha a certeza de que n\u00e3o era mulher e essa consci\u00eancia foi amadurencendo na adolesc\u00eancia.<\/p>\n<p style=\"text-align: justify;\">Assessor do deputado estadual Noel de Carvalho (PSDB), ele quer dar visibilidade \u00e0 causa e tem trabalhado junto ao parlamentar para criar pol\u00edticas p\u00fablicas para as pessoas LGBTQIA+. &#8220;Ningu\u00e9m melhor que uma pessoa inserida nesse universo, que sente na pele os problemas relativos \u00e0 causa, para tratar do assunto. J\u00e1 conquistamos muito, mas ainda temos muito o que fazer. Essa oportunidade de trabalhar com o Noel est\u00e1 sendo incr\u00edvel porque ele \u00e9 uma pessoa de outra gera\u00e7\u00e3o, mas muito aberta \u00e0 causa. Uma das nossas bandeiras \u00e9 a inclus\u00e3o social&#8221;, comemora Jos\u00e9.<\/p>\n<p style=\"text-align: justify;\">O pr\u00f3prio deputado revelou que ter\u00e1 uma agenda permanente sobre a causa em sua legislatura. &#8220;N\u00e3o discrimino nem o discriminador. Vou defender o discriminado independente da causa. Ter Jos\u00e9 em nossa legislatura vai nos ajudar muito a trabalhar essa causa&#8221;, avisa o deputado, que diz ser inadmiss\u00edvel que pessoas estejam sendo mortas ou sofrendo ataques homof\u00f3bicos (e transf\u00f3bicos) devido a sua orienta\u00e7\u00e3o sexual.<\/p>\n<p style=\"text-align: justify;\">\u2014 N\u00e3o vamos tolerar isso. N\u00e3o cabe esse tipo de estat\u00edstica em um pa\u00eds democr\u00e1tico como o Brasil. Qualquer um que tiver uma demanda nesse sentido pode me procurar que eu vou comprar a briga dele, vou procurar saber o que poderemos fazer para resolver o problema &#8211; ressaltou.<\/p>\n<p style=\"text-align: justify;\">Mesmo sendo um homem trans, Jos\u00e9 n\u00e3o se importa de ser chamado de J\u00e9ssica. \u201c\u00c9 o nome que minha av\u00f3, que j\u00e1 faleceu e que eu amo muito, escolheu, por isso n\u00e3o quero tirar. Tamb\u00e9m n\u00e3o tenho mem\u00f3rias ruins dos meus tempos de J\u00e9ssica, ent\u00e3o n\u00e3o tenho por que deixar de us\u00e1-lo&#8221;, explica o publicit\u00e1rio.<\/p>\n<p style=\"text-align: justify;\">Ele ainda n\u00e3o trocou os documentos, mas o crach\u00e1 da Assembleia Legislativa do Estado do Rio de Janeiro (Alerj), est\u00e1 o nome Jos\u00e9 J\u00e9ssica.<\/p>\n<p style=\"text-align: justify;\">\u2014 Sempre conversei muito com minha fam\u00edlia sobre isso e com muito cuidado e respeito porque eles s\u00e3o de outra gera\u00e7\u00e3o, t\u00eam o tempo deles e sempre tive medo de mago\u00e1-los. Durante um tempo, fizemos concess\u00f5es sobre a minha vida, mas quando me formei no magist\u00e9rio, aos 19 anos, passei a viver do jeito que eu queria. Por\u00e9m, dei a eles op\u00e7\u00e3o de continuarem ou n\u00e3o convivendo comigo. Eu j\u00e1 estava pronto para sair de casa e viver minha vida, mas eles me acolheram, conta Jos\u00e9, que mora com os pais e tem duas irm\u00e3s.<\/p>\n<p style=\"text-align: justify;\">BAIXA PERSPECTIVA DE VIDA<br \/>\nJos\u00e9 sabe que essa n\u00e3o \u00e9 a realidade da maioria das pessoas LGBTQIA+. Segundo relat\u00f3rio da Associa\u00e7\u00e3o Nacional de Travestis e Transexuais (Antra) de 2020, pelo 13\u00ba ano consecutivo o Brasil est\u00e1 na lista dos pa\u00edses que mais matam travestis e transexuais no mundo.<\/p>\n<p style=\"text-align: justify;\">Ainda de acordo com a Antra, ano passado foram registrados 175 assassinatos de travestis e mulheres trans no Brasil. Os dados mostram ainda que 90% da popula\u00e7\u00e3o transexual e travesti t\u00eam a prostitui\u00e7\u00e3o como fonte de renda e que a perspectiva de vida dessas pessoas \u00e9 de 35 anos enquanto a m\u00e9dia de homens e mulheres h\u00e9teros \u00e9 de 76 anos.<\/p>\n<p style=\"text-align: justify;\">\u2014 Esses dados s\u00e3o tristes e alarmantes. Quero comprar uma casa, ver meus netos e me aposentar. Com uma expectativa de vida de 35 anos tenho s\u00f3 mais nove para viver. No m\u00e1ximo, vou poder planejar comprar um carro e fazer uma viagem pro exterior. Quero trabalhar para que eu e todos as pessoas LGBTQI+ possam fazer planos para o futuro e parem de ser mortas s\u00f3 pela sua orienta\u00e7\u00e3o sexual. Isso n\u00e3o interfere na vida de ningu\u00e9m &#8211; completa Jos\u00e9.<\/p>\n<p style=\"text-align: justify;\"><em>Fonte: Assessoria de Comunica\u00e7\u00e3o do deputado Noel de Carvalho<\/em><\/p>\n","protected":false},"excerpt":{"rendered":"<p>Nesta sexta-feira, dia 29, \u00e9 comemorado o Dia do Orgulho Trans. Essa data \u00e9 especial e serve de reflex\u00e3o em rela\u00e7\u00e3o ao respeito a<\/p>\n","protected":false},"author":1,"featured_media":72899,"comment_status":"open","ping_status":"open","sticky":false,"template":"","format":"standard","meta":{"pmpro_default_level":"","footnotes":"","_members_access_role":[],"_members_access_error":""},"categories":[40],"tags":[],"class_list":["post-72894","post","type-post","status-publish","format-standard","has-post-thumbnail","hentry","category-especial","pmpro-has-access"],"yoast_head":"<!-- This site is optimized with the Yoast SEO plugin v28.4 - https:\/\/yoast.com\/product\/yoast-seo-wordpress\/ -->\n<title>Assessor parlamentar fala sobre sua rotina no Dia do Orgulho Trans - JORNAL BEIRA RIO<\/title>\n<meta name=\"robots\" content=\"index, follow, max-snippet:-1, max-image-preview:large, max-video-preview:-1\" \/>\n<link rel=\"canonical\" href=\"https:\/\/jornalbeirario.com.br\/portal\/?p=72894\" \/>\n<meta property=\"og:locale\" content=\"pt_BR\" \/>\n<meta property=\"og:type\" content=\"article\" \/>\n<meta property=\"og:title\" content=\"Assessor parlamentar fala sobre sua rotina no Dia do Orgulho Trans - JORNAL BEIRA RIO\" \/>\n<meta property=\"og:description\" content=\"Nesta sexta-feira, dia 29, \u00e9 comemorado o Dia do Orgulho Trans. Essa data \u00e9 especial e serve de reflex\u00e3o em rela\u00e7\u00e3o ao respeito a\" \/>\n<meta property=\"og:url\" content=\"https:\/\/jornalbeirario.com.br\/portal\/?p=72894\" \/>\n<meta property=\"og:site_name\" content=\"JORNAL BEIRA RIO\" \/>\n<meta property=\"article:published_time\" content=\"2021-01-29T14:55:29+00:00\" \/>\n<meta property=\"article:modified_time\" content=\"2021-01-29T17:16:08+00:00\" \/>\n<meta property=\"og:image\" content=\"https:\/\/jornalbeirario.com.br\/portal\/wp-content\/uploads\/2021\/01\/josetrans1.jpg\" \/>\n\t<meta property=\"og:image:width\" content=\"640\" \/>\n\t<meta property=\"og:image:height\" content=\"480\" \/>\n\t<meta property=\"og:image:type\" content=\"image\/jpeg\" \/>\n<meta name=\"author\" content=\"Jornal BEIRA-RIO\" \/>\n<meta name=\"twitter:card\" content=\"summary_large_image\" \/>\n<meta name=\"twitter:label1\" content=\"Escrito por\" \/>\n\t<meta name=\"twitter:data1\" content=\"Jornal BEIRA-RIO\" \/>\n\t<meta name=\"twitter:label2\" content=\"Est. tempo de leitura\" \/>\n\t<meta name=\"twitter:data2\" content=\"4 minutos\" \/>\n<script type=\"application\/ld+json\" class=\"yoast-schema-graph\">{\"@context\":\"https:\\\/\\\/schema.org\",\"@graph\":[{\"@type\":\"Article\",\"@id\":\"https:\\\/\\\/jornalbeirario.com.br\\\/portal\\\/?p=72894#article\",\"isPartOf\":{\"@id\":\"https:\\\/\\\/jornalbeirario.com.br\\\/portal\\\/?p=72894\"},\"author\":{\"name\":\"Jornal BEIRA-RIO\",\"@id\":\"https:\\\/\\\/jornalbeirario.com.br\\\/portal\\\/#\\\/schema\\\/person\\\/c6c423e4c2465d2a9233f6539173e7c1\"},\"headline\":\"Assessor parlamentar fala sobre sua rotina no Dia do Orgulho Trans\",\"datePublished\":\"2021-01-29T14:55:29+00:00\",\"dateModified\":\"2021-01-29T17:16:08+00:00\",\"mainEntityOfPage\":{\"@id\":\"https:\\\/\\\/jornalbeirario.com.br\\\/portal\\\/?p=72894\"},\"wordCount\":722,\"commentCount\":0,\"publisher\":{\"@id\":\"https:\\\/\\\/jornalbeirario.com.br\\\/portal\\\/#organization\"},\"image\":{\"@id\":\"https:\\\/\\\/jornalbeirario.com.br\\\/portal\\\/?p=72894#primaryimage\"},\"thumbnailUrl\":\"https:\\\/\\\/jornalbeirario.com.br\\\/portal\\\/wp-content\\\/uploads\\\/2021\\\/01\\\/josetrans1.jpg\",\"articleSection\":[\"Especial\"],\"inLanguage\":\"pt-BR\",\"potentialAction\":[{\"@type\":\"CommentAction\",\"name\":\"Comment\",\"target\":[\"https:\\\/\\\/jornalbeirario.com.br\\\/portal\\\/?p=72894#respond\"]}]},{\"@type\":\"WebPage\",\"@id\":\"https:\\\/\\\/jornalbeirario.com.br\\\/portal\\\/?p=72894\",\"url\":\"https:\\\/\\\/jornalbeirario.com.br\\\/portal\\\/?p=72894\",\"name\":\"Assessor parlamentar fala sobre sua rotina no Dia do Orgulho Trans - JORNAL BEIRA RIO\",\"isPartOf\":{\"@id\":\"https:\\\/\\\/jornalbeirario.com.br\\\/portal\\\/#website\"},\"primaryImageOfPage\":{\"@id\":\"https:\\\/\\\/jornalbeirario.com.br\\\/portal\\\/?p=72894#primaryimage\"},\"image\":{\"@id\":\"https:\\\/\\\/jornalbeirario.com.br\\\/portal\\\/?p=72894#primaryimage\"},\"thumbnailUrl\":\"https:\\\/\\\/jornalbeirario.com.br\\\/portal\\\/wp-content\\\/uploads\\\/2021\\\/01\\\/josetrans1.jpg\",\"datePublished\":\"2021-01-29T14:55:29+00:00\",\"dateModified\":\"2021-01-29T17:16:08+00:00\",\"breadcrumb\":{\"@id\":\"https:\\\/\\\/jornalbeirario.com.br\\\/portal\\\/?p=72894#breadcrumb\"},\"inLanguage\":\"pt-BR\",\"potentialAction\":[{\"@type\":\"ReadAction\",\"target\":[\"https:\\\/\\\/jornalbeirario.com.br\\\/portal\\\/?p=72894\"]}]},{\"@type\":\"ImageObject\",\"inLanguage\":\"pt-BR\",\"@id\":\"https:\\\/\\\/jornalbeirario.com.br\\\/portal\\\/?p=72894#primaryimage\",\"url\":\"https:\\\/\\\/jornalbeirario.com.br\\\/portal\\\/wp-content\\\/uploads\\\/2021\\\/01\\\/josetrans1.jpg\",\"contentUrl\":\"https:\\\/\\\/jornalbeirario.com.br\\\/portal\\\/wp-content\\\/uploads\\\/2021\\\/01\\\/josetrans1.jpg\",\"width\":640,\"height\":480,\"caption\":\"nonononon\"},{\"@type\":\"BreadcrumbList\",\"@id\":\"https:\\\/\\\/jornalbeirario.com.br\\\/portal\\\/?p=72894#breadcrumb\",\"itemListElement\":[{\"@type\":\"ListItem\",\"position\":1,\"name\":\"Home\",\"item\":\"https:\\\/\\\/jornalbeirario.com.br\\\/portal\"},{\"@type\":\"ListItem\",\"position\":2,\"name\":\"Assessor parlamentar fala sobre sua rotina no Dia do Orgulho Trans\"}]},{\"@type\":\"WebSite\",\"@id\":\"https:\\\/\\\/jornalbeirario.com.br\\\/portal\\\/#website\",\"url\":\"https:\\\/\\\/jornalbeirario.com.br\\\/portal\\\/\",\"name\":\"JORNAL BEIRA RIO\",\"description\":\"\",\"publisher\":{\"@id\":\"https:\\\/\\\/jornalbeirario.com.br\\\/portal\\\/#organization\"},\"potentialAction\":[{\"@type\":\"SearchAction\",\"target\":{\"@type\":\"EntryPoint\",\"urlTemplate\":\"https:\\\/\\\/jornalbeirario.com.br\\\/portal\\\/?s={search_term_string}\"},\"query-input\":{\"@type\":\"PropertyValueSpecification\",\"valueRequired\":true,\"valueName\":\"search_term_string\"}}],\"inLanguage\":\"pt-BR\"},{\"@type\":\"Organization\",\"@id\":\"https:\\\/\\\/jornalbeirario.com.br\\\/portal\\\/#organization\",\"name\":\"JORNAL BEIRA RIO\",\"url\":\"https:\\\/\\\/jornalbeirario.com.br\\\/portal\\\/\",\"logo\":{\"@type\":\"ImageObject\",\"inLanguage\":\"pt-BR\",\"@id\":\"https:\\\/\\\/jornalbeirario.com.br\\\/portal\\\/#\\\/schema\\\/logo\\\/image\\\/\",\"url\":\"https:\\\/\\\/jornalbeirario.com.br\\\/portal\\\/wp-content\\\/uploads\\\/2017\\\/09\\\/BEIRA-RIO_logo600.png\",\"contentUrl\":\"https:\\\/\\\/jornalbeirario.com.br\\\/portal\\\/wp-content\\\/uploads\\\/2017\\\/09\\\/BEIRA-RIO_logo600.png\",\"width\":650,\"height\":108,\"caption\":\"JORNAL BEIRA RIO\"},\"image\":{\"@id\":\"https:\\\/\\\/jornalbeirario.com.br\\\/portal\\\/#\\\/schema\\\/logo\\\/image\\\/\"}},{\"@type\":\"Person\",\"@id\":\"https:\\\/\\\/jornalbeirario.com.br\\\/portal\\\/#\\\/schema\\\/person\\\/c6c423e4c2465d2a9233f6539173e7c1\",\"name\":\"Jornal BEIRA-RIO\",\"image\":{\"@type\":\"ImageObject\",\"inLanguage\":\"pt-BR\",\"@id\":\"https:\\\/\\\/jornalbeirario.com.br\\\/portal\\\/wp-content\\\/uploads\\\/2023\\\/10\\\/logojbr1.jpg\",\"url\":\"https:\\\/\\\/jornalbeirario.com.br\\\/portal\\\/wp-content\\\/uploads\\\/2023\\\/10\\\/logojbr1.jpg\",\"contentUrl\":\"https:\\\/\\\/jornalbeirario.com.br\\\/portal\\\/wp-content\\\/uploads\\\/2023\\\/10\\\/logojbr1.jpg\",\"caption\":\"Jornal BEIRA-RIO\"},\"url\":\"https:\\\/\\\/jornalbeirario.com.br\\\/portal\\\/?author=1\"}]}<\/script>\n<!-- \/ Yoast SEO plugin. -->","yoast_head_json":{"title":"Assessor parlamentar fala sobre sua rotina no Dia do Orgulho Trans - JORNAL BEIRA RIO","robots":{"index":"index","follow":"follow","max-snippet":"max-snippet:-1","max-image-preview":"max-image-preview:large","max-video-preview":"max-video-preview:-1"},"canonical":"https:\/\/jornalbeirario.com.br\/portal\/?p=72894","og_locale":"pt_BR","og_type":"article","og_title":"Assessor parlamentar fala sobre sua rotina no Dia do Orgulho Trans - JORNAL BEIRA RIO","og_description":"Nesta sexta-feira, dia 29, \u00e9 comemorado o Dia do Orgulho Trans. Essa data \u00e9 especial e serve de reflex\u00e3o em rela\u00e7\u00e3o ao respeito a","og_url":"https:\/\/jornalbeirario.com.br\/portal\/?p=72894","og_site_name":"JORNAL BEIRA RIO","article_published_time":"2021-01-29T14:55:29+00:00","article_modified_time":"2021-01-29T17:16:08+00:00","og_image":[{"width":640,"height":480,"url":"https:\/\/jornalbeirario.com.br\/portal\/wp-content\/uploads\/2021\/01\/josetrans1.jpg","type":"image\/jpeg"}],"author":"Jornal BEIRA-RIO","twitter_card":"summary_large_image","twitter_misc":{"Escrito por":"Jornal BEIRA-RIO","Est. tempo de leitura":"4 minutos"},"schema":{"@context":"https:\/\/schema.org","@graph":[{"@type":"Article","@id":"https:\/\/jornalbeirario.com.br\/portal\/?p=72894#article","isPartOf":{"@id":"https:\/\/jornalbeirario.com.br\/portal\/?p=72894"},"author":{"name":"Jornal BEIRA-RIO","@id":"https:\/\/jornalbeirario.com.br\/portal\/#\/schema\/person\/c6c423e4c2465d2a9233f6539173e7c1"},"headline":"Assessor parlamentar fala sobre sua rotina no Dia do Orgulho Trans","datePublished":"2021-01-29T14:55:29+00:00","dateModified":"2021-01-29T17:16:08+00:00","mainEntityOfPage":{"@id":"https:\/\/jornalbeirario.com.br\/portal\/?p=72894"},"wordCount":722,"commentCount":0,"publisher":{"@id":"https:\/\/jornalbeirario.com.br\/portal\/#organization"},"image":{"@id":"https:\/\/jornalbeirario.com.br\/portal\/?p=72894#primaryimage"},"thumbnailUrl":"https:\/\/jornalbeirario.com.br\/portal\/wp-content\/uploads\/2021\/01\/josetrans1.jpg","articleSection":["Especial"],"inLanguage":"pt-BR","potentialAction":[{"@type":"CommentAction","name":"Comment","target":["https:\/\/jornalbeirario.com.br\/portal\/?p=72894#respond"]}]},{"@type":"WebPage","@id":"https:\/\/jornalbeirario.com.br\/portal\/?p=72894","url":"https:\/\/jornalbeirario.com.br\/portal\/?p=72894","name":"Assessor parlamentar fala sobre sua rotina no Dia do Orgulho Trans - JORNAL BEIRA RIO","isPartOf":{"@id":"https:\/\/jornalbeirario.com.br\/portal\/#website"},"primaryImageOfPage":{"@id":"https:\/\/jornalbeirario.com.br\/portal\/?p=72894#primaryimage"},"image":{"@id":"https:\/\/jornalbeirario.com.br\/portal\/?p=72894#primaryimage"},"thumbnailUrl":"https:\/\/jornalbeirario.com.br\/portal\/wp-content\/uploads\/2021\/01\/josetrans1.jpg","datePublished":"2021-01-29T14:55:29+00:00","dateModified":"2021-01-29T17:16:08+00:00","breadcrumb":{"@id":"https:\/\/jornalbeirario.com.br\/portal\/?p=72894#breadcrumb"},"inLanguage":"pt-BR","potentialAction":[{"@type":"ReadAction","target":["https:\/\/jornalbeirario.com.br\/portal\/?p=72894"]}]},{"@type":"ImageObject","inLanguage":"pt-BR","@id":"https:\/\/jornalbeirario.com.br\/portal\/?p=72894#primaryimage","url":"https:\/\/jornalbeirario.com.br\/portal\/wp-content\/uploads\/2021\/01\/josetrans1.jpg","contentUrl":"https:\/\/jornalbeirario.com.br\/portal\/wp-content\/uploads\/2021\/01\/josetrans1.jpg","width":640,"height":480,"caption":"nonononon"},{"@type":"BreadcrumbList","@id":"https:\/\/jornalbeirario.com.br\/portal\/?p=72894#breadcrumb","itemListElement":[{"@type":"ListItem","position":1,"name":"Home","item":"https:\/\/jornalbeirario.com.br\/portal"},{"@type":"ListItem","position":2,"name":"Assessor parlamentar fala sobre sua rotina no Dia do Orgulho Trans"}]},{"@type":"WebSite","@id":"https:\/\/jornalbeirario.com.br\/portal\/#website","url":"https:\/\/jornalbeirario.com.br\/portal\/","name":"JORNAL BEIRA RIO","description":"","publisher":{"@id":"https:\/\/jornalbeirario.com.br\/portal\/#organization"},"potentialAction":[{"@type":"SearchAction","target":{"@type":"EntryPoint","urlTemplate":"https:\/\/jornalbeirario.com.br\/portal\/?s={search_term_string}"},"query-input":{"@type":"PropertyValueSpecification","valueRequired":true,"valueName":"search_term_string"}}],"inLanguage":"pt-BR"},{"@type":"Organization","@id":"https:\/\/jornalbeirario.com.br\/portal\/#organization","name":"JORNAL BEIRA RIO","url":"https:\/\/jornalbeirario.com.br\/portal\/","logo":{"@type":"ImageObject","inLanguage":"pt-BR","@id":"https:\/\/jornalbeirario.com.br\/portal\/#\/schema\/logo\/image\/","url":"https:\/\/jornalbeirario.com.br\/portal\/wp-content\/uploads\/2017\/09\/BEIRA-RIO_logo600.png","contentUrl":"https:\/\/jornalbeirario.com.br\/portal\/wp-content\/uploads\/2017\/09\/BEIRA-RIO_logo600.png","width":650,"height":108,"caption":"JORNAL BEIRA RIO"},"image":{"@id":"https:\/\/jornalbeirario.com.br\/portal\/#\/schema\/logo\/image\/"}},{"@type":"Person","@id":"https:\/\/jornalbeirario.com.br\/portal\/#\/schema\/person\/c6c423e4c2465d2a9233f6539173e7c1","name":"Jornal BEIRA-RIO","image":{"@type":"ImageObject","inLanguage":"pt-BR","@id":"https:\/\/jornalbeirario.com.br\/portal\/wp-content\/uploads\/2023\/10\/logojbr1.jpg","url":"https:\/\/jornalbeirario.com.br\/portal\/wp-content\/uploads\/2023\/10\/logojbr1.jpg","contentUrl":"https:\/\/jornalbeirario.com.br\/portal\/wp-content\/uploads\/2023\/10\/logojbr1.jpg","caption":"Jornal BEIRA-RIO"},"url":"https:\/\/jornalbeirario.com.br\/portal\/?author=1"}]}},"_links":{"self":[{"href":"https:\/\/jornalbeirario.com.br\/portal\/index.php?rest_route=\/wp\/v2\/posts\/72894","targetHints":{"allow":["GET"]}}],"collection":[{"href":"https:\/\/jornalbeirario.com.br\/portal\/index.php?rest_route=\/wp\/v2\/posts"}],"about":[{"href":"https:\/\/jornalbeirario.com.br\/portal\/index.php?rest_route=\/wp\/v2\/types\/post"}],"author":[{"embeddable":true,"href":"https:\/\/jornalbeirario.com.br\/portal\/index.php?rest_route=\/wp\/v2\/users\/1"}],"replies":[{"embeddable":true,"href":"https:\/\/jornalbeirario.com.br\/portal\/index.php?rest_route=%2Fwp%2Fv2%2Fcomments&post=72894"}],"version-history":[{"count":8,"href":"https:\/\/jornalbeirario.com.br\/portal\/index.php?rest_route=\/wp\/v2\/posts\/72894\/revisions"}],"predecessor-version":[{"id":72903,"href":"https:\/\/jornalbeirario.com.br\/portal\/index.php?rest_route=\/wp\/v2\/posts\/72894\/revisions\/72903"}],"wp:featuredmedia":[{"embeddable":true,"href":"https:\/\/jornalbeirario.com.br\/portal\/index.php?rest_route=\/wp\/v2\/media\/72899"}],"wp:attachment":[{"href":"https:\/\/jornalbeirario.com.br\/portal\/index.php?rest_route=%2Fwp%2Fv2%2Fmedia&parent=72894"}],"wp:term":[{"taxonomy":"category","embeddable":true,"href":"https:\/\/jornalbeirario.com.br\/portal\/index.php?rest_route=%2Fwp%2Fv2%2Fcategories&post=72894"},{"taxonomy":"post_tag","embeddable":true,"href":"https:\/\/jornalbeirario.com.br\/portal\/index.php?rest_route=%2Fwp%2Fv2%2Ftags&post=72894"}],"curies":[{"name":"wp","href":"https:\/\/api.w.org\/{rel}","templated":true}]}}