
{"id":72596,"date":"2021-01-16T07:43:51","date_gmt":"2021-01-16T10:43:51","guid":{"rendered":"http:\/\/jornalbeirario.com.br\/portal\/?p=72596"},"modified":"2021-01-16T07:43:51","modified_gmt":"2021-01-16T10:43:51","slug":"resende-divulga-plano-de-vacinacao-contra-covid-19-apos-carreata-pro-vacina","status":"publish","type":"post","link":"https:\/\/jornalbeirario.com.br\/portal\/?p=72596","title":{"rendered":"Resende divulga Plano de Vacina\u00e7\u00e3o contra covid-19 ap\u00f3s carreata pr\u00f3-vacina"},"content":{"rendered":"<p style=\"text-align: justify;\">Menos de uma semana ap\u00f3s manifesta\u00e7\u00e3o realizada na \u00faltima ter\u00e7a-feira, dia 12, quando uma carreata aconteceu na tarde daquele dia em frente a sede da Prefeitura de Resende, foi divulgado finalmente o Plano Municipal de vacina\u00e7\u00e3o contra a covid-19, tendo como base a data prevista para o in\u00edcio da vacina\u00e7\u00e3o no Brasil, que dever\u00e1 ser na pr\u00f3xima quarta-feira, dia 20, nas capitais do pa\u00eds. A formula\u00e7\u00e3o do cronograma de vacina\u00e7\u00e3o ainda depende do n\u00famero de doses que ser\u00e3o recebidas pelo munic\u00edpio.<\/p>\n<p style=\"text-align: justify;\">Durante o processo de formula\u00e7\u00e3o do planejamento para a vacina, foram levadas em conta todas as medidas de seguran\u00e7a contra o cont\u00e1gio da covid-19, entre elas a possibilidade da vacina\u00e7\u00e3o ser feita em casa para os idosos, evitando assim o risco de ser expostos ao v\u00edrus durante o deslocamento. Tamb\u00e9m ser\u00e1 realizado o Programa Melhor em Casa, para contemplar acamados e pessoas com mobilidade limitada, com estimativa de que cerca de 500 profissionais sejam utilizados para a vacina\u00e7\u00e3o nas salas e demais formas de aplica\u00e7\u00e3o.<\/p>\n<p style=\"text-align: justify;\">O plano de vacina\u00e7\u00e3o do munic\u00edpio seguir\u00e1 a determina\u00e7\u00e3o de grupos priorit\u00e1rios do Governo Federal. A organiza\u00e7\u00e3o disposta em quatro fases prev\u00ea que na Fase 1 sejam imunizados trabalhadores da sa\u00fade, popula\u00e7\u00e3o idosa a partir de 75 anos de idade, pessoas com 60 anos ou mais que vivem em institui\u00e7\u00f5es de longa perman\u00eancia (asilos e institui\u00e7\u00f5es psiqui\u00e1tricas) e a popula\u00e7\u00e3o ind\u00edgena.<\/p>\n<p style=\"text-align: justify;\">Na Fase 2 de vacina\u00e7\u00e3o est\u00e3o previstas as pessoas com idade entre 60 e 74 anos. J\u00e1 na Fase 3 ser\u00e3o\u00a0contempladas pessoas com comorbidade que apresentam maior chance para agravamento da doen\u00e7a (como portadores de doen\u00e7as renais cr\u00f4nicas e cardiovasculares). E na Fase 4 ser\u00e3o\u00a0contemplados professores, for\u00e7as de seguran\u00e7a e salvamento, funcion\u00e1rios do sistema prisional e popula\u00e7\u00e3o privada de liberdade.<\/p>\n<p style=\"text-align: justify;\">Para que essa vacina\u00e7\u00e3o seja realizada, o Governo do Estado do Rio de Janeiro j\u00e1 vem garantindo os insumos fundamentais. Resende recebeu uma cota de seringas e agulhas, que est\u00e3o em estoque e a segunda cota j\u00e1 est\u00e1 agendada para o envio. Al\u00e9m disso, a Prefeitura tamb\u00e9m ir\u00e1 adquirir mais seringas com recursos pr\u00f3prios. O quantitativo em estoque neste momento \u00e9 considerado suficiente para iniciar a vacina\u00e7\u00e3o.<\/p>\n<p style=\"text-align: justify;\">Para o momento inicial, o munic\u00edpio ter\u00e1 33 salas de vacina\u00e7\u00e3o para atender o p\u00fablico-alvo.<\/p>\n<p style=\"text-align: justify;\"><em>Fotos: Marcio Fabian e Divulga\u00e7\u00e3o\/PMR<\/em><\/p>\n","protected":false},"excerpt":{"rendered":"<p>Menos de uma semana ap\u00f3s manifesta\u00e7\u00e3o realizada na \u00faltima ter\u00e7a-feira, dia 12, quando uma carreata aconteceu na tarde daquele dia em frente a sede<\/p>\n","protected":false},"author":1,"featured_media":72606,"comment_status":"open","ping_status":"open","sticky":false,"template":"","format":"standard","meta":{"pmpro_default_level":"","footnotes":"","_members_access_role":[],"_members_access_error":""},"categories":[1,227,18],"tags":[],"class_list":["post-72596","post","type-post","status-publish","format-standard","has-post-thumbnail","hentry","category-cidade","category-manchete","category-saude","pmpro-has-access"],"yoast_head":"<!-- This site is optimized with the Yoast SEO plugin v28.4 - https:\/\/yoast.com\/product\/yoast-seo-wordpress\/ -->\n<title>Resende divulga Plano de Vacina\u00e7\u00e3o contra covid-19 ap\u00f3s carreata pr\u00f3-vacina - JORNAL BEIRA RIO<\/title>\n<meta name=\"robots\" content=\"index, follow, max-snippet:-1, max-image-preview:large, max-video-preview:-1\" \/>\n<link rel=\"canonical\" href=\"https:\/\/jornalbeirario.com.br\/portal\/?p=72596\" \/>\n<meta property=\"og:locale\" content=\"pt_BR\" \/>\n<meta property=\"og:type\" content=\"article\" \/>\n<meta property=\"og:title\" content=\"Resende divulga Plano de Vacina\u00e7\u00e3o contra covid-19 ap\u00f3s carreata pr\u00f3-vacina - JORNAL BEIRA RIO\" \/>\n<meta property=\"og:description\" content=\"Menos de uma semana ap\u00f3s manifesta\u00e7\u00e3o realizada na \u00faltima ter\u00e7a-feira, dia 12, quando uma carreata aconteceu na tarde daquele dia em frente a sede\" \/>\n<meta property=\"og:url\" content=\"https:\/\/jornalbeirario.com.br\/portal\/?p=72596\" \/>\n<meta property=\"og:site_name\" content=\"JORNAL BEIRA RIO\" \/>\n<meta property=\"article:published_time\" content=\"2021-01-16T10:43:51+00:00\" \/>\n<meta property=\"og:image\" content=\"https:\/\/jornalbeirario.com.br\/portal\/wp-content\/uploads\/2021\/01\/resendevacina1.jpg\" \/>\n\t<meta property=\"og:image:width\" content=\"1100\" \/>\n\t<meta property=\"og:image:height\" content=\"470\" \/>\n\t<meta property=\"og:image:type\" content=\"image\/jpeg\" \/>\n<meta name=\"author\" content=\"Jornal BEIRA-RIO\" \/>\n<meta name=\"twitter:card\" content=\"summary_large_image\" \/>\n<meta name=\"twitter:label1\" content=\"Escrito por\" \/>\n\t<meta name=\"twitter:data1\" content=\"Jornal BEIRA-RIO\" \/>\n\t<meta name=\"twitter:label2\" content=\"Est. tempo de leitura\" \/>\n\t<meta name=\"twitter:data2\" content=\"2 minutos\" \/>\n<script type=\"application\/ld+json\" class=\"yoast-schema-graph\">{\"@context\":\"https:\\\/\\\/schema.org\",\"@graph\":[{\"@type\":\"Article\",\"@id\":\"https:\\\/\\\/jornalbeirario.com.br\\\/portal\\\/?p=72596#article\",\"isPartOf\":{\"@id\":\"https:\\\/\\\/jornalbeirario.com.br\\\/portal\\\/?p=72596\"},\"author\":{\"name\":\"Jornal BEIRA-RIO\",\"@id\":\"https:\\\/\\\/jornalbeirario.com.br\\\/portal\\\/#\\\/schema\\\/person\\\/c6c423e4c2465d2a9233f6539173e7c1\"},\"headline\":\"Resende divulga Plano de Vacina\u00e7\u00e3o contra covid-19 ap\u00f3s carreata pr\u00f3-vacina\",\"datePublished\":\"2021-01-16T10:43:51+00:00\",\"mainEntityOfPage\":{\"@id\":\"https:\\\/\\\/jornalbeirario.com.br\\\/portal\\\/?p=72596\"},\"wordCount\":432,\"commentCount\":0,\"publisher\":{\"@id\":\"https:\\\/\\\/jornalbeirario.com.br\\\/portal\\\/#organization\"},\"image\":{\"@id\":\"https:\\\/\\\/jornalbeirario.com.br\\\/portal\\\/?p=72596#primaryimage\"},\"thumbnailUrl\":\"https:\\\/\\\/jornalbeirario.com.br\\\/portal\\\/wp-content\\\/uploads\\\/2021\\\/01\\\/resendevacina1.jpg\",\"articleSection\":[\"Cidade\",\"Manchete\",\"Sa\u00fade\"],\"inLanguage\":\"pt-BR\",\"potentialAction\":[{\"@type\":\"CommentAction\",\"name\":\"Comment\",\"target\":[\"https:\\\/\\\/jornalbeirario.com.br\\\/portal\\\/?p=72596#respond\"]}]},{\"@type\":\"WebPage\",\"@id\":\"https:\\\/\\\/jornalbeirario.com.br\\\/portal\\\/?p=72596\",\"url\":\"https:\\\/\\\/jornalbeirario.com.br\\\/portal\\\/?p=72596\",\"name\":\"Resende divulga Plano de Vacina\u00e7\u00e3o contra covid-19 ap\u00f3s carreata pr\u00f3-vacina - JORNAL BEIRA RIO\",\"isPartOf\":{\"@id\":\"https:\\\/\\\/jornalbeirario.com.br\\\/portal\\\/#website\"},\"primaryImageOfPage\":{\"@id\":\"https:\\\/\\\/jornalbeirario.com.br\\\/portal\\\/?p=72596#primaryimage\"},\"image\":{\"@id\":\"https:\\\/\\\/jornalbeirario.com.br\\\/portal\\\/?p=72596#primaryimage\"},\"thumbnailUrl\":\"https:\\\/\\\/jornalbeirario.com.br\\\/portal\\\/wp-content\\\/uploads\\\/2021\\\/01\\\/resendevacina1.jpg\",\"datePublished\":\"2021-01-16T10:43:51+00:00\",\"breadcrumb\":{\"@id\":\"https:\\\/\\\/jornalbeirario.com.br\\\/portal\\\/?p=72596#breadcrumb\"},\"inLanguage\":\"pt-BR\",\"potentialAction\":[{\"@type\":\"ReadAction\",\"target\":[\"https:\\\/\\\/jornalbeirario.com.br\\\/portal\\\/?p=72596\"]}]},{\"@type\":\"ImageObject\",\"inLanguage\":\"pt-BR\",\"@id\":\"https:\\\/\\\/jornalbeirario.com.br\\\/portal\\\/?p=72596#primaryimage\",\"url\":\"https:\\\/\\\/jornalbeirario.com.br\\\/portal\\\/wp-content\\\/uploads\\\/2021\\\/01\\\/resendevacina1.jpg\",\"contentUrl\":\"https:\\\/\\\/jornalbeirario.com.br\\\/portal\\\/wp-content\\\/uploads\\\/2021\\\/01\\\/resendevacina1.jpg\",\"width\":1100,\"height\":470},{\"@type\":\"BreadcrumbList\",\"@id\":\"https:\\\/\\\/jornalbeirario.com.br\\\/portal\\\/?p=72596#breadcrumb\",\"itemListElement\":[{\"@type\":\"ListItem\",\"position\":1,\"name\":\"Home\",\"item\":\"https:\\\/\\\/jornalbeirario.com.br\\\/portal\"},{\"@type\":\"ListItem\",\"position\":2,\"name\":\"Resende divulga Plano de Vacina\u00e7\u00e3o contra covid-19 ap\u00f3s carreata pr\u00f3-vacina\"}]},{\"@type\":\"WebSite\",\"@id\":\"https:\\\/\\\/jornalbeirario.com.br\\\/portal\\\/#website\",\"url\":\"https:\\\/\\\/jornalbeirario.com.br\\\/portal\\\/\",\"name\":\"JORNAL BEIRA RIO\",\"description\":\"\",\"publisher\":{\"@id\":\"https:\\\/\\\/jornalbeirario.com.br\\\/portal\\\/#organization\"},\"potentialAction\":[{\"@type\":\"SearchAction\",\"target\":{\"@type\":\"EntryPoint\",\"urlTemplate\":\"https:\\\/\\\/jornalbeirario.com.br\\\/portal\\\/?s={search_term_string}\"},\"query-input\":{\"@type\":\"PropertyValueSpecification\",\"valueRequired\":true,\"valueName\":\"search_term_string\"}}],\"inLanguage\":\"pt-BR\"},{\"@type\":\"Organization\",\"@id\":\"https:\\\/\\\/jornalbeirario.com.br\\\/portal\\\/#organization\",\"name\":\"JORNAL BEIRA RIO\",\"url\":\"https:\\\/\\\/jornalbeirario.com.br\\\/portal\\\/\",\"logo\":{\"@type\":\"ImageObject\",\"inLanguage\":\"pt-BR\",\"@id\":\"https:\\\/\\\/jornalbeirario.com.br\\\/portal\\\/#\\\/schema\\\/logo\\\/image\\\/\",\"url\":\"https:\\\/\\\/jornalbeirario.com.br\\\/portal\\\/wp-content\\\/uploads\\\/2017\\\/09\\\/BEIRA-RIO_logo600.png\",\"contentUrl\":\"https:\\\/\\\/jornalbeirario.com.br\\\/portal\\\/wp-content\\\/uploads\\\/2017\\\/09\\\/BEIRA-RIO_logo600.png\",\"width\":650,\"height\":108,\"caption\":\"JORNAL BEIRA RIO\"},\"image\":{\"@id\":\"https:\\\/\\\/jornalbeirario.com.br\\\/portal\\\/#\\\/schema\\\/logo\\\/image\\\/\"}},{\"@type\":\"Person\",\"@id\":\"https:\\\/\\\/jornalbeirario.com.br\\\/portal\\\/#\\\/schema\\\/person\\\/c6c423e4c2465d2a9233f6539173e7c1\",\"name\":\"Jornal BEIRA-RIO\",\"image\":{\"@type\":\"ImageObject\",\"inLanguage\":\"pt-BR\",\"@id\":\"https:\\\/\\\/jornalbeirario.com.br\\\/portal\\\/wp-content\\\/uploads\\\/2023\\\/10\\\/logojbr1.jpg\",\"url\":\"https:\\\/\\\/jornalbeirario.com.br\\\/portal\\\/wp-content\\\/uploads\\\/2023\\\/10\\\/logojbr1.jpg\",\"contentUrl\":\"https:\\\/\\\/jornalbeirario.com.br\\\/portal\\\/wp-content\\\/uploads\\\/2023\\\/10\\\/logojbr1.jpg\",\"caption\":\"Jornal BEIRA-RIO\"},\"url\":\"https:\\\/\\\/jornalbeirario.com.br\\\/portal\\\/?author=1\"}]}<\/script>\n<!-- \/ Yoast SEO plugin. -->","yoast_head_json":{"title":"Resende divulga Plano de Vacina\u00e7\u00e3o contra covid-19 ap\u00f3s carreata pr\u00f3-vacina - JORNAL BEIRA RIO","robots":{"index":"index","follow":"follow","max-snippet":"max-snippet:-1","max-image-preview":"max-image-preview:large","max-video-preview":"max-video-preview:-1"},"canonical":"https:\/\/jornalbeirario.com.br\/portal\/?p=72596","og_locale":"pt_BR","og_type":"article","og_title":"Resende divulga Plano de Vacina\u00e7\u00e3o contra covid-19 ap\u00f3s carreata pr\u00f3-vacina - JORNAL BEIRA RIO","og_description":"Menos de uma semana ap\u00f3s manifesta\u00e7\u00e3o realizada na \u00faltima ter\u00e7a-feira, dia 12, quando uma carreata aconteceu na tarde daquele dia em frente a sede","og_url":"https:\/\/jornalbeirario.com.br\/portal\/?p=72596","og_site_name":"JORNAL BEIRA RIO","article_published_time":"2021-01-16T10:43:51+00:00","og_image":[{"width":1100,"height":470,"url":"https:\/\/jornalbeirario.com.br\/portal\/wp-content\/uploads\/2021\/01\/resendevacina1.jpg","type":"image\/jpeg"}],"author":"Jornal BEIRA-RIO","twitter_card":"summary_large_image","twitter_misc":{"Escrito por":"Jornal BEIRA-RIO","Est. tempo de leitura":"2 minutos"},"schema":{"@context":"https:\/\/schema.org","@graph":[{"@type":"Article","@id":"https:\/\/jornalbeirario.com.br\/portal\/?p=72596#article","isPartOf":{"@id":"https:\/\/jornalbeirario.com.br\/portal\/?p=72596"},"author":{"name":"Jornal BEIRA-RIO","@id":"https:\/\/jornalbeirario.com.br\/portal\/#\/schema\/person\/c6c423e4c2465d2a9233f6539173e7c1"},"headline":"Resende divulga Plano de Vacina\u00e7\u00e3o contra covid-19 ap\u00f3s carreata pr\u00f3-vacina","datePublished":"2021-01-16T10:43:51+00:00","mainEntityOfPage":{"@id":"https:\/\/jornalbeirario.com.br\/portal\/?p=72596"},"wordCount":432,"commentCount":0,"publisher":{"@id":"https:\/\/jornalbeirario.com.br\/portal\/#organization"},"image":{"@id":"https:\/\/jornalbeirario.com.br\/portal\/?p=72596#primaryimage"},"thumbnailUrl":"https:\/\/jornalbeirario.com.br\/portal\/wp-content\/uploads\/2021\/01\/resendevacina1.jpg","articleSection":["Cidade","Manchete","Sa\u00fade"],"inLanguage":"pt-BR","potentialAction":[{"@type":"CommentAction","name":"Comment","target":["https:\/\/jornalbeirario.com.br\/portal\/?p=72596#respond"]}]},{"@type":"WebPage","@id":"https:\/\/jornalbeirario.com.br\/portal\/?p=72596","url":"https:\/\/jornalbeirario.com.br\/portal\/?p=72596","name":"Resende divulga Plano de Vacina\u00e7\u00e3o contra covid-19 ap\u00f3s carreata pr\u00f3-vacina - JORNAL BEIRA RIO","isPartOf":{"@id":"https:\/\/jornalbeirario.com.br\/portal\/#website"},"primaryImageOfPage":{"@id":"https:\/\/jornalbeirario.com.br\/portal\/?p=72596#primaryimage"},"image":{"@id":"https:\/\/jornalbeirario.com.br\/portal\/?p=72596#primaryimage"},"thumbnailUrl":"https:\/\/jornalbeirario.com.br\/portal\/wp-content\/uploads\/2021\/01\/resendevacina1.jpg","datePublished":"2021-01-16T10:43:51+00:00","breadcrumb":{"@id":"https:\/\/jornalbeirario.com.br\/portal\/?p=72596#breadcrumb"},"inLanguage":"pt-BR","potentialAction":[{"@type":"ReadAction","target":["https:\/\/jornalbeirario.com.br\/portal\/?p=72596"]}]},{"@type":"ImageObject","inLanguage":"pt-BR","@id":"https:\/\/jornalbeirario.com.br\/portal\/?p=72596#primaryimage","url":"https:\/\/jornalbeirario.com.br\/portal\/wp-content\/uploads\/2021\/01\/resendevacina1.jpg","contentUrl":"https:\/\/jornalbeirario.com.br\/portal\/wp-content\/uploads\/2021\/01\/resendevacina1.jpg","width":1100,"height":470},{"@type":"BreadcrumbList","@id":"https:\/\/jornalbeirario.com.br\/portal\/?p=72596#breadcrumb","itemListElement":[{"@type":"ListItem","position":1,"name":"Home","item":"https:\/\/jornalbeirario.com.br\/portal"},{"@type":"ListItem","position":2,"name":"Resende divulga Plano de Vacina\u00e7\u00e3o contra covid-19 ap\u00f3s carreata pr\u00f3-vacina"}]},{"@type":"WebSite","@id":"https:\/\/jornalbeirario.com.br\/portal\/#website","url":"https:\/\/jornalbeirario.com.br\/portal\/","name":"JORNAL BEIRA RIO","description":"","publisher":{"@id":"https:\/\/jornalbeirario.com.br\/portal\/#organization"},"potentialAction":[{"@type":"SearchAction","target":{"@type":"EntryPoint","urlTemplate":"https:\/\/jornalbeirario.com.br\/portal\/?s={search_term_string}"},"query-input":{"@type":"PropertyValueSpecification","valueRequired":true,"valueName":"search_term_string"}}],"inLanguage":"pt-BR"},{"@type":"Organization","@id":"https:\/\/jornalbeirario.com.br\/portal\/#organization","name":"JORNAL BEIRA RIO","url":"https:\/\/jornalbeirario.com.br\/portal\/","logo":{"@type":"ImageObject","inLanguage":"pt-BR","@id":"https:\/\/jornalbeirario.com.br\/portal\/#\/schema\/logo\/image\/","url":"https:\/\/jornalbeirario.com.br\/portal\/wp-content\/uploads\/2017\/09\/BEIRA-RIO_logo600.png","contentUrl":"https:\/\/jornalbeirario.com.br\/portal\/wp-content\/uploads\/2017\/09\/BEIRA-RIO_logo600.png","width":650,"height":108,"caption":"JORNAL BEIRA RIO"},"image":{"@id":"https:\/\/jornalbeirario.com.br\/portal\/#\/schema\/logo\/image\/"}},{"@type":"Person","@id":"https:\/\/jornalbeirario.com.br\/portal\/#\/schema\/person\/c6c423e4c2465d2a9233f6539173e7c1","name":"Jornal BEIRA-RIO","image":{"@type":"ImageObject","inLanguage":"pt-BR","@id":"https:\/\/jornalbeirario.com.br\/portal\/wp-content\/uploads\/2023\/10\/logojbr1.jpg","url":"https:\/\/jornalbeirario.com.br\/portal\/wp-content\/uploads\/2023\/10\/logojbr1.jpg","contentUrl":"https:\/\/jornalbeirario.com.br\/portal\/wp-content\/uploads\/2023\/10\/logojbr1.jpg","caption":"Jornal BEIRA-RIO"},"url":"https:\/\/jornalbeirario.com.br\/portal\/?author=1"}]}},"_links":{"self":[{"href":"https:\/\/jornalbeirario.com.br\/portal\/index.php?rest_route=\/wp\/v2\/posts\/72596","targetHints":{"allow":["GET"]}}],"collection":[{"href":"https:\/\/jornalbeirario.com.br\/portal\/index.php?rest_route=\/wp\/v2\/posts"}],"about":[{"href":"https:\/\/jornalbeirario.com.br\/portal\/index.php?rest_route=\/wp\/v2\/types\/post"}],"author":[{"embeddable":true,"href":"https:\/\/jornalbeirario.com.br\/portal\/index.php?rest_route=\/wp\/v2\/users\/1"}],"replies":[{"embeddable":true,"href":"https:\/\/jornalbeirario.com.br\/portal\/index.php?rest_route=%2Fwp%2Fv2%2Fcomments&post=72596"}],"version-history":[{"count":10,"href":"https:\/\/jornalbeirario.com.br\/portal\/index.php?rest_route=\/wp\/v2\/posts\/72596\/revisions"}],"predecessor-version":[{"id":72607,"href":"https:\/\/jornalbeirario.com.br\/portal\/index.php?rest_route=\/wp\/v2\/posts\/72596\/revisions\/72607"}],"wp:featuredmedia":[{"embeddable":true,"href":"https:\/\/jornalbeirario.com.br\/portal\/index.php?rest_route=\/wp\/v2\/media\/72606"}],"wp:attachment":[{"href":"https:\/\/jornalbeirario.com.br\/portal\/index.php?rest_route=%2Fwp%2Fv2%2Fmedia&parent=72596"}],"wp:term":[{"taxonomy":"category","embeddable":true,"href":"https:\/\/jornalbeirario.com.br\/portal\/index.php?rest_route=%2Fwp%2Fv2%2Fcategories&post=72596"},{"taxonomy":"post_tag","embeddable":true,"href":"https:\/\/jornalbeirario.com.br\/portal\/index.php?rest_route=%2Fwp%2Fv2%2Ftags&post=72596"}],"curies":[{"name":"wp","href":"https:\/\/api.w.org\/{rel}","templated":true}]}}