
{"id":72149,"date":"2020-12-18T14:53:30","date_gmt":"2020-12-18T17:53:30","guid":{"rendered":"http:\/\/jornalbeirario.com.br\/portal\/?p=72149"},"modified":"2020-12-18T15:02:00","modified_gmt":"2020-12-18T18:02:00","slug":"sem-definicao-do-prefeito-e-vice-volta-redonda-e-itatiaia-diplomam-seus-vereadores","status":"publish","type":"post","link":"https:\/\/jornalbeirario.com.br\/portal\/?p=72149","title":{"rendered":"Sem defini\u00e7\u00e3o do prefeito e vice, Volta Redonda e Itatiaia diplomam seus vereadores"},"content":{"rendered":"<figure id=\"attachment_72168\" aria-describedby=\"caption-attachment-72168\" style=\"width: 300px\" class=\"wp-caption alignleft\"><img loading=\"lazy\" decoding=\"async\" class=\"wp-image-72168 size-medium\" src=\"https:\/\/jornalbeirario.com.br\/portal\/wp-content\/uploads\/2020\/12\/duduneto1-300x225.jpg\" alt=\"\" width=\"300\" height=\"225\" srcset=\"https:\/\/jornalbeirario.com.br\/portal\/wp-content\/uploads\/2020\/12\/duduneto1-300x225.jpg 300w, https:\/\/jornalbeirario.com.br\/portal\/wp-content\/uploads\/2020\/12\/duduneto1.jpg 640w\" sizes=\"auto, (max-width: 300px) 100vw, 300px\" \/><figcaption id=\"caption-attachment-72168\" class=\"wp-caption-text\">Dudu Guedes (PSC), de Itatiaia, e Neto (DEM), de Volta Redonda, n\u00e3o ser\u00e3o diplomados devido a candidaturas indeferidas (Fotos: Arquivo)<\/figcaption><\/figure>\n<p style=\"text-align: justify;\">Nesta sexta-feira, dia 18, termina o prazo para a posse dos candidatos a prefeito, vice e vereadores e seus suplentes. Enquanto alguns cart\u00f3rios eleitorais optaram por cerim\u00f4nias virtuais, outros optaram por n\u00e3o realizar qualquer tipo de cerimonial para a entrega dos diplomas. A exemplo que est\u00e1 acontecendo em Resende, onde foram diplomados o prefeito Diogo Balieiro (DEM), seu vice-prefeito Geraldinho e vereadores eleitos, al\u00e9m dos suplentes, os vereadores eleitos de Itatiaia tamb\u00e9m est\u00e3o recebendo seus certificados nesta sexta-feira na sede do Cart\u00f3rio Eleitoral do munic\u00edpio vizinho (localizado na Pra\u00e7a da Conc\u00f3rdia, no Centro).<\/p>\n<p style=\"text-align: justify;\"><a href=\"https:\/\/jornalbeirario.com.br\/portal\/?p=72095\">Ap\u00f3s ter recurso indeferido pelo TSE na ter\u00e7a-feira, dia 15<\/a>, o prefeito reeleito Eduardo Guedes (PSC) e seu vice Sebasti\u00e3o Mantovani, o Jab\u00e1 (PSL), n\u00e3o poder\u00e3o ser diplomados nem tomar posse no pr\u00f3ximo dia 1\u00ba. Foi decidido que Itatiaia ter\u00e1 novas elei\u00e7\u00f5es para ambos os cargos. At\u00e9 a defini\u00e7\u00e3o eleitoral, o cargo ser\u00e1 assumido pelo presidente da C\u00e2mara local.<\/p>\n<p style=\"text-align: justify;\">Em Volta Redonda, a situa\u00e7\u00e3o \u00e9 semelhante. No entanto, a decis\u00e3o de realizar apenas a entrega dos diplomas na sede do cart\u00f3rio eleitoral aconteceu com a suspens\u00e3o da cerim\u00f4nia presencial que aconteceria no Plen\u00e1rio da C\u00e2mara nesta sexta-feira. Um of\u00edcio encaminhado ao TRE-RJ, pelo presidente da C\u00e2mara, Nilton Alves de Faria, o Nen\u00e9m (DEM), solicitou a suspens\u00e3o da cerim\u00f4nia, devido ao aumento de casos da covid-19, acatada por decis\u00e3o do juiz da 131\u00aa Zona Eleitoral, Alexandre Cust\u00f3dio Pontual. Os eleitos t\u00eam at\u00e9 \u00e0s 18 horas para receberem os diplomas.<\/p>\n<p style=\"text-align: justify;\">O prefeito eleito Ant\u00f4nio Francisco Neto (DEM) e seu vice Engenheiro Faria (DEM) n\u00e3o poder\u00e3o ser diplomados, pois a candidatura do ex-prefeito foi indeferida e segue sub judice. O julgamento do recurso de Neto estava previsto para acontecer nesta quinta-feira pelo TSE, dia 17, mas n\u00e3o aconteceu, e at\u00e9 o momento n\u00e3o tem data prevista para ser realizado. Ele entrou nesta sexta-feira com pedido de liminar junto ao \u00f3rg\u00e3o federal para que ainda consiga tomar posse at\u00e9 o come\u00e7o de 2021.<\/p>\n<figure id=\"attachment_72169\" aria-describedby=\"caption-attachment-72169\" style=\"width: 300px\" class=\"wp-caption alignright\"><img loading=\"lazy\" decoding=\"async\" class=\"wp-image-72169 size-medium\" src=\"https:\/\/jornalbeirario.com.br\/portal\/wp-content\/uploads\/2020\/12\/serfiotis1-300x225.jpg\" alt=\"\" width=\"300\" height=\"225\" srcset=\"https:\/\/jornalbeirario.com.br\/portal\/wp-content\/uploads\/2020\/12\/serfiotis1-300x225.jpg 300w, https:\/\/jornalbeirario.com.br\/portal\/wp-content\/uploads\/2020\/12\/serfiotis1.jpg 640w\" sizes=\"auto, (max-width: 300px) 100vw, 300px\" \/><figcaption id=\"caption-attachment-72169\" class=\"wp-caption-text\">Alexandre Serfiotis (PSD) foi diplomado em Porto Real no \u00faltimo dia 16 (Foto: Divulga\u00e7\u00e3o)<\/figcaption><\/figure>\n<p style=\"text-align: justify;\">J\u00e1 os cart\u00f3rios de Barra Mansa, Quatis e Porto Real seguiram a orienta\u00e7\u00e3o da Justi\u00e7a Eleitoral e realizaram a diploma\u00e7\u00e3o dos eleitos por videoconfer\u00eancia. Em Barra Mansa, a cerim\u00f4nia de diploma\u00e7\u00e3o do prefeito reeleito Rodrigo Drable (DEM), sua vice F\u00e1tima Lima e os 19 vereadores (al\u00e9m dos suplentes) foi organizada e realizada pela <a href=\"https:\/\/jornalbeirario.com.br\/portal\/?p=72122\">ju\u00edza da 94\u00aa Zona Eleitoral, Flavia Diniz<\/a>, na \u00faltima quarta-feira, dia 16. Os diplomas foram entregues no dia seguinte. Procedimento semelhante ao conduzido pela ju\u00edza da 183\u00aa Zona Eleitoral, Priscila Dickie, na diploma\u00e7\u00e3o dos eleitos em Porto Real e Quatis, no \u00faltimo dia 15 (com a entrega de diplomas no dia seguinte).<\/p>\n<p style=\"text-align: justify;\">A cerim\u00f4nia a dist\u00e2ncia, segundo o Tribunal Superior Eleitoral (TSE), est\u00e1 em sintonia com a s\u00e9rie de medidas adotadas pelo \u00f3rg\u00e3o para preservar a sa\u00fade dos eleitores, mes\u00e1rios e candidatos para as elei\u00e7\u00f5es deste ano.<\/p>\n<p style=\"text-align: justify;\">COMO FUNCIONA A DIPLOMA\u00c7\u00c3O<br \/>\nConforme explica o TSE, a expedi\u00e7\u00e3o dos diplomas ocorre nas 48 horas ap\u00f3s o julgamento das contas do candidato eleito, conforme previsto no artigo 202, par\u00e1grafo 1\u00ba, do C\u00f3digo Eleitoral. N\u00e3o \u00e9 diplomado o eleito do sexo masculino que n\u00e3o provar quita\u00e7\u00e3o com o servi\u00e7o militar obrigat\u00f3rio, nem o candidato vitorioso cujo registro de candidatura tenha sido indeferido, mesmo que ainda esteja sub judice (sob aprecia\u00e7\u00e3o judicial).<\/p>\n<p style=\"text-align: justify;\">Al\u00e9m disso, enquanto o TSE n\u00e3o decidir sobre eventual Recurso Contra Expedi\u00e7\u00e3o de Diploma (RCED), o diplomado poder\u00e1 exercer o mandato. O RCED, previsto no artigo 262 do C\u00f3digo Eleitoral, deve ser interposto no prazo de tr\u00eas dias contados da diploma\u00e7\u00e3o.<\/p>\n","protected":false},"excerpt":{"rendered":"<p>Nesta sexta-feira, dia 18, termina o prazo para a posse dos candidatos a prefeito, vice e vereadores e seus suplentes. Enquanto alguns cart\u00f3rios eleitorais<\/p>\n","protected":false},"author":1,"featured_media":72172,"comment_status":"open","ping_status":"open","sticky":false,"template":"","format":"standard","meta":{"pmpro_default_level":"","footnotes":""},"categories":[240,227,233],"tags":[],"class_list":["post-72149","post","type-post","status-publish","format-standard","has-post-thumbnail","hentry","category-eleicoes-2020","category-manchete","category-regiao","pmpro-has-access"],"yoast_head":"<!-- This site is optimized with the Yoast SEO plugin v27.4 - https:\/\/yoast.com\/product\/yoast-seo-wordpress\/ -->\n<title>Sem defini\u00e7\u00e3o do prefeito e vice, Volta Redonda e Itatiaia diplomam seus vereadores - JORNAL BEIRA RIO<\/title>\n<meta name=\"robots\" content=\"index, follow, max-snippet:-1, max-image-preview:large, max-video-preview:-1\" \/>\n<link rel=\"canonical\" href=\"https:\/\/jornalbeirario.com.br\/portal\/?p=72149\" \/>\n<meta property=\"og:locale\" content=\"pt_BR\" \/>\n<meta property=\"og:type\" content=\"article\" \/>\n<meta property=\"og:title\" content=\"Sem defini\u00e7\u00e3o do prefeito e vice, Volta Redonda e Itatiaia diplomam seus vereadores - JORNAL BEIRA RIO\" \/>\n<meta property=\"og:description\" content=\"Nesta sexta-feira, dia 18, termina o prazo para a posse dos candidatos a prefeito, vice e vereadores e seus suplentes. Enquanto alguns cart\u00f3rios eleitorais\" \/>\n<meta property=\"og:url\" content=\"https:\/\/jornalbeirario.com.br\/portal\/?p=72149\" \/>\n<meta property=\"og:site_name\" content=\"JORNAL BEIRA RIO\" \/>\n<meta property=\"article:published_time\" content=\"2020-12-18T17:53:30+00:00\" \/>\n<meta property=\"article:modified_time\" content=\"2020-12-18T18:02:00+00:00\" \/>\n<meta property=\"og:image\" content=\"https:\/\/jornalbeirario.com.br\/portal\/wp-content\/uploads\/2020\/12\/tse_foto1.jpg\" \/>\n\t<meta property=\"og:image:width\" content=\"1100\" \/>\n\t<meta property=\"og:image:height\" content=\"470\" \/>\n\t<meta property=\"og:image:type\" content=\"image\/jpeg\" \/>\n<meta name=\"author\" content=\"Jornal BEIRA-RIO\" \/>\n<meta name=\"twitter:card\" content=\"summary_large_image\" \/>\n<meta name=\"twitter:label1\" content=\"Escrito por\" \/>\n\t<meta name=\"twitter:data1\" content=\"Jornal BEIRA-RIO\" \/>\n\t<meta name=\"twitter:label2\" content=\"Est. tempo de leitura\" \/>\n\t<meta name=\"twitter:data2\" content=\"3 minutos\" \/>\n<script type=\"application\/ld+json\" class=\"yoast-schema-graph\">{\"@context\":\"https:\\\/\\\/schema.org\",\"@graph\":[{\"@type\":\"Article\",\"@id\":\"https:\\\/\\\/jornalbeirario.com.br\\\/portal\\\/?p=72149#article\",\"isPartOf\":{\"@id\":\"https:\\\/\\\/jornalbeirario.com.br\\\/portal\\\/?p=72149\"},\"author\":{\"name\":\"Jornal BEIRA-RIO\",\"@id\":\"https:\\\/\\\/jornalbeirario.com.br\\\/portal\\\/#\\\/schema\\\/person\\\/c6c423e4c2465d2a9233f6539173e7c1\"},\"headline\":\"Sem defini\u00e7\u00e3o do prefeito e vice, Volta Redonda e Itatiaia diplomam seus vereadores\",\"datePublished\":\"2020-12-18T17:53:30+00:00\",\"dateModified\":\"2020-12-18T18:02:00+00:00\",\"mainEntityOfPage\":{\"@id\":\"https:\\\/\\\/jornalbeirario.com.br\\\/portal\\\/?p=72149\"},\"wordCount\":697,\"commentCount\":0,\"publisher\":{\"@id\":\"https:\\\/\\\/jornalbeirario.com.br\\\/portal\\\/#organization\"},\"image\":{\"@id\":\"https:\\\/\\\/jornalbeirario.com.br\\\/portal\\\/?p=72149#primaryimage\"},\"thumbnailUrl\":\"https:\\\/\\\/jornalbeirario.com.br\\\/portal\\\/wp-content\\\/uploads\\\/2020\\\/12\\\/tse_foto1.jpg\",\"articleSection\":[\"Elei\u00e7\u00f5es 2020\",\"Manchete\",\"Regi\u00e3o\"],\"inLanguage\":\"pt-BR\",\"potentialAction\":[{\"@type\":\"CommentAction\",\"name\":\"Comment\",\"target\":[\"https:\\\/\\\/jornalbeirario.com.br\\\/portal\\\/?p=72149#respond\"]}]},{\"@type\":\"WebPage\",\"@id\":\"https:\\\/\\\/jornalbeirario.com.br\\\/portal\\\/?p=72149\",\"url\":\"https:\\\/\\\/jornalbeirario.com.br\\\/portal\\\/?p=72149\",\"name\":\"Sem defini\u00e7\u00e3o do prefeito e vice, Volta Redonda e Itatiaia diplomam seus vereadores - JORNAL BEIRA RIO\",\"isPartOf\":{\"@id\":\"https:\\\/\\\/jornalbeirario.com.br\\\/portal\\\/#website\"},\"primaryImageOfPage\":{\"@id\":\"https:\\\/\\\/jornalbeirario.com.br\\\/portal\\\/?p=72149#primaryimage\"},\"image\":{\"@id\":\"https:\\\/\\\/jornalbeirario.com.br\\\/portal\\\/?p=72149#primaryimage\"},\"thumbnailUrl\":\"https:\\\/\\\/jornalbeirario.com.br\\\/portal\\\/wp-content\\\/uploads\\\/2020\\\/12\\\/tse_foto1.jpg\",\"datePublished\":\"2020-12-18T17:53:30+00:00\",\"dateModified\":\"2020-12-18T18:02:00+00:00\",\"breadcrumb\":{\"@id\":\"https:\\\/\\\/jornalbeirario.com.br\\\/portal\\\/?p=72149#breadcrumb\"},\"inLanguage\":\"pt-BR\",\"potentialAction\":[{\"@type\":\"ReadAction\",\"target\":[\"https:\\\/\\\/jornalbeirario.com.br\\\/portal\\\/?p=72149\"]}]},{\"@type\":\"ImageObject\",\"inLanguage\":\"pt-BR\",\"@id\":\"https:\\\/\\\/jornalbeirario.com.br\\\/portal\\\/?p=72149#primaryimage\",\"url\":\"https:\\\/\\\/jornalbeirario.com.br\\\/portal\\\/wp-content\\\/uploads\\\/2020\\\/12\\\/tse_foto1.jpg\",\"contentUrl\":\"https:\\\/\\\/jornalbeirario.com.br\\\/portal\\\/wp-content\\\/uploads\\\/2020\\\/12\\\/tse_foto1.jpg\",\"width\":1100,\"height\":470,\"caption\":\"O TSE aumentou o esquema de seguran\u00e7a para acessar o pr\u00e9dio do tribunal neste domingo\"},{\"@type\":\"BreadcrumbList\",\"@id\":\"https:\\\/\\\/jornalbeirario.com.br\\\/portal\\\/?p=72149#breadcrumb\",\"itemListElement\":[{\"@type\":\"ListItem\",\"position\":1,\"name\":\"Home\",\"item\":\"https:\\\/\\\/jornalbeirario.com.br\\\/portal\"},{\"@type\":\"ListItem\",\"position\":2,\"name\":\"Sem defini\u00e7\u00e3o do prefeito e vice, Volta Redonda e Itatiaia diplomam seus vereadores\"}]},{\"@type\":\"WebSite\",\"@id\":\"https:\\\/\\\/jornalbeirario.com.br\\\/portal\\\/#website\",\"url\":\"https:\\\/\\\/jornalbeirario.com.br\\\/portal\\\/\",\"name\":\"JORNAL BEIRA RIO\",\"description\":\"\",\"publisher\":{\"@id\":\"https:\\\/\\\/jornalbeirario.com.br\\\/portal\\\/#organization\"},\"potentialAction\":[{\"@type\":\"SearchAction\",\"target\":{\"@type\":\"EntryPoint\",\"urlTemplate\":\"https:\\\/\\\/jornalbeirario.com.br\\\/portal\\\/?s={search_term_string}\"},\"query-input\":{\"@type\":\"PropertyValueSpecification\",\"valueRequired\":true,\"valueName\":\"search_term_string\"}}],\"inLanguage\":\"pt-BR\"},{\"@type\":\"Organization\",\"@id\":\"https:\\\/\\\/jornalbeirario.com.br\\\/portal\\\/#organization\",\"name\":\"JORNAL BEIRA RIO\",\"url\":\"https:\\\/\\\/jornalbeirario.com.br\\\/portal\\\/\",\"logo\":{\"@type\":\"ImageObject\",\"inLanguage\":\"pt-BR\",\"@id\":\"https:\\\/\\\/jornalbeirario.com.br\\\/portal\\\/#\\\/schema\\\/logo\\\/image\\\/\",\"url\":\"https:\\\/\\\/jornalbeirario.com.br\\\/portal\\\/wp-content\\\/uploads\\\/2017\\\/09\\\/BEIRA-RIO_logo600.png\",\"contentUrl\":\"https:\\\/\\\/jornalbeirario.com.br\\\/portal\\\/wp-content\\\/uploads\\\/2017\\\/09\\\/BEIRA-RIO_logo600.png\",\"width\":650,\"height\":108,\"caption\":\"JORNAL BEIRA RIO\"},\"image\":{\"@id\":\"https:\\\/\\\/jornalbeirario.com.br\\\/portal\\\/#\\\/schema\\\/logo\\\/image\\\/\"}},{\"@type\":\"Person\",\"@id\":\"https:\\\/\\\/jornalbeirario.com.br\\\/portal\\\/#\\\/schema\\\/person\\\/c6c423e4c2465d2a9233f6539173e7c1\",\"name\":\"Jornal BEIRA-RIO\",\"image\":{\"@type\":\"ImageObject\",\"inLanguage\":\"pt-BR\",\"@id\":\"https:\\\/\\\/jornalbeirario.com.br\\\/portal\\\/wp-content\\\/uploads\\\/2023\\\/10\\\/logojbr1.jpg\",\"url\":\"https:\\\/\\\/jornalbeirario.com.br\\\/portal\\\/wp-content\\\/uploads\\\/2023\\\/10\\\/logojbr1.jpg\",\"contentUrl\":\"https:\\\/\\\/jornalbeirario.com.br\\\/portal\\\/wp-content\\\/uploads\\\/2023\\\/10\\\/logojbr1.jpg\",\"caption\":\"Jornal BEIRA-RIO\"},\"url\":\"https:\\\/\\\/jornalbeirario.com.br\\\/portal\\\/?author=1\"}]}<\/script>\n<!-- \/ Yoast SEO plugin. -->","yoast_head_json":{"title":"Sem defini\u00e7\u00e3o do prefeito e vice, Volta Redonda e Itatiaia diplomam seus vereadores - JORNAL BEIRA RIO","robots":{"index":"index","follow":"follow","max-snippet":"max-snippet:-1","max-image-preview":"max-image-preview:large","max-video-preview":"max-video-preview:-1"},"canonical":"https:\/\/jornalbeirario.com.br\/portal\/?p=72149","og_locale":"pt_BR","og_type":"article","og_title":"Sem defini\u00e7\u00e3o do prefeito e vice, Volta Redonda e Itatiaia diplomam seus vereadores - JORNAL BEIRA RIO","og_description":"Nesta sexta-feira, dia 18, termina o prazo para a posse dos candidatos a prefeito, vice e vereadores e seus suplentes. Enquanto alguns cart\u00f3rios eleitorais","og_url":"https:\/\/jornalbeirario.com.br\/portal\/?p=72149","og_site_name":"JORNAL BEIRA RIO","article_published_time":"2020-12-18T17:53:30+00:00","article_modified_time":"2020-12-18T18:02:00+00:00","og_image":[{"width":1100,"height":470,"url":"https:\/\/jornalbeirario.com.br\/portal\/wp-content\/uploads\/2020\/12\/tse_foto1.jpg","type":"image\/jpeg"}],"author":"Jornal BEIRA-RIO","twitter_card":"summary_large_image","twitter_misc":{"Escrito por":"Jornal BEIRA-RIO","Est. tempo de leitura":"3 minutos"},"schema":{"@context":"https:\/\/schema.org","@graph":[{"@type":"Article","@id":"https:\/\/jornalbeirario.com.br\/portal\/?p=72149#article","isPartOf":{"@id":"https:\/\/jornalbeirario.com.br\/portal\/?p=72149"},"author":{"name":"Jornal BEIRA-RIO","@id":"https:\/\/jornalbeirario.com.br\/portal\/#\/schema\/person\/c6c423e4c2465d2a9233f6539173e7c1"},"headline":"Sem defini\u00e7\u00e3o do prefeito e vice, Volta Redonda e Itatiaia diplomam seus vereadores","datePublished":"2020-12-18T17:53:30+00:00","dateModified":"2020-12-18T18:02:00+00:00","mainEntityOfPage":{"@id":"https:\/\/jornalbeirario.com.br\/portal\/?p=72149"},"wordCount":697,"commentCount":0,"publisher":{"@id":"https:\/\/jornalbeirario.com.br\/portal\/#organization"},"image":{"@id":"https:\/\/jornalbeirario.com.br\/portal\/?p=72149#primaryimage"},"thumbnailUrl":"https:\/\/jornalbeirario.com.br\/portal\/wp-content\/uploads\/2020\/12\/tse_foto1.jpg","articleSection":["Elei\u00e7\u00f5es 2020","Manchete","Regi\u00e3o"],"inLanguage":"pt-BR","potentialAction":[{"@type":"CommentAction","name":"Comment","target":["https:\/\/jornalbeirario.com.br\/portal\/?p=72149#respond"]}]},{"@type":"WebPage","@id":"https:\/\/jornalbeirario.com.br\/portal\/?p=72149","url":"https:\/\/jornalbeirario.com.br\/portal\/?p=72149","name":"Sem defini\u00e7\u00e3o do prefeito e vice, Volta Redonda e Itatiaia diplomam seus vereadores - JORNAL BEIRA RIO","isPartOf":{"@id":"https:\/\/jornalbeirario.com.br\/portal\/#website"},"primaryImageOfPage":{"@id":"https:\/\/jornalbeirario.com.br\/portal\/?p=72149#primaryimage"},"image":{"@id":"https:\/\/jornalbeirario.com.br\/portal\/?p=72149#primaryimage"},"thumbnailUrl":"https:\/\/jornalbeirario.com.br\/portal\/wp-content\/uploads\/2020\/12\/tse_foto1.jpg","datePublished":"2020-12-18T17:53:30+00:00","dateModified":"2020-12-18T18:02:00+00:00","breadcrumb":{"@id":"https:\/\/jornalbeirario.com.br\/portal\/?p=72149#breadcrumb"},"inLanguage":"pt-BR","potentialAction":[{"@type":"ReadAction","target":["https:\/\/jornalbeirario.com.br\/portal\/?p=72149"]}]},{"@type":"ImageObject","inLanguage":"pt-BR","@id":"https:\/\/jornalbeirario.com.br\/portal\/?p=72149#primaryimage","url":"https:\/\/jornalbeirario.com.br\/portal\/wp-content\/uploads\/2020\/12\/tse_foto1.jpg","contentUrl":"https:\/\/jornalbeirario.com.br\/portal\/wp-content\/uploads\/2020\/12\/tse_foto1.jpg","width":1100,"height":470,"caption":"O TSE aumentou o esquema de seguran\u00e7a para acessar o pr\u00e9dio do tribunal neste domingo"},{"@type":"BreadcrumbList","@id":"https:\/\/jornalbeirario.com.br\/portal\/?p=72149#breadcrumb","itemListElement":[{"@type":"ListItem","position":1,"name":"Home","item":"https:\/\/jornalbeirario.com.br\/portal"},{"@type":"ListItem","position":2,"name":"Sem defini\u00e7\u00e3o do prefeito e vice, Volta Redonda e Itatiaia diplomam seus vereadores"}]},{"@type":"WebSite","@id":"https:\/\/jornalbeirario.com.br\/portal\/#website","url":"https:\/\/jornalbeirario.com.br\/portal\/","name":"JORNAL BEIRA RIO","description":"","publisher":{"@id":"https:\/\/jornalbeirario.com.br\/portal\/#organization"},"potentialAction":[{"@type":"SearchAction","target":{"@type":"EntryPoint","urlTemplate":"https:\/\/jornalbeirario.com.br\/portal\/?s={search_term_string}"},"query-input":{"@type":"PropertyValueSpecification","valueRequired":true,"valueName":"search_term_string"}}],"inLanguage":"pt-BR"},{"@type":"Organization","@id":"https:\/\/jornalbeirario.com.br\/portal\/#organization","name":"JORNAL BEIRA RIO","url":"https:\/\/jornalbeirario.com.br\/portal\/","logo":{"@type":"ImageObject","inLanguage":"pt-BR","@id":"https:\/\/jornalbeirario.com.br\/portal\/#\/schema\/logo\/image\/","url":"https:\/\/jornalbeirario.com.br\/portal\/wp-content\/uploads\/2017\/09\/BEIRA-RIO_logo600.png","contentUrl":"https:\/\/jornalbeirario.com.br\/portal\/wp-content\/uploads\/2017\/09\/BEIRA-RIO_logo600.png","width":650,"height":108,"caption":"JORNAL BEIRA RIO"},"image":{"@id":"https:\/\/jornalbeirario.com.br\/portal\/#\/schema\/logo\/image\/"}},{"@type":"Person","@id":"https:\/\/jornalbeirario.com.br\/portal\/#\/schema\/person\/c6c423e4c2465d2a9233f6539173e7c1","name":"Jornal BEIRA-RIO","image":{"@type":"ImageObject","inLanguage":"pt-BR","@id":"https:\/\/jornalbeirario.com.br\/portal\/wp-content\/uploads\/2023\/10\/logojbr1.jpg","url":"https:\/\/jornalbeirario.com.br\/portal\/wp-content\/uploads\/2023\/10\/logojbr1.jpg","contentUrl":"https:\/\/jornalbeirario.com.br\/portal\/wp-content\/uploads\/2023\/10\/logojbr1.jpg","caption":"Jornal BEIRA-RIO"},"url":"https:\/\/jornalbeirario.com.br\/portal\/?author=1"}]}},"_links":{"self":[{"href":"https:\/\/jornalbeirario.com.br\/portal\/index.php?rest_route=\/wp\/v2\/posts\/72149","targetHints":{"allow":["GET"]}}],"collection":[{"href":"https:\/\/jornalbeirario.com.br\/portal\/index.php?rest_route=\/wp\/v2\/posts"}],"about":[{"href":"https:\/\/jornalbeirario.com.br\/portal\/index.php?rest_route=\/wp\/v2\/types\/post"}],"author":[{"embeddable":true,"href":"https:\/\/jornalbeirario.com.br\/portal\/index.php?rest_route=\/wp\/v2\/users\/1"}],"replies":[{"embeddable":true,"href":"https:\/\/jornalbeirario.com.br\/portal\/index.php?rest_route=%2Fwp%2Fv2%2Fcomments&post=72149"}],"version-history":[{"count":21,"href":"https:\/\/jornalbeirario.com.br\/portal\/index.php?rest_route=\/wp\/v2\/posts\/72149\/revisions"}],"predecessor-version":[{"id":72173,"href":"https:\/\/jornalbeirario.com.br\/portal\/index.php?rest_route=\/wp\/v2\/posts\/72149\/revisions\/72173"}],"wp:featuredmedia":[{"embeddable":true,"href":"https:\/\/jornalbeirario.com.br\/portal\/index.php?rest_route=\/wp\/v2\/media\/72172"}],"wp:attachment":[{"href":"https:\/\/jornalbeirario.com.br\/portal\/index.php?rest_route=%2Fwp%2Fv2%2Fmedia&parent=72149"}],"wp:term":[{"taxonomy":"category","embeddable":true,"href":"https:\/\/jornalbeirario.com.br\/portal\/index.php?rest_route=%2Fwp%2Fv2%2Fcategories&post=72149"},{"taxonomy":"post_tag","embeddable":true,"href":"https:\/\/jornalbeirario.com.br\/portal\/index.php?rest_route=%2Fwp%2Fv2%2Ftags&post=72149"}],"curies":[{"name":"wp","href":"https:\/\/api.w.org\/{rel}","templated":true}]}}