
{"id":7208,"date":"2013-03-29T11:56:50","date_gmt":"2013-03-29T11:56:50","guid":{"rendered":"http:\/\/jornalbeirario.com.br\/portal\/portal\/?p=7208"},"modified":"2013-03-29T11:56:50","modified_gmt":"2013-03-29T11:56:50","slug":"lais-amaral-15","status":"publish","type":"post","link":"https:\/\/jornalbeirario.com.br\/portal\/?p=7208","title":{"rendered":"La\u00eds Amaral"},"content":{"rendered":"<p><strong>Nacional Kid e sele\u00e7\u00e3o s\u00f3 mentira, s\u00f3 ilus\u00e3o\u00a0\u00a0<\/strong><br \/>\nNo final da tarde dessa segunda-feira encontrei os amigos M\u00e1rcio e Malafronte na padaria do Fofo. Depois do caf\u00e9 a conversa foi esticada um pouco mais e, de repente, est\u00e1vamos falando do Nacional Kid, o her\u00f3i japon\u00eas que encantara nossas gera\u00e7\u00f5es. Passada a r\u00e1pida e rasteira nostalgia, lembramos o quanto fomos iludidos pelo super-homem nip\u00f4nico que, na verdade n\u00e3o estava a\u00ed para salvar a Terra de invasores alien\u00edgenas ou de perigosos seres abissais. Esse av\u00f4 do Jaspion era empregado de uma multinacional, fazia merchandising da National Eletronics (hoje, Panasonic) e a s\u00e9rie servia para popularizar a marca e seus produtos, entre eles um radinho de pilha. M\u00e1rcio ainda lembrou que numa das tomadas quando Nacional Kid (ou National Kid) voava sobre a cidade, aparecia l\u00e1 embaixo uma f\u00e1brica da\u00a0 multinacional. Que descaramento. E n\u00f3s torcendo contra os pobres incas venuzianos, que vinham nos ensinar a preservar nosso planeta da autodestrui\u00e7\u00e3o e contra os seres abissais que j\u00e1 na \u00e9poca levantavam a bandeira contra a polui\u00e7\u00e3o do mar e sua fauna. Que coisa! Mas isso vem de longe. Aprendemos com nossos pais, tamb\u00e9m encantados pela magia cinematogr\u00e1fica, a torcer por Bufalo Bill e pelo 7\u00ba de Cavalaria contra os \u00edndios e os mexicanos, que apenas defendiam o direito de viver em suas terras. Antes tarde do que nunca. A conversa acabou e nos despedimos mas ainda deu para o Malafronte, depois de consultar a TV da padaria, dizer que a R\u00fassia ganhava o Brasil por 1 x 0 aos 30 minutos. Sai pensando com meus bot\u00f5es: caramba! sele\u00e7\u00e3o brasileira, outro engodo, outra mentirinha que nos pregaram na inf\u00e2ncia.\u00a0\u00a0\u00a0\u00a0\u00a0\u00a0\u00a0<\/p>\n<p><strong>\u2018Colegas\u2019, um belo filme<\/strong><br \/>\nMas, j\u00e1 que falei em cinema, essa f\u00e1brica de magias e ilus\u00f5es (que eu adoro), vamos nessa: registro aqui minha grande satisfa\u00e7\u00e3o com o filme \u201cColegas\u201d, que assisti na sala 2 do Resende Shopping domingo passado. Um amigo diria que \u00e9 um enredo de \u201csess\u00e3o da tarde\u201d, pode ser, o que n\u00e3o tira suas qualidades. O filme do jovem diretor Marcelo Galv\u00e3o, cujos protagonistas, um trio de artistas com s\u00edndrome de down, \u00e9 muito bem feito, bem dirigido, um texto bem legal, trilha sonora com m\u00fasicas do Raul Seixas, sempre bem colocadas, uma belezinha. N\u00e3o \u00e9 piegas, como muita gente poderia imaginar. Inclusive eu. Um filme brasileiro, que diferente dessa saraivada de com\u00e9dias chinfrins (as neo-pronochanchada) que andam por a\u00ed, tem seu humor leve, na sutiliza do ringtone do celular dos agentes policiais, na velada cr\u00edtica aos \u00e2ncoras de TV e at\u00e9 nas cita\u00e7\u00f5es de grandes produ\u00e7\u00f5es cinematogr\u00e1ficas. Vale muito a pena conferir essa produ\u00e7\u00e3o honesta e bem cuidada do nosso cinema e curtir o trio Ariel Goldemberg, Rita Pokkde e Bruno Viola. O filme ainda est\u00e1 em cartaz.<\/p>\n<p><strong>TRIPA<\/strong><br \/>\n* A tradicional encena\u00e7\u00e3o da Paix\u00e3o de Cristo em Itatiaia acontece nesta\u00a0 sexta-feira, dia 29, \u00e0s 20 horas, na Par\u00f3quia de S\u00e3o Jos\u00e9, no centro do munic\u00edpio. Entrada um quilo de alimento n\u00e3o perec\u00edvel. Em Resende n\u00e3o haver\u00e1 a encena\u00e7\u00e3o mas a Prociss\u00e3o do Senhor Morto, tamb\u00e9m na Sexta-feira da Paix\u00e3o, est\u00e1 confirmada e sai da Matriz \u00e0s 19 horas * E no s\u00e1bado, de Aleluia, tem a partir das 19h30, a abertura da exposi\u00e7\u00e3o \u201cEntortando Caules\u201d, Esculturas de Bi\u00e9 Hardiman e a exibi\u00e7\u00e3o do curta metragem \u2018Renascen\u00e7a\u2019 (por Don Hardiman), em Maring\u00e1 (RJ), responsabilidade do Centro Cultural Visconde de Mau\u00e1 e da Pousada Olha D\u2019\u00e1gua. A exposi\u00e7\u00e3o estar\u00e1 aberta para visita\u00e7\u00e3o e venda, at\u00e9 dia 31de julho, das 14h \u00e0s 20 horas * Semana que vem, dia 2 de abril \u00e0s 19h30, na Associa\u00e7\u00e3o Educacional Dom Bosco tem a aula de abertura de MBA em Gest\u00e3o Empresarial. A AEDB por meio do seu Centro de Pesquisa, P\u00f3s-Gradua\u00e7\u00e3o e Extens\u00e3o \u2013 est\u00e1 abrindo turmas para tr\u00eas cursos de MBA ministrados pela Funda\u00e7\u00e3o Get\u00falio Vargas. * Fui Segunda passada a reuni\u00e3o do Rotary Clube Resende, na Casa da Amizade, convidado pelo amigo Carlos Alberto Rivelli. H\u00e1 tempos n\u00e3o comparecia a uma dessas reuni\u00f5es. L\u00e1 fiquei sabendo do projeto de arboriza\u00e7\u00e3o do clube: 5 mil mudas, das quais, 1.500 j\u00e1 foram plantadas. Beleza!! * A Turma dos Brameiros, promove no pr\u00f3ximo dia 6, em Resende, o seu primeiro Carnaval fora de \u00e9poca. \u00c9 a \u2018Bramereta\u2019. O \u201cbicho vai pegar\u201d * E no dia 7, ser\u00e1 realizado no Parque de Exposi\u00e7\u00f5es, um show musical com renda em benef\u00edcio da fam\u00edlia do m\u00fasico Lico, falecido h\u00e1 cerca de dois meses devido a complica\u00e7\u00f5es card\u00edacas. Dezessete bandas de rock e pop rock v\u00e3o se apresentar. * E o maravilhoso Inhoque da Fortuna do Odylo e da Maria Carmem ser\u00e1 neste dia 28 (quinta) porque 29 \u00e9 Sexta da Paix\u00e3o, n\u00e3o se come carne * Boa P\u00e1scoa a todos.<\/p>\n<p><strong>ANIVERS\u00c1RIOS<\/strong><br \/>\nA rela\u00e7\u00e3o de aniversariantes da semana come\u00e7ou na ter\u00e7a-feira, dia 26, com uma turma bem legal: a regente Alile Cuoco, o publicit\u00e1rio, Tande Vieira, o ator, Leandro Resende e os jornalistas Vladimir Ramos, Luis Cla\u00fadio Herm\u00f3genes e Fl\u00e1vio Colistet (os dois \u00faltimos, irm\u00e3os g\u00eameos). Na quarta,\u00a0 dia 27, inaugurou idade nova o virtuoso violonista, Thiago Zaidan. Dia 28, outra turma boa recebe os \u2018parab\u00e9ns\u2019: a querida Simone Ramos, o amigo Evandro Souza, a Aline Alvarenga e o amigo Rom\u00e1rio Carvalho. Na sexta da Paix\u00e3o, dia 29, o fot\u00f3grafo Francisco Aguero e o m\u00fasico Romeu Aleixo contam mais um ano de vida. S\u00e1bado, dia 30, os amigos Jo\u00e3o Carlos Benedito, Lucilene Pereira e Marcelo Drummer comemoram mais um ano de vida e no domingo, 31, ficam mais experientes os amigos Paulino Barbosa, Rog\u00e9rio Coutinho e a Jussara Soares. Parab\u00e9ns e todas as felicidades do mundo a eles.<\/p>\n","protected":false},"excerpt":{"rendered":"<p>Nacional Kid e sele\u00e7\u00e3o s\u00f3 mentira, s\u00f3 ilus\u00e3o\u00a0\u00a0 No final da tarde dessa segunda-feira encontrei os amigos M\u00e1rcio e Malafronte na padaria do Fofo.<\/p>\n","protected":false},"author":1,"featured_media":0,"comment_status":"open","ping_status":"open","sticky":false,"template":"","format":"standard","meta":{"pmpro_default_level":"","footnotes":""},"categories":[13],"tags":[],"class_list":["post-7208","post","type-post","status-publish","format-standard","hentry","category-social","pmpro-has-access"],"yoast_head":"<!-- This site is optimized with the Yoast SEO plugin v27.4 - https:\/\/yoast.com\/product\/yoast-seo-wordpress\/ -->\n<title>La\u00eds Amaral - JORNAL BEIRA RIO<\/title>\n<meta name=\"robots\" content=\"index, follow, max-snippet:-1, max-image-preview:large, max-video-preview:-1\" \/>\n<link rel=\"canonical\" href=\"https:\/\/jornalbeirario.com.br\/portal\/?p=7208\" \/>\n<meta property=\"og:locale\" content=\"pt_BR\" \/>\n<meta property=\"og:type\" content=\"article\" \/>\n<meta property=\"og:title\" content=\"La\u00eds Amaral - JORNAL BEIRA RIO\" \/>\n<meta property=\"og:description\" content=\"Nacional Kid e sele\u00e7\u00e3o s\u00f3 mentira, s\u00f3 ilus\u00e3o\u00a0\u00a0 No final da tarde dessa segunda-feira encontrei os amigos M\u00e1rcio e Malafronte na padaria do Fofo.\" \/>\n<meta property=\"og:url\" content=\"https:\/\/jornalbeirario.com.br\/portal\/?p=7208\" \/>\n<meta property=\"og:site_name\" content=\"JORNAL BEIRA RIO\" \/>\n<meta property=\"article:published_time\" content=\"2013-03-29T11:56:50+00:00\" \/>\n<meta name=\"author\" content=\"Jornal BEIRA-RIO\" \/>\n<meta name=\"twitter:card\" content=\"summary_large_image\" \/>\n<meta name=\"twitter:label1\" content=\"Escrito por\" \/>\n\t<meta name=\"twitter:data1\" content=\"Jornal BEIRA-RIO\" \/>\n\t<meta name=\"twitter:label2\" content=\"Est. tempo de leitura\" \/>\n\t<meta name=\"twitter:data2\" content=\"5 minutos\" \/>\n<script type=\"application\/ld+json\" class=\"yoast-schema-graph\">{\"@context\":\"https:\\\/\\\/schema.org\",\"@graph\":[{\"@type\":\"Article\",\"@id\":\"https:\\\/\\\/jornalbeirario.com.br\\\/portal\\\/?p=7208#article\",\"isPartOf\":{\"@id\":\"https:\\\/\\\/jornalbeirario.com.br\\\/portal\\\/?p=7208\"},\"author\":{\"name\":\"Jornal BEIRA-RIO\",\"@id\":\"https:\\\/\\\/jornalbeirario.com.br\\\/portal\\\/#\\\/schema\\\/person\\\/c6c423e4c2465d2a9233f6539173e7c1\"},\"headline\":\"La\u00eds Amaral\",\"datePublished\":\"2013-03-29T11:56:50+00:00\",\"mainEntityOfPage\":{\"@id\":\"https:\\\/\\\/jornalbeirario.com.br\\\/portal\\\/?p=7208\"},\"wordCount\":995,\"commentCount\":0,\"publisher\":{\"@id\":\"https:\\\/\\\/jornalbeirario.com.br\\\/portal\\\/#organization\"},\"articleSection\":[\"Social\"],\"inLanguage\":\"pt-BR\",\"potentialAction\":[{\"@type\":\"CommentAction\",\"name\":\"Comment\",\"target\":[\"https:\\\/\\\/jornalbeirario.com.br\\\/portal\\\/?p=7208#respond\"]}]},{\"@type\":\"WebPage\",\"@id\":\"https:\\\/\\\/jornalbeirario.com.br\\\/portal\\\/?p=7208\",\"url\":\"https:\\\/\\\/jornalbeirario.com.br\\\/portal\\\/?p=7208\",\"name\":\"La\u00eds Amaral - JORNAL BEIRA RIO\",\"isPartOf\":{\"@id\":\"https:\\\/\\\/jornalbeirario.com.br\\\/portal\\\/#website\"},\"datePublished\":\"2013-03-29T11:56:50+00:00\",\"breadcrumb\":{\"@id\":\"https:\\\/\\\/jornalbeirario.com.br\\\/portal\\\/?p=7208#breadcrumb\"},\"inLanguage\":\"pt-BR\",\"potentialAction\":[{\"@type\":\"ReadAction\",\"target\":[\"https:\\\/\\\/jornalbeirario.com.br\\\/portal\\\/?p=7208\"]}]},{\"@type\":\"BreadcrumbList\",\"@id\":\"https:\\\/\\\/jornalbeirario.com.br\\\/portal\\\/?p=7208#breadcrumb\",\"itemListElement\":[{\"@type\":\"ListItem\",\"position\":1,\"name\":\"Home\",\"item\":\"https:\\\/\\\/jornalbeirario.com.br\\\/portal\"},{\"@type\":\"ListItem\",\"position\":2,\"name\":\"La\u00eds Amaral\"}]},{\"@type\":\"WebSite\",\"@id\":\"https:\\\/\\\/jornalbeirario.com.br\\\/portal\\\/#website\",\"url\":\"https:\\\/\\\/jornalbeirario.com.br\\\/portal\\\/\",\"name\":\"JORNAL BEIRA RIO\",\"description\":\"\",\"publisher\":{\"@id\":\"https:\\\/\\\/jornalbeirario.com.br\\\/portal\\\/#organization\"},\"potentialAction\":[{\"@type\":\"SearchAction\",\"target\":{\"@type\":\"EntryPoint\",\"urlTemplate\":\"https:\\\/\\\/jornalbeirario.com.br\\\/portal\\\/?s={search_term_string}\"},\"query-input\":{\"@type\":\"PropertyValueSpecification\",\"valueRequired\":true,\"valueName\":\"search_term_string\"}}],\"inLanguage\":\"pt-BR\"},{\"@type\":\"Organization\",\"@id\":\"https:\\\/\\\/jornalbeirario.com.br\\\/portal\\\/#organization\",\"name\":\"JORNAL BEIRA RIO\",\"url\":\"https:\\\/\\\/jornalbeirario.com.br\\\/portal\\\/\",\"logo\":{\"@type\":\"ImageObject\",\"inLanguage\":\"pt-BR\",\"@id\":\"https:\\\/\\\/jornalbeirario.com.br\\\/portal\\\/#\\\/schema\\\/logo\\\/image\\\/\",\"url\":\"https:\\\/\\\/jornalbeirario.com.br\\\/portal\\\/wp-content\\\/uploads\\\/2017\\\/09\\\/BEIRA-RIO_logo600.png\",\"contentUrl\":\"https:\\\/\\\/jornalbeirario.com.br\\\/portal\\\/wp-content\\\/uploads\\\/2017\\\/09\\\/BEIRA-RIO_logo600.png\",\"width\":650,\"height\":108,\"caption\":\"JORNAL BEIRA RIO\"},\"image\":{\"@id\":\"https:\\\/\\\/jornalbeirario.com.br\\\/portal\\\/#\\\/schema\\\/logo\\\/image\\\/\"}},{\"@type\":\"Person\",\"@id\":\"https:\\\/\\\/jornalbeirario.com.br\\\/portal\\\/#\\\/schema\\\/person\\\/c6c423e4c2465d2a9233f6539173e7c1\",\"name\":\"Jornal BEIRA-RIO\",\"image\":{\"@type\":\"ImageObject\",\"inLanguage\":\"pt-BR\",\"@id\":\"https:\\\/\\\/jornalbeirario.com.br\\\/portal\\\/wp-content\\\/uploads\\\/2023\\\/10\\\/logojbr1.jpg\",\"url\":\"https:\\\/\\\/jornalbeirario.com.br\\\/portal\\\/wp-content\\\/uploads\\\/2023\\\/10\\\/logojbr1.jpg\",\"contentUrl\":\"https:\\\/\\\/jornalbeirario.com.br\\\/portal\\\/wp-content\\\/uploads\\\/2023\\\/10\\\/logojbr1.jpg\",\"caption\":\"Jornal BEIRA-RIO\"},\"url\":\"https:\\\/\\\/jornalbeirario.com.br\\\/portal\\\/?author=1\"}]}<\/script>\n<!-- \/ Yoast SEO plugin. -->","yoast_head_json":{"title":"La\u00eds Amaral - JORNAL BEIRA RIO","robots":{"index":"index","follow":"follow","max-snippet":"max-snippet:-1","max-image-preview":"max-image-preview:large","max-video-preview":"max-video-preview:-1"},"canonical":"https:\/\/jornalbeirario.com.br\/portal\/?p=7208","og_locale":"pt_BR","og_type":"article","og_title":"La\u00eds Amaral - JORNAL BEIRA RIO","og_description":"Nacional Kid e sele\u00e7\u00e3o s\u00f3 mentira, s\u00f3 ilus\u00e3o\u00a0\u00a0 No final da tarde dessa segunda-feira encontrei os amigos M\u00e1rcio e Malafronte na padaria do Fofo.","og_url":"https:\/\/jornalbeirario.com.br\/portal\/?p=7208","og_site_name":"JORNAL BEIRA RIO","article_published_time":"2013-03-29T11:56:50+00:00","author":"Jornal BEIRA-RIO","twitter_card":"summary_large_image","twitter_misc":{"Escrito por":"Jornal BEIRA-RIO","Est. tempo de leitura":"5 minutos"},"schema":{"@context":"https:\/\/schema.org","@graph":[{"@type":"Article","@id":"https:\/\/jornalbeirario.com.br\/portal\/?p=7208#article","isPartOf":{"@id":"https:\/\/jornalbeirario.com.br\/portal\/?p=7208"},"author":{"name":"Jornal BEIRA-RIO","@id":"https:\/\/jornalbeirario.com.br\/portal\/#\/schema\/person\/c6c423e4c2465d2a9233f6539173e7c1"},"headline":"La\u00eds Amaral","datePublished":"2013-03-29T11:56:50+00:00","mainEntityOfPage":{"@id":"https:\/\/jornalbeirario.com.br\/portal\/?p=7208"},"wordCount":995,"commentCount":0,"publisher":{"@id":"https:\/\/jornalbeirario.com.br\/portal\/#organization"},"articleSection":["Social"],"inLanguage":"pt-BR","potentialAction":[{"@type":"CommentAction","name":"Comment","target":["https:\/\/jornalbeirario.com.br\/portal\/?p=7208#respond"]}]},{"@type":"WebPage","@id":"https:\/\/jornalbeirario.com.br\/portal\/?p=7208","url":"https:\/\/jornalbeirario.com.br\/portal\/?p=7208","name":"La\u00eds Amaral - JORNAL BEIRA RIO","isPartOf":{"@id":"https:\/\/jornalbeirario.com.br\/portal\/#website"},"datePublished":"2013-03-29T11:56:50+00:00","breadcrumb":{"@id":"https:\/\/jornalbeirario.com.br\/portal\/?p=7208#breadcrumb"},"inLanguage":"pt-BR","potentialAction":[{"@type":"ReadAction","target":["https:\/\/jornalbeirario.com.br\/portal\/?p=7208"]}]},{"@type":"BreadcrumbList","@id":"https:\/\/jornalbeirario.com.br\/portal\/?p=7208#breadcrumb","itemListElement":[{"@type":"ListItem","position":1,"name":"Home","item":"https:\/\/jornalbeirario.com.br\/portal"},{"@type":"ListItem","position":2,"name":"La\u00eds Amaral"}]},{"@type":"WebSite","@id":"https:\/\/jornalbeirario.com.br\/portal\/#website","url":"https:\/\/jornalbeirario.com.br\/portal\/","name":"JORNAL BEIRA RIO","description":"","publisher":{"@id":"https:\/\/jornalbeirario.com.br\/portal\/#organization"},"potentialAction":[{"@type":"SearchAction","target":{"@type":"EntryPoint","urlTemplate":"https:\/\/jornalbeirario.com.br\/portal\/?s={search_term_string}"},"query-input":{"@type":"PropertyValueSpecification","valueRequired":true,"valueName":"search_term_string"}}],"inLanguage":"pt-BR"},{"@type":"Organization","@id":"https:\/\/jornalbeirario.com.br\/portal\/#organization","name":"JORNAL BEIRA RIO","url":"https:\/\/jornalbeirario.com.br\/portal\/","logo":{"@type":"ImageObject","inLanguage":"pt-BR","@id":"https:\/\/jornalbeirario.com.br\/portal\/#\/schema\/logo\/image\/","url":"https:\/\/jornalbeirario.com.br\/portal\/wp-content\/uploads\/2017\/09\/BEIRA-RIO_logo600.png","contentUrl":"https:\/\/jornalbeirario.com.br\/portal\/wp-content\/uploads\/2017\/09\/BEIRA-RIO_logo600.png","width":650,"height":108,"caption":"JORNAL BEIRA RIO"},"image":{"@id":"https:\/\/jornalbeirario.com.br\/portal\/#\/schema\/logo\/image\/"}},{"@type":"Person","@id":"https:\/\/jornalbeirario.com.br\/portal\/#\/schema\/person\/c6c423e4c2465d2a9233f6539173e7c1","name":"Jornal BEIRA-RIO","image":{"@type":"ImageObject","inLanguage":"pt-BR","@id":"https:\/\/jornalbeirario.com.br\/portal\/wp-content\/uploads\/2023\/10\/logojbr1.jpg","url":"https:\/\/jornalbeirario.com.br\/portal\/wp-content\/uploads\/2023\/10\/logojbr1.jpg","contentUrl":"https:\/\/jornalbeirario.com.br\/portal\/wp-content\/uploads\/2023\/10\/logojbr1.jpg","caption":"Jornal BEIRA-RIO"},"url":"https:\/\/jornalbeirario.com.br\/portal\/?author=1"}]}},"_links":{"self":[{"href":"https:\/\/jornalbeirario.com.br\/portal\/index.php?rest_route=\/wp\/v2\/posts\/7208","targetHints":{"allow":["GET"]}}],"collection":[{"href":"https:\/\/jornalbeirario.com.br\/portal\/index.php?rest_route=\/wp\/v2\/posts"}],"about":[{"href":"https:\/\/jornalbeirario.com.br\/portal\/index.php?rest_route=\/wp\/v2\/types\/post"}],"author":[{"embeddable":true,"href":"https:\/\/jornalbeirario.com.br\/portal\/index.php?rest_route=\/wp\/v2\/users\/1"}],"replies":[{"embeddable":true,"href":"https:\/\/jornalbeirario.com.br\/portal\/index.php?rest_route=%2Fwp%2Fv2%2Fcomments&post=7208"}],"version-history":[{"count":1,"href":"https:\/\/jornalbeirario.com.br\/portal\/index.php?rest_route=\/wp\/v2\/posts\/7208\/revisions"}],"predecessor-version":[{"id":7209,"href":"https:\/\/jornalbeirario.com.br\/portal\/index.php?rest_route=\/wp\/v2\/posts\/7208\/revisions\/7209"}],"wp:attachment":[{"href":"https:\/\/jornalbeirario.com.br\/portal\/index.php?rest_route=%2Fwp%2Fv2%2Fmedia&parent=7208"}],"wp:term":[{"taxonomy":"category","embeddable":true,"href":"https:\/\/jornalbeirario.com.br\/portal\/index.php?rest_route=%2Fwp%2Fv2%2Fcategories&post=7208"},{"taxonomy":"post_tag","embeddable":true,"href":"https:\/\/jornalbeirario.com.br\/portal\/index.php?rest_route=%2Fwp%2Fv2%2Ftags&post=7208"}],"curies":[{"name":"wp","href":"https:\/\/api.w.org\/{rel}","templated":true}]}}