
{"id":71667,"date":"2020-11-16T14:06:51","date_gmt":"2020-11-16T17:06:51","guid":{"rendered":"http:\/\/jornalbeirario.com.br\/portal\/?p=71667"},"modified":"2020-11-16T19:07:34","modified_gmt":"2020-11-16T22:07:34","slug":"balieiro-e-serfiotis-vencem-as-eleicoes-na-regiao-das-agulhas-negras","status":"publish","type":"post","link":"https:\/\/jornalbeirario.com.br\/portal\/?p=71667","title":{"rendered":"Elei\u00e7\u00f5es 2020: confira o resultado das elei\u00e7\u00f5es na Regi\u00e3o das Agulhas Negras"},"content":{"rendered":"<figure id=\"attachment_71654\" aria-describedby=\"caption-attachment-71654\" style=\"width: 300px\" class=\"wp-caption alignright\"><img loading=\"lazy\" decoding=\"async\" class=\"size-medium wp-image-71654\" src=\"https:\/\/jornalbeirario.com.br\/portal\/wp-content\/uploads\/2020\/11\/mosaico2-300x225.jpg\" alt=\"\" width=\"300\" height=\"225\" srcset=\"https:\/\/jornalbeirario.com.br\/portal\/wp-content\/uploads\/2020\/11\/mosaico2-300x225.jpg 300w, https:\/\/jornalbeirario.com.br\/portal\/wp-content\/uploads\/2020\/11\/mosaico2.jpg 640w\" sizes=\"auto, (max-width: 300px) 100vw, 300px\" \/><figcaption id=\"caption-attachment-71654\" class=\"wp-caption-text\">No sentido rel\u00f3gio, os eleitos (ou reeleitos) para as prefeituras da Regi\u00e3o das Agulhas Negras: Diogo Balieiro (Resende); Dudu Guedes (Itatiaia); Alu\u00edsio D&#8217;Elias (Quatis) e Alexandre Serfiotis (Porto Real)<\/figcaption><\/figure>\n<p style=\"text-align: justify;\">Neste domingo, dia 15, milhares de eleitores foram \u00e0s urnas para escolher seus candidatos a prefeito e vereadores na Regi\u00e3o das Agulhas Negras. Em dois dos munic\u00edpios, os atuais prefeitos foram reeleitos para mais quatro anos.<\/p>\n<p style=\"text-align: justify;\">Em Resende, o prefeito Diogo Balieiro Diniz (DEM) foi reeleito por uma maioria esmagadora de votos. Ele levou 82,57% dos votos, mais do que outros candidatos vencedores em outras cidades pr\u00f3ximas. O segundo colocado, Silvio de Carvalho (PDT), teve apenas 7,80% dos votos v\u00e1lidos. Em Itatiaia, o prefeito Eduardo Guedes, o Dudu, (PSC), ficou com 44,37% dos votos contra 29,52% do concorrente Irineu Nogueira (PTB).<\/p>\n<p style=\"text-align: justify;\">Nos demais munic\u00edpios da regi\u00e3o, novos nomes assumir\u00e3o a cadeira do Executivo em 2021. Em uma disputa equilibrada em Porto Real, ap\u00f3s a morte do ex-prefeito Jorge Serfiotis, o deputado federal Alexandre Serfiotis (PSD), com 38,83% dos votos, venceu o ex-aliado de seu pai, o atual prefeito Ailton Marques (PDT), que teve 37,35%. E em Quatis, o vencedor foi Alu\u00edsio D&#8217;Elias (PSC), que teve 45,25% dos votos, contra 31,20% de Rog\u00e9rio Batista (PSL).<\/p>\n<p style=\"text-align: justify;\">Em outras cidades pr\u00f3ximas a Regi\u00e3o das Agulhas Negras, como Barra Mansa, o atual prefeito tamb\u00e9m se reelegeu. Rodrigo Drable (DEM) venceu por 51,41% dos votos seu principal concorrente nas urnas, o vereador Thiago Val\u00e9rio (Cidadania), que obteve 18,09%.<\/p>\n<p style=\"text-align: justify;\">Em Volta Redonda, a popula\u00e7\u00e3o ignorou a decis\u00e3o tomada pelo Tribunal Regional Eleitoral do Rio de Janeiro (TRE-RJ) na \u00faltima sexta-feira, dia 13, de indeferir a candidatura do ex-prefeito Ant\u00f4nio Francisco Neto (DEM) e mais uma vez o elegeram em primeiro turno, com 57,20% dos votos. A candidata est\u00e1 sub j\u00fadice, segundo o tribunal, pelo fato de Neto ter suas contas rejeitadas quando foi presidente da Cehab-RJ, nos anos de 2005 e 2006, e quando era prefeito, pela C\u00e2mara de Volta Redonda, nos anos de 2011 e 2013. O candidato recorreu da decis\u00e3o e aguarda um novo julgamento no TSE.<\/p>\n<p style=\"text-align: justify;\">Em segundo lugar ficou o tamb\u00e9m ex-prefeito Paulo Baltazar (PSD), com 12,66% dos votos. O atual prefeito, Samuca Silva (PSC), n\u00e3o conseguiu se reeleger, ficando em terceiro lugar, com 9,27%.<\/p>\n<p style=\"text-align: justify;\">DUAS MULHERES NO PLEN\u00c1RIO DE RESENDE<br \/>\nPelo segundo mandato consecutivo, o vereador Reginaldo Engenheiro Passos (Podemos), de Resende, foi o mais votado do munic\u00edpio, com 1.721 votos, seguido de Renan Marassi (PL), que conseguiu 1.542 votos; Davi (DEM), com 1.079 votos; Sandro Ritton (DEM), com 970 votos; e Soraia Balieiro (PSD), com 963 votos. Eles est\u00e3o entre os nove dos 17 parlamentares que se reelegeram para um novo mandato.<\/p>\n<p style=\"text-align: justify;\">Entre os novos eleitos, Resende ter\u00e1 no plen\u00e1rio em 2021 mais uma mulher. Al\u00e9m de Soraia, o munic\u00edpio tamb\u00e9m contar\u00e1 com a M\u00e1rcia Lima (Republicanos), que obteve 412 votos. Esta \u00e9 a primeira vez que a dona de casa, de 47 anos, assumir\u00e1 uma cadeira na C\u00e2mara.<\/p>\n<p style=\"text-align: justify;\">Outros nomes que estar\u00e3o pela primeira vez no Legislativo s\u00e3o os de: Kael (PSD), Nelsinho Diniz (DEM), Matheus Oliveira (Podemos), Professor Wilson (PL), F\u00e1bio Lucas (Avante), Paulinho do Futsal (Cidadania) e Z\u00e9 Ant\u00f4nio PHV (Patriota).<\/p>\n","protected":false},"excerpt":{"rendered":"<p>Neste domingo, dia 15, milhares de eleitores foram \u00e0s urnas para escolher seus candidatos a prefeito e vereadores na Regi\u00e3o das Agulhas Negras. Em<\/p>\n","protected":false},"author":1,"featured_media":71655,"comment_status":"open","ping_status":"open","sticky":false,"template":"","format":"standard","meta":{"pmpro_default_level":"","footnotes":""},"categories":[1,240,227,11],"tags":[],"class_list":["post-71667","post","type-post","status-publish","format-standard","has-post-thumbnail","hentry","category-cidade","category-eleicoes-2020","category-manchete","category-politica","pmpro-has-access"],"yoast_head":"<!-- This site is optimized with the Yoast SEO plugin v27.4 - https:\/\/yoast.com\/product\/yoast-seo-wordpress\/ -->\n<title>Elei\u00e7\u00f5es 2020: confira o resultado das elei\u00e7\u00f5es na Regi\u00e3o das Agulhas Negras - JORNAL BEIRA RIO<\/title>\n<meta name=\"robots\" content=\"index, follow, max-snippet:-1, max-image-preview:large, max-video-preview:-1\" \/>\n<link rel=\"canonical\" href=\"https:\/\/jornalbeirario.com.br\/portal\/?p=71667\" \/>\n<meta property=\"og:locale\" content=\"pt_BR\" \/>\n<meta property=\"og:type\" content=\"article\" \/>\n<meta property=\"og:title\" content=\"Elei\u00e7\u00f5es 2020: confira o resultado das elei\u00e7\u00f5es na Regi\u00e3o das Agulhas Negras - JORNAL BEIRA RIO\" \/>\n<meta property=\"og:description\" content=\"Neste domingo, dia 15, milhares de eleitores foram \u00e0s urnas para escolher seus candidatos a prefeito e vereadores na Regi\u00e3o das Agulhas Negras. Em\" \/>\n<meta property=\"og:url\" content=\"https:\/\/jornalbeirario.com.br\/portal\/?p=71667\" \/>\n<meta property=\"og:site_name\" content=\"JORNAL BEIRA RIO\" \/>\n<meta property=\"article:published_time\" content=\"2020-11-16T17:06:51+00:00\" \/>\n<meta property=\"article:modified_time\" content=\"2020-11-16T22:07:34+00:00\" \/>\n<meta property=\"og:image\" content=\"https:\/\/jornalbeirario.com.br\/portal\/wp-content\/uploads\/2020\/11\/mosaico1.jpg\" \/>\n\t<meta property=\"og:image:width\" content=\"1100\" \/>\n\t<meta property=\"og:image:height\" content=\"470\" \/>\n\t<meta property=\"og:image:type\" content=\"image\/jpeg\" \/>\n<meta name=\"author\" content=\"Jornal BEIRA-RIO\" \/>\n<meta name=\"twitter:card\" content=\"summary_large_image\" \/>\n<meta name=\"twitter:label1\" content=\"Escrito por\" \/>\n\t<meta name=\"twitter:data1\" content=\"Jornal BEIRA-RIO\" \/>\n\t<meta name=\"twitter:label2\" content=\"Est. tempo de leitura\" \/>\n\t<meta name=\"twitter:data2\" content=\"3 minutos\" \/>\n<script type=\"application\/ld+json\" class=\"yoast-schema-graph\">{\"@context\":\"https:\\\/\\\/schema.org\",\"@graph\":[{\"@type\":\"Article\",\"@id\":\"https:\\\/\\\/jornalbeirario.com.br\\\/portal\\\/?p=71667#article\",\"isPartOf\":{\"@id\":\"https:\\\/\\\/jornalbeirario.com.br\\\/portal\\\/?p=71667\"},\"author\":{\"name\":\"Jornal BEIRA-RIO\",\"@id\":\"https:\\\/\\\/jornalbeirario.com.br\\\/portal\\\/#\\\/schema\\\/person\\\/c6c423e4c2465d2a9233f6539173e7c1\"},\"headline\":\"Elei\u00e7\u00f5es 2020: confira o resultado das elei\u00e7\u00f5es na Regi\u00e3o das Agulhas Negras\",\"datePublished\":\"2020-11-16T17:06:51+00:00\",\"dateModified\":\"2020-11-16T22:07:34+00:00\",\"mainEntityOfPage\":{\"@id\":\"https:\\\/\\\/jornalbeirario.com.br\\\/portal\\\/?p=71667\"},\"wordCount\":552,\"commentCount\":0,\"publisher\":{\"@id\":\"https:\\\/\\\/jornalbeirario.com.br\\\/portal\\\/#organization\"},\"image\":{\"@id\":\"https:\\\/\\\/jornalbeirario.com.br\\\/portal\\\/?p=71667#primaryimage\"},\"thumbnailUrl\":\"https:\\\/\\\/jornalbeirario.com.br\\\/portal\\\/wp-content\\\/uploads\\\/2020\\\/11\\\/mosaico1.jpg\",\"articleSection\":[\"Cidade\",\"Elei\u00e7\u00f5es 2020\",\"Manchete\",\"Pol\u00edtica\"],\"inLanguage\":\"pt-BR\",\"potentialAction\":[{\"@type\":\"CommentAction\",\"name\":\"Comment\",\"target\":[\"https:\\\/\\\/jornalbeirario.com.br\\\/portal\\\/?p=71667#respond\"]}]},{\"@type\":\"WebPage\",\"@id\":\"https:\\\/\\\/jornalbeirario.com.br\\\/portal\\\/?p=71667\",\"url\":\"https:\\\/\\\/jornalbeirario.com.br\\\/portal\\\/?p=71667\",\"name\":\"Elei\u00e7\u00f5es 2020: confira o resultado das elei\u00e7\u00f5es na Regi\u00e3o das Agulhas Negras - JORNAL BEIRA RIO\",\"isPartOf\":{\"@id\":\"https:\\\/\\\/jornalbeirario.com.br\\\/portal\\\/#website\"},\"primaryImageOfPage\":{\"@id\":\"https:\\\/\\\/jornalbeirario.com.br\\\/portal\\\/?p=71667#primaryimage\"},\"image\":{\"@id\":\"https:\\\/\\\/jornalbeirario.com.br\\\/portal\\\/?p=71667#primaryimage\"},\"thumbnailUrl\":\"https:\\\/\\\/jornalbeirario.com.br\\\/portal\\\/wp-content\\\/uploads\\\/2020\\\/11\\\/mosaico1.jpg\",\"datePublished\":\"2020-11-16T17:06:51+00:00\",\"dateModified\":\"2020-11-16T22:07:34+00:00\",\"breadcrumb\":{\"@id\":\"https:\\\/\\\/jornalbeirario.com.br\\\/portal\\\/?p=71667#breadcrumb\"},\"inLanguage\":\"pt-BR\",\"potentialAction\":[{\"@type\":\"ReadAction\",\"target\":[\"https:\\\/\\\/jornalbeirario.com.br\\\/portal\\\/?p=71667\"]}]},{\"@type\":\"ImageObject\",\"inLanguage\":\"pt-BR\",\"@id\":\"https:\\\/\\\/jornalbeirario.com.br\\\/portal\\\/?p=71667#primaryimage\",\"url\":\"https:\\\/\\\/jornalbeirario.com.br\\\/portal\\\/wp-content\\\/uploads\\\/2020\\\/11\\\/mosaico1.jpg\",\"contentUrl\":\"https:\\\/\\\/jornalbeirario.com.br\\\/portal\\\/wp-content\\\/uploads\\\/2020\\\/11\\\/mosaico1.jpg\",\"width\":1100,\"height\":470},{\"@type\":\"BreadcrumbList\",\"@id\":\"https:\\\/\\\/jornalbeirario.com.br\\\/portal\\\/?p=71667#breadcrumb\",\"itemListElement\":[{\"@type\":\"ListItem\",\"position\":1,\"name\":\"Home\",\"item\":\"https:\\\/\\\/jornalbeirario.com.br\\\/portal\"},{\"@type\":\"ListItem\",\"position\":2,\"name\":\"Elei\u00e7\u00f5es 2020: confira o resultado das elei\u00e7\u00f5es na Regi\u00e3o das Agulhas Negras\"}]},{\"@type\":\"WebSite\",\"@id\":\"https:\\\/\\\/jornalbeirario.com.br\\\/portal\\\/#website\",\"url\":\"https:\\\/\\\/jornalbeirario.com.br\\\/portal\\\/\",\"name\":\"JORNAL BEIRA RIO\",\"description\":\"\",\"publisher\":{\"@id\":\"https:\\\/\\\/jornalbeirario.com.br\\\/portal\\\/#organization\"},\"potentialAction\":[{\"@type\":\"SearchAction\",\"target\":{\"@type\":\"EntryPoint\",\"urlTemplate\":\"https:\\\/\\\/jornalbeirario.com.br\\\/portal\\\/?s={search_term_string}\"},\"query-input\":{\"@type\":\"PropertyValueSpecification\",\"valueRequired\":true,\"valueName\":\"search_term_string\"}}],\"inLanguage\":\"pt-BR\"},{\"@type\":\"Organization\",\"@id\":\"https:\\\/\\\/jornalbeirario.com.br\\\/portal\\\/#organization\",\"name\":\"JORNAL BEIRA RIO\",\"url\":\"https:\\\/\\\/jornalbeirario.com.br\\\/portal\\\/\",\"logo\":{\"@type\":\"ImageObject\",\"inLanguage\":\"pt-BR\",\"@id\":\"https:\\\/\\\/jornalbeirario.com.br\\\/portal\\\/#\\\/schema\\\/logo\\\/image\\\/\",\"url\":\"https:\\\/\\\/jornalbeirario.com.br\\\/portal\\\/wp-content\\\/uploads\\\/2017\\\/09\\\/BEIRA-RIO_logo600.png\",\"contentUrl\":\"https:\\\/\\\/jornalbeirario.com.br\\\/portal\\\/wp-content\\\/uploads\\\/2017\\\/09\\\/BEIRA-RIO_logo600.png\",\"width\":650,\"height\":108,\"caption\":\"JORNAL BEIRA RIO\"},\"image\":{\"@id\":\"https:\\\/\\\/jornalbeirario.com.br\\\/portal\\\/#\\\/schema\\\/logo\\\/image\\\/\"}},{\"@type\":\"Person\",\"@id\":\"https:\\\/\\\/jornalbeirario.com.br\\\/portal\\\/#\\\/schema\\\/person\\\/c6c423e4c2465d2a9233f6539173e7c1\",\"name\":\"Jornal BEIRA-RIO\",\"image\":{\"@type\":\"ImageObject\",\"inLanguage\":\"pt-BR\",\"@id\":\"https:\\\/\\\/jornalbeirario.com.br\\\/portal\\\/wp-content\\\/uploads\\\/2023\\\/10\\\/logojbr1.jpg\",\"url\":\"https:\\\/\\\/jornalbeirario.com.br\\\/portal\\\/wp-content\\\/uploads\\\/2023\\\/10\\\/logojbr1.jpg\",\"contentUrl\":\"https:\\\/\\\/jornalbeirario.com.br\\\/portal\\\/wp-content\\\/uploads\\\/2023\\\/10\\\/logojbr1.jpg\",\"caption\":\"Jornal BEIRA-RIO\"},\"url\":\"https:\\\/\\\/jornalbeirario.com.br\\\/portal\\\/?author=1\"}]}<\/script>\n<!-- \/ Yoast SEO plugin. -->","yoast_head_json":{"title":"Elei\u00e7\u00f5es 2020: confira o resultado das elei\u00e7\u00f5es na Regi\u00e3o das Agulhas Negras - JORNAL BEIRA RIO","robots":{"index":"index","follow":"follow","max-snippet":"max-snippet:-1","max-image-preview":"max-image-preview:large","max-video-preview":"max-video-preview:-1"},"canonical":"https:\/\/jornalbeirario.com.br\/portal\/?p=71667","og_locale":"pt_BR","og_type":"article","og_title":"Elei\u00e7\u00f5es 2020: confira o resultado das elei\u00e7\u00f5es na Regi\u00e3o das Agulhas Negras - JORNAL BEIRA RIO","og_description":"Neste domingo, dia 15, milhares de eleitores foram \u00e0s urnas para escolher seus candidatos a prefeito e vereadores na Regi\u00e3o das Agulhas Negras. Em","og_url":"https:\/\/jornalbeirario.com.br\/portal\/?p=71667","og_site_name":"JORNAL BEIRA RIO","article_published_time":"2020-11-16T17:06:51+00:00","article_modified_time":"2020-11-16T22:07:34+00:00","og_image":[{"width":1100,"height":470,"url":"https:\/\/jornalbeirario.com.br\/portal\/wp-content\/uploads\/2020\/11\/mosaico1.jpg","type":"image\/jpeg"}],"author":"Jornal BEIRA-RIO","twitter_card":"summary_large_image","twitter_misc":{"Escrito por":"Jornal BEIRA-RIO","Est. tempo de leitura":"3 minutos"},"schema":{"@context":"https:\/\/schema.org","@graph":[{"@type":"Article","@id":"https:\/\/jornalbeirario.com.br\/portal\/?p=71667#article","isPartOf":{"@id":"https:\/\/jornalbeirario.com.br\/portal\/?p=71667"},"author":{"name":"Jornal BEIRA-RIO","@id":"https:\/\/jornalbeirario.com.br\/portal\/#\/schema\/person\/c6c423e4c2465d2a9233f6539173e7c1"},"headline":"Elei\u00e7\u00f5es 2020: confira o resultado das elei\u00e7\u00f5es na Regi\u00e3o das Agulhas Negras","datePublished":"2020-11-16T17:06:51+00:00","dateModified":"2020-11-16T22:07:34+00:00","mainEntityOfPage":{"@id":"https:\/\/jornalbeirario.com.br\/portal\/?p=71667"},"wordCount":552,"commentCount":0,"publisher":{"@id":"https:\/\/jornalbeirario.com.br\/portal\/#organization"},"image":{"@id":"https:\/\/jornalbeirario.com.br\/portal\/?p=71667#primaryimage"},"thumbnailUrl":"https:\/\/jornalbeirario.com.br\/portal\/wp-content\/uploads\/2020\/11\/mosaico1.jpg","articleSection":["Cidade","Elei\u00e7\u00f5es 2020","Manchete","Pol\u00edtica"],"inLanguage":"pt-BR","potentialAction":[{"@type":"CommentAction","name":"Comment","target":["https:\/\/jornalbeirario.com.br\/portal\/?p=71667#respond"]}]},{"@type":"WebPage","@id":"https:\/\/jornalbeirario.com.br\/portal\/?p=71667","url":"https:\/\/jornalbeirario.com.br\/portal\/?p=71667","name":"Elei\u00e7\u00f5es 2020: confira o resultado das elei\u00e7\u00f5es na Regi\u00e3o das Agulhas Negras - JORNAL BEIRA RIO","isPartOf":{"@id":"https:\/\/jornalbeirario.com.br\/portal\/#website"},"primaryImageOfPage":{"@id":"https:\/\/jornalbeirario.com.br\/portal\/?p=71667#primaryimage"},"image":{"@id":"https:\/\/jornalbeirario.com.br\/portal\/?p=71667#primaryimage"},"thumbnailUrl":"https:\/\/jornalbeirario.com.br\/portal\/wp-content\/uploads\/2020\/11\/mosaico1.jpg","datePublished":"2020-11-16T17:06:51+00:00","dateModified":"2020-11-16T22:07:34+00:00","breadcrumb":{"@id":"https:\/\/jornalbeirario.com.br\/portal\/?p=71667#breadcrumb"},"inLanguage":"pt-BR","potentialAction":[{"@type":"ReadAction","target":["https:\/\/jornalbeirario.com.br\/portal\/?p=71667"]}]},{"@type":"ImageObject","inLanguage":"pt-BR","@id":"https:\/\/jornalbeirario.com.br\/portal\/?p=71667#primaryimage","url":"https:\/\/jornalbeirario.com.br\/portal\/wp-content\/uploads\/2020\/11\/mosaico1.jpg","contentUrl":"https:\/\/jornalbeirario.com.br\/portal\/wp-content\/uploads\/2020\/11\/mosaico1.jpg","width":1100,"height":470},{"@type":"BreadcrumbList","@id":"https:\/\/jornalbeirario.com.br\/portal\/?p=71667#breadcrumb","itemListElement":[{"@type":"ListItem","position":1,"name":"Home","item":"https:\/\/jornalbeirario.com.br\/portal"},{"@type":"ListItem","position":2,"name":"Elei\u00e7\u00f5es 2020: confira o resultado das elei\u00e7\u00f5es na Regi\u00e3o das Agulhas Negras"}]},{"@type":"WebSite","@id":"https:\/\/jornalbeirario.com.br\/portal\/#website","url":"https:\/\/jornalbeirario.com.br\/portal\/","name":"JORNAL BEIRA RIO","description":"","publisher":{"@id":"https:\/\/jornalbeirario.com.br\/portal\/#organization"},"potentialAction":[{"@type":"SearchAction","target":{"@type":"EntryPoint","urlTemplate":"https:\/\/jornalbeirario.com.br\/portal\/?s={search_term_string}"},"query-input":{"@type":"PropertyValueSpecification","valueRequired":true,"valueName":"search_term_string"}}],"inLanguage":"pt-BR"},{"@type":"Organization","@id":"https:\/\/jornalbeirario.com.br\/portal\/#organization","name":"JORNAL BEIRA RIO","url":"https:\/\/jornalbeirario.com.br\/portal\/","logo":{"@type":"ImageObject","inLanguage":"pt-BR","@id":"https:\/\/jornalbeirario.com.br\/portal\/#\/schema\/logo\/image\/","url":"https:\/\/jornalbeirario.com.br\/portal\/wp-content\/uploads\/2017\/09\/BEIRA-RIO_logo600.png","contentUrl":"https:\/\/jornalbeirario.com.br\/portal\/wp-content\/uploads\/2017\/09\/BEIRA-RIO_logo600.png","width":650,"height":108,"caption":"JORNAL BEIRA RIO"},"image":{"@id":"https:\/\/jornalbeirario.com.br\/portal\/#\/schema\/logo\/image\/"}},{"@type":"Person","@id":"https:\/\/jornalbeirario.com.br\/portal\/#\/schema\/person\/c6c423e4c2465d2a9233f6539173e7c1","name":"Jornal BEIRA-RIO","image":{"@type":"ImageObject","inLanguage":"pt-BR","@id":"https:\/\/jornalbeirario.com.br\/portal\/wp-content\/uploads\/2023\/10\/logojbr1.jpg","url":"https:\/\/jornalbeirario.com.br\/portal\/wp-content\/uploads\/2023\/10\/logojbr1.jpg","contentUrl":"https:\/\/jornalbeirario.com.br\/portal\/wp-content\/uploads\/2023\/10\/logojbr1.jpg","caption":"Jornal BEIRA-RIO"},"url":"https:\/\/jornalbeirario.com.br\/portal\/?author=1"}]}},"_links":{"self":[{"href":"https:\/\/jornalbeirario.com.br\/portal\/index.php?rest_route=\/wp\/v2\/posts\/71667","targetHints":{"allow":["GET"]}}],"collection":[{"href":"https:\/\/jornalbeirario.com.br\/portal\/index.php?rest_route=\/wp\/v2\/posts"}],"about":[{"href":"https:\/\/jornalbeirario.com.br\/portal\/index.php?rest_route=\/wp\/v2\/types\/post"}],"author":[{"embeddable":true,"href":"https:\/\/jornalbeirario.com.br\/portal\/index.php?rest_route=\/wp\/v2\/users\/1"}],"replies":[{"embeddable":true,"href":"https:\/\/jornalbeirario.com.br\/portal\/index.php?rest_route=%2Fwp%2Fv2%2Fcomments&post=71667"}],"version-history":[{"count":18,"href":"https:\/\/jornalbeirario.com.br\/portal\/index.php?rest_route=\/wp\/v2\/posts\/71667\/revisions"}],"predecessor-version":[{"id":71714,"href":"https:\/\/jornalbeirario.com.br\/portal\/index.php?rest_route=\/wp\/v2\/posts\/71667\/revisions\/71714"}],"wp:featuredmedia":[{"embeddable":true,"href":"https:\/\/jornalbeirario.com.br\/portal\/index.php?rest_route=\/wp\/v2\/media\/71655"}],"wp:attachment":[{"href":"https:\/\/jornalbeirario.com.br\/portal\/index.php?rest_route=%2Fwp%2Fv2%2Fmedia&parent=71667"}],"wp:term":[{"taxonomy":"category","embeddable":true,"href":"https:\/\/jornalbeirario.com.br\/portal\/index.php?rest_route=%2Fwp%2Fv2%2Fcategories&post=71667"},{"taxonomy":"post_tag","embeddable":true,"href":"https:\/\/jornalbeirario.com.br\/portal\/index.php?rest_route=%2Fwp%2Fv2%2Ftags&post=71667"}],"curies":[{"name":"wp","href":"https:\/\/api.w.org\/{rel}","templated":true}]}}