
{"id":71072,"date":"2020-10-02T16:58:08","date_gmt":"2020-10-02T19:58:08","guid":{"rendered":"http:\/\/jornalbeirario.com.br\/portal\/?p=71072"},"modified":"2020-10-02T21:43:53","modified_gmt":"2020-10-03T00:43:53","slug":"decreto-em-resende-reabre-shoppings-cinemas-e-teatros-em-resende","status":"publish","type":"post","link":"https:\/\/jornalbeirario.com.br\/portal\/?p=71072","title":{"rendered":"Decreto em Resende reabre \u00e1rea de lazer em shoppings e cinemas"},"content":{"rendered":"<figure id=\"attachment_71080\" aria-describedby=\"caption-attachment-71080\" style=\"width: 300px\" class=\"wp-caption alignleft\"><img loading=\"lazy\" decoding=\"async\" class=\"size-medium wp-image-71080\" src=\"https:\/\/jornalbeirario.com.br\/portal\/wp-content\/uploads\/2020\/10\/cinemas1-300x225.jpg\" alt=\"\" width=\"300\" height=\"225\" srcset=\"https:\/\/jornalbeirario.com.br\/portal\/wp-content\/uploads\/2020\/10\/cinemas1-300x225.jpg 300w, https:\/\/jornalbeirario.com.br\/portal\/wp-content\/uploads\/2020\/10\/cinemas1.jpg 640w\" sizes=\"auto, (max-width: 300px) 100vw, 300px\" \/><figcaption id=\"caption-attachment-71080\" class=\"wp-caption-text\">Fila em cinema de um shopping em Resende no ano de 2018: salas reabrir\u00e3o com capacidade de 50% das ocupa\u00e7\u00f5es para p\u00fablico (Foto: Ronaldo Ramos Rodrigues\/Reprodu\u00e7\u00e3o)<\/figcaption><\/figure>\n<p style=\"text-align: justify;\">Come\u00e7ou a entrar em vigor em Resende nesta quinta-feira, dia 1\u00ba, o Decreto n\u00ba 13627, assinado na quarta-feira, dia 30, e que &#8220;estabelece novas medidas sanit\u00e1rias para o funcionamento de servi\u00e7os e atividades essenciais e n\u00e3o-essenciais&#8221; em Resende. Dentre as medidas citadas, est\u00e3o a reabertura de shoppings, cinemas e teatros.<\/p>\n<p style=\"text-align: justify;\">Uma das justificativas citadas no documento para essa libera\u00e7\u00e3o \u00e9 baseada no Decreto n\u00ba 47. 219, de 19 de agosto deste ano, do Governo do Estado do Rio de Janeiro, &#8220;que autoriza a realiza\u00e7\u00e3o de eventos sociais em ambientes como sal\u00f5es e casas de festas, bem como retomada das salas de teatro e cinema, no \u00e2mbito do Estado do Rio de Janeiro, em especial na Regi\u00e3o do M\u00e9dio Para\u00edba&#8221;.<\/p>\n<p style=\"text-align: justify;\">Outra se refere a &#8220;an\u00e1lise sobre as informa\u00e7\u00f5es estrat\u00e9gicas em sa\u00fade, especialmente em rela\u00e7\u00e3o aos resultados positivos alcan\u00e7ados depois de implementadas as diversas medidas de restri\u00e7\u00e3o de atividades econ\u00f4micas e de circula\u00e7\u00e3o de pessoas, inicialmente indicadas para os primeiros enfrentamentos \u00e0 pandemia&#8221;, al\u00e9m da &#8220;amplia\u00e7\u00e3o da capacidade de testagem do Munic\u00edpio&#8221; e da &#8220;redu\u00e7\u00e3o na taxa de ocupa\u00e7\u00e3o dos leitos de UTI dos hospitais da rede p\u00fablica e privada&#8221; e &#8220;da garantia dos estoques referentes aos equipamentos de prote\u00e7\u00e3o individual para os profissionais da sa\u00fade&#8221;.<\/p>\n<p style=\"text-align: justify;\">A medida que prev\u00ea reabertura de cinemas e teatros est\u00e1 prevista no Artigo 17, nos incisos V e VI, desde que os requisitos de preven\u00e7\u00e3o ao coronav\u00edrus sejam atendidos. No caso dos shoppings, ficam autorizadas as atividades de entretenimento nas \u00e1reas de lazer como kidplay, jogos eletr\u00f4nicos, fliperamas, boliches e cong\u00eaneres, sendo que dever\u00e3o disponibilizar \u00e1lcool gel ao longo dos diferentes brinquedos na loja, na modalidade de totens e vasilhames, al\u00e9m de respeitarem o distanciamento de 1,5 m entre os clientes.<\/p>\n<p style=\"text-align: justify;\">J\u00e1 entre os cinemas e teatros, tamb\u00e9m est\u00e3o autorizados a reabrir e a funcionar com presen\u00e7a de p\u00fablico desde que cumpram al\u00e9m dos requisitos j\u00e1 previstos dever\u00e3o incentivar o pagamento dos ingressos por meios eletr\u00f4nicos; garantir o distanciamento f\u00edsico nas bilheterias e entrada das salas de proje\u00e7\u00e3o, preferencialmente demarcando o ch\u00e3o com adesivos para esse fim; al\u00e9m de higienizar e sanitizar ap\u00f3s cada sess\u00e3o as poltronas, corrim\u00e3os, puxadores de portas ou qualquer outra superf\u00edcie de contato; e orientar o p\u00fablico que as m\u00e1scaras somente poder\u00e3o ser retiradas para o consumo de alimentos e bebidas.<\/p>\n<p>O decreto pode ser conferido na \u00edntegra <a href=\"https:\/\/jornalbeirario.com.br\/portal\/wp-content\/uploads\/2020\/10\/BO-055-ASSINADO.pdf\">clicando aqui<\/a>.<\/p>\n","protected":false},"excerpt":{"rendered":"<p>Come\u00e7ou a entrar em vigor em Resende nesta quinta-feira, dia 1\u00ba, o Decreto n\u00ba 13627, assinado na quarta-feira, dia 30, e que &#8220;estabelece novas<\/p>\n","protected":false},"author":1,"featured_media":71080,"comment_status":"open","ping_status":"open","sticky":false,"template":"","format":"standard","meta":{"pmpro_default_level":"","footnotes":""},"categories":[1,18],"tags":[],"class_list":["post-71072","post","type-post","status-publish","format-standard","has-post-thumbnail","hentry","category-cidade","category-saude","pmpro-has-access"],"yoast_head":"<!-- This site is optimized with the Yoast SEO plugin v27.4 - https:\/\/yoast.com\/product\/yoast-seo-wordpress\/ -->\n<title>Decreto em Resende reabre \u00e1rea de lazer em shoppings e cinemas - JORNAL BEIRA RIO<\/title>\n<meta name=\"robots\" content=\"index, follow, max-snippet:-1, max-image-preview:large, max-video-preview:-1\" \/>\n<link rel=\"canonical\" href=\"https:\/\/jornalbeirario.com.br\/portal\/?p=71072\" \/>\n<meta property=\"og:locale\" content=\"pt_BR\" \/>\n<meta property=\"og:type\" content=\"article\" \/>\n<meta property=\"og:title\" content=\"Decreto em Resende reabre \u00e1rea de lazer em shoppings e cinemas - JORNAL BEIRA RIO\" \/>\n<meta property=\"og:description\" content=\"Come\u00e7ou a entrar em vigor em Resende nesta quinta-feira, dia 1\u00ba, o Decreto n\u00ba 13627, assinado na quarta-feira, dia 30, e que &#8220;estabelece novas\" \/>\n<meta property=\"og:url\" content=\"https:\/\/jornalbeirario.com.br\/portal\/?p=71072\" \/>\n<meta property=\"og:site_name\" content=\"JORNAL BEIRA RIO\" \/>\n<meta property=\"article:published_time\" content=\"2020-10-02T19:58:08+00:00\" \/>\n<meta property=\"article:modified_time\" content=\"2020-10-03T00:43:53+00:00\" \/>\n<meta property=\"og:image\" content=\"https:\/\/jornalbeirario.com.br\/portal\/wp-content\/uploads\/2020\/10\/cinemas1.jpg\" \/>\n\t<meta property=\"og:image:width\" content=\"640\" \/>\n\t<meta property=\"og:image:height\" content=\"480\" \/>\n\t<meta property=\"og:image:type\" content=\"image\/jpeg\" \/>\n<meta name=\"author\" content=\"Jornal BEIRA-RIO\" \/>\n<meta name=\"twitter:card\" content=\"summary_large_image\" \/>\n<meta name=\"twitter:label1\" content=\"Escrito por\" \/>\n\t<meta name=\"twitter:data1\" content=\"Jornal BEIRA-RIO\" \/>\n\t<meta name=\"twitter:label2\" content=\"Est. tempo de leitura\" \/>\n\t<meta name=\"twitter:data2\" content=\"2 minutos\" \/>\n<script type=\"application\/ld+json\" class=\"yoast-schema-graph\">{\"@context\":\"https:\\\/\\\/schema.org\",\"@graph\":[{\"@type\":\"Article\",\"@id\":\"https:\\\/\\\/jornalbeirario.com.br\\\/portal\\\/?p=71072#article\",\"isPartOf\":{\"@id\":\"https:\\\/\\\/jornalbeirario.com.br\\\/portal\\\/?p=71072\"},\"author\":{\"name\":\"Jornal BEIRA-RIO\",\"@id\":\"https:\\\/\\\/jornalbeirario.com.br\\\/portal\\\/#\\\/schema\\\/person\\\/c6c423e4c2465d2a9233f6539173e7c1\"},\"headline\":\"Decreto em Resende reabre \u00e1rea de lazer em shoppings e cinemas\",\"datePublished\":\"2020-10-02T19:58:08+00:00\",\"dateModified\":\"2020-10-03T00:43:53+00:00\",\"mainEntityOfPage\":{\"@id\":\"https:\\\/\\\/jornalbeirario.com.br\\\/portal\\\/?p=71072\"},\"wordCount\":477,\"commentCount\":0,\"publisher\":{\"@id\":\"https:\\\/\\\/jornalbeirario.com.br\\\/portal\\\/#organization\"},\"image\":{\"@id\":\"https:\\\/\\\/jornalbeirario.com.br\\\/portal\\\/?p=71072#primaryimage\"},\"thumbnailUrl\":\"https:\\\/\\\/jornalbeirario.com.br\\\/portal\\\/wp-content\\\/uploads\\\/2020\\\/10\\\/cinemas1.jpg\",\"articleSection\":[\"Cidade\",\"Sa\u00fade\"],\"inLanguage\":\"pt-BR\",\"potentialAction\":[{\"@type\":\"CommentAction\",\"name\":\"Comment\",\"target\":[\"https:\\\/\\\/jornalbeirario.com.br\\\/portal\\\/?p=71072#respond\"]}]},{\"@type\":\"WebPage\",\"@id\":\"https:\\\/\\\/jornalbeirario.com.br\\\/portal\\\/?p=71072\",\"url\":\"https:\\\/\\\/jornalbeirario.com.br\\\/portal\\\/?p=71072\",\"name\":\"Decreto em Resende reabre \u00e1rea de lazer em shoppings e cinemas - JORNAL BEIRA RIO\",\"isPartOf\":{\"@id\":\"https:\\\/\\\/jornalbeirario.com.br\\\/portal\\\/#website\"},\"primaryImageOfPage\":{\"@id\":\"https:\\\/\\\/jornalbeirario.com.br\\\/portal\\\/?p=71072#primaryimage\"},\"image\":{\"@id\":\"https:\\\/\\\/jornalbeirario.com.br\\\/portal\\\/?p=71072#primaryimage\"},\"thumbnailUrl\":\"https:\\\/\\\/jornalbeirario.com.br\\\/portal\\\/wp-content\\\/uploads\\\/2020\\\/10\\\/cinemas1.jpg\",\"datePublished\":\"2020-10-02T19:58:08+00:00\",\"dateModified\":\"2020-10-03T00:43:53+00:00\",\"breadcrumb\":{\"@id\":\"https:\\\/\\\/jornalbeirario.com.br\\\/portal\\\/?p=71072#breadcrumb\"},\"inLanguage\":\"pt-BR\",\"potentialAction\":[{\"@type\":\"ReadAction\",\"target\":[\"https:\\\/\\\/jornalbeirario.com.br\\\/portal\\\/?p=71072\"]}]},{\"@type\":\"ImageObject\",\"inLanguage\":\"pt-BR\",\"@id\":\"https:\\\/\\\/jornalbeirario.com.br\\\/portal\\\/?p=71072#primaryimage\",\"url\":\"https:\\\/\\\/jornalbeirario.com.br\\\/portal\\\/wp-content\\\/uploads\\\/2020\\\/10\\\/cinemas1.jpg\",\"contentUrl\":\"https:\\\/\\\/jornalbeirario.com.br\\\/portal\\\/wp-content\\\/uploads\\\/2020\\\/10\\\/cinemas1.jpg\",\"width\":640,\"height\":480,\"caption\":\"Fila em cinema de um shopping em Resende no ano de 2018: salas abrir\u00e3o com metade da cpacidade para p\u00fablico (Foto: Ronaldo Ramos Rodrigues\\\/Reprodu\u00e7\u00e3o)\"},{\"@type\":\"BreadcrumbList\",\"@id\":\"https:\\\/\\\/jornalbeirario.com.br\\\/portal\\\/?p=71072#breadcrumb\",\"itemListElement\":[{\"@type\":\"ListItem\",\"position\":1,\"name\":\"Home\",\"item\":\"https:\\\/\\\/jornalbeirario.com.br\\\/portal\"},{\"@type\":\"ListItem\",\"position\":2,\"name\":\"Decreto em Resende reabre \u00e1rea de lazer em shoppings e cinemas\"}]},{\"@type\":\"WebSite\",\"@id\":\"https:\\\/\\\/jornalbeirario.com.br\\\/portal\\\/#website\",\"url\":\"https:\\\/\\\/jornalbeirario.com.br\\\/portal\\\/\",\"name\":\"JORNAL BEIRA RIO\",\"description\":\"\",\"publisher\":{\"@id\":\"https:\\\/\\\/jornalbeirario.com.br\\\/portal\\\/#organization\"},\"potentialAction\":[{\"@type\":\"SearchAction\",\"target\":{\"@type\":\"EntryPoint\",\"urlTemplate\":\"https:\\\/\\\/jornalbeirario.com.br\\\/portal\\\/?s={search_term_string}\"},\"query-input\":{\"@type\":\"PropertyValueSpecification\",\"valueRequired\":true,\"valueName\":\"search_term_string\"}}],\"inLanguage\":\"pt-BR\"},{\"@type\":\"Organization\",\"@id\":\"https:\\\/\\\/jornalbeirario.com.br\\\/portal\\\/#organization\",\"name\":\"JORNAL BEIRA RIO\",\"url\":\"https:\\\/\\\/jornalbeirario.com.br\\\/portal\\\/\",\"logo\":{\"@type\":\"ImageObject\",\"inLanguage\":\"pt-BR\",\"@id\":\"https:\\\/\\\/jornalbeirario.com.br\\\/portal\\\/#\\\/schema\\\/logo\\\/image\\\/\",\"url\":\"https:\\\/\\\/jornalbeirario.com.br\\\/portal\\\/wp-content\\\/uploads\\\/2017\\\/09\\\/BEIRA-RIO_logo600.png\",\"contentUrl\":\"https:\\\/\\\/jornalbeirario.com.br\\\/portal\\\/wp-content\\\/uploads\\\/2017\\\/09\\\/BEIRA-RIO_logo600.png\",\"width\":650,\"height\":108,\"caption\":\"JORNAL BEIRA RIO\"},\"image\":{\"@id\":\"https:\\\/\\\/jornalbeirario.com.br\\\/portal\\\/#\\\/schema\\\/logo\\\/image\\\/\"}},{\"@type\":\"Person\",\"@id\":\"https:\\\/\\\/jornalbeirario.com.br\\\/portal\\\/#\\\/schema\\\/person\\\/c6c423e4c2465d2a9233f6539173e7c1\",\"name\":\"Jornal BEIRA-RIO\",\"image\":{\"@type\":\"ImageObject\",\"inLanguage\":\"pt-BR\",\"@id\":\"https:\\\/\\\/jornalbeirario.com.br\\\/portal\\\/wp-content\\\/uploads\\\/2023\\\/10\\\/logojbr1.jpg\",\"url\":\"https:\\\/\\\/jornalbeirario.com.br\\\/portal\\\/wp-content\\\/uploads\\\/2023\\\/10\\\/logojbr1.jpg\",\"contentUrl\":\"https:\\\/\\\/jornalbeirario.com.br\\\/portal\\\/wp-content\\\/uploads\\\/2023\\\/10\\\/logojbr1.jpg\",\"caption\":\"Jornal BEIRA-RIO\"},\"url\":\"https:\\\/\\\/jornalbeirario.com.br\\\/portal\\\/?author=1\"}]}<\/script>\n<!-- \/ Yoast SEO plugin. -->","yoast_head_json":{"title":"Decreto em Resende reabre \u00e1rea de lazer em shoppings e cinemas - JORNAL BEIRA RIO","robots":{"index":"index","follow":"follow","max-snippet":"max-snippet:-1","max-image-preview":"max-image-preview:large","max-video-preview":"max-video-preview:-1"},"canonical":"https:\/\/jornalbeirario.com.br\/portal\/?p=71072","og_locale":"pt_BR","og_type":"article","og_title":"Decreto em Resende reabre \u00e1rea de lazer em shoppings e cinemas - JORNAL BEIRA RIO","og_description":"Come\u00e7ou a entrar em vigor em Resende nesta quinta-feira, dia 1\u00ba, o Decreto n\u00ba 13627, assinado na quarta-feira, dia 30, e que &#8220;estabelece novas","og_url":"https:\/\/jornalbeirario.com.br\/portal\/?p=71072","og_site_name":"JORNAL BEIRA RIO","article_published_time":"2020-10-02T19:58:08+00:00","article_modified_time":"2020-10-03T00:43:53+00:00","og_image":[{"width":640,"height":480,"url":"https:\/\/jornalbeirario.com.br\/portal\/wp-content\/uploads\/2020\/10\/cinemas1.jpg","type":"image\/jpeg"}],"author":"Jornal BEIRA-RIO","twitter_card":"summary_large_image","twitter_misc":{"Escrito por":"Jornal BEIRA-RIO","Est. tempo de leitura":"2 minutos"},"schema":{"@context":"https:\/\/schema.org","@graph":[{"@type":"Article","@id":"https:\/\/jornalbeirario.com.br\/portal\/?p=71072#article","isPartOf":{"@id":"https:\/\/jornalbeirario.com.br\/portal\/?p=71072"},"author":{"name":"Jornal BEIRA-RIO","@id":"https:\/\/jornalbeirario.com.br\/portal\/#\/schema\/person\/c6c423e4c2465d2a9233f6539173e7c1"},"headline":"Decreto em Resende reabre \u00e1rea de lazer em shoppings e cinemas","datePublished":"2020-10-02T19:58:08+00:00","dateModified":"2020-10-03T00:43:53+00:00","mainEntityOfPage":{"@id":"https:\/\/jornalbeirario.com.br\/portal\/?p=71072"},"wordCount":477,"commentCount":0,"publisher":{"@id":"https:\/\/jornalbeirario.com.br\/portal\/#organization"},"image":{"@id":"https:\/\/jornalbeirario.com.br\/portal\/?p=71072#primaryimage"},"thumbnailUrl":"https:\/\/jornalbeirario.com.br\/portal\/wp-content\/uploads\/2020\/10\/cinemas1.jpg","articleSection":["Cidade","Sa\u00fade"],"inLanguage":"pt-BR","potentialAction":[{"@type":"CommentAction","name":"Comment","target":["https:\/\/jornalbeirario.com.br\/portal\/?p=71072#respond"]}]},{"@type":"WebPage","@id":"https:\/\/jornalbeirario.com.br\/portal\/?p=71072","url":"https:\/\/jornalbeirario.com.br\/portal\/?p=71072","name":"Decreto em Resende reabre \u00e1rea de lazer em shoppings e cinemas - JORNAL BEIRA RIO","isPartOf":{"@id":"https:\/\/jornalbeirario.com.br\/portal\/#website"},"primaryImageOfPage":{"@id":"https:\/\/jornalbeirario.com.br\/portal\/?p=71072#primaryimage"},"image":{"@id":"https:\/\/jornalbeirario.com.br\/portal\/?p=71072#primaryimage"},"thumbnailUrl":"https:\/\/jornalbeirario.com.br\/portal\/wp-content\/uploads\/2020\/10\/cinemas1.jpg","datePublished":"2020-10-02T19:58:08+00:00","dateModified":"2020-10-03T00:43:53+00:00","breadcrumb":{"@id":"https:\/\/jornalbeirario.com.br\/portal\/?p=71072#breadcrumb"},"inLanguage":"pt-BR","potentialAction":[{"@type":"ReadAction","target":["https:\/\/jornalbeirario.com.br\/portal\/?p=71072"]}]},{"@type":"ImageObject","inLanguage":"pt-BR","@id":"https:\/\/jornalbeirario.com.br\/portal\/?p=71072#primaryimage","url":"https:\/\/jornalbeirario.com.br\/portal\/wp-content\/uploads\/2020\/10\/cinemas1.jpg","contentUrl":"https:\/\/jornalbeirario.com.br\/portal\/wp-content\/uploads\/2020\/10\/cinemas1.jpg","width":640,"height":480,"caption":"Fila em cinema de um shopping em Resende no ano de 2018: salas abrir\u00e3o com metade da cpacidade para p\u00fablico (Foto: Ronaldo Ramos Rodrigues\/Reprodu\u00e7\u00e3o)"},{"@type":"BreadcrumbList","@id":"https:\/\/jornalbeirario.com.br\/portal\/?p=71072#breadcrumb","itemListElement":[{"@type":"ListItem","position":1,"name":"Home","item":"https:\/\/jornalbeirario.com.br\/portal"},{"@type":"ListItem","position":2,"name":"Decreto em Resende reabre \u00e1rea de lazer em shoppings e cinemas"}]},{"@type":"WebSite","@id":"https:\/\/jornalbeirario.com.br\/portal\/#website","url":"https:\/\/jornalbeirario.com.br\/portal\/","name":"JORNAL BEIRA RIO","description":"","publisher":{"@id":"https:\/\/jornalbeirario.com.br\/portal\/#organization"},"potentialAction":[{"@type":"SearchAction","target":{"@type":"EntryPoint","urlTemplate":"https:\/\/jornalbeirario.com.br\/portal\/?s={search_term_string}"},"query-input":{"@type":"PropertyValueSpecification","valueRequired":true,"valueName":"search_term_string"}}],"inLanguage":"pt-BR"},{"@type":"Organization","@id":"https:\/\/jornalbeirario.com.br\/portal\/#organization","name":"JORNAL BEIRA RIO","url":"https:\/\/jornalbeirario.com.br\/portal\/","logo":{"@type":"ImageObject","inLanguage":"pt-BR","@id":"https:\/\/jornalbeirario.com.br\/portal\/#\/schema\/logo\/image\/","url":"https:\/\/jornalbeirario.com.br\/portal\/wp-content\/uploads\/2017\/09\/BEIRA-RIO_logo600.png","contentUrl":"https:\/\/jornalbeirario.com.br\/portal\/wp-content\/uploads\/2017\/09\/BEIRA-RIO_logo600.png","width":650,"height":108,"caption":"JORNAL BEIRA RIO"},"image":{"@id":"https:\/\/jornalbeirario.com.br\/portal\/#\/schema\/logo\/image\/"}},{"@type":"Person","@id":"https:\/\/jornalbeirario.com.br\/portal\/#\/schema\/person\/c6c423e4c2465d2a9233f6539173e7c1","name":"Jornal BEIRA-RIO","image":{"@type":"ImageObject","inLanguage":"pt-BR","@id":"https:\/\/jornalbeirario.com.br\/portal\/wp-content\/uploads\/2023\/10\/logojbr1.jpg","url":"https:\/\/jornalbeirario.com.br\/portal\/wp-content\/uploads\/2023\/10\/logojbr1.jpg","contentUrl":"https:\/\/jornalbeirario.com.br\/portal\/wp-content\/uploads\/2023\/10\/logojbr1.jpg","caption":"Jornal BEIRA-RIO"},"url":"https:\/\/jornalbeirario.com.br\/portal\/?author=1"}]}},"_links":{"self":[{"href":"https:\/\/jornalbeirario.com.br\/portal\/index.php?rest_route=\/wp\/v2\/posts\/71072","targetHints":{"allow":["GET"]}}],"collection":[{"href":"https:\/\/jornalbeirario.com.br\/portal\/index.php?rest_route=\/wp\/v2\/posts"}],"about":[{"href":"https:\/\/jornalbeirario.com.br\/portal\/index.php?rest_route=\/wp\/v2\/types\/post"}],"author":[{"embeddable":true,"href":"https:\/\/jornalbeirario.com.br\/portal\/index.php?rest_route=\/wp\/v2\/users\/1"}],"replies":[{"embeddable":true,"href":"https:\/\/jornalbeirario.com.br\/portal\/index.php?rest_route=%2Fwp%2Fv2%2Fcomments&post=71072"}],"version-history":[{"count":9,"href":"https:\/\/jornalbeirario.com.br\/portal\/index.php?rest_route=\/wp\/v2\/posts\/71072\/revisions"}],"predecessor-version":[{"id":71083,"href":"https:\/\/jornalbeirario.com.br\/portal\/index.php?rest_route=\/wp\/v2\/posts\/71072\/revisions\/71083"}],"wp:featuredmedia":[{"embeddable":true,"href":"https:\/\/jornalbeirario.com.br\/portal\/index.php?rest_route=\/wp\/v2\/media\/71080"}],"wp:attachment":[{"href":"https:\/\/jornalbeirario.com.br\/portal\/index.php?rest_route=%2Fwp%2Fv2%2Fmedia&parent=71072"}],"wp:term":[{"taxonomy":"category","embeddable":true,"href":"https:\/\/jornalbeirario.com.br\/portal\/index.php?rest_route=%2Fwp%2Fv2%2Fcategories&post=71072"},{"taxonomy":"post_tag","embeddable":true,"href":"https:\/\/jornalbeirario.com.br\/portal\/index.php?rest_route=%2Fwp%2Fv2%2Ftags&post=71072"}],"curies":[{"name":"wp","href":"https:\/\/api.w.org\/{rel}","templated":true}]}}