
{"id":70335,"date":"2020-08-14T10:08:54","date_gmt":"2020-08-14T13:08:54","guid":{"rendered":"http:\/\/jornalbeirario.com.br\/portal\/?p=70335"},"modified":"2020-08-14T10:10:29","modified_gmt":"2020-08-14T13:10:29","slug":"planos-de-saude-terao-que-cobrir-testes-para-covid-19","status":"publish","type":"post","link":"https:\/\/jornalbeirario.com.br\/portal\/?p=70335","title":{"rendered":"Planos de sa\u00fade ter\u00e3o que cobrir testes para covid-19"},"content":{"rendered":"<p style=\"text-align: justify;\"><img loading=\"lazy\" decoding=\"async\" class=\"alignright size-medium wp-image-70338\" src=\"https:\/\/jornalbeirario.com.br\/portal\/wp-content\/uploads\/2020\/08\/testes2-300x225.jpg\" alt=\"\" width=\"300\" height=\"225\" srcset=\"https:\/\/jornalbeirario.com.br\/portal\/wp-content\/uploads\/2020\/08\/testes2-300x225.jpg 300w, https:\/\/jornalbeirario.com.br\/portal\/wp-content\/uploads\/2020\/08\/testes2.jpg 640w\" sizes=\"auto, (max-width: 300px) 100vw, 300px\" \/>A Ag\u00eancia Nacional de Sa\u00fade Suplementar (ANS) determinou nesta quinta-feira, dia 13, que os planos de sa\u00fade dever\u00e3o incluir a cobertura de testes sorol\u00f3gicos de identifica\u00e7\u00e3o do novo coronav\u00edrus em seus benefici\u00e1rios. A medida &#8211; incorporada de forma extraordin\u00e1ria ao Rol de Procedimentos e Eventos em Sa\u00fade (Resolu\u00e7\u00e3o Normativa 428, de 07 de novembro de 2017) para inclus\u00e3o desse tipo de teste para detectar a presen\u00e7a de anticorpos produzidos pelo organismo ap\u00f3s exposi\u00e7\u00e3o ao v\u00edrus &#8211; passa a valer nesta sexta-feira, dia 14, com a publica\u00e7\u00e3o da Resolu\u00e7\u00e3o Normativa no Di\u00e1rio Oficial da Uni\u00e3o, portanto, cinco meses ap\u00f3s o v\u00edrus ter seu potencial pand\u00eamico considerado pela Organiza\u00e7\u00e3o Mundial da Sa\u00fade (OMS).<\/p>\n<p style=\"text-align: justify;\">Segundo a ANS, a decis\u00e3o da Diretoria Colegiada nesta quinta-feira, al\u00e9m de ter sido tomada ap\u00f3s a mesma &#8220;concluir an\u00e1lise t\u00e9cnica das evid\u00eancias cient\u00edficas dispon\u00edveis e promover amplo debate sobre o tema com o setor regulado e a sociedade&#8221;. Ainda conforma destaca a ANS, os procedimentos incorporados s\u00e3o a pesquisa de anticorpos IgG ou anticorpos totais, que passam a ser de cobertura obrigat\u00f3ria para os benefici\u00e1rios de planos de sa\u00fade a partir do oitavo dia do in\u00edcio dos sintomas, nas segmenta\u00e7\u00f5es ambulatorial, hospitalar e refer\u00eancia, conforme solicita\u00e7\u00e3o do m\u00e9dico assistente, quando preenchido um dos crit\u00e9rios do Grupo I e nenhum dos crit\u00e9rios do Grupo II (confira ao final da mat\u00e9ria).<\/p>\n<p style=\"text-align: justify;\">A decis\u00e3o tamb\u00e9m acontece ap\u00f3s a Associa\u00e7\u00e3o de Defesa dos Usu\u00e1rios de Seguros, Planos e Sistemas de Sa\u00fade (Aduseps) entrar com recurso em 17 de julho contra uma decis\u00e3o do Tribunal Regional Federal da 5\u00aa Regi\u00e3o, que suspendeu a liminar que obrigava a ANS a incluir, no seu rol de cobertura obrigat\u00f3ria dos planos de sa\u00fade, os testes sorol\u00f3gicos de IgA, IgM e IgG para Covid-19. O exame, indicado ap\u00f3s o oitavo dia desde o in\u00edcio dos sintomas, n\u00e3o detecta infec\u00e7\u00f5es em est\u00e1gio inicial ou ap\u00f3s a cura da doen\u00e7a. Ainda assim s\u00e3o considerados essenciais uma vez que detectam se o paciente j\u00e1 foi ou n\u00e3o infectado pelo novo Coronav\u00edrus \u2013 mesmo que j\u00e1 tenha sido curado.<\/p>\n<p style=\"text-align: justify;\">A ag\u00eancia promoveu em 24 de julho uma audi\u00eancia p\u00fablica a fim de receber contribui\u00e7\u00f5es da sociedade civil e dos agentes regulados a respeito dos testes sorol\u00f3gicos, contando com a participa\u00e7\u00e3o de 146 pessoas representando diferentes categorias (sociedades m\u00e9dicas, \u00f3rg\u00e3os de defesa do consumidor e entidades de ensino e pesquisa, setor regulado, entre outras), tendo sido contabilizadas, ainda, 1.750 visualiza\u00e7\u00f5es na transmiss\u00e3o feita pelo canal da ANS no YouTube. As contribui\u00e7\u00f5es da audi\u00eancia p\u00fablica ofereceram mais subs\u00eddios para a equipe t\u00e9cnica da ANS embasar sua tomada de decis\u00e3o.<\/p>\n<p style=\"text-align: justify;\">Finalizado esse amplo processo de discuss\u00e3o e an\u00e1lise t\u00e9cnica, a Ag\u00eancia concluiu pela inclus\u00e3o da pesquisa de anticorpos IgG ou anticorpos totais, com Diretriz de Utiliza\u00e7\u00e3o (DUT). Confira abaixo os crit\u00e9rios utilizados para os planos de sa\u00fade:<\/p>\n<p style=\"text-align: justify;\">Grupo I (crit\u00e9rios de inclus\u00e3o):<br \/>\na) Pacientes com S\u00edndrome Gripal (SG) ou S\u00edndrome Respirat\u00f3ria Aguda Grave (SRAG) a partir do oitavo dia do in\u00edcio dos sintomas<br \/>\nb) Crian\u00e7as ou adolescentes com quadro suspeito de S\u00edndrome Multissist\u00eamica Inflamat\u00f3ria p\u00f3s-infec\u00e7\u00e3o pelo SARS-Cov2<\/p>\n<p style=\"text-align: justify;\">Grupo II (crit\u00e9rios de exclus\u00e3o):<br \/>\na) RT-PCR pr\u00e9vio positivo para SARS-CoV-2<br \/>\nb) Pacientes que j\u00e1 tenham realizado o teste sorol\u00f3gico, com resultado positivo<br \/>\nc) Pacientes que tenham realizado o teste sorol\u00f3gico, com resultado negativo, h\u00e1 menos de 1 semana (exceto para os pacientes que se enquadrem no item b do Grupo I)<br \/>\nd) Testes r\u00e1pidos<br \/>\ne) Pacientes cuja prescri\u00e7\u00e3o tem finalidade de rastreamento (screening), retorno ao trabalho, pr\u00e9-operat\u00f3rio, controle de cura ou contato pr\u00f3ximo\/domiciliar com caso confirmado<br \/>\nf) Verifica\u00e7\u00e3o de imunidade p\u00f3s-vacinal<\/p>\n<p style=\"text-align: justify;\">SOBRE OS TESTES PARA COVID-19<br \/>\nOs testes sorol\u00f3gicos s\u00e3o aqueles que detectam a presen\u00e7a de anticorpos produzidos pelo organismo ap\u00f3s exposi\u00e7\u00e3o ao v\u00edrus e podem ser realizados por meio das t\u00e9cnicas de imunofluoresc\u00eancia, imunocromatografia, enzimaimunoensaio e quimioluminesc\u00eancia. Os diversos testes existentes apresentam sensibilidade e especificidade diferentes, que podem apresentar alto percentual de resultados falsos negativos. Por isso \u00e9 importante observar o in\u00edcio dos sintomas e o per\u00edodo adequado para indica\u00e7\u00e3o de cada teste, al\u00e9m de serem interpretados com cautela e considerando a condi\u00e7\u00e3o cl\u00ednica do paciente.<\/p>\n<p style=\"text-align: justify;\">J\u00e1 os testes que utilizam a metodologia RT-PCR possuem a finalidade de identificar a presen\u00e7a do material gen\u00e9tico do v\u00edrus. Neste tipo de teste, s\u00e3o utilizadas amostras de esfrega\u00e7o nasal ou orofar\u00edngeo, escarro ou l\u00edquido de lavagem broncoalveolar. O RT-PCR \u00e9 considerado padr\u00e3o-ouro para diagn\u00f3stico laboratorial da Covid-19, e est\u00e1 incorporado ao Rol de Procedimentos da ANS desde o dia 13 de mar\u00e7o.<\/p>\n<p><em>Foto: Divulga\u00e7\u00e3o\/Governo do Estado de SP<\/em><\/p>\n","protected":false},"excerpt":{"rendered":"<p>A Ag\u00eancia Nacional de Sa\u00fade Suplementar (ANS) determinou nesta quinta-feira, dia 13, que os planos de sa\u00fade dever\u00e3o incluir a cobertura de testes sorol\u00f3gicos<\/p>\n","protected":false},"author":1,"featured_media":70339,"comment_status":"open","ping_status":"open","sticky":false,"template":"","format":"standard","meta":{"pmpro_default_level":"","footnotes":""},"categories":[227,35,18],"tags":[],"class_list":["post-70335","post","type-post","status-publish","format-standard","has-post-thumbnail","hentry","category-manchete","category-nacional","category-saude","pmpro-has-access"],"yoast_head":"<!-- This site is optimized with the Yoast SEO plugin v27.4 - https:\/\/yoast.com\/product\/yoast-seo-wordpress\/ -->\n<title>Planos de sa\u00fade ter\u00e3o que cobrir testes para covid-19 - JORNAL BEIRA RIO<\/title>\n<meta name=\"robots\" content=\"index, follow, max-snippet:-1, max-image-preview:large, max-video-preview:-1\" \/>\n<link rel=\"canonical\" href=\"https:\/\/jornalbeirario.com.br\/portal\/?p=70335\" \/>\n<meta property=\"og:locale\" content=\"pt_BR\" \/>\n<meta property=\"og:type\" content=\"article\" \/>\n<meta property=\"og:title\" content=\"Planos de sa\u00fade ter\u00e3o que cobrir testes para covid-19 - JORNAL BEIRA RIO\" \/>\n<meta property=\"og:description\" content=\"A Ag\u00eancia Nacional de Sa\u00fade Suplementar (ANS) determinou nesta quinta-feira, dia 13, que os planos de sa\u00fade dever\u00e3o incluir a cobertura de testes sorol\u00f3gicos\" \/>\n<meta property=\"og:url\" content=\"https:\/\/jornalbeirario.com.br\/portal\/?p=70335\" \/>\n<meta property=\"og:site_name\" content=\"JORNAL BEIRA RIO\" \/>\n<meta property=\"article:published_time\" content=\"2020-08-14T13:08:54+00:00\" \/>\n<meta property=\"article:modified_time\" content=\"2020-08-14T13:10:29+00:00\" \/>\n<meta property=\"og:image\" content=\"https:\/\/jornalbeirario.com.br\/portal\/wp-content\/uploads\/2020\/08\/testes1.jpg\" \/>\n\t<meta property=\"og:image:width\" content=\"1100\" \/>\n\t<meta property=\"og:image:height\" content=\"470\" \/>\n\t<meta property=\"og:image:type\" content=\"image\/jpeg\" \/>\n<meta name=\"author\" content=\"Jornal BEIRA-RIO\" \/>\n<meta name=\"twitter:card\" content=\"summary_large_image\" \/>\n<meta name=\"twitter:label1\" content=\"Escrito por\" \/>\n\t<meta name=\"twitter:data1\" content=\"Jornal BEIRA-RIO\" \/>\n\t<meta name=\"twitter:label2\" content=\"Est. tempo de leitura\" \/>\n\t<meta name=\"twitter:data2\" content=\"4 minutos\" \/>\n<script type=\"application\/ld+json\" class=\"yoast-schema-graph\">{\"@context\":\"https:\\\/\\\/schema.org\",\"@graph\":[{\"@type\":\"Article\",\"@id\":\"https:\\\/\\\/jornalbeirario.com.br\\\/portal\\\/?p=70335#article\",\"isPartOf\":{\"@id\":\"https:\\\/\\\/jornalbeirario.com.br\\\/portal\\\/?p=70335\"},\"author\":{\"name\":\"Jornal BEIRA-RIO\",\"@id\":\"https:\\\/\\\/jornalbeirario.com.br\\\/portal\\\/#\\\/schema\\\/person\\\/c6c423e4c2465d2a9233f6539173e7c1\"},\"headline\":\"Planos de sa\u00fade ter\u00e3o que cobrir testes para covid-19\",\"datePublished\":\"2020-08-14T13:08:54+00:00\",\"dateModified\":\"2020-08-14T13:10:29+00:00\",\"mainEntityOfPage\":{\"@id\":\"https:\\\/\\\/jornalbeirario.com.br\\\/portal\\\/?p=70335\"},\"wordCount\":878,\"commentCount\":0,\"publisher\":{\"@id\":\"https:\\\/\\\/jornalbeirario.com.br\\\/portal\\\/#organization\"},\"image\":{\"@id\":\"https:\\\/\\\/jornalbeirario.com.br\\\/portal\\\/?p=70335#primaryimage\"},\"thumbnailUrl\":\"https:\\\/\\\/jornalbeirario.com.br\\\/portal\\\/wp-content\\\/uploads\\\/2020\\\/08\\\/testes1.jpg\",\"articleSection\":[\"Manchete\",\"Nacional\",\"Sa\u00fade\"],\"inLanguage\":\"pt-BR\",\"potentialAction\":[{\"@type\":\"CommentAction\",\"name\":\"Comment\",\"target\":[\"https:\\\/\\\/jornalbeirario.com.br\\\/portal\\\/?p=70335#respond\"]}]},{\"@type\":\"WebPage\",\"@id\":\"https:\\\/\\\/jornalbeirario.com.br\\\/portal\\\/?p=70335\",\"url\":\"https:\\\/\\\/jornalbeirario.com.br\\\/portal\\\/?p=70335\",\"name\":\"Planos de sa\u00fade ter\u00e3o que cobrir testes para covid-19 - JORNAL BEIRA RIO\",\"isPartOf\":{\"@id\":\"https:\\\/\\\/jornalbeirario.com.br\\\/portal\\\/#website\"},\"primaryImageOfPage\":{\"@id\":\"https:\\\/\\\/jornalbeirario.com.br\\\/portal\\\/?p=70335#primaryimage\"},\"image\":{\"@id\":\"https:\\\/\\\/jornalbeirario.com.br\\\/portal\\\/?p=70335#primaryimage\"},\"thumbnailUrl\":\"https:\\\/\\\/jornalbeirario.com.br\\\/portal\\\/wp-content\\\/uploads\\\/2020\\\/08\\\/testes1.jpg\",\"datePublished\":\"2020-08-14T13:08:54+00:00\",\"dateModified\":\"2020-08-14T13:10:29+00:00\",\"breadcrumb\":{\"@id\":\"https:\\\/\\\/jornalbeirario.com.br\\\/portal\\\/?p=70335#breadcrumb\"},\"inLanguage\":\"pt-BR\",\"potentialAction\":[{\"@type\":\"ReadAction\",\"target\":[\"https:\\\/\\\/jornalbeirario.com.br\\\/portal\\\/?p=70335\"]}]},{\"@type\":\"ImageObject\",\"inLanguage\":\"pt-BR\",\"@id\":\"https:\\\/\\\/jornalbeirario.com.br\\\/portal\\\/?p=70335#primaryimage\",\"url\":\"https:\\\/\\\/jornalbeirario.com.br\\\/portal\\\/wp-content\\\/uploads\\\/2020\\\/08\\\/testes1.jpg\",\"contentUrl\":\"https:\\\/\\\/jornalbeirario.com.br\\\/portal\\\/wp-content\\\/uploads\\\/2020\\\/08\\\/testes1.jpg\",\"width\":1100,\"height\":470},{\"@type\":\"BreadcrumbList\",\"@id\":\"https:\\\/\\\/jornalbeirario.com.br\\\/portal\\\/?p=70335#breadcrumb\",\"itemListElement\":[{\"@type\":\"ListItem\",\"position\":1,\"name\":\"Home\",\"item\":\"https:\\\/\\\/jornalbeirario.com.br\\\/portal\"},{\"@type\":\"ListItem\",\"position\":2,\"name\":\"Planos de sa\u00fade ter\u00e3o que cobrir testes para covid-19\"}]},{\"@type\":\"WebSite\",\"@id\":\"https:\\\/\\\/jornalbeirario.com.br\\\/portal\\\/#website\",\"url\":\"https:\\\/\\\/jornalbeirario.com.br\\\/portal\\\/\",\"name\":\"JORNAL BEIRA RIO\",\"description\":\"\",\"publisher\":{\"@id\":\"https:\\\/\\\/jornalbeirario.com.br\\\/portal\\\/#organization\"},\"potentialAction\":[{\"@type\":\"SearchAction\",\"target\":{\"@type\":\"EntryPoint\",\"urlTemplate\":\"https:\\\/\\\/jornalbeirario.com.br\\\/portal\\\/?s={search_term_string}\"},\"query-input\":{\"@type\":\"PropertyValueSpecification\",\"valueRequired\":true,\"valueName\":\"search_term_string\"}}],\"inLanguage\":\"pt-BR\"},{\"@type\":\"Organization\",\"@id\":\"https:\\\/\\\/jornalbeirario.com.br\\\/portal\\\/#organization\",\"name\":\"JORNAL BEIRA RIO\",\"url\":\"https:\\\/\\\/jornalbeirario.com.br\\\/portal\\\/\",\"logo\":{\"@type\":\"ImageObject\",\"inLanguage\":\"pt-BR\",\"@id\":\"https:\\\/\\\/jornalbeirario.com.br\\\/portal\\\/#\\\/schema\\\/logo\\\/image\\\/\",\"url\":\"https:\\\/\\\/jornalbeirario.com.br\\\/portal\\\/wp-content\\\/uploads\\\/2017\\\/09\\\/BEIRA-RIO_logo600.png\",\"contentUrl\":\"https:\\\/\\\/jornalbeirario.com.br\\\/portal\\\/wp-content\\\/uploads\\\/2017\\\/09\\\/BEIRA-RIO_logo600.png\",\"width\":650,\"height\":108,\"caption\":\"JORNAL BEIRA RIO\"},\"image\":{\"@id\":\"https:\\\/\\\/jornalbeirario.com.br\\\/portal\\\/#\\\/schema\\\/logo\\\/image\\\/\"}},{\"@type\":\"Person\",\"@id\":\"https:\\\/\\\/jornalbeirario.com.br\\\/portal\\\/#\\\/schema\\\/person\\\/c6c423e4c2465d2a9233f6539173e7c1\",\"name\":\"Jornal BEIRA-RIO\",\"image\":{\"@type\":\"ImageObject\",\"inLanguage\":\"pt-BR\",\"@id\":\"https:\\\/\\\/jornalbeirario.com.br\\\/portal\\\/wp-content\\\/uploads\\\/2023\\\/10\\\/logojbr1.jpg\",\"url\":\"https:\\\/\\\/jornalbeirario.com.br\\\/portal\\\/wp-content\\\/uploads\\\/2023\\\/10\\\/logojbr1.jpg\",\"contentUrl\":\"https:\\\/\\\/jornalbeirario.com.br\\\/portal\\\/wp-content\\\/uploads\\\/2023\\\/10\\\/logojbr1.jpg\",\"caption\":\"Jornal BEIRA-RIO\"},\"url\":\"https:\\\/\\\/jornalbeirario.com.br\\\/portal\\\/?author=1\"}]}<\/script>\n<!-- \/ Yoast SEO plugin. -->","yoast_head_json":{"title":"Planos de sa\u00fade ter\u00e3o que cobrir testes para covid-19 - JORNAL BEIRA RIO","robots":{"index":"index","follow":"follow","max-snippet":"max-snippet:-1","max-image-preview":"max-image-preview:large","max-video-preview":"max-video-preview:-1"},"canonical":"https:\/\/jornalbeirario.com.br\/portal\/?p=70335","og_locale":"pt_BR","og_type":"article","og_title":"Planos de sa\u00fade ter\u00e3o que cobrir testes para covid-19 - JORNAL BEIRA RIO","og_description":"A Ag\u00eancia Nacional de Sa\u00fade Suplementar (ANS) determinou nesta quinta-feira, dia 13, que os planos de sa\u00fade dever\u00e3o incluir a cobertura de testes sorol\u00f3gicos","og_url":"https:\/\/jornalbeirario.com.br\/portal\/?p=70335","og_site_name":"JORNAL BEIRA RIO","article_published_time":"2020-08-14T13:08:54+00:00","article_modified_time":"2020-08-14T13:10:29+00:00","og_image":[{"width":1100,"height":470,"url":"https:\/\/jornalbeirario.com.br\/portal\/wp-content\/uploads\/2020\/08\/testes1.jpg","type":"image\/jpeg"}],"author":"Jornal BEIRA-RIO","twitter_card":"summary_large_image","twitter_misc":{"Escrito por":"Jornal BEIRA-RIO","Est. tempo de leitura":"4 minutos"},"schema":{"@context":"https:\/\/schema.org","@graph":[{"@type":"Article","@id":"https:\/\/jornalbeirario.com.br\/portal\/?p=70335#article","isPartOf":{"@id":"https:\/\/jornalbeirario.com.br\/portal\/?p=70335"},"author":{"name":"Jornal BEIRA-RIO","@id":"https:\/\/jornalbeirario.com.br\/portal\/#\/schema\/person\/c6c423e4c2465d2a9233f6539173e7c1"},"headline":"Planos de sa\u00fade ter\u00e3o que cobrir testes para covid-19","datePublished":"2020-08-14T13:08:54+00:00","dateModified":"2020-08-14T13:10:29+00:00","mainEntityOfPage":{"@id":"https:\/\/jornalbeirario.com.br\/portal\/?p=70335"},"wordCount":878,"commentCount":0,"publisher":{"@id":"https:\/\/jornalbeirario.com.br\/portal\/#organization"},"image":{"@id":"https:\/\/jornalbeirario.com.br\/portal\/?p=70335#primaryimage"},"thumbnailUrl":"https:\/\/jornalbeirario.com.br\/portal\/wp-content\/uploads\/2020\/08\/testes1.jpg","articleSection":["Manchete","Nacional","Sa\u00fade"],"inLanguage":"pt-BR","potentialAction":[{"@type":"CommentAction","name":"Comment","target":["https:\/\/jornalbeirario.com.br\/portal\/?p=70335#respond"]}]},{"@type":"WebPage","@id":"https:\/\/jornalbeirario.com.br\/portal\/?p=70335","url":"https:\/\/jornalbeirario.com.br\/portal\/?p=70335","name":"Planos de sa\u00fade ter\u00e3o que cobrir testes para covid-19 - JORNAL BEIRA RIO","isPartOf":{"@id":"https:\/\/jornalbeirario.com.br\/portal\/#website"},"primaryImageOfPage":{"@id":"https:\/\/jornalbeirario.com.br\/portal\/?p=70335#primaryimage"},"image":{"@id":"https:\/\/jornalbeirario.com.br\/portal\/?p=70335#primaryimage"},"thumbnailUrl":"https:\/\/jornalbeirario.com.br\/portal\/wp-content\/uploads\/2020\/08\/testes1.jpg","datePublished":"2020-08-14T13:08:54+00:00","dateModified":"2020-08-14T13:10:29+00:00","breadcrumb":{"@id":"https:\/\/jornalbeirario.com.br\/portal\/?p=70335#breadcrumb"},"inLanguage":"pt-BR","potentialAction":[{"@type":"ReadAction","target":["https:\/\/jornalbeirario.com.br\/portal\/?p=70335"]}]},{"@type":"ImageObject","inLanguage":"pt-BR","@id":"https:\/\/jornalbeirario.com.br\/portal\/?p=70335#primaryimage","url":"https:\/\/jornalbeirario.com.br\/portal\/wp-content\/uploads\/2020\/08\/testes1.jpg","contentUrl":"https:\/\/jornalbeirario.com.br\/portal\/wp-content\/uploads\/2020\/08\/testes1.jpg","width":1100,"height":470},{"@type":"BreadcrumbList","@id":"https:\/\/jornalbeirario.com.br\/portal\/?p=70335#breadcrumb","itemListElement":[{"@type":"ListItem","position":1,"name":"Home","item":"https:\/\/jornalbeirario.com.br\/portal"},{"@type":"ListItem","position":2,"name":"Planos de sa\u00fade ter\u00e3o que cobrir testes para covid-19"}]},{"@type":"WebSite","@id":"https:\/\/jornalbeirario.com.br\/portal\/#website","url":"https:\/\/jornalbeirario.com.br\/portal\/","name":"JORNAL BEIRA RIO","description":"","publisher":{"@id":"https:\/\/jornalbeirario.com.br\/portal\/#organization"},"potentialAction":[{"@type":"SearchAction","target":{"@type":"EntryPoint","urlTemplate":"https:\/\/jornalbeirario.com.br\/portal\/?s={search_term_string}"},"query-input":{"@type":"PropertyValueSpecification","valueRequired":true,"valueName":"search_term_string"}}],"inLanguage":"pt-BR"},{"@type":"Organization","@id":"https:\/\/jornalbeirario.com.br\/portal\/#organization","name":"JORNAL BEIRA RIO","url":"https:\/\/jornalbeirario.com.br\/portal\/","logo":{"@type":"ImageObject","inLanguage":"pt-BR","@id":"https:\/\/jornalbeirario.com.br\/portal\/#\/schema\/logo\/image\/","url":"https:\/\/jornalbeirario.com.br\/portal\/wp-content\/uploads\/2017\/09\/BEIRA-RIO_logo600.png","contentUrl":"https:\/\/jornalbeirario.com.br\/portal\/wp-content\/uploads\/2017\/09\/BEIRA-RIO_logo600.png","width":650,"height":108,"caption":"JORNAL BEIRA RIO"},"image":{"@id":"https:\/\/jornalbeirario.com.br\/portal\/#\/schema\/logo\/image\/"}},{"@type":"Person","@id":"https:\/\/jornalbeirario.com.br\/portal\/#\/schema\/person\/c6c423e4c2465d2a9233f6539173e7c1","name":"Jornal BEIRA-RIO","image":{"@type":"ImageObject","inLanguage":"pt-BR","@id":"https:\/\/jornalbeirario.com.br\/portal\/wp-content\/uploads\/2023\/10\/logojbr1.jpg","url":"https:\/\/jornalbeirario.com.br\/portal\/wp-content\/uploads\/2023\/10\/logojbr1.jpg","contentUrl":"https:\/\/jornalbeirario.com.br\/portal\/wp-content\/uploads\/2023\/10\/logojbr1.jpg","caption":"Jornal BEIRA-RIO"},"url":"https:\/\/jornalbeirario.com.br\/portal\/?author=1"}]}},"_links":{"self":[{"href":"https:\/\/jornalbeirario.com.br\/portal\/index.php?rest_route=\/wp\/v2\/posts\/70335","targetHints":{"allow":["GET"]}}],"collection":[{"href":"https:\/\/jornalbeirario.com.br\/portal\/index.php?rest_route=\/wp\/v2\/posts"}],"about":[{"href":"https:\/\/jornalbeirario.com.br\/portal\/index.php?rest_route=\/wp\/v2\/types\/post"}],"author":[{"embeddable":true,"href":"https:\/\/jornalbeirario.com.br\/portal\/index.php?rest_route=\/wp\/v2\/users\/1"}],"replies":[{"embeddable":true,"href":"https:\/\/jornalbeirario.com.br\/portal\/index.php?rest_route=%2Fwp%2Fv2%2Fcomments&post=70335"}],"version-history":[{"count":5,"href":"https:\/\/jornalbeirario.com.br\/portal\/index.php?rest_route=\/wp\/v2\/posts\/70335\/revisions"}],"predecessor-version":[{"id":70342,"href":"https:\/\/jornalbeirario.com.br\/portal\/index.php?rest_route=\/wp\/v2\/posts\/70335\/revisions\/70342"}],"wp:featuredmedia":[{"embeddable":true,"href":"https:\/\/jornalbeirario.com.br\/portal\/index.php?rest_route=\/wp\/v2\/media\/70339"}],"wp:attachment":[{"href":"https:\/\/jornalbeirario.com.br\/portal\/index.php?rest_route=%2Fwp%2Fv2%2Fmedia&parent=70335"}],"wp:term":[{"taxonomy":"category","embeddable":true,"href":"https:\/\/jornalbeirario.com.br\/portal\/index.php?rest_route=%2Fwp%2Fv2%2Fcategories&post=70335"},{"taxonomy":"post_tag","embeddable":true,"href":"https:\/\/jornalbeirario.com.br\/portal\/index.php?rest_route=%2Fwp%2Fv2%2Ftags&post=70335"}],"curies":[{"name":"wp","href":"https:\/\/api.w.org\/{rel}","templated":true}]}}