
{"id":69783,"date":"2020-07-09T14:12:09","date_gmt":"2020-07-09T17:12:09","guid":{"rendered":"http:\/\/jornalbeirario.com.br\/portal\/?p=69783"},"modified":"2020-07-09T14:49:33","modified_gmt":"2020-07-09T17:49:33","slug":"antes-tarde-do-que-nunca-pacto-covid-rj-chega-pra-garantir-transparencia-na-flexibilizacao","status":"publish","type":"post","link":"https:\/\/jornalbeirario.com.br\/portal\/?p=69783","title":{"rendered":"Antes tarde do que nunca: Pacto Covid RJ chega pra garantir transpar\u00eancia na flexibiliza\u00e7\u00e3o"},"content":{"rendered":"<p style=\"text-align: justify;\"><img loading=\"lazy\" decoding=\"async\" class=\"aligncenter wp-image-69795 size-full\" src=\"https:\/\/jornalbeirario.com.br\/portal\/wp-content\/uploads\/2020\/07\/pactocovidrj1.jpg\" alt=\"\" width=\"830\" height=\"480\" srcset=\"https:\/\/jornalbeirario.com.br\/portal\/wp-content\/uploads\/2020\/07\/pactocovidrj1.jpg 830w, https:\/\/jornalbeirario.com.br\/portal\/wp-content\/uploads\/2020\/07\/pactocovidrj1-300x173.jpg 300w, https:\/\/jornalbeirario.com.br\/portal\/wp-content\/uploads\/2020\/07\/pactocovidrj1-768x444.jpg 768w\" sizes=\"auto, (max-width: 830px) 100vw, 830px\" \/><\/p>\n<p style=\"text-align: justify;\">Pela primeira vez, desde o come\u00e7o da pandemia e da ado\u00e7\u00e3o das medidas de distanciamento social contra o novo coronav\u00edrus, a Secretaria Extraordin\u00e1ria de Covid-19 do Estado do Rio de Janeiro divulgou nesta quarta-feira, dia 8, <a href=\"https:\/\/jornalbeirario.com.br\/portal\/wp-content\/uploads\/2020\/07\/painel_indicadores_covid_03_07_2020-5.pdf\">um documento<\/a> nos moldes de outros j\u00e1 existentes em estados como S\u00e3o Paulo e Rio Grande do Sul para o controle das regras de flexibiliza\u00e7\u00e3o social em cada regi\u00e3o.<\/p>\n<p style=\"text-align: justify;\">O novo documento, de acordo com a secretaria, dever\u00e1 aumentar a transpar\u00eancia do Governo do Estado em rela\u00e7\u00e3o a essas regras. Transpar\u00eancia que faltou no combate ao novo coronav\u00edrus no Estado do Rio de Janeiro, que enfrentou problemas na gest\u00e3o de hospitais, incluindo os de campanha, e tamb\u00e9m na compra de insumos e equipamentos b\u00e1sicos, culminando com a demiss\u00e3o de dois secret\u00e1rios de Estado de Sa\u00fade, o fechamento de unidades como o Hospital Regional do M\u00e9dio Para\u00edba, em Volta Redonda, e tamb\u00e9m com a falta de um rigor maior na ado\u00e7\u00e3o de medidas contra a Covid-19.<\/p>\n<p style=\"text-align: justify;\">Nesse caso, \u00f3rg\u00e3os p\u00fablicos como o Minist\u00e9rio P\u00fablico do Estado do Rio de Janeiro (MPRJ) e a justi\u00e7a tiveram que tomar decis\u00f5es ou fazer recomenda\u00e7\u00f5es para que munic\u00edpios adotassem medidas de controle antes da flexibiliza\u00e7\u00e3o do distanciamento social.<\/p>\n<p style=\"text-align: justify;\">Chamado de Pacto Covid RJ, o documento cont\u00e9m um conjunto de indicadores usados por t\u00e9cnicos na Secretaria Extraordin\u00e1ria para indicar a fase atual na flexibiliza\u00e7\u00e3o e explicar por que o Rio est\u00e1 na bandeira laranja, que ainda representa um risco moderado de transmiss\u00e3o da doen\u00e7a, na qual \u00e9 necess\u00e1rio manter um distanciamento social ampliado.<\/p>\n<p style=\"text-align: justify;\">&#8211; O novo Pacto Covid vai diminuir os ru\u00eddos de informa\u00e7\u00e3o sobre os crit\u00e9rios t\u00e9cnicos usados pelo Governo do Estado na pandemia e tornar mais claras para a popula\u00e7\u00e3o as decis\u00f5es sobre flexibiliza\u00e7\u00e3o das medidas. Vamos atualizar o Pacto Covid quinzenalmente, e tamb\u00e9m haver\u00e1 um boletim epidemiol\u00f3gico semanal &#8211; disse a secret\u00e1ria extraordin\u00e1ria de A\u00e7\u00f5es Integradas da Covid-19, Fl\u00e1via Barbosa.<\/p>\n<p style=\"text-align: justify;\">O estudo adota crit\u00e9rios validados pelo Conselho Nacional dos Secret\u00e1rios de Sa\u00fade (Conass), pelo Conselho Nacional das Secretarias Municipais de Sa\u00fade (Conasens) e pela Organiza\u00e7\u00e3o Pan-Americana de Sa\u00fade (Opas). H\u00e1 uma tabela dividida em cinco cores, de acordo com o risco de transmiss\u00e3o da doen\u00e7a. A cor roxa representa um risco muito alto; a vermelha, risco alto; a laranja, risco moderado; a amarela, risco baixo; e a verde, risco muito baixo.<\/p>\n<p style=\"text-align: justify;\">Para saber em qual dessas faixas est\u00e1 o Estado do Rio, s\u00e3o usados seis indicadores, sendo tr\u00eas relativos \u00e0 capacidade do sistema de sa\u00fade de absorver os pacientes da Covid-19 (taxa de ocupa\u00e7\u00e3o de leitos de UTI, taxa de ocupa\u00e7\u00e3o de leitos de enfermaria e previs\u00e3o de tempo de esgotamento dos leitos de UTI), e tr\u00eas indicadores epidemiol\u00f3gicos (varia\u00e7\u00e3o do n\u00famero de \u00f3bitos por Covid, varia\u00e7\u00e3o do n\u00famero de casos da doen\u00e7a, e percentual do n\u00famero de testes positivos para a doen\u00e7a em rela\u00e7\u00e3o ao total dos exames realizados).<\/p>\n<p style=\"text-align: justify;\">O conjunto de indicadores gera uma tabela de pontos para apontar a fase atual do Estado no enfrentamento da pandemia. At\u00e9 9 pontos na tabela o risco \u00e9 baixo e a bandeira \u00e9 amarela. De 10 a 18 pontos, o risco \u00e9 moderado e a bandeira \u00e9 laranja. De acordo com o estudo, o Estado do Rio est\u00e1 com 10 pontos.<\/p>\n<p style=\"text-align: justify;\">Segundo a classifica\u00e7\u00e3o das bandeiras, Resende e a Regi\u00e3o das Agulhas Negras, assim como Volta Redonda e Barra Mansa, est\u00e3o inseridas da Regi\u00e3o Centro-Sul, classificada com a bandeira laranja, considerada de risco moderado. Nessa fase, est\u00e1 previsto o isolamento domiciliar, monitoramento de casos sintom\u00e1ticos e contatos, distanciamento social, garantia de acesso \u00e0s necessidades b\u00e1sicas, acesso a servi\u00e7os de sa\u00fade, redu\u00e7\u00e3o de contato, refor\u00e7o em higiene e etiqueta respirat\u00f3ria, restri\u00e7\u00e3o de atividades que gerem aglomera\u00e7\u00e3o, avalia\u00e7\u00e3o da poss\u00edvel suspens\u00e3o de atividades econ\u00f4micas n\u00e3o essenciais, e adequa\u00e7\u00e3o de hor\u00e1rios para os setores econ\u00f4micos, com o objetivo de reduzir aglomera\u00e7\u00f5es nos sistemas de transporte p\u00fablico.<\/p>\n<p style=\"text-align: justify;\">De acordo com Danilo Klein, chefe de gabinete da Secretaria Extraordin\u00e1ria de Covid-19, a an\u00e1lise dos dados epidemiol\u00f3gicos \u00e9 di\u00e1ria. Caso o estado regrida para uma bandeira mais restritiva, uma nota t\u00e9cnica ser\u00e1 imediatamente divulgada. No mapa de distribui\u00e7\u00e3o regional da avalia\u00e7\u00e3o de risco que consta do estudo, a Regi\u00e3o Norte do Estado do Rio \u00e9 apresentada j\u00e1 na bandeira amarela, mas a Secretaria recomendou que os moradores da regi\u00e3o continuem adotando as mesmas medidas de restri\u00e7\u00e3o indicadas para a bandeira laranja, por pelo menos mais duas semanas. Dados epidemiol\u00f3gicos mais recentes indicam que a regi\u00e3o poder\u00e1 regredir para a bandeira laranja. At\u00e9 o momento, o estado registra mais de 126 mil casos confirmados, com 10.970 mortes.<\/p>\n<p style=\"text-align: justify;\">OUTROS ESTADOS<br \/>\nO documento apresentado esta semana no Rio de Janeiro \u00e9 amplamente utilizado em outras unidades da federa\u00e7\u00e3o. Um dos estados a adotar protocolos mais r\u00edgidos no pa\u00eds, o Rio Grande do Sul utiliza o Modelo de Distanciamento Controlado desde maio, com classifica\u00e7\u00f5es um pouco distintas, variando da bandeira amarela (que representa risco baixo) a preta (risco alt\u00edssimo). Segundo a <a href=\"https:\/\/distanciamentocontrolado.rs.gov.br\/\">p\u00e1gina do Distanciamento Controlado<\/a>, conforme o grau de risco, cada regi\u00e3o recebe uma bandeira nas cores amarela, laranja, vermelha ou preta. O monitoramento \u00e9 semanal e a divulga\u00e7\u00e3o preliminar sempre ocorre na sexta-feira.<\/p>\n<p><img loading=\"lazy\" decoding=\"async\" class=\"aligncenter size-large wp-image-69799\" src=\"https:\/\/jornalbeirario.com.br\/portal\/wp-content\/uploads\/2020\/07\/modelors1-1024x561.jpg\" alt=\"\" width=\"715\" height=\"392\" srcset=\"https:\/\/jornalbeirario.com.br\/portal\/wp-content\/uploads\/2020\/07\/modelors1-1024x561.jpg 1024w, https:\/\/jornalbeirario.com.br\/portal\/wp-content\/uploads\/2020\/07\/modelors1-300x164.jpg 300w, https:\/\/jornalbeirario.com.br\/portal\/wp-content\/uploads\/2020\/07\/modelors1-768x421.jpg 768w, https:\/\/jornalbeirario.com.br\/portal\/wp-content\/uploads\/2020\/07\/modelors1.jpg 1173w\" sizes=\"auto, (max-width: 715px) 100vw, 715px\" \/><\/p>\n<p style=\"text-align: justify;\">Quando a nova bandeira for de risco menor, a classifica\u00e7\u00e3o passa a valer \u00e0 meia-noite de s\u00e1bado. J\u00e1 para as demais regi\u00f5es, incluindo aquelas que apresentaram recursos, haver\u00e1 nova divulga\u00e7\u00e3o na segunda-feira, com vig\u00eancia a partir de ter\u00e7a-feira. Os protocolos obrigat\u00f3rios devem ser respeitados em todas as bandeiras. Nos \u00faltimos dias, o n\u00famero de casos da Covid-19 &#8211; que era relativamente baixo &#8211; tem aumentado no estado, que registrou no \u00faltimo boletim mais de 35 mil pacientes diagnosticados com a doen\u00e7a e 825 mortes.<\/p>\n<p style=\"text-align: justify;\">Logo ao lado do Rio, o estado de S\u00e3o Paulo vem realizando essas classfica\u00e7\u00e3o desde o m\u00eas de junho, <a href=\"https:\/\/www.saopaulo.sp.gov.br\/planosp\/\">atrav\u00e9s do Plano S\u00e3o Paulo<\/a>. O estado \u00e9 dividido em 17 Departamentos Regionais de Sa\u00fade, que est\u00e3o categorizados segundo uma escala de cinco n\u00edveis de abertura econ\u00f4mica, classificados como fases, do azul (risco muito baixo) ao vermelho (risco muito alto). \u00c9 poss\u00edvel observar que no come\u00e7o das medi\u00e7\u00f5es, a Regi\u00e3o Metropolitana e a Baixada Santista estavam classificadas na fase de risco muito alto para a Covid-19.<\/p>\n<p><img loading=\"lazy\" decoding=\"async\" class=\"aligncenter size-large wp-image-69797\" src=\"https:\/\/jornalbeirario.com.br\/portal\/wp-content\/uploads\/2020\/07\/planosp1-1024x540.jpg\" alt=\"\" width=\"715\" height=\"377\" srcset=\"https:\/\/jornalbeirario.com.br\/portal\/wp-content\/uploads\/2020\/07\/planosp1-1024x540.jpg 1024w, https:\/\/jornalbeirario.com.br\/portal\/wp-content\/uploads\/2020\/07\/planosp1-300x158.jpg 300w, https:\/\/jornalbeirario.com.br\/portal\/wp-content\/uploads\/2020\/07\/planosp1-768x405.jpg 768w, https:\/\/jornalbeirario.com.br\/portal\/wp-content\/uploads\/2020\/07\/planosp1.jpg 1281w\" sizes=\"auto, (max-width: 715px) 100vw, 715px\" \/><\/p>\n<p style=\"text-align: justify;\">Nesta semana, esse panorama \u00e9 observado em v\u00e1rias regi\u00f5es do interior, mostrando que o crescimento dos casos e mortes pela doen\u00e7a se interiorizou no territ\u00f3rio paulista. O \u00faltimo boletim da secretaria de estado local aponta mais de 341 mil casos confirmados da doen\u00e7a, com 16.788 mortes.<\/p>\n<p><img loading=\"lazy\" decoding=\"async\" class=\"aligncenter size-large wp-image-69798\" src=\"https:\/\/jornalbeirario.com.br\/portal\/wp-content\/uploads\/2020\/07\/planosp-1024x543.jpg\" alt=\"\" width=\"715\" height=\"379\" srcset=\"https:\/\/jornalbeirario.com.br\/portal\/wp-content\/uploads\/2020\/07\/planosp-1024x543.jpg 1024w, https:\/\/jornalbeirario.com.br\/portal\/wp-content\/uploads\/2020\/07\/planosp-300x159.jpg 300w, https:\/\/jornalbeirario.com.br\/portal\/wp-content\/uploads\/2020\/07\/planosp-768x407.jpg 768w, https:\/\/jornalbeirario.com.br\/portal\/wp-content\/uploads\/2020\/07\/planosp.jpg 1240w\" sizes=\"auto, (max-width: 715px) 100vw, 715px\" \/><\/p>\n","protected":false},"excerpt":{"rendered":"<p>Pela primeira vez, desde o come\u00e7o da pandemia e da ado\u00e7\u00e3o das medidas de distanciamento social contra o novo coronav\u00edrus, a Secretaria Extraordin\u00e1ria de<\/p>\n","protected":false},"author":1,"featured_media":69794,"comment_status":"open","ping_status":"open","sticky":false,"template":"","format":"standard","meta":{"pmpro_default_level":"","footnotes":""},"categories":[227,158,18],"tags":[],"class_list":["post-69783","post","type-post","status-publish","format-standard","has-post-thumbnail","hentry","category-manchete","category-rio-de-janeiro","category-saude","pmpro-has-access"],"yoast_head":"<!-- This site is optimized with the Yoast SEO plugin v27.4 - https:\/\/yoast.com\/product\/yoast-seo-wordpress\/ -->\n<title>Antes tarde do que nunca: Pacto Covid RJ chega pra garantir transpar\u00eancia na flexibiliza\u00e7\u00e3o - JORNAL BEIRA RIO<\/title>\n<meta name=\"robots\" content=\"index, follow, max-snippet:-1, max-image-preview:large, max-video-preview:-1\" \/>\n<link rel=\"canonical\" href=\"https:\/\/jornalbeirario.com.br\/portal\/?p=69783\" \/>\n<meta property=\"og:locale\" content=\"pt_BR\" \/>\n<meta property=\"og:type\" content=\"article\" \/>\n<meta property=\"og:title\" content=\"Antes tarde do que nunca: Pacto Covid RJ chega pra garantir transpar\u00eancia na flexibiliza\u00e7\u00e3o - JORNAL BEIRA RIO\" \/>\n<meta property=\"og:description\" content=\"Pela primeira vez, desde o come\u00e7o da pandemia e da ado\u00e7\u00e3o das medidas de distanciamento social contra o novo coronav\u00edrus, a Secretaria Extraordin\u00e1ria de\" \/>\n<meta property=\"og:url\" content=\"https:\/\/jornalbeirario.com.br\/portal\/?p=69783\" \/>\n<meta property=\"og:site_name\" content=\"JORNAL BEIRA RIO\" \/>\n<meta property=\"article:published_time\" content=\"2020-07-09T17:12:09+00:00\" \/>\n<meta property=\"article:modified_time\" content=\"2020-07-09T17:49:33+00:00\" \/>\n<meta property=\"og:image\" content=\"https:\/\/jornalbeirario.com.br\/portal\/wp-content\/uploads\/2020\/07\/pactocovidrj2.jpg\" \/>\n\t<meta property=\"og:image:width\" content=\"1100\" \/>\n\t<meta property=\"og:image:height\" content=\"470\" \/>\n\t<meta property=\"og:image:type\" content=\"image\/jpeg\" \/>\n<meta name=\"author\" content=\"Jornal BEIRA-RIO\" \/>\n<meta name=\"twitter:card\" content=\"summary_large_image\" \/>\n<meta name=\"twitter:label1\" content=\"Escrito por\" \/>\n\t<meta name=\"twitter:data1\" content=\"Jornal BEIRA-RIO\" \/>\n\t<meta name=\"twitter:label2\" content=\"Est. tempo de leitura\" \/>\n\t<meta name=\"twitter:data2\" content=\"6 minutos\" \/>\n<script type=\"application\/ld+json\" class=\"yoast-schema-graph\">{\"@context\":\"https:\\\/\\\/schema.org\",\"@graph\":[{\"@type\":\"Article\",\"@id\":\"https:\\\/\\\/jornalbeirario.com.br\\\/portal\\\/?p=69783#article\",\"isPartOf\":{\"@id\":\"https:\\\/\\\/jornalbeirario.com.br\\\/portal\\\/?p=69783\"},\"author\":{\"name\":\"Jornal BEIRA-RIO\",\"@id\":\"https:\\\/\\\/jornalbeirario.com.br\\\/portal\\\/#\\\/schema\\\/person\\\/c6c423e4c2465d2a9233f6539173e7c1\"},\"headline\":\"Antes tarde do que nunca: Pacto Covid RJ chega pra garantir transpar\u00eancia na flexibiliza\u00e7\u00e3o\",\"datePublished\":\"2020-07-09T17:12:09+00:00\",\"dateModified\":\"2020-07-09T17:49:33+00:00\",\"mainEntityOfPage\":{\"@id\":\"https:\\\/\\\/jornalbeirario.com.br\\\/portal\\\/?p=69783\"},\"wordCount\":1196,\"commentCount\":0,\"publisher\":{\"@id\":\"https:\\\/\\\/jornalbeirario.com.br\\\/portal\\\/#organization\"},\"image\":{\"@id\":\"https:\\\/\\\/jornalbeirario.com.br\\\/portal\\\/?p=69783#primaryimage\"},\"thumbnailUrl\":\"https:\\\/\\\/jornalbeirario.com.br\\\/portal\\\/wp-content\\\/uploads\\\/2020\\\/07\\\/pactocovidrj2.jpg\",\"articleSection\":[\"Manchete\",\"Rio de Janeiro\",\"Sa\u00fade\"],\"inLanguage\":\"pt-BR\",\"potentialAction\":[{\"@type\":\"CommentAction\",\"name\":\"Comment\",\"target\":[\"https:\\\/\\\/jornalbeirario.com.br\\\/portal\\\/?p=69783#respond\"]}]},{\"@type\":\"WebPage\",\"@id\":\"https:\\\/\\\/jornalbeirario.com.br\\\/portal\\\/?p=69783\",\"url\":\"https:\\\/\\\/jornalbeirario.com.br\\\/portal\\\/?p=69783\",\"name\":\"Antes tarde do que nunca: Pacto Covid RJ chega pra garantir transpar\u00eancia na flexibiliza\u00e7\u00e3o - JORNAL BEIRA RIO\",\"isPartOf\":{\"@id\":\"https:\\\/\\\/jornalbeirario.com.br\\\/portal\\\/#website\"},\"primaryImageOfPage\":{\"@id\":\"https:\\\/\\\/jornalbeirario.com.br\\\/portal\\\/?p=69783#primaryimage\"},\"image\":{\"@id\":\"https:\\\/\\\/jornalbeirario.com.br\\\/portal\\\/?p=69783#primaryimage\"},\"thumbnailUrl\":\"https:\\\/\\\/jornalbeirario.com.br\\\/portal\\\/wp-content\\\/uploads\\\/2020\\\/07\\\/pactocovidrj2.jpg\",\"datePublished\":\"2020-07-09T17:12:09+00:00\",\"dateModified\":\"2020-07-09T17:49:33+00:00\",\"breadcrumb\":{\"@id\":\"https:\\\/\\\/jornalbeirario.com.br\\\/portal\\\/?p=69783#breadcrumb\"},\"inLanguage\":\"pt-BR\",\"potentialAction\":[{\"@type\":\"ReadAction\",\"target\":[\"https:\\\/\\\/jornalbeirario.com.br\\\/portal\\\/?p=69783\"]}]},{\"@type\":\"ImageObject\",\"inLanguage\":\"pt-BR\",\"@id\":\"https:\\\/\\\/jornalbeirario.com.br\\\/portal\\\/?p=69783#primaryimage\",\"url\":\"https:\\\/\\\/jornalbeirario.com.br\\\/portal\\\/wp-content\\\/uploads\\\/2020\\\/07\\\/pactocovidrj2.jpg\",\"contentUrl\":\"https:\\\/\\\/jornalbeirario.com.br\\\/portal\\\/wp-content\\\/uploads\\\/2020\\\/07\\\/pactocovidrj2.jpg\",\"width\":1100,\"height\":470},{\"@type\":\"BreadcrumbList\",\"@id\":\"https:\\\/\\\/jornalbeirario.com.br\\\/portal\\\/?p=69783#breadcrumb\",\"itemListElement\":[{\"@type\":\"ListItem\",\"position\":1,\"name\":\"Home\",\"item\":\"https:\\\/\\\/jornalbeirario.com.br\\\/portal\"},{\"@type\":\"ListItem\",\"position\":2,\"name\":\"Antes tarde do que nunca: Pacto Covid RJ chega pra garantir transpar\u00eancia na flexibiliza\u00e7\u00e3o\"}]},{\"@type\":\"WebSite\",\"@id\":\"https:\\\/\\\/jornalbeirario.com.br\\\/portal\\\/#website\",\"url\":\"https:\\\/\\\/jornalbeirario.com.br\\\/portal\\\/\",\"name\":\"JORNAL BEIRA RIO\",\"description\":\"\",\"publisher\":{\"@id\":\"https:\\\/\\\/jornalbeirario.com.br\\\/portal\\\/#organization\"},\"potentialAction\":[{\"@type\":\"SearchAction\",\"target\":{\"@type\":\"EntryPoint\",\"urlTemplate\":\"https:\\\/\\\/jornalbeirario.com.br\\\/portal\\\/?s={search_term_string}\"},\"query-input\":{\"@type\":\"PropertyValueSpecification\",\"valueRequired\":true,\"valueName\":\"search_term_string\"}}],\"inLanguage\":\"pt-BR\"},{\"@type\":\"Organization\",\"@id\":\"https:\\\/\\\/jornalbeirario.com.br\\\/portal\\\/#organization\",\"name\":\"JORNAL BEIRA RIO\",\"url\":\"https:\\\/\\\/jornalbeirario.com.br\\\/portal\\\/\",\"logo\":{\"@type\":\"ImageObject\",\"inLanguage\":\"pt-BR\",\"@id\":\"https:\\\/\\\/jornalbeirario.com.br\\\/portal\\\/#\\\/schema\\\/logo\\\/image\\\/\",\"url\":\"https:\\\/\\\/jornalbeirario.com.br\\\/portal\\\/wp-content\\\/uploads\\\/2017\\\/09\\\/BEIRA-RIO_logo600.png\",\"contentUrl\":\"https:\\\/\\\/jornalbeirario.com.br\\\/portal\\\/wp-content\\\/uploads\\\/2017\\\/09\\\/BEIRA-RIO_logo600.png\",\"width\":650,\"height\":108,\"caption\":\"JORNAL BEIRA RIO\"},\"image\":{\"@id\":\"https:\\\/\\\/jornalbeirario.com.br\\\/portal\\\/#\\\/schema\\\/logo\\\/image\\\/\"}},{\"@type\":\"Person\",\"@id\":\"https:\\\/\\\/jornalbeirario.com.br\\\/portal\\\/#\\\/schema\\\/person\\\/c6c423e4c2465d2a9233f6539173e7c1\",\"name\":\"Jornal BEIRA-RIO\",\"image\":{\"@type\":\"ImageObject\",\"inLanguage\":\"pt-BR\",\"@id\":\"https:\\\/\\\/jornalbeirario.com.br\\\/portal\\\/wp-content\\\/uploads\\\/2023\\\/10\\\/logojbr1.jpg\",\"url\":\"https:\\\/\\\/jornalbeirario.com.br\\\/portal\\\/wp-content\\\/uploads\\\/2023\\\/10\\\/logojbr1.jpg\",\"contentUrl\":\"https:\\\/\\\/jornalbeirario.com.br\\\/portal\\\/wp-content\\\/uploads\\\/2023\\\/10\\\/logojbr1.jpg\",\"caption\":\"Jornal BEIRA-RIO\"},\"url\":\"https:\\\/\\\/jornalbeirario.com.br\\\/portal\\\/?author=1\"}]}<\/script>\n<!-- \/ Yoast SEO plugin. -->","yoast_head_json":{"title":"Antes tarde do que nunca: Pacto Covid RJ chega pra garantir transpar\u00eancia na flexibiliza\u00e7\u00e3o - JORNAL BEIRA RIO","robots":{"index":"index","follow":"follow","max-snippet":"max-snippet:-1","max-image-preview":"max-image-preview:large","max-video-preview":"max-video-preview:-1"},"canonical":"https:\/\/jornalbeirario.com.br\/portal\/?p=69783","og_locale":"pt_BR","og_type":"article","og_title":"Antes tarde do que nunca: Pacto Covid RJ chega pra garantir transpar\u00eancia na flexibiliza\u00e7\u00e3o - JORNAL BEIRA RIO","og_description":"Pela primeira vez, desde o come\u00e7o da pandemia e da ado\u00e7\u00e3o das medidas de distanciamento social contra o novo coronav\u00edrus, a Secretaria Extraordin\u00e1ria de","og_url":"https:\/\/jornalbeirario.com.br\/portal\/?p=69783","og_site_name":"JORNAL BEIRA RIO","article_published_time":"2020-07-09T17:12:09+00:00","article_modified_time":"2020-07-09T17:49:33+00:00","og_image":[{"width":1100,"height":470,"url":"https:\/\/jornalbeirario.com.br\/portal\/wp-content\/uploads\/2020\/07\/pactocovidrj2.jpg","type":"image\/jpeg"}],"author":"Jornal BEIRA-RIO","twitter_card":"summary_large_image","twitter_misc":{"Escrito por":"Jornal BEIRA-RIO","Est. tempo de leitura":"6 minutos"},"schema":{"@context":"https:\/\/schema.org","@graph":[{"@type":"Article","@id":"https:\/\/jornalbeirario.com.br\/portal\/?p=69783#article","isPartOf":{"@id":"https:\/\/jornalbeirario.com.br\/portal\/?p=69783"},"author":{"name":"Jornal BEIRA-RIO","@id":"https:\/\/jornalbeirario.com.br\/portal\/#\/schema\/person\/c6c423e4c2465d2a9233f6539173e7c1"},"headline":"Antes tarde do que nunca: Pacto Covid RJ chega pra garantir transpar\u00eancia na flexibiliza\u00e7\u00e3o","datePublished":"2020-07-09T17:12:09+00:00","dateModified":"2020-07-09T17:49:33+00:00","mainEntityOfPage":{"@id":"https:\/\/jornalbeirario.com.br\/portal\/?p=69783"},"wordCount":1196,"commentCount":0,"publisher":{"@id":"https:\/\/jornalbeirario.com.br\/portal\/#organization"},"image":{"@id":"https:\/\/jornalbeirario.com.br\/portal\/?p=69783#primaryimage"},"thumbnailUrl":"https:\/\/jornalbeirario.com.br\/portal\/wp-content\/uploads\/2020\/07\/pactocovidrj2.jpg","articleSection":["Manchete","Rio de Janeiro","Sa\u00fade"],"inLanguage":"pt-BR","potentialAction":[{"@type":"CommentAction","name":"Comment","target":["https:\/\/jornalbeirario.com.br\/portal\/?p=69783#respond"]}]},{"@type":"WebPage","@id":"https:\/\/jornalbeirario.com.br\/portal\/?p=69783","url":"https:\/\/jornalbeirario.com.br\/portal\/?p=69783","name":"Antes tarde do que nunca: Pacto Covid RJ chega pra garantir transpar\u00eancia na flexibiliza\u00e7\u00e3o - JORNAL BEIRA RIO","isPartOf":{"@id":"https:\/\/jornalbeirario.com.br\/portal\/#website"},"primaryImageOfPage":{"@id":"https:\/\/jornalbeirario.com.br\/portal\/?p=69783#primaryimage"},"image":{"@id":"https:\/\/jornalbeirario.com.br\/portal\/?p=69783#primaryimage"},"thumbnailUrl":"https:\/\/jornalbeirario.com.br\/portal\/wp-content\/uploads\/2020\/07\/pactocovidrj2.jpg","datePublished":"2020-07-09T17:12:09+00:00","dateModified":"2020-07-09T17:49:33+00:00","breadcrumb":{"@id":"https:\/\/jornalbeirario.com.br\/portal\/?p=69783#breadcrumb"},"inLanguage":"pt-BR","potentialAction":[{"@type":"ReadAction","target":["https:\/\/jornalbeirario.com.br\/portal\/?p=69783"]}]},{"@type":"ImageObject","inLanguage":"pt-BR","@id":"https:\/\/jornalbeirario.com.br\/portal\/?p=69783#primaryimage","url":"https:\/\/jornalbeirario.com.br\/portal\/wp-content\/uploads\/2020\/07\/pactocovidrj2.jpg","contentUrl":"https:\/\/jornalbeirario.com.br\/portal\/wp-content\/uploads\/2020\/07\/pactocovidrj2.jpg","width":1100,"height":470},{"@type":"BreadcrumbList","@id":"https:\/\/jornalbeirario.com.br\/portal\/?p=69783#breadcrumb","itemListElement":[{"@type":"ListItem","position":1,"name":"Home","item":"https:\/\/jornalbeirario.com.br\/portal"},{"@type":"ListItem","position":2,"name":"Antes tarde do que nunca: Pacto Covid RJ chega pra garantir transpar\u00eancia na flexibiliza\u00e7\u00e3o"}]},{"@type":"WebSite","@id":"https:\/\/jornalbeirario.com.br\/portal\/#website","url":"https:\/\/jornalbeirario.com.br\/portal\/","name":"JORNAL BEIRA RIO","description":"","publisher":{"@id":"https:\/\/jornalbeirario.com.br\/portal\/#organization"},"potentialAction":[{"@type":"SearchAction","target":{"@type":"EntryPoint","urlTemplate":"https:\/\/jornalbeirario.com.br\/portal\/?s={search_term_string}"},"query-input":{"@type":"PropertyValueSpecification","valueRequired":true,"valueName":"search_term_string"}}],"inLanguage":"pt-BR"},{"@type":"Organization","@id":"https:\/\/jornalbeirario.com.br\/portal\/#organization","name":"JORNAL BEIRA RIO","url":"https:\/\/jornalbeirario.com.br\/portal\/","logo":{"@type":"ImageObject","inLanguage":"pt-BR","@id":"https:\/\/jornalbeirario.com.br\/portal\/#\/schema\/logo\/image\/","url":"https:\/\/jornalbeirario.com.br\/portal\/wp-content\/uploads\/2017\/09\/BEIRA-RIO_logo600.png","contentUrl":"https:\/\/jornalbeirario.com.br\/portal\/wp-content\/uploads\/2017\/09\/BEIRA-RIO_logo600.png","width":650,"height":108,"caption":"JORNAL BEIRA RIO"},"image":{"@id":"https:\/\/jornalbeirario.com.br\/portal\/#\/schema\/logo\/image\/"}},{"@type":"Person","@id":"https:\/\/jornalbeirario.com.br\/portal\/#\/schema\/person\/c6c423e4c2465d2a9233f6539173e7c1","name":"Jornal BEIRA-RIO","image":{"@type":"ImageObject","inLanguage":"pt-BR","@id":"https:\/\/jornalbeirario.com.br\/portal\/wp-content\/uploads\/2023\/10\/logojbr1.jpg","url":"https:\/\/jornalbeirario.com.br\/portal\/wp-content\/uploads\/2023\/10\/logojbr1.jpg","contentUrl":"https:\/\/jornalbeirario.com.br\/portal\/wp-content\/uploads\/2023\/10\/logojbr1.jpg","caption":"Jornal BEIRA-RIO"},"url":"https:\/\/jornalbeirario.com.br\/portal\/?author=1"}]}},"_links":{"self":[{"href":"https:\/\/jornalbeirario.com.br\/portal\/index.php?rest_route=\/wp\/v2\/posts\/69783","targetHints":{"allow":["GET"]}}],"collection":[{"href":"https:\/\/jornalbeirario.com.br\/portal\/index.php?rest_route=\/wp\/v2\/posts"}],"about":[{"href":"https:\/\/jornalbeirario.com.br\/portal\/index.php?rest_route=\/wp\/v2\/types\/post"}],"author":[{"embeddable":true,"href":"https:\/\/jornalbeirario.com.br\/portal\/index.php?rest_route=\/wp\/v2\/users\/1"}],"replies":[{"embeddable":true,"href":"https:\/\/jornalbeirario.com.br\/portal\/index.php?rest_route=%2Fwp%2Fv2%2Fcomments&post=69783"}],"version-history":[{"count":13,"href":"https:\/\/jornalbeirario.com.br\/portal\/index.php?rest_route=\/wp\/v2\/posts\/69783\/revisions"}],"predecessor-version":[{"id":69802,"href":"https:\/\/jornalbeirario.com.br\/portal\/index.php?rest_route=\/wp\/v2\/posts\/69783\/revisions\/69802"}],"wp:featuredmedia":[{"embeddable":true,"href":"https:\/\/jornalbeirario.com.br\/portal\/index.php?rest_route=\/wp\/v2\/media\/69794"}],"wp:attachment":[{"href":"https:\/\/jornalbeirario.com.br\/portal\/index.php?rest_route=%2Fwp%2Fv2%2Fmedia&parent=69783"}],"wp:term":[{"taxonomy":"category","embeddable":true,"href":"https:\/\/jornalbeirario.com.br\/portal\/index.php?rest_route=%2Fwp%2Fv2%2Fcategories&post=69783"},{"taxonomy":"post_tag","embeddable":true,"href":"https:\/\/jornalbeirario.com.br\/portal\/index.php?rest_route=%2Fwp%2Fv2%2Ftags&post=69783"}],"curies":[{"name":"wp","href":"https:\/\/api.w.org\/{rel}","templated":true}]}}