
{"id":6947,"date":"2013-03-22T12:00:57","date_gmt":"2013-03-22T12:00:57","guid":{"rendered":"http:\/\/jornalbeirario.com.br\/portal\/portal\/?p=6947"},"modified":"2013-03-22T12:00:57","modified_gmt":"2013-03-22T12:00:57","slug":"quem-pensa-4","status":"publish","type":"post","link":"https:\/\/jornalbeirario.com.br\/portal\/?p=6947","title":{"rendered":"QUEM PENSA?"},"content":{"rendered":"<p style=\"text-align: justify;\">Algu\u00e9m sabe por onde andam as dom\u00e9sticas e os pedreiros?!<br \/>\nO mundo mudou, o Brasil mudou e algumas profiss\u00f5es e of\u00edcios desaparecem. A l\u00f3gica capital-tecnologia se encarrega de extinguir os sapateiros; os alfaiates, os datil\u00f3grafos (quem eram esses?), e at\u00e9 os cobradores de \u00f4nibus est\u00e3o com dias contados. Outras profiss\u00f5es, no entanto, come\u00e7am a desaparecer por conta das rela\u00e7\u00f5es trabalhistas e as mudan\u00e7as paradigm\u00e1ticas culturais que as originaram, entre elas destaco os das empregadas dom\u00e9sticas e os pedreiros. Com um pa\u00eds, onde o acesso \u00e0s escolas e \u00e0s universidades virou uma realidade para todas as classes sociais, as dom\u00e9sticas e os pedreiros querem que seus filhos estudem e n\u00e3o sigam a profiss\u00e3o que, hoje valorizada, proporciona um futuro diferente do que tiveram. O aumento da escolaridade, tamb\u00e9m dos profissionais na ativa, tem levado a uma migra\u00e7\u00e3o para outras \u00e1reas.<br \/>\nEste artigo essa semana discorre sobre o \u201cdesaparecimento\u201d das empregadas dom\u00e9sticas: regulamentada como profiss\u00e3o na d\u00e9cada de 70 do s\u00e9culo passado, a empregada dom\u00e9stica s\u00f3 agora come\u00e7a realmente a receber status de profissional, j\u00e1 que parece, nos pr\u00f3ximos dias, a Proposta de Emenda Constitucional para a amplia\u00e7\u00e3o dos direitos destes profissionais ser\u00e1 aprovada no Senado (j\u00e1 passou pela C\u00e2mara). O que muda? Se aprovada, come\u00e7a a valer imediatamente a obrigatoriedade do recolhimento do Fundo de Garantia por Tempo de Servi\u00e7o (FGTS), o pagamento de hora extra, no m\u00ednimo, 50% maior que a hora comum e a contrata\u00e7\u00e3o de seguro contra acidentes do trabalho a cargo do empregador; h\u00e1 ainda outros debates no Minist\u00e9rio do Trabalho que incluem adicional noturno e assist\u00eancia gratuita aos filhos at\u00e9 cinco anos dos empregados em creches e escolas.<br \/>\n\u00c9 verdade, que os direitos dos empregados dom\u00e9sticos sempre foram muito inferiores de outras categorias profissionais, mas essas mudan\u00e7as com certeza v\u00e3o impactar as fam\u00edlias que at\u00e9 ent\u00e3o consideravam no or\u00e7amento os servi\u00e7os dom\u00e9sticos de um profissional. H\u00e1 ainda, e daqui pra frente isto ficar\u00e1 muito mais expl\u00edcito, a demanda exigente por profissionais qualificados, j\u00e1 que a realidade dos avan\u00e7os trabalhistas e garantia de direitos sociais n\u00e3o s\u00e3o compat\u00edveis \u00e0 qualifica\u00e7\u00e3o, ainda que o servi\u00e7o dom\u00e9stico seja segmentado. Isto significa que um profissional contratado s\u00f3 para cozinhar, por exemplo, dever\u00e1 ter hoje conhecimento al\u00e9m de forno e fog\u00e3o; os cuidados sanit\u00e1rios que incluem validade de alimentos e modo de preparo e armazenamento s\u00e3o imprescind\u00edveis para quem pleiteia ter sua carteira assinada como \u201ccozinheiro dom\u00e9stico\u201d. \u00c9 natural que hoje, as fam\u00edlias cobrem mais do que n\u00edvel m\u00e9dio de escolaridade, sim, porque n\u00e3o basta apenas saber ler e escrever, cursos, inclusive, de limpeza est\u00e3o sendo exigidos.<br \/>\nAgora, s\u00f3 os ricos poder\u00e3o ter a figura da empregada dom\u00e9stica mensalista, entre os profissionais que prestam servi\u00e7o \u00e0 fam\u00edlia, e aquelas sem essas condi\u00e7\u00f5es dever\u00e3o rever a divis\u00e3o de trabalho dom\u00e9stico entre os pr\u00f3prios familiares e adequar a casa \u00e0 praticidade que a tecnologia oferece e vez por outra contratar uma diarista. \u00c9 o que fa\u00e7o agora. Desisti de ter empregada h\u00e1 mais de um ano, quando depois de uma s\u00e9rie de tr\u00eas, a \u00faltima ficou dois meses, a anterior dois dias e a anterior a esta, duas semanas. O desgaste para explicar e orientar sobre o servi\u00e7o a ser prestado foi maior do que o resultado da contrata\u00e7\u00e3o. Infelizmente, em cidade do interior, o problema da falta de profissionais qualificados \u00e9 maior ainda.<br \/>\nA demanda pelos servi\u00e7os dom\u00e9sticos n\u00e3o vai acabar, pelo contr\u00e1rio, tende a crescer, dizem os especialistas e quem tiver uma vis\u00e3o de neg\u00f3cios poder\u00e1 at\u00e9 lucrar. Hoje algumas empresas de qualifica\u00e7\u00e3o de m\u00e3o de obra come\u00e7am a fazer sucesso e virar refer\u00eancia de quem procura um profissional que saiba realmente limpar portas e janelas ou que consiga limpar os arm\u00e1rios da cozinha sem uso de abrasivos. Lavar lou\u00e7a pode parecer simples, mas \u00e9 preciso compet\u00eancia para isso, da mesma maneira como arrumar um estante de livros depois de retir\u00e1-los, limp\u00e1-los adequadamente e voltar \u00e0 disposi\u00e7\u00e3o anterior. Coisas aparentemente simples, mas nem tanto assim, pelo menos segundo minhas \u00faltimas experi\u00eancias. Desisti antes que o impacto de custo me atingisse e estou satisfeita com os diaristas (homens e mulheres) ali\u00e1s, acho que mais homens deveriam se dedicar a estas atividades de limpeza e servi\u00e7os dom\u00e9sticos. Nos Estados Unidos e outros pa\u00edses h\u00e1 muito tempo que ter empregado dom\u00e9stico \u00e9 luxo, apenas para as celebridades e os muito ricos. Universit\u00e1rios e profissionais de diversas \u00e1reas, mas desempregados preenchem a demanda como diaristas e est\u00e3o muito satisfeitos, assim como aqueles se utilizam deste servi\u00e7o.<br \/>\nAquele tempo de trazer uma mocinha do interior, com a justificativa de que ao dar lugar para dormir e comida, o sal\u00e1rio e direitos eram menos importantes, acabou. Tudo bem que se voc\u00ea me visitar amanh\u00e3 provavelmente encontrar\u00e1 uma casa&#8230; digamos assim&#8230;, normal: habitada de fato, que as coisas est\u00e3o fora da lugar, papel picado na sala &#8211; tem crian\u00e7a, sabe como \u00e9 que \u00e9 n\u00e9? &#8211;\u00a0 melhor n\u00e3o olhar muito para os cantos das paredes porque poder\u00e1 encontrar uma teia aqui outra acol\u00e1. Fui criada num padr\u00e3o familiar de limpeza, n\u00e3o diria extremada, mas de assepsia e organiza\u00e7\u00e3o e hoje penso que, como outras profiss\u00f5es que desapareceram, aquela que est\u00e1vamos acostumados e que vemos ainda nas novelas brasileiras n\u00e3o existe mais. Por isso, \u00e9 urgente entendermos que a fam\u00edlia precisa rever seus conceitos e dividir tarefas dentro de casa, mesmo se as condi\u00e7\u00f5es permitirem uma diarista semanal, por exemplo. Estamos sempre sendo desafiados \u00e0s novas adequa\u00e7\u00f5es que o mundo moderno nos impele e depois, ando apostando no condicionamento f\u00edsico, perda de calorias e momentos de reflex\u00e3o enquanto executo a limpeza das paredes. Filho rabisca paredes, sabia?<br \/>\nAna L\u00facia<br \/>\neditora do jornal BEIRA-RIO<br \/>\nanalucia@jornalbeirario.com.br<\/p>\n","protected":false},"excerpt":{"rendered":"<p>Algu\u00e9m sabe por onde andam as dom\u00e9sticas e os pedreiros?! O mundo mudou, o Brasil mudou e algumas profiss\u00f5es e of\u00edcios desaparecem. A l\u00f3gica<\/p>\n","protected":false},"author":1,"featured_media":0,"comment_status":"open","ping_status":"open","sticky":false,"template":"","format":"standard","meta":{"pmpro_default_level":"","footnotes":""},"categories":[8],"tags":[],"class_list":["post-6947","post","type-post","status-publish","format-standard","hentry","category-opiniao","pmpro-has-access"],"yoast_head":"<!-- This site is optimized with the Yoast SEO plugin v27.4 - https:\/\/yoast.com\/product\/yoast-seo-wordpress\/ -->\n<title>QUEM PENSA? - JORNAL BEIRA RIO<\/title>\n<meta name=\"robots\" content=\"index, follow, max-snippet:-1, max-image-preview:large, max-video-preview:-1\" \/>\n<link rel=\"canonical\" href=\"https:\/\/jornalbeirario.com.br\/portal\/?p=6947\" \/>\n<meta property=\"og:locale\" content=\"pt_BR\" \/>\n<meta property=\"og:type\" content=\"article\" \/>\n<meta property=\"og:title\" content=\"QUEM PENSA? - JORNAL BEIRA RIO\" \/>\n<meta property=\"og:description\" content=\"Algu\u00e9m sabe por onde andam as dom\u00e9sticas e os pedreiros?! O mundo mudou, o Brasil mudou e algumas profiss\u00f5es e of\u00edcios desaparecem. A l\u00f3gica\" \/>\n<meta property=\"og:url\" content=\"https:\/\/jornalbeirario.com.br\/portal\/?p=6947\" \/>\n<meta property=\"og:site_name\" content=\"JORNAL BEIRA RIO\" \/>\n<meta property=\"article:published_time\" content=\"2013-03-22T12:00:57+00:00\" \/>\n<meta name=\"author\" content=\"Jornal BEIRA-RIO\" \/>\n<meta name=\"twitter:card\" content=\"summary_large_image\" \/>\n<meta name=\"twitter:label1\" content=\"Escrito por\" \/>\n\t<meta name=\"twitter:data1\" content=\"Jornal BEIRA-RIO\" \/>\n\t<meta name=\"twitter:label2\" content=\"Est. tempo de leitura\" \/>\n\t<meta name=\"twitter:data2\" content=\"5 minutos\" \/>\n<script type=\"application\/ld+json\" class=\"yoast-schema-graph\">{\"@context\":\"https:\\\/\\\/schema.org\",\"@graph\":[{\"@type\":\"Article\",\"@id\":\"https:\\\/\\\/jornalbeirario.com.br\\\/portal\\\/?p=6947#article\",\"isPartOf\":{\"@id\":\"https:\\\/\\\/jornalbeirario.com.br\\\/portal\\\/?p=6947\"},\"author\":{\"name\":\"Jornal BEIRA-RIO\",\"@id\":\"https:\\\/\\\/jornalbeirario.com.br\\\/portal\\\/#\\\/schema\\\/person\\\/c6c423e4c2465d2a9233f6539173e7c1\"},\"headline\":\"QUEM PENSA?\",\"datePublished\":\"2013-03-22T12:00:57+00:00\",\"mainEntityOfPage\":{\"@id\":\"https:\\\/\\\/jornalbeirario.com.br\\\/portal\\\/?p=6947\"},\"wordCount\":1041,\"commentCount\":0,\"publisher\":{\"@id\":\"https:\\\/\\\/jornalbeirario.com.br\\\/portal\\\/#organization\"},\"articleSection\":[\"Opini\u00e3o\"],\"inLanguage\":\"pt-BR\",\"potentialAction\":[{\"@type\":\"CommentAction\",\"name\":\"Comment\",\"target\":[\"https:\\\/\\\/jornalbeirario.com.br\\\/portal\\\/?p=6947#respond\"]}]},{\"@type\":\"WebPage\",\"@id\":\"https:\\\/\\\/jornalbeirario.com.br\\\/portal\\\/?p=6947\",\"url\":\"https:\\\/\\\/jornalbeirario.com.br\\\/portal\\\/?p=6947\",\"name\":\"QUEM PENSA? - JORNAL BEIRA RIO\",\"isPartOf\":{\"@id\":\"https:\\\/\\\/jornalbeirario.com.br\\\/portal\\\/#website\"},\"datePublished\":\"2013-03-22T12:00:57+00:00\",\"breadcrumb\":{\"@id\":\"https:\\\/\\\/jornalbeirario.com.br\\\/portal\\\/?p=6947#breadcrumb\"},\"inLanguage\":\"pt-BR\",\"potentialAction\":[{\"@type\":\"ReadAction\",\"target\":[\"https:\\\/\\\/jornalbeirario.com.br\\\/portal\\\/?p=6947\"]}]},{\"@type\":\"BreadcrumbList\",\"@id\":\"https:\\\/\\\/jornalbeirario.com.br\\\/portal\\\/?p=6947#breadcrumb\",\"itemListElement\":[{\"@type\":\"ListItem\",\"position\":1,\"name\":\"Home\",\"item\":\"https:\\\/\\\/jornalbeirario.com.br\\\/portal\"},{\"@type\":\"ListItem\",\"position\":2,\"name\":\"QUEM PENSA?\"}]},{\"@type\":\"WebSite\",\"@id\":\"https:\\\/\\\/jornalbeirario.com.br\\\/portal\\\/#website\",\"url\":\"https:\\\/\\\/jornalbeirario.com.br\\\/portal\\\/\",\"name\":\"JORNAL BEIRA RIO\",\"description\":\"\",\"publisher\":{\"@id\":\"https:\\\/\\\/jornalbeirario.com.br\\\/portal\\\/#organization\"},\"potentialAction\":[{\"@type\":\"SearchAction\",\"target\":{\"@type\":\"EntryPoint\",\"urlTemplate\":\"https:\\\/\\\/jornalbeirario.com.br\\\/portal\\\/?s={search_term_string}\"},\"query-input\":{\"@type\":\"PropertyValueSpecification\",\"valueRequired\":true,\"valueName\":\"search_term_string\"}}],\"inLanguage\":\"pt-BR\"},{\"@type\":\"Organization\",\"@id\":\"https:\\\/\\\/jornalbeirario.com.br\\\/portal\\\/#organization\",\"name\":\"JORNAL BEIRA RIO\",\"url\":\"https:\\\/\\\/jornalbeirario.com.br\\\/portal\\\/\",\"logo\":{\"@type\":\"ImageObject\",\"inLanguage\":\"pt-BR\",\"@id\":\"https:\\\/\\\/jornalbeirario.com.br\\\/portal\\\/#\\\/schema\\\/logo\\\/image\\\/\",\"url\":\"https:\\\/\\\/jornalbeirario.com.br\\\/portal\\\/wp-content\\\/uploads\\\/2017\\\/09\\\/BEIRA-RIO_logo600.png\",\"contentUrl\":\"https:\\\/\\\/jornalbeirario.com.br\\\/portal\\\/wp-content\\\/uploads\\\/2017\\\/09\\\/BEIRA-RIO_logo600.png\",\"width\":650,\"height\":108,\"caption\":\"JORNAL BEIRA RIO\"},\"image\":{\"@id\":\"https:\\\/\\\/jornalbeirario.com.br\\\/portal\\\/#\\\/schema\\\/logo\\\/image\\\/\"}},{\"@type\":\"Person\",\"@id\":\"https:\\\/\\\/jornalbeirario.com.br\\\/portal\\\/#\\\/schema\\\/person\\\/c6c423e4c2465d2a9233f6539173e7c1\",\"name\":\"Jornal BEIRA-RIO\",\"image\":{\"@type\":\"ImageObject\",\"inLanguage\":\"pt-BR\",\"@id\":\"https:\\\/\\\/jornalbeirario.com.br\\\/portal\\\/wp-content\\\/uploads\\\/2023\\\/10\\\/logojbr1.jpg\",\"url\":\"https:\\\/\\\/jornalbeirario.com.br\\\/portal\\\/wp-content\\\/uploads\\\/2023\\\/10\\\/logojbr1.jpg\",\"contentUrl\":\"https:\\\/\\\/jornalbeirario.com.br\\\/portal\\\/wp-content\\\/uploads\\\/2023\\\/10\\\/logojbr1.jpg\",\"caption\":\"Jornal BEIRA-RIO\"},\"url\":\"https:\\\/\\\/jornalbeirario.com.br\\\/portal\\\/?author=1\"}]}<\/script>\n<!-- \/ Yoast SEO plugin. -->","yoast_head_json":{"title":"QUEM PENSA? - JORNAL BEIRA RIO","robots":{"index":"index","follow":"follow","max-snippet":"max-snippet:-1","max-image-preview":"max-image-preview:large","max-video-preview":"max-video-preview:-1"},"canonical":"https:\/\/jornalbeirario.com.br\/portal\/?p=6947","og_locale":"pt_BR","og_type":"article","og_title":"QUEM PENSA? - JORNAL BEIRA RIO","og_description":"Algu\u00e9m sabe por onde andam as dom\u00e9sticas e os pedreiros?! O mundo mudou, o Brasil mudou e algumas profiss\u00f5es e of\u00edcios desaparecem. A l\u00f3gica","og_url":"https:\/\/jornalbeirario.com.br\/portal\/?p=6947","og_site_name":"JORNAL BEIRA RIO","article_published_time":"2013-03-22T12:00:57+00:00","author":"Jornal BEIRA-RIO","twitter_card":"summary_large_image","twitter_misc":{"Escrito por":"Jornal BEIRA-RIO","Est. tempo de leitura":"5 minutos"},"schema":{"@context":"https:\/\/schema.org","@graph":[{"@type":"Article","@id":"https:\/\/jornalbeirario.com.br\/portal\/?p=6947#article","isPartOf":{"@id":"https:\/\/jornalbeirario.com.br\/portal\/?p=6947"},"author":{"name":"Jornal BEIRA-RIO","@id":"https:\/\/jornalbeirario.com.br\/portal\/#\/schema\/person\/c6c423e4c2465d2a9233f6539173e7c1"},"headline":"QUEM PENSA?","datePublished":"2013-03-22T12:00:57+00:00","mainEntityOfPage":{"@id":"https:\/\/jornalbeirario.com.br\/portal\/?p=6947"},"wordCount":1041,"commentCount":0,"publisher":{"@id":"https:\/\/jornalbeirario.com.br\/portal\/#organization"},"articleSection":["Opini\u00e3o"],"inLanguage":"pt-BR","potentialAction":[{"@type":"CommentAction","name":"Comment","target":["https:\/\/jornalbeirario.com.br\/portal\/?p=6947#respond"]}]},{"@type":"WebPage","@id":"https:\/\/jornalbeirario.com.br\/portal\/?p=6947","url":"https:\/\/jornalbeirario.com.br\/portal\/?p=6947","name":"QUEM PENSA? - JORNAL BEIRA RIO","isPartOf":{"@id":"https:\/\/jornalbeirario.com.br\/portal\/#website"},"datePublished":"2013-03-22T12:00:57+00:00","breadcrumb":{"@id":"https:\/\/jornalbeirario.com.br\/portal\/?p=6947#breadcrumb"},"inLanguage":"pt-BR","potentialAction":[{"@type":"ReadAction","target":["https:\/\/jornalbeirario.com.br\/portal\/?p=6947"]}]},{"@type":"BreadcrumbList","@id":"https:\/\/jornalbeirario.com.br\/portal\/?p=6947#breadcrumb","itemListElement":[{"@type":"ListItem","position":1,"name":"Home","item":"https:\/\/jornalbeirario.com.br\/portal"},{"@type":"ListItem","position":2,"name":"QUEM PENSA?"}]},{"@type":"WebSite","@id":"https:\/\/jornalbeirario.com.br\/portal\/#website","url":"https:\/\/jornalbeirario.com.br\/portal\/","name":"JORNAL BEIRA RIO","description":"","publisher":{"@id":"https:\/\/jornalbeirario.com.br\/portal\/#organization"},"potentialAction":[{"@type":"SearchAction","target":{"@type":"EntryPoint","urlTemplate":"https:\/\/jornalbeirario.com.br\/portal\/?s={search_term_string}"},"query-input":{"@type":"PropertyValueSpecification","valueRequired":true,"valueName":"search_term_string"}}],"inLanguage":"pt-BR"},{"@type":"Organization","@id":"https:\/\/jornalbeirario.com.br\/portal\/#organization","name":"JORNAL BEIRA RIO","url":"https:\/\/jornalbeirario.com.br\/portal\/","logo":{"@type":"ImageObject","inLanguage":"pt-BR","@id":"https:\/\/jornalbeirario.com.br\/portal\/#\/schema\/logo\/image\/","url":"https:\/\/jornalbeirario.com.br\/portal\/wp-content\/uploads\/2017\/09\/BEIRA-RIO_logo600.png","contentUrl":"https:\/\/jornalbeirario.com.br\/portal\/wp-content\/uploads\/2017\/09\/BEIRA-RIO_logo600.png","width":650,"height":108,"caption":"JORNAL BEIRA RIO"},"image":{"@id":"https:\/\/jornalbeirario.com.br\/portal\/#\/schema\/logo\/image\/"}},{"@type":"Person","@id":"https:\/\/jornalbeirario.com.br\/portal\/#\/schema\/person\/c6c423e4c2465d2a9233f6539173e7c1","name":"Jornal BEIRA-RIO","image":{"@type":"ImageObject","inLanguage":"pt-BR","@id":"https:\/\/jornalbeirario.com.br\/portal\/wp-content\/uploads\/2023\/10\/logojbr1.jpg","url":"https:\/\/jornalbeirario.com.br\/portal\/wp-content\/uploads\/2023\/10\/logojbr1.jpg","contentUrl":"https:\/\/jornalbeirario.com.br\/portal\/wp-content\/uploads\/2023\/10\/logojbr1.jpg","caption":"Jornal BEIRA-RIO"},"url":"https:\/\/jornalbeirario.com.br\/portal\/?author=1"}]}},"_links":{"self":[{"href":"https:\/\/jornalbeirario.com.br\/portal\/index.php?rest_route=\/wp\/v2\/posts\/6947","targetHints":{"allow":["GET"]}}],"collection":[{"href":"https:\/\/jornalbeirario.com.br\/portal\/index.php?rest_route=\/wp\/v2\/posts"}],"about":[{"href":"https:\/\/jornalbeirario.com.br\/portal\/index.php?rest_route=\/wp\/v2\/types\/post"}],"author":[{"embeddable":true,"href":"https:\/\/jornalbeirario.com.br\/portal\/index.php?rest_route=\/wp\/v2\/users\/1"}],"replies":[{"embeddable":true,"href":"https:\/\/jornalbeirario.com.br\/portal\/index.php?rest_route=%2Fwp%2Fv2%2Fcomments&post=6947"}],"version-history":[{"count":1,"href":"https:\/\/jornalbeirario.com.br\/portal\/index.php?rest_route=\/wp\/v2\/posts\/6947\/revisions"}],"predecessor-version":[{"id":6948,"href":"https:\/\/jornalbeirario.com.br\/portal\/index.php?rest_route=\/wp\/v2\/posts\/6947\/revisions\/6948"}],"wp:attachment":[{"href":"https:\/\/jornalbeirario.com.br\/portal\/index.php?rest_route=%2Fwp%2Fv2%2Fmedia&parent=6947"}],"wp:term":[{"taxonomy":"category","embeddable":true,"href":"https:\/\/jornalbeirario.com.br\/portal\/index.php?rest_route=%2Fwp%2Fv2%2Fcategories&post=6947"},{"taxonomy":"post_tag","embeddable":true,"href":"https:\/\/jornalbeirario.com.br\/portal\/index.php?rest_route=%2Fwp%2Fv2%2Ftags&post=6947"}],"curies":[{"name":"wp","href":"https:\/\/api.w.org\/{rel}","templated":true}]}}