
{"id":69422,"date":"2020-06-12T09:31:59","date_gmt":"2020-06-12T12:31:59","guid":{"rendered":"http:\/\/jornalbeirario.com.br\/portal\/?p=69422"},"modified":"2020-06-12T11:39:30","modified_gmt":"2020-06-12T14:39:30","slug":"prefeitura-de-porto-real-prorroga-barreira-sanitaria-ate-o-dia-30","status":"publish","type":"post","link":"https:\/\/jornalbeirario.com.br\/portal\/?p=69422","title":{"rendered":"Prefeitura de Porto Real prorroga barreira sanit\u00e1ria at\u00e9 o dia 30"},"content":{"rendered":"<p style=\"text-align: justify;\">O aumento de casos confirmados do novo coronav\u00edrus em Porto Real influenciou na decis\u00e3o da Prefeitura, atrav\u00e9s do Gabinete de Crise de Enfrentamento \u00e0 Covid-19, de prorrogar as a\u00e7\u00f5es realizadas atrav\u00e9s das barreiras sanit\u00e1rias at\u00e9 dia 30 de junho. Segundoa dados da Secretaria de Sa\u00fade, um total de 59 moradores e outros 18 n\u00e3o residentes em Porto Real apresentaram altera\u00e7\u00f5es na temperatura corporal entre os meses de abril e maio. \u201cOs casos de coronav\u00edrus subiram durante os \u00faltimos meses e \u00e9 preciso manter o controle desse aumento. As quatro barreiras instaladas auxiliam na conten\u00e7\u00e3o de poss\u00edveis novos casos, contribuindo para inibir a prolifera\u00e7\u00e3o da doen\u00e7a\u201d, afirmou o secret\u00e1rio de Sa\u00fade, Luiz Fernando Curty Jardim.<\/p>\n<p style=\"text-align: justify;\">Ele tamb\u00e9m reiterou os procedimentos realizados quando algu\u00e9m apresenta febre. \u201cSe a pessoa apresentar febre e for moradora, a mesma \u00e9 orientada a procurar uma Unidade de Sa\u00fade da Fam\u00edlia para acompanhamento. Quando n\u00e3o se trata de um morador de Porto Real, o indiv\u00edduo \u00e9 convidado a voltar para o munic\u00edpio de origem e tamb\u00e9m procurar atendimento m\u00e9dico. Nesse caso, a Vigil\u00e2ncia Epidemiol\u00f3gica de Porto Real encaminha os dados \u00e0 Unidade de Sa\u00fade do munic\u00edpio de origem da pessoa e verifica se houve a procura pelo atendimento\u201d, disse.<\/p>\n<p style=\"text-align: justify;\">As barreiras sanit\u00e1rias est\u00e3o localizadas: \u00e0 Avenida Geraldo Ribas, pr\u00f3xima \u00e0 antiga a\u00e7ucareira; Avenida Geraldo Ribas; na divisa com Floriano (Barra Mansa), no bairro F\u00e1tima; Rua Seigo Chokyu, pr\u00f3ximo \u00e0 Secretaria de Ordem P\u00fablica; e em Bulh\u00f5es, na Avenida H.R Pritchad, na entrada do bairro. S\u00e3o 30 guardas municipais e 10 profissionais de sa\u00fade atuando todos os dias em esquema de revezamento.<\/p>\n<p style=\"text-align: justify;\">HOR\u00c1RIO DE FUNCIONAMENTO \u00c9 ALVO DE CR\u00cdTICAS<br \/>\nAs barreiras sanit\u00e1rias vem recebendo alguns elogios por parte de motoristas devido ao tratamento dado pelos agentes que trabalham nos locais. Elas funcionam todos os dias, das 8 \u00e0s 18h, mas tamb\u00e9m recebem cr\u00edticas devido ao hor\u00e1rio de entrada de algumas pessoas no munic\u00edpio. &#8220;Isso e uma palha\u00e7ada porque depois das 19 horas n\u00e3o existem mas barreiras sanit\u00e1rias. Ent\u00e3o isso significa que quem trabalha em outras cidades e chega aqui depois das 19 horas passam normalmente, assim como os caminh\u00f5es de entrega e abastecimento. Ent\u00e3o \u00e9 rid\u00edculo deixar guarda e t\u00e9cnico de enfermagem perdendo tempo nessas barreiras sanit\u00e1rias &#8211; alfinetou uma internauta, nas redes sociais.<\/p>\n<p style=\"text-align: justify;\">Outro internauta tamb\u00e9m questiona a forma como a fiscaliza\u00e7\u00e3o da barreira \u00e9 feita. &#8220;S\u00f3 que funciona at\u00e9 \u00e0s 18h, depois pode todo mundo entra na cidade. Se voc\u00ea passa a p\u00e9 n\u00e3o te para, e de bicicleta tamb\u00e9m n\u00e3o. O covid-19 e s\u00f3 para quem t\u00e1 de carro?&#8221;, completou.<\/p>\n<p style=\"text-align: justify;\">At\u00e9 o momento, segundo dados do \u00faltimo boletim municipal, de 9 de junho, o munic\u00edpio conta com 25 casos do novo coronav\u00edrus, com uma morte registrada.<\/p>\n<p><em>Foto: Divulga\u00e7\u00e3o\/PMPR<\/em><\/p>\n","protected":false},"excerpt":{"rendered":"<p>O aumento de casos confirmados do novo coronav\u00edrus em Porto Real influenciou na decis\u00e3o da Prefeitura, atrav\u00e9s do Gabinete de Crise de Enfrentamento \u00e0<\/p>\n","protected":false},"author":1,"featured_media":69424,"comment_status":"open","ping_status":"open","sticky":false,"template":"","format":"standard","meta":{"pmpro_default_level":"","footnotes":""},"categories":[227,233,18],"tags":[],"class_list":["post-69422","post","type-post","status-publish","format-standard","has-post-thumbnail","hentry","category-manchete","category-regiao","category-saude","pmpro-has-access"],"yoast_head":"<!-- This site is optimized with the Yoast SEO plugin v27.4 - https:\/\/yoast.com\/product\/yoast-seo-wordpress\/ -->\n<title>Prefeitura de Porto Real prorroga barreira sanit\u00e1ria at\u00e9 o dia 30 - JORNAL BEIRA RIO<\/title>\n<meta name=\"robots\" content=\"index, follow, max-snippet:-1, max-image-preview:large, max-video-preview:-1\" \/>\n<link rel=\"canonical\" href=\"https:\/\/jornalbeirario.com.br\/portal\/?p=69422\" \/>\n<meta property=\"og:locale\" content=\"pt_BR\" \/>\n<meta property=\"og:type\" content=\"article\" \/>\n<meta property=\"og:title\" content=\"Prefeitura de Porto Real prorroga barreira sanit\u00e1ria at\u00e9 o dia 30 - JORNAL BEIRA RIO\" \/>\n<meta property=\"og:description\" content=\"O aumento de casos confirmados do novo coronav\u00edrus em Porto Real influenciou na decis\u00e3o da Prefeitura, atrav\u00e9s do Gabinete de Crise de Enfrentamento \u00e0\" \/>\n<meta property=\"og:url\" content=\"https:\/\/jornalbeirario.com.br\/portal\/?p=69422\" \/>\n<meta property=\"og:site_name\" content=\"JORNAL BEIRA RIO\" \/>\n<meta property=\"article:published_time\" content=\"2020-06-12T12:31:59+00:00\" \/>\n<meta property=\"article:modified_time\" content=\"2020-06-12T14:39:30+00:00\" \/>\n<meta property=\"og:image\" content=\"https:\/\/jornalbeirario.com.br\/portal\/wp-content\/uploads\/2020\/06\/barreirapmpr1.jpg\" \/>\n\t<meta property=\"og:image:width\" content=\"1100\" \/>\n\t<meta property=\"og:image:height\" content=\"470\" \/>\n\t<meta property=\"og:image:type\" content=\"image\/jpeg\" \/>\n<meta name=\"author\" content=\"Jornal BEIRA-RIO\" \/>\n<meta name=\"twitter:card\" content=\"summary_large_image\" \/>\n<meta name=\"twitter:label1\" content=\"Escrito por\" \/>\n\t<meta name=\"twitter:data1\" content=\"Jornal BEIRA-RIO\" \/>\n\t<meta name=\"twitter:label2\" content=\"Est. tempo de leitura\" \/>\n\t<meta name=\"twitter:data2\" content=\"2 minutos\" \/>\n<script type=\"application\/ld+json\" class=\"yoast-schema-graph\">{\"@context\":\"https:\\\/\\\/schema.org\",\"@graph\":[{\"@type\":\"Article\",\"@id\":\"https:\\\/\\\/jornalbeirario.com.br\\\/portal\\\/?p=69422#article\",\"isPartOf\":{\"@id\":\"https:\\\/\\\/jornalbeirario.com.br\\\/portal\\\/?p=69422\"},\"author\":{\"name\":\"Jornal BEIRA-RIO\",\"@id\":\"https:\\\/\\\/jornalbeirario.com.br\\\/portal\\\/#\\\/schema\\\/person\\\/c6c423e4c2465d2a9233f6539173e7c1\"},\"headline\":\"Prefeitura de Porto Real prorroga barreira sanit\u00e1ria at\u00e9 o dia 30\",\"datePublished\":\"2020-06-12T12:31:59+00:00\",\"dateModified\":\"2020-06-12T14:39:30+00:00\",\"mainEntityOfPage\":{\"@id\":\"https:\\\/\\\/jornalbeirario.com.br\\\/portal\\\/?p=69422\"},\"wordCount\":508,\"commentCount\":0,\"publisher\":{\"@id\":\"https:\\\/\\\/jornalbeirario.com.br\\\/portal\\\/#organization\"},\"image\":{\"@id\":\"https:\\\/\\\/jornalbeirario.com.br\\\/portal\\\/?p=69422#primaryimage\"},\"thumbnailUrl\":\"https:\\\/\\\/jornalbeirario.com.br\\\/portal\\\/wp-content\\\/uploads\\\/2020\\\/06\\\/barreirapmpr1.jpg\",\"articleSection\":[\"Manchete\",\"Regi\u00e3o\",\"Sa\u00fade\"],\"inLanguage\":\"pt-BR\",\"potentialAction\":[{\"@type\":\"CommentAction\",\"name\":\"Comment\",\"target\":[\"https:\\\/\\\/jornalbeirario.com.br\\\/portal\\\/?p=69422#respond\"]}]},{\"@type\":\"WebPage\",\"@id\":\"https:\\\/\\\/jornalbeirario.com.br\\\/portal\\\/?p=69422\",\"url\":\"https:\\\/\\\/jornalbeirario.com.br\\\/portal\\\/?p=69422\",\"name\":\"Prefeitura de Porto Real prorroga barreira sanit\u00e1ria at\u00e9 o dia 30 - JORNAL BEIRA RIO\",\"isPartOf\":{\"@id\":\"https:\\\/\\\/jornalbeirario.com.br\\\/portal\\\/#website\"},\"primaryImageOfPage\":{\"@id\":\"https:\\\/\\\/jornalbeirario.com.br\\\/portal\\\/?p=69422#primaryimage\"},\"image\":{\"@id\":\"https:\\\/\\\/jornalbeirario.com.br\\\/portal\\\/?p=69422#primaryimage\"},\"thumbnailUrl\":\"https:\\\/\\\/jornalbeirario.com.br\\\/portal\\\/wp-content\\\/uploads\\\/2020\\\/06\\\/barreirapmpr1.jpg\",\"datePublished\":\"2020-06-12T12:31:59+00:00\",\"dateModified\":\"2020-06-12T14:39:30+00:00\",\"breadcrumb\":{\"@id\":\"https:\\\/\\\/jornalbeirario.com.br\\\/portal\\\/?p=69422#breadcrumb\"},\"inLanguage\":\"pt-BR\",\"potentialAction\":[{\"@type\":\"ReadAction\",\"target\":[\"https:\\\/\\\/jornalbeirario.com.br\\\/portal\\\/?p=69422\"]}]},{\"@type\":\"ImageObject\",\"inLanguage\":\"pt-BR\",\"@id\":\"https:\\\/\\\/jornalbeirario.com.br\\\/portal\\\/?p=69422#primaryimage\",\"url\":\"https:\\\/\\\/jornalbeirario.com.br\\\/portal\\\/wp-content\\\/uploads\\\/2020\\\/06\\\/barreirapmpr1.jpg\",\"contentUrl\":\"https:\\\/\\\/jornalbeirario.com.br\\\/portal\\\/wp-content\\\/uploads\\\/2020\\\/06\\\/barreirapmpr1.jpg\",\"width\":1100,\"height\":470},{\"@type\":\"BreadcrumbList\",\"@id\":\"https:\\\/\\\/jornalbeirario.com.br\\\/portal\\\/?p=69422#breadcrumb\",\"itemListElement\":[{\"@type\":\"ListItem\",\"position\":1,\"name\":\"Home\",\"item\":\"https:\\\/\\\/jornalbeirario.com.br\\\/portal\"},{\"@type\":\"ListItem\",\"position\":2,\"name\":\"Prefeitura de Porto Real prorroga barreira sanit\u00e1ria at\u00e9 o dia 30\"}]},{\"@type\":\"WebSite\",\"@id\":\"https:\\\/\\\/jornalbeirario.com.br\\\/portal\\\/#website\",\"url\":\"https:\\\/\\\/jornalbeirario.com.br\\\/portal\\\/\",\"name\":\"JORNAL BEIRA RIO\",\"description\":\"\",\"publisher\":{\"@id\":\"https:\\\/\\\/jornalbeirario.com.br\\\/portal\\\/#organization\"},\"potentialAction\":[{\"@type\":\"SearchAction\",\"target\":{\"@type\":\"EntryPoint\",\"urlTemplate\":\"https:\\\/\\\/jornalbeirario.com.br\\\/portal\\\/?s={search_term_string}\"},\"query-input\":{\"@type\":\"PropertyValueSpecification\",\"valueRequired\":true,\"valueName\":\"search_term_string\"}}],\"inLanguage\":\"pt-BR\"},{\"@type\":\"Organization\",\"@id\":\"https:\\\/\\\/jornalbeirario.com.br\\\/portal\\\/#organization\",\"name\":\"JORNAL BEIRA RIO\",\"url\":\"https:\\\/\\\/jornalbeirario.com.br\\\/portal\\\/\",\"logo\":{\"@type\":\"ImageObject\",\"inLanguage\":\"pt-BR\",\"@id\":\"https:\\\/\\\/jornalbeirario.com.br\\\/portal\\\/#\\\/schema\\\/logo\\\/image\\\/\",\"url\":\"https:\\\/\\\/jornalbeirario.com.br\\\/portal\\\/wp-content\\\/uploads\\\/2017\\\/09\\\/BEIRA-RIO_logo600.png\",\"contentUrl\":\"https:\\\/\\\/jornalbeirario.com.br\\\/portal\\\/wp-content\\\/uploads\\\/2017\\\/09\\\/BEIRA-RIO_logo600.png\",\"width\":650,\"height\":108,\"caption\":\"JORNAL BEIRA RIO\"},\"image\":{\"@id\":\"https:\\\/\\\/jornalbeirario.com.br\\\/portal\\\/#\\\/schema\\\/logo\\\/image\\\/\"}},{\"@type\":\"Person\",\"@id\":\"https:\\\/\\\/jornalbeirario.com.br\\\/portal\\\/#\\\/schema\\\/person\\\/c6c423e4c2465d2a9233f6539173e7c1\",\"name\":\"Jornal BEIRA-RIO\",\"image\":{\"@type\":\"ImageObject\",\"inLanguage\":\"pt-BR\",\"@id\":\"https:\\\/\\\/jornalbeirario.com.br\\\/portal\\\/wp-content\\\/uploads\\\/2023\\\/10\\\/logojbr1.jpg\",\"url\":\"https:\\\/\\\/jornalbeirario.com.br\\\/portal\\\/wp-content\\\/uploads\\\/2023\\\/10\\\/logojbr1.jpg\",\"contentUrl\":\"https:\\\/\\\/jornalbeirario.com.br\\\/portal\\\/wp-content\\\/uploads\\\/2023\\\/10\\\/logojbr1.jpg\",\"caption\":\"Jornal BEIRA-RIO\"},\"url\":\"https:\\\/\\\/jornalbeirario.com.br\\\/portal\\\/?author=1\"}]}<\/script>\n<!-- \/ Yoast SEO plugin. -->","yoast_head_json":{"title":"Prefeitura de Porto Real prorroga barreira sanit\u00e1ria at\u00e9 o dia 30 - JORNAL BEIRA RIO","robots":{"index":"index","follow":"follow","max-snippet":"max-snippet:-1","max-image-preview":"max-image-preview:large","max-video-preview":"max-video-preview:-1"},"canonical":"https:\/\/jornalbeirario.com.br\/portal\/?p=69422","og_locale":"pt_BR","og_type":"article","og_title":"Prefeitura de Porto Real prorroga barreira sanit\u00e1ria at\u00e9 o dia 30 - JORNAL BEIRA RIO","og_description":"O aumento de casos confirmados do novo coronav\u00edrus em Porto Real influenciou na decis\u00e3o da Prefeitura, atrav\u00e9s do Gabinete de Crise de Enfrentamento \u00e0","og_url":"https:\/\/jornalbeirario.com.br\/portal\/?p=69422","og_site_name":"JORNAL BEIRA RIO","article_published_time":"2020-06-12T12:31:59+00:00","article_modified_time":"2020-06-12T14:39:30+00:00","og_image":[{"width":1100,"height":470,"url":"https:\/\/jornalbeirario.com.br\/portal\/wp-content\/uploads\/2020\/06\/barreirapmpr1.jpg","type":"image\/jpeg"}],"author":"Jornal BEIRA-RIO","twitter_card":"summary_large_image","twitter_misc":{"Escrito por":"Jornal BEIRA-RIO","Est. tempo de leitura":"2 minutos"},"schema":{"@context":"https:\/\/schema.org","@graph":[{"@type":"Article","@id":"https:\/\/jornalbeirario.com.br\/portal\/?p=69422#article","isPartOf":{"@id":"https:\/\/jornalbeirario.com.br\/portal\/?p=69422"},"author":{"name":"Jornal BEIRA-RIO","@id":"https:\/\/jornalbeirario.com.br\/portal\/#\/schema\/person\/c6c423e4c2465d2a9233f6539173e7c1"},"headline":"Prefeitura de Porto Real prorroga barreira sanit\u00e1ria at\u00e9 o dia 30","datePublished":"2020-06-12T12:31:59+00:00","dateModified":"2020-06-12T14:39:30+00:00","mainEntityOfPage":{"@id":"https:\/\/jornalbeirario.com.br\/portal\/?p=69422"},"wordCount":508,"commentCount":0,"publisher":{"@id":"https:\/\/jornalbeirario.com.br\/portal\/#organization"},"image":{"@id":"https:\/\/jornalbeirario.com.br\/portal\/?p=69422#primaryimage"},"thumbnailUrl":"https:\/\/jornalbeirario.com.br\/portal\/wp-content\/uploads\/2020\/06\/barreirapmpr1.jpg","articleSection":["Manchete","Regi\u00e3o","Sa\u00fade"],"inLanguage":"pt-BR","potentialAction":[{"@type":"CommentAction","name":"Comment","target":["https:\/\/jornalbeirario.com.br\/portal\/?p=69422#respond"]}]},{"@type":"WebPage","@id":"https:\/\/jornalbeirario.com.br\/portal\/?p=69422","url":"https:\/\/jornalbeirario.com.br\/portal\/?p=69422","name":"Prefeitura de Porto Real prorroga barreira sanit\u00e1ria at\u00e9 o dia 30 - JORNAL BEIRA RIO","isPartOf":{"@id":"https:\/\/jornalbeirario.com.br\/portal\/#website"},"primaryImageOfPage":{"@id":"https:\/\/jornalbeirario.com.br\/portal\/?p=69422#primaryimage"},"image":{"@id":"https:\/\/jornalbeirario.com.br\/portal\/?p=69422#primaryimage"},"thumbnailUrl":"https:\/\/jornalbeirario.com.br\/portal\/wp-content\/uploads\/2020\/06\/barreirapmpr1.jpg","datePublished":"2020-06-12T12:31:59+00:00","dateModified":"2020-06-12T14:39:30+00:00","breadcrumb":{"@id":"https:\/\/jornalbeirario.com.br\/portal\/?p=69422#breadcrumb"},"inLanguage":"pt-BR","potentialAction":[{"@type":"ReadAction","target":["https:\/\/jornalbeirario.com.br\/portal\/?p=69422"]}]},{"@type":"ImageObject","inLanguage":"pt-BR","@id":"https:\/\/jornalbeirario.com.br\/portal\/?p=69422#primaryimage","url":"https:\/\/jornalbeirario.com.br\/portal\/wp-content\/uploads\/2020\/06\/barreirapmpr1.jpg","contentUrl":"https:\/\/jornalbeirario.com.br\/portal\/wp-content\/uploads\/2020\/06\/barreirapmpr1.jpg","width":1100,"height":470},{"@type":"BreadcrumbList","@id":"https:\/\/jornalbeirario.com.br\/portal\/?p=69422#breadcrumb","itemListElement":[{"@type":"ListItem","position":1,"name":"Home","item":"https:\/\/jornalbeirario.com.br\/portal"},{"@type":"ListItem","position":2,"name":"Prefeitura de Porto Real prorroga barreira sanit\u00e1ria at\u00e9 o dia 30"}]},{"@type":"WebSite","@id":"https:\/\/jornalbeirario.com.br\/portal\/#website","url":"https:\/\/jornalbeirario.com.br\/portal\/","name":"JORNAL BEIRA RIO","description":"","publisher":{"@id":"https:\/\/jornalbeirario.com.br\/portal\/#organization"},"potentialAction":[{"@type":"SearchAction","target":{"@type":"EntryPoint","urlTemplate":"https:\/\/jornalbeirario.com.br\/portal\/?s={search_term_string}"},"query-input":{"@type":"PropertyValueSpecification","valueRequired":true,"valueName":"search_term_string"}}],"inLanguage":"pt-BR"},{"@type":"Organization","@id":"https:\/\/jornalbeirario.com.br\/portal\/#organization","name":"JORNAL BEIRA RIO","url":"https:\/\/jornalbeirario.com.br\/portal\/","logo":{"@type":"ImageObject","inLanguage":"pt-BR","@id":"https:\/\/jornalbeirario.com.br\/portal\/#\/schema\/logo\/image\/","url":"https:\/\/jornalbeirario.com.br\/portal\/wp-content\/uploads\/2017\/09\/BEIRA-RIO_logo600.png","contentUrl":"https:\/\/jornalbeirario.com.br\/portal\/wp-content\/uploads\/2017\/09\/BEIRA-RIO_logo600.png","width":650,"height":108,"caption":"JORNAL BEIRA RIO"},"image":{"@id":"https:\/\/jornalbeirario.com.br\/portal\/#\/schema\/logo\/image\/"}},{"@type":"Person","@id":"https:\/\/jornalbeirario.com.br\/portal\/#\/schema\/person\/c6c423e4c2465d2a9233f6539173e7c1","name":"Jornal BEIRA-RIO","image":{"@type":"ImageObject","inLanguage":"pt-BR","@id":"https:\/\/jornalbeirario.com.br\/portal\/wp-content\/uploads\/2023\/10\/logojbr1.jpg","url":"https:\/\/jornalbeirario.com.br\/portal\/wp-content\/uploads\/2023\/10\/logojbr1.jpg","contentUrl":"https:\/\/jornalbeirario.com.br\/portal\/wp-content\/uploads\/2023\/10\/logojbr1.jpg","caption":"Jornal BEIRA-RIO"},"url":"https:\/\/jornalbeirario.com.br\/portal\/?author=1"}]}},"_links":{"self":[{"href":"https:\/\/jornalbeirario.com.br\/portal\/index.php?rest_route=\/wp\/v2\/posts\/69422","targetHints":{"allow":["GET"]}}],"collection":[{"href":"https:\/\/jornalbeirario.com.br\/portal\/index.php?rest_route=\/wp\/v2\/posts"}],"about":[{"href":"https:\/\/jornalbeirario.com.br\/portal\/index.php?rest_route=\/wp\/v2\/types\/post"}],"author":[{"embeddable":true,"href":"https:\/\/jornalbeirario.com.br\/portal\/index.php?rest_route=\/wp\/v2\/users\/1"}],"replies":[{"embeddable":true,"href":"https:\/\/jornalbeirario.com.br\/portal\/index.php?rest_route=%2Fwp%2Fv2%2Fcomments&post=69422"}],"version-history":[{"count":6,"href":"https:\/\/jornalbeirario.com.br\/portal\/index.php?rest_route=\/wp\/v2\/posts\/69422\/revisions"}],"predecessor-version":[{"id":69431,"href":"https:\/\/jornalbeirario.com.br\/portal\/index.php?rest_route=\/wp\/v2\/posts\/69422\/revisions\/69431"}],"wp:featuredmedia":[{"embeddable":true,"href":"https:\/\/jornalbeirario.com.br\/portal\/index.php?rest_route=\/wp\/v2\/media\/69424"}],"wp:attachment":[{"href":"https:\/\/jornalbeirario.com.br\/portal\/index.php?rest_route=%2Fwp%2Fv2%2Fmedia&parent=69422"}],"wp:term":[{"taxonomy":"category","embeddable":true,"href":"https:\/\/jornalbeirario.com.br\/portal\/index.php?rest_route=%2Fwp%2Fv2%2Fcategories&post=69422"},{"taxonomy":"post_tag","embeddable":true,"href":"https:\/\/jornalbeirario.com.br\/portal\/index.php?rest_route=%2Fwp%2Fv2%2Ftags&post=69422"}],"curies":[{"name":"wp","href":"https:\/\/api.w.org\/{rel}","templated":true}]}}