
{"id":69040,"date":"2020-05-18T11:30:04","date_gmt":"2020-05-18T14:30:04","guid":{"rendered":"http:\/\/jornalbeirario.com.br\/portal\/?p=69040"},"modified":"2020-05-18T11:30:04","modified_gmt":"2020-05-18T14:30:04","slug":"uso-em-mascaras-em-resende-e-quatis-passa-a-ser-obrigatorio","status":"publish","type":"post","link":"https:\/\/jornalbeirario.com.br\/portal\/?p=69040","title":{"rendered":"Uso em m\u00e1scaras em Resende e Quatis passa a ser obrigat\u00f3rio"},"content":{"rendered":"<p style=\"text-align: justify;\">A partir de agora, os moradores de Resende e Quatis s\u00f3 poder\u00e3o sair de casa usando m\u00e1scaras. Os prefeitos dos dois munic\u00edpios determinaram atrav\u00e9s de decretos na sexta-feira, dia 15, que o uso do acess\u00f3rio que protege contra o novo coronav\u00edrus (Covid-19) \u00e9 obrigat\u00f3rio.<\/p>\n<p style=\"text-align: justify;\">Em Quatis, a dura\u00e7\u00e3o da medida, v\u00e1lida em \u00e1reas abertas e logradouros p\u00fablicos, ter\u00e1 a mesma extens\u00e3o do per\u00edodo da pandemia. Segundo o decreto assinado pelo prefeito Bruno de Souza (MDB), seu descumprimento pode acarretar em acionamento da Guarda Municipal (GCM) e da Pol\u00edcia Militar, que poder\u00e3o realizar uma advert\u00eancia verbal ou escrita. Em caso de reincid\u00eancia, a pessoa abordada poder\u00e1 ser enquadrada em infra\u00e7\u00e3o penal prevista no artigo 268 do C\u00f3digo Penal Brasileiro, que prev\u00ea\u00a0deten\u00e7\u00e3o, de um m\u00eas a um ano, e multa para quem &#8220;infringir determina\u00e7\u00e3o do poder p\u00fablico, destinada a impedir introdu\u00e7\u00e3o ou propaga\u00e7\u00e3o de doen\u00e7a contagiosa&#8221;.<\/p>\n<p style=\"text-align: justify;\">Souza justificou a medida de tornar o uso da prote\u00e7\u00e3o facial obrigat\u00f3rio baseado nos \u00faltimos dados oficiais divulgados pelo Governo Federal e pelo Governo do Estado do Rio de Janeiro, que ainda apontam para \u201co crescimento da dissemina\u00e7\u00e3o e do cont\u00e1gio viral, sendo imprescind\u00edvel a continuidade de medidas de isolamento social e controle da pandemia dentro do munic\u00edpio\u201d.<\/p>\n<p style=\"text-align: justify;\">Em Resende, o Decreto n\u00ba 13.248, de 12 de maio, determina o uso de m\u00e1scaras no munic\u00edpio. O prefeito Diogo Balieiro (DEM), ao assinar o decreto se baseou na &#8220;necessidade de atualizar as medidas de proibi\u00e7\u00e3o para o enfrentamento do coronav\u00edrus em decorr\u00eancia dos \u00f3bitos (mortes) j\u00e1 confirmados no Munic\u00edpio de Resende e o aumento de pessoas contaminadas&#8221;, al\u00e9m do reconhecimento por v\u00e1rios \u00f3rg\u00e3os, entre eles a Organiza\u00e7\u00e3o Pan-Americana da Sa\u00fade (OPAS), e a Organiza\u00e7\u00e3o Mundial de Sa\u00fade (OMS), da efic\u00e1cia do uso de m\u00e1scara facial como medida de redu\u00e7\u00e3o da contamina\u00e7\u00e3o.<\/p>\n<p style=\"text-align: justify;\">Em seu Artigo 1\u00ba, o decreto obriga o uso de m\u00e1scara profissional ou n\u00e3o-profissional (caseira) em todos os espa\u00e7os p\u00fablicos e vias p\u00fablicas, no interior dos ve\u00edculos de transporte p\u00fablico coletivo e nos ve\u00edculos de transporte de passageiros por aplicativo, entre outros locais. Quem desrespeitar, segundo o Artigo 3\u00ba, estar\u00e1 sujeito \u00e0s penalidades da legisla\u00e7\u00e3o municipal e tamb\u00e9m do Artigo 268 do C\u00f3digo Penal.<\/p>\n<p style=\"text-align: justify;\">TODOS OS PACIENTES CURADOS EM QUATIS<br \/>\nSegundo o \u00faltimo boletim divulgado pela Secretaria de Sa\u00fade de Quatis, todos os seis casos confirmados no munic\u00edpio est\u00e3o recuperados do novo coronav\u00edrus (Covid-19). At\u00e9 o momento, n\u00e3o h\u00e1 mortos pela doen\u00e7a. Al\u00e9m desses registros, h\u00e1 19 casos notificados, sendo oito descartados e cinco suspeitos.<\/p>\n<p style=\"text-align: justify;\">J\u00e1 em Resende, s\u00e3o seis os pacientes mortos pela Covid-19. O munic\u00edpio contabiliza at\u00e9 agora 147 casos confirmados e mais 36 suspeitos, al\u00e9m de 108 pacientes j\u00e1 estarem curados e outros 104 descartados.<\/p>\n","protected":false},"excerpt":{"rendered":"<p>A partir de agora, os moradores de Resende e Quatis s\u00f3 poder\u00e3o sair de casa usando m\u00e1scaras. Os prefeitos dos dois munic\u00edpios determinaram atrav\u00e9s<\/p>\n","protected":false},"author":1,"featured_media":69043,"comment_status":"open","ping_status":"open","sticky":false,"template":"","format":"standard","meta":{"pmpro_default_level":"","footnotes":""},"categories":[1,18],"tags":[],"class_list":["post-69040","post","type-post","status-publish","format-standard","has-post-thumbnail","hentry","category-cidade","category-saude","pmpro-has-access"],"yoast_head":"<!-- This site is optimized with the Yoast SEO plugin v27.4 - https:\/\/yoast.com\/product\/yoast-seo-wordpress\/ -->\n<title>Uso em m\u00e1scaras em Resende e Quatis passa a ser obrigat\u00f3rio - JORNAL BEIRA RIO<\/title>\n<meta name=\"robots\" content=\"index, follow, max-snippet:-1, max-image-preview:large, max-video-preview:-1\" \/>\n<link rel=\"canonical\" href=\"https:\/\/jornalbeirario.com.br\/portal\/?p=69040\" \/>\n<meta property=\"og:locale\" content=\"pt_BR\" \/>\n<meta property=\"og:type\" content=\"article\" \/>\n<meta property=\"og:title\" content=\"Uso em m\u00e1scaras em Resende e Quatis passa a ser obrigat\u00f3rio - JORNAL BEIRA RIO\" \/>\n<meta property=\"og:description\" content=\"A partir de agora, os moradores de Resende e Quatis s\u00f3 poder\u00e3o sair de casa usando m\u00e1scaras. Os prefeitos dos dois munic\u00edpios determinaram atrav\u00e9s\" \/>\n<meta property=\"og:url\" content=\"https:\/\/jornalbeirario.com.br\/portal\/?p=69040\" \/>\n<meta property=\"og:site_name\" content=\"JORNAL BEIRA RIO\" \/>\n<meta property=\"article:published_time\" content=\"2020-05-18T14:30:04+00:00\" \/>\n<meta property=\"og:image\" content=\"https:\/\/jornalbeirario.com.br\/portal\/wp-content\/uploads\/2020\/05\/mascaraprot1.jpg\" \/>\n\t<meta property=\"og:image:width\" content=\"640\" \/>\n\t<meta property=\"og:image:height\" content=\"480\" \/>\n\t<meta property=\"og:image:type\" content=\"image\/jpeg\" \/>\n<meta name=\"author\" content=\"Jornal BEIRA-RIO\" \/>\n<meta name=\"twitter:card\" content=\"summary_large_image\" \/>\n<meta name=\"twitter:label1\" content=\"Escrito por\" \/>\n\t<meta name=\"twitter:data1\" content=\"Jornal BEIRA-RIO\" \/>\n\t<meta name=\"twitter:label2\" content=\"Est. tempo de leitura\" \/>\n\t<meta name=\"twitter:data2\" content=\"2 minutos\" \/>\n<script type=\"application\/ld+json\" class=\"yoast-schema-graph\">{\"@context\":\"https:\\\/\\\/schema.org\",\"@graph\":[{\"@type\":\"Article\",\"@id\":\"https:\\\/\\\/jornalbeirario.com.br\\\/portal\\\/?p=69040#article\",\"isPartOf\":{\"@id\":\"https:\\\/\\\/jornalbeirario.com.br\\\/portal\\\/?p=69040\"},\"author\":{\"name\":\"Jornal BEIRA-RIO\",\"@id\":\"https:\\\/\\\/jornalbeirario.com.br\\\/portal\\\/#\\\/schema\\\/person\\\/c6c423e4c2465d2a9233f6539173e7c1\"},\"headline\":\"Uso em m\u00e1scaras em Resende e Quatis passa a ser obrigat\u00f3rio\",\"datePublished\":\"2020-05-18T14:30:04+00:00\",\"mainEntityOfPage\":{\"@id\":\"https:\\\/\\\/jornalbeirario.com.br\\\/portal\\\/?p=69040\"},\"wordCount\":512,\"commentCount\":0,\"publisher\":{\"@id\":\"https:\\\/\\\/jornalbeirario.com.br\\\/portal\\\/#organization\"},\"image\":{\"@id\":\"https:\\\/\\\/jornalbeirario.com.br\\\/portal\\\/?p=69040#primaryimage\"},\"thumbnailUrl\":\"https:\\\/\\\/jornalbeirario.com.br\\\/portal\\\/wp-content\\\/uploads\\\/2020\\\/05\\\/mascaraprot1.jpg\",\"articleSection\":[\"Cidade\",\"Sa\u00fade\"],\"inLanguage\":\"pt-BR\",\"potentialAction\":[{\"@type\":\"CommentAction\",\"name\":\"Comment\",\"target\":[\"https:\\\/\\\/jornalbeirario.com.br\\\/portal\\\/?p=69040#respond\"]}]},{\"@type\":\"WebPage\",\"@id\":\"https:\\\/\\\/jornalbeirario.com.br\\\/portal\\\/?p=69040\",\"url\":\"https:\\\/\\\/jornalbeirario.com.br\\\/portal\\\/?p=69040\",\"name\":\"Uso em m\u00e1scaras em Resende e Quatis passa a ser obrigat\u00f3rio - JORNAL BEIRA RIO\",\"isPartOf\":{\"@id\":\"https:\\\/\\\/jornalbeirario.com.br\\\/portal\\\/#website\"},\"primaryImageOfPage\":{\"@id\":\"https:\\\/\\\/jornalbeirario.com.br\\\/portal\\\/?p=69040#primaryimage\"},\"image\":{\"@id\":\"https:\\\/\\\/jornalbeirario.com.br\\\/portal\\\/?p=69040#primaryimage\"},\"thumbnailUrl\":\"https:\\\/\\\/jornalbeirario.com.br\\\/portal\\\/wp-content\\\/uploads\\\/2020\\\/05\\\/mascaraprot1.jpg\",\"datePublished\":\"2020-05-18T14:30:04+00:00\",\"breadcrumb\":{\"@id\":\"https:\\\/\\\/jornalbeirario.com.br\\\/portal\\\/?p=69040#breadcrumb\"},\"inLanguage\":\"pt-BR\",\"potentialAction\":[{\"@type\":\"ReadAction\",\"target\":[\"https:\\\/\\\/jornalbeirario.com.br\\\/portal\\\/?p=69040\"]}]},{\"@type\":\"ImageObject\",\"inLanguage\":\"pt-BR\",\"@id\":\"https:\\\/\\\/jornalbeirario.com.br\\\/portal\\\/?p=69040#primaryimage\",\"url\":\"https:\\\/\\\/jornalbeirario.com.br\\\/portal\\\/wp-content\\\/uploads\\\/2020\\\/05\\\/mascaraprot1.jpg\",\"contentUrl\":\"https:\\\/\\\/jornalbeirario.com.br\\\/portal\\\/wp-content\\\/uploads\\\/2020\\\/05\\\/mascaraprot1.jpg\",\"width\":640,\"height\":480,\"caption\":\"Portrait of young woman on the street wearing face protective mask to prevent Coronavirus and anti-smo\"},{\"@type\":\"BreadcrumbList\",\"@id\":\"https:\\\/\\\/jornalbeirario.com.br\\\/portal\\\/?p=69040#breadcrumb\",\"itemListElement\":[{\"@type\":\"ListItem\",\"position\":1,\"name\":\"Home\",\"item\":\"https:\\\/\\\/jornalbeirario.com.br\\\/portal\"},{\"@type\":\"ListItem\",\"position\":2,\"name\":\"Uso em m\u00e1scaras em Resende e Quatis passa a ser obrigat\u00f3rio\"}]},{\"@type\":\"WebSite\",\"@id\":\"https:\\\/\\\/jornalbeirario.com.br\\\/portal\\\/#website\",\"url\":\"https:\\\/\\\/jornalbeirario.com.br\\\/portal\\\/\",\"name\":\"JORNAL BEIRA RIO\",\"description\":\"\",\"publisher\":{\"@id\":\"https:\\\/\\\/jornalbeirario.com.br\\\/portal\\\/#organization\"},\"potentialAction\":[{\"@type\":\"SearchAction\",\"target\":{\"@type\":\"EntryPoint\",\"urlTemplate\":\"https:\\\/\\\/jornalbeirario.com.br\\\/portal\\\/?s={search_term_string}\"},\"query-input\":{\"@type\":\"PropertyValueSpecification\",\"valueRequired\":true,\"valueName\":\"search_term_string\"}}],\"inLanguage\":\"pt-BR\"},{\"@type\":\"Organization\",\"@id\":\"https:\\\/\\\/jornalbeirario.com.br\\\/portal\\\/#organization\",\"name\":\"JORNAL BEIRA RIO\",\"url\":\"https:\\\/\\\/jornalbeirario.com.br\\\/portal\\\/\",\"logo\":{\"@type\":\"ImageObject\",\"inLanguage\":\"pt-BR\",\"@id\":\"https:\\\/\\\/jornalbeirario.com.br\\\/portal\\\/#\\\/schema\\\/logo\\\/image\\\/\",\"url\":\"https:\\\/\\\/jornalbeirario.com.br\\\/portal\\\/wp-content\\\/uploads\\\/2017\\\/09\\\/BEIRA-RIO_logo600.png\",\"contentUrl\":\"https:\\\/\\\/jornalbeirario.com.br\\\/portal\\\/wp-content\\\/uploads\\\/2017\\\/09\\\/BEIRA-RIO_logo600.png\",\"width\":650,\"height\":108,\"caption\":\"JORNAL BEIRA RIO\"},\"image\":{\"@id\":\"https:\\\/\\\/jornalbeirario.com.br\\\/portal\\\/#\\\/schema\\\/logo\\\/image\\\/\"}},{\"@type\":\"Person\",\"@id\":\"https:\\\/\\\/jornalbeirario.com.br\\\/portal\\\/#\\\/schema\\\/person\\\/c6c423e4c2465d2a9233f6539173e7c1\",\"name\":\"Jornal BEIRA-RIO\",\"image\":{\"@type\":\"ImageObject\",\"inLanguage\":\"pt-BR\",\"@id\":\"https:\\\/\\\/jornalbeirario.com.br\\\/portal\\\/wp-content\\\/uploads\\\/2023\\\/10\\\/logojbr1.jpg\",\"url\":\"https:\\\/\\\/jornalbeirario.com.br\\\/portal\\\/wp-content\\\/uploads\\\/2023\\\/10\\\/logojbr1.jpg\",\"contentUrl\":\"https:\\\/\\\/jornalbeirario.com.br\\\/portal\\\/wp-content\\\/uploads\\\/2023\\\/10\\\/logojbr1.jpg\",\"caption\":\"Jornal BEIRA-RIO\"},\"url\":\"https:\\\/\\\/jornalbeirario.com.br\\\/portal\\\/?author=1\"}]}<\/script>\n<!-- \/ Yoast SEO plugin. -->","yoast_head_json":{"title":"Uso em m\u00e1scaras em Resende e Quatis passa a ser obrigat\u00f3rio - JORNAL BEIRA RIO","robots":{"index":"index","follow":"follow","max-snippet":"max-snippet:-1","max-image-preview":"max-image-preview:large","max-video-preview":"max-video-preview:-1"},"canonical":"https:\/\/jornalbeirario.com.br\/portal\/?p=69040","og_locale":"pt_BR","og_type":"article","og_title":"Uso em m\u00e1scaras em Resende e Quatis passa a ser obrigat\u00f3rio - JORNAL BEIRA RIO","og_description":"A partir de agora, os moradores de Resende e Quatis s\u00f3 poder\u00e3o sair de casa usando m\u00e1scaras. Os prefeitos dos dois munic\u00edpios determinaram atrav\u00e9s","og_url":"https:\/\/jornalbeirario.com.br\/portal\/?p=69040","og_site_name":"JORNAL BEIRA RIO","article_published_time":"2020-05-18T14:30:04+00:00","og_image":[{"width":640,"height":480,"url":"https:\/\/jornalbeirario.com.br\/portal\/wp-content\/uploads\/2020\/05\/mascaraprot1.jpg","type":"image\/jpeg"}],"author":"Jornal BEIRA-RIO","twitter_card":"summary_large_image","twitter_misc":{"Escrito por":"Jornal BEIRA-RIO","Est. tempo de leitura":"2 minutos"},"schema":{"@context":"https:\/\/schema.org","@graph":[{"@type":"Article","@id":"https:\/\/jornalbeirario.com.br\/portal\/?p=69040#article","isPartOf":{"@id":"https:\/\/jornalbeirario.com.br\/portal\/?p=69040"},"author":{"name":"Jornal BEIRA-RIO","@id":"https:\/\/jornalbeirario.com.br\/portal\/#\/schema\/person\/c6c423e4c2465d2a9233f6539173e7c1"},"headline":"Uso em m\u00e1scaras em Resende e Quatis passa a ser obrigat\u00f3rio","datePublished":"2020-05-18T14:30:04+00:00","mainEntityOfPage":{"@id":"https:\/\/jornalbeirario.com.br\/portal\/?p=69040"},"wordCount":512,"commentCount":0,"publisher":{"@id":"https:\/\/jornalbeirario.com.br\/portal\/#organization"},"image":{"@id":"https:\/\/jornalbeirario.com.br\/portal\/?p=69040#primaryimage"},"thumbnailUrl":"https:\/\/jornalbeirario.com.br\/portal\/wp-content\/uploads\/2020\/05\/mascaraprot1.jpg","articleSection":["Cidade","Sa\u00fade"],"inLanguage":"pt-BR","potentialAction":[{"@type":"CommentAction","name":"Comment","target":["https:\/\/jornalbeirario.com.br\/portal\/?p=69040#respond"]}]},{"@type":"WebPage","@id":"https:\/\/jornalbeirario.com.br\/portal\/?p=69040","url":"https:\/\/jornalbeirario.com.br\/portal\/?p=69040","name":"Uso em m\u00e1scaras em Resende e Quatis passa a ser obrigat\u00f3rio - JORNAL BEIRA RIO","isPartOf":{"@id":"https:\/\/jornalbeirario.com.br\/portal\/#website"},"primaryImageOfPage":{"@id":"https:\/\/jornalbeirario.com.br\/portal\/?p=69040#primaryimage"},"image":{"@id":"https:\/\/jornalbeirario.com.br\/portal\/?p=69040#primaryimage"},"thumbnailUrl":"https:\/\/jornalbeirario.com.br\/portal\/wp-content\/uploads\/2020\/05\/mascaraprot1.jpg","datePublished":"2020-05-18T14:30:04+00:00","breadcrumb":{"@id":"https:\/\/jornalbeirario.com.br\/portal\/?p=69040#breadcrumb"},"inLanguage":"pt-BR","potentialAction":[{"@type":"ReadAction","target":["https:\/\/jornalbeirario.com.br\/portal\/?p=69040"]}]},{"@type":"ImageObject","inLanguage":"pt-BR","@id":"https:\/\/jornalbeirario.com.br\/portal\/?p=69040#primaryimage","url":"https:\/\/jornalbeirario.com.br\/portal\/wp-content\/uploads\/2020\/05\/mascaraprot1.jpg","contentUrl":"https:\/\/jornalbeirario.com.br\/portal\/wp-content\/uploads\/2020\/05\/mascaraprot1.jpg","width":640,"height":480,"caption":"Portrait of young woman on the street wearing face protective mask to prevent Coronavirus and anti-smo"},{"@type":"BreadcrumbList","@id":"https:\/\/jornalbeirario.com.br\/portal\/?p=69040#breadcrumb","itemListElement":[{"@type":"ListItem","position":1,"name":"Home","item":"https:\/\/jornalbeirario.com.br\/portal"},{"@type":"ListItem","position":2,"name":"Uso em m\u00e1scaras em Resende e Quatis passa a ser obrigat\u00f3rio"}]},{"@type":"WebSite","@id":"https:\/\/jornalbeirario.com.br\/portal\/#website","url":"https:\/\/jornalbeirario.com.br\/portal\/","name":"JORNAL BEIRA RIO","description":"","publisher":{"@id":"https:\/\/jornalbeirario.com.br\/portal\/#organization"},"potentialAction":[{"@type":"SearchAction","target":{"@type":"EntryPoint","urlTemplate":"https:\/\/jornalbeirario.com.br\/portal\/?s={search_term_string}"},"query-input":{"@type":"PropertyValueSpecification","valueRequired":true,"valueName":"search_term_string"}}],"inLanguage":"pt-BR"},{"@type":"Organization","@id":"https:\/\/jornalbeirario.com.br\/portal\/#organization","name":"JORNAL BEIRA RIO","url":"https:\/\/jornalbeirario.com.br\/portal\/","logo":{"@type":"ImageObject","inLanguage":"pt-BR","@id":"https:\/\/jornalbeirario.com.br\/portal\/#\/schema\/logo\/image\/","url":"https:\/\/jornalbeirario.com.br\/portal\/wp-content\/uploads\/2017\/09\/BEIRA-RIO_logo600.png","contentUrl":"https:\/\/jornalbeirario.com.br\/portal\/wp-content\/uploads\/2017\/09\/BEIRA-RIO_logo600.png","width":650,"height":108,"caption":"JORNAL BEIRA RIO"},"image":{"@id":"https:\/\/jornalbeirario.com.br\/portal\/#\/schema\/logo\/image\/"}},{"@type":"Person","@id":"https:\/\/jornalbeirario.com.br\/portal\/#\/schema\/person\/c6c423e4c2465d2a9233f6539173e7c1","name":"Jornal BEIRA-RIO","image":{"@type":"ImageObject","inLanguage":"pt-BR","@id":"https:\/\/jornalbeirario.com.br\/portal\/wp-content\/uploads\/2023\/10\/logojbr1.jpg","url":"https:\/\/jornalbeirario.com.br\/portal\/wp-content\/uploads\/2023\/10\/logojbr1.jpg","contentUrl":"https:\/\/jornalbeirario.com.br\/portal\/wp-content\/uploads\/2023\/10\/logojbr1.jpg","caption":"Jornal BEIRA-RIO"},"url":"https:\/\/jornalbeirario.com.br\/portal\/?author=1"}]}},"_links":{"self":[{"href":"https:\/\/jornalbeirario.com.br\/portal\/index.php?rest_route=\/wp\/v2\/posts\/69040","targetHints":{"allow":["GET"]}}],"collection":[{"href":"https:\/\/jornalbeirario.com.br\/portal\/index.php?rest_route=\/wp\/v2\/posts"}],"about":[{"href":"https:\/\/jornalbeirario.com.br\/portal\/index.php?rest_route=\/wp\/v2\/types\/post"}],"author":[{"embeddable":true,"href":"https:\/\/jornalbeirario.com.br\/portal\/index.php?rest_route=\/wp\/v2\/users\/1"}],"replies":[{"embeddable":true,"href":"https:\/\/jornalbeirario.com.br\/portal\/index.php?rest_route=%2Fwp%2Fv2%2Fcomments&post=69040"}],"version-history":[{"count":2,"href":"https:\/\/jornalbeirario.com.br\/portal\/index.php?rest_route=\/wp\/v2\/posts\/69040\/revisions"}],"predecessor-version":[{"id":69042,"href":"https:\/\/jornalbeirario.com.br\/portal\/index.php?rest_route=\/wp\/v2\/posts\/69040\/revisions\/69042"}],"wp:featuredmedia":[{"embeddable":true,"href":"https:\/\/jornalbeirario.com.br\/portal\/index.php?rest_route=\/wp\/v2\/media\/69043"}],"wp:attachment":[{"href":"https:\/\/jornalbeirario.com.br\/portal\/index.php?rest_route=%2Fwp%2Fv2%2Fmedia&parent=69040"}],"wp:term":[{"taxonomy":"category","embeddable":true,"href":"https:\/\/jornalbeirario.com.br\/portal\/index.php?rest_route=%2Fwp%2Fv2%2Fcategories&post=69040"},{"taxonomy":"post_tag","embeddable":true,"href":"https:\/\/jornalbeirario.com.br\/portal\/index.php?rest_route=%2Fwp%2Fv2%2Ftags&post=69040"}],"curies":[{"name":"wp","href":"https:\/\/api.w.org\/{rel}","templated":true}]}}