
{"id":68066,"date":"2020-03-22T16:59:16","date_gmt":"2020-03-22T19:59:16","guid":{"rendered":"http:\/\/jornalbeirario.com.br\/portal\/?p=68066"},"modified":"2020-03-23T10:44:24","modified_gmt":"2020-03-23T13:44:24","slug":"vacinacao-contra-a-gripe-comeca-nesta-segunda-feira-em-toda-a-regiao","status":"publish","type":"post","link":"https:\/\/jornalbeirario.com.br\/portal\/?p=68066","title":{"rendered":"Vacina\u00e7\u00e3o contra a gripe come\u00e7a nesta segunda-feira em toda a regi\u00e3o"},"content":{"rendered":"<figure id=\"attachment_68093\" aria-describedby=\"caption-attachment-68093\" style=\"width: 715px\" class=\"wp-caption aligncenter\"><img loading=\"lazy\" decoding=\"async\" class=\"wp-image-68093 size-large\" src=\"https:\/\/jornalbeirario.com.br\/portal\/wp-content\/uploads\/2020\/03\/vacinacao1-1024x438.jpg\" alt=\"\" width=\"715\" height=\"306\" srcset=\"https:\/\/jornalbeirario.com.br\/portal\/wp-content\/uploads\/2020\/03\/vacinacao1-1024x438.jpg 1024w, https:\/\/jornalbeirario.com.br\/portal\/wp-content\/uploads\/2020\/03\/vacinacao1-300x128.jpg 300w, https:\/\/jornalbeirario.com.br\/portal\/wp-content\/uploads\/2020\/03\/vacinacao1-768x328.jpg 768w, https:\/\/jornalbeirario.com.br\/portal\/wp-content\/uploads\/2020\/03\/vacinacao1.jpg 1100w\" sizes=\"auto, (max-width: 715px) 100vw, 715px\" \/><figcaption id=\"caption-attachment-68093\" class=\"wp-caption-text\">Minst\u00e9rio da Sa\u00fade divulga propaganda do Movimento Vacina Brasil Contra a Gripe (Foto: Reprodu\u00e7\u00e3o\/MS)<\/figcaption><\/figure>\n<p style=\"text-align: justify;\">Nesta segunda-feira, dia 23, mais uma medida ser\u00e1 tomada nos munic\u00edpios brasileiros para o enfrentamento a pandemia do novo coronav\u00edrus: a antecipa\u00e7\u00e3o da campanha de vacina\u00e7\u00e3o contra a gripe, que tradicionalmente come\u00e7a em abril. Seguindo o determinado pelo Minist\u00e9rio da Sa\u00fade, os munic\u00edpios da Regi\u00e3o das Agulhas Negras j\u00e1 publicaram seus calend\u00e1rios. Confira:<\/p>\n<p style=\"text-align: justify;\">RESENDE<br \/>\nSegundo a Secretaria de Sa\u00fade, com o objetivo de prevenir os casos de gripe, mais comuns no per\u00edodo de baixa temperatura, a Prefeitura de Resende definiu o calend\u00e1rio da campanha de vacina\u00e7\u00e3o contra o v\u00edrus Influenza (gripe). As vacinas estar\u00e3o dispon\u00edveis em todos os Postos de Sa\u00fade para gestantes, idosos, professores, profissionais da sa\u00fade, profissionais de for\u00e7as de seguran\u00e7a e salvamento, pu\u00e9rperas (mulheres com at\u00e9 45 dias ap\u00f3s o parto) e crian\u00e7as com idade entre seis meses e 6 anos e indiv\u00edduos com idade entre 55 e 59 anos.<\/p>\n<p style=\"text-align: justify;\">Com exce\u00e7\u00e3o dos primeiros grupos contemplados (gestantes, idosos, pessoas com comorbidades, deficientes e profissionais da sa\u00fade), cada grupo ter\u00e1 um prazo espec\u00edfico para se vacinar. Mas, ao final da campanha, todos os grupos voltar\u00e3o a ter uma \u00faltima oportunidade, do dia 11 de maio ao dia 22 do mesmo m\u00eas.<\/p>\n<p style=\"text-align: justify;\">No caso dos deficientes e pessoas com comorbidades, somente ser\u00e3o vacinados as doen\u00e7as especificadas com prescri\u00e7\u00e3o m\u00e9dica. Para os profissionais da sa\u00fade, ser\u00e3o vacinados todos os trabalhadores de sa\u00fade dos servi\u00e7os p\u00fablicos e privados, nos diferentes n\u00edveis de complexidade. Os estagi\u00e1rios deste setor s\u00f3 ser\u00e3o vacinados se atuarem dentro do CTI.<\/p>\n<p style=\"text-align: justify;\">Pelo calend\u00e1rio do munic\u00edpio, os primeiros a receber as vacinas ser\u00e3o os idosos e as gestantes, a partir desta segunda-feira at\u00e9 o final da campanha. J\u00e1 os pacientes com comorbidades e os deficientes dever\u00e3o se vacinar at\u00e9 o dia 27 deste m\u00eas; crian\u00e7as de 6 meses a 6 anos dever\u00e3o ser levadas pelos pais ou respons\u00e1veis a partir do dia 30 at\u00e9 o dia 9 de abril; professores e profissionais de for\u00e7as de seguran\u00e7a e salvamento ser\u00e3o imunizados de 13 a 24 de abril e indiv\u00edduos de 55 a 59 anos e pu\u00e9rperas dever\u00e3o procurar os postos de 27 de abril a 8 de maio. J\u00e1 o Dia D de Vacina\u00e7\u00e3o ser\u00e1 em 9 de maio.<\/p>\n<p style=\"text-align: justify;\">Os idosos com mais de 80 anos e com mais de 60 anos com mobilidade reduzida receber\u00e3o a vacina em casa, atrav\u00e9s das equipes de Sa\u00fade da Fam\u00edlia e do Programa Melhor em Casa. Os profisssionais da sa\u00fade ser\u00e3o imunizados na unidade de sa\u00fade onde trabalha ou no posto de sa\u00fade mais pr\u00f3ximo de casa. Os demais grupos ser\u00e3o vacinados nos postos de sa\u00fade.<\/p>\n<p style=\"text-align: justify;\">ITATIAIA<br \/>\nA exemplo de Resende, os idosos (junto com os profissionais de sa\u00fade) ser\u00e3o os primeiros a receber vacina contra a gripe. A campanha acontece em todos os postos de sa\u00fade de Itatiaia, e a medida segue o sugerido pelo Minist\u00e9rio da Sa\u00fade, que inverteu a ordem de p\u00fablico-alvo da Campanha Nacional de Vacina\u00e7\u00e3o e por isso, primeiro, ser\u00e3o vacinados os idosos e os trabalhadores de sa\u00fade, que atuam na linha de frente do atendimento \u00e0 popula\u00e7\u00e3o.<\/p>\n<p style=\"text-align: justify;\">A vacina\u00e7\u00e3o na segunda-feira ter\u00e1 in\u00edcio a partir das 13 at\u00e9 \u00e0s 17h. Nos outros dias, a imuniza\u00e7\u00e3o ser\u00e1 realizada de 8 \u00e0s 17h. Segundo a coordenadora de Imuniza\u00e7\u00e3o de Itatiaia, Andrea Millen, a prioriza\u00e7\u00e3o dos idosos nessa primeira etapa, mesmo diante da n\u00e3o efic\u00e1cia da vacina de Influenza contra o coronav\u00edrus, \u00e9 uma forma de auxiliar os profissionais de sa\u00fade a descartarem as influenzas na triagem e acelerarem o diagn\u00f3stico para a Covid-19.<\/p>\n<p style=\"text-align: justify;\">&#8211; Os profissionais de sa\u00fade ser\u00e3o vacinados em seus postos de trabalho. Estamos tra\u00e7ando estrat\u00e9gias e a equipe est\u00e1 preparada. A vacina\u00e7\u00e3o ser\u00e1 feita de forma r\u00e1pida, n\u00e3o vamos realizar preenchimento do cart\u00e3o de vacina, por exemplo. O idoso vai chegar, receber\u00e1 a dose e ser\u00e1 colocado apenas a idade no cart\u00e3o. Precisamos proteger os mais vulner\u00e1veis e os que est\u00e3o na linha de frente no atendimento. \u00c9 importante garantir que essas pessoas evitem filas nos postos de sa\u00fade. Nosso desafio \u00e9 realizar a campanha com seguran\u00e7a e evitar aglomera\u00e7\u00f5es \u2013 afirmou Andrea.<\/p>\n<p style=\"text-align: justify;\">A campanha de vacina\u00e7\u00e3o acontecer\u00e1 at\u00e9 o dia 22 de maio. O p\u00fablico-alvo completo ter\u00e1 ainda gestantes, professores, profissionais de for\u00e7as de seguran\u00e7a e salvamento, pu\u00e9rperas (mulheres com at\u00e9 45 dias ap\u00f3s o parto) e crian\u00e7as com idade entre seis meses e 6 anos e indiv\u00edduos com idade entre 55 e 59 anos.<\/p>\n<p style=\"text-align: justify;\">PORTO REAL<br \/>\nSegundo a diretora de Aten\u00e7\u00e3o B\u00e1sica (da Secretaria de Sa\u00fade), Irma Provazzi, a preocupa\u00e7\u00e3o especial ser\u00e1 com os idosos, hipertensos e acamados. &#8220;Todos os idosos que a equipe (da Aten\u00e7\u00e3o B\u00e1sica) j\u00e1 conhece, n\u00f3s estaremos comparecendo nas resid\u00eancias para realizar a vacina\u00e7\u00e3o em casa, assim eles n\u00e3o precisar\u00e3o de sair para ir aos postos. Dois carros da Aten\u00e7\u00e3o Prim\u00e1ria estar\u00e3o nesses locais onde vivem as pessoas que est\u00e3o impossibilitadas de sair&#8221;, explicou.<\/p>\n<p style=\"text-align: justify;\">Com exce\u00e7\u00e3o desses casos, a Secretaria de Sa\u00fade local seguir\u00e1 dentro dos postos de sa\u00fade o calend\u00e1rio do Minist\u00e9rio da Sa\u00fade a partir desta segunda-feira para cada um dos grupos: Dia 23 de mar\u00e7o &#8211; Idosos (de 60 anos ou mais) e trabalhadores da \u00e1rea da sa\u00fade; Dia 16 de abril &#8211; Professores, profissionais da \u00e1rea de seguran\u00e7a\/salva\u00e7\u00e3o e portadores de comorbidades; Dia 9 de maio (Dia 9 de Vacina\u00e7\u00e3o) &#8211; Al\u00e9m dos grupos anteriores, crian\u00e7as de 6 meses a 6 anos, gestantes e pu\u00e9rperas (mulheres que est\u00e3o nos 45 dias de p\u00f3s-parto) e adultos de 55 a 59 anos.<\/p>\n<p style=\"text-align: justify;\">O secret\u00e1rio de Sa\u00fade, Luiz Fernando Curty Jardim, no entanto, enfatiza que n\u00e3o h\u00e1 necessidade de correr aos postos para se vacinar. \u201c\u00c9 importante a vacina\u00e7\u00e3o contra a Gripe, mas n\u00e3o h\u00e1 necessidade de uma corrida \u00e0s unidades de sa\u00fade, porque \u00e9 preciso evitar aglomera\u00e7\u00f5es, sobretudo nos primeiros dias. Idosos n\u00e3o cadastrados tamb\u00e9m poder\u00e3o ser vacinados nas resid\u00eancias, seja solicitando diretamente \u00e0s equipes de rua, estendendo um pano branco na fachada do domic\u00edlio ou ligando para a Secretaria de Sa\u00fade, pelo telefone 3353-4899, para agendamento. Nossa orienta\u00e7\u00e3o \u00e9 que os idosos fiquem em casa o m\u00e1ximo de tempo poss\u00edvel\u201d, encerrou Jardim.<\/p>\n<p style=\"text-align: justify;\">Lembrando mais uma vez que a vacina apenas protege contra as cepas do v\u00edrus Influenza (gripe), entre elas a H1N1, mas a imuniza\u00e7\u00e3o facilita a triagem dos casos de Covid-19, descartando a possibilidade do paciente ter a gripe. At\u00e9 o fechamento desta mat\u00e9ria, a Prefeitura de Quatis n\u00e3o havia divulgado a sua programa\u00e7\u00e3o.<\/p>\n","protected":false},"excerpt":{"rendered":"<p>Nesta segunda-feira, dia 23, mais uma medida ser\u00e1 tomada nos munic\u00edpios brasileiros para o enfrentamento a pandemia do novo coronav\u00edrus: a antecipa\u00e7\u00e3o da campanha<\/p>\n","protected":false},"author":1,"featured_media":68093,"comment_status":"open","ping_status":"open","sticky":false,"template":"","format":"standard","meta":{"pmpro_default_level":"","footnotes":""},"categories":[227,233,18],"tags":[],"class_list":["post-68066","post","type-post","status-publish","format-standard","has-post-thumbnail","hentry","category-manchete","category-regiao","category-saude","pmpro-has-access"],"yoast_head":"<!-- This site is optimized with the Yoast SEO plugin v27.4 - https:\/\/yoast.com\/product\/yoast-seo-wordpress\/ -->\n<title>Vacina\u00e7\u00e3o contra a gripe come\u00e7a nesta segunda-feira em toda a regi\u00e3o - JORNAL BEIRA RIO<\/title>\n<meta name=\"robots\" content=\"index, follow, max-snippet:-1, max-image-preview:large, max-video-preview:-1\" \/>\n<link rel=\"canonical\" href=\"https:\/\/jornalbeirario.com.br\/portal\/?p=68066\" \/>\n<meta property=\"og:locale\" content=\"pt_BR\" \/>\n<meta property=\"og:type\" content=\"article\" \/>\n<meta property=\"og:title\" content=\"Vacina\u00e7\u00e3o contra a gripe come\u00e7a nesta segunda-feira em toda a regi\u00e3o - JORNAL BEIRA RIO\" \/>\n<meta property=\"og:description\" content=\"Nesta segunda-feira, dia 23, mais uma medida ser\u00e1 tomada nos munic\u00edpios brasileiros para o enfrentamento a pandemia do novo coronav\u00edrus: a antecipa\u00e7\u00e3o da campanha\" \/>\n<meta property=\"og:url\" content=\"https:\/\/jornalbeirario.com.br\/portal\/?p=68066\" \/>\n<meta property=\"og:site_name\" content=\"JORNAL BEIRA RIO\" \/>\n<meta property=\"article:published_time\" content=\"2020-03-22T19:59:16+00:00\" \/>\n<meta property=\"article:modified_time\" content=\"2020-03-23T13:44:24+00:00\" \/>\n<meta property=\"og:image\" content=\"https:\/\/jornalbeirario.com.br\/portal\/wp-content\/uploads\/2020\/03\/vacinacao1.jpg\" \/>\n\t<meta property=\"og:image:width\" content=\"1100\" \/>\n\t<meta property=\"og:image:height\" content=\"470\" \/>\n\t<meta property=\"og:image:type\" content=\"image\/jpeg\" \/>\n<meta name=\"author\" content=\"Jornal BEIRA-RIO\" \/>\n<meta name=\"twitter:card\" content=\"summary_large_image\" \/>\n<meta name=\"twitter:label1\" content=\"Escrito por\" \/>\n\t<meta name=\"twitter:data1\" content=\"Jornal BEIRA-RIO\" \/>\n\t<meta name=\"twitter:label2\" content=\"Est. tempo de leitura\" \/>\n\t<meta name=\"twitter:data2\" content=\"6 minutos\" \/>\n<script type=\"application\/ld+json\" class=\"yoast-schema-graph\">{\"@context\":\"https:\\\/\\\/schema.org\",\"@graph\":[{\"@type\":\"Article\",\"@id\":\"https:\\\/\\\/jornalbeirario.com.br\\\/portal\\\/?p=68066#article\",\"isPartOf\":{\"@id\":\"https:\\\/\\\/jornalbeirario.com.br\\\/portal\\\/?p=68066\"},\"author\":{\"name\":\"Jornal BEIRA-RIO\",\"@id\":\"https:\\\/\\\/jornalbeirario.com.br\\\/portal\\\/#\\\/schema\\\/person\\\/c6c423e4c2465d2a9233f6539173e7c1\"},\"headline\":\"Vacina\u00e7\u00e3o contra a gripe come\u00e7a nesta segunda-feira em toda a regi\u00e3o\",\"datePublished\":\"2020-03-22T19:59:16+00:00\",\"dateModified\":\"2020-03-23T13:44:24+00:00\",\"mainEntityOfPage\":{\"@id\":\"https:\\\/\\\/jornalbeirario.com.br\\\/portal\\\/?p=68066\"},\"wordCount\":1206,\"commentCount\":0,\"publisher\":{\"@id\":\"https:\\\/\\\/jornalbeirario.com.br\\\/portal\\\/#organization\"},\"image\":{\"@id\":\"https:\\\/\\\/jornalbeirario.com.br\\\/portal\\\/?p=68066#primaryimage\"},\"thumbnailUrl\":\"https:\\\/\\\/jornalbeirario.com.br\\\/portal\\\/wp-content\\\/uploads\\\/2020\\\/03\\\/vacinacao1.jpg\",\"articleSection\":[\"Manchete\",\"Regi\u00e3o\",\"Sa\u00fade\"],\"inLanguage\":\"pt-BR\",\"potentialAction\":[{\"@type\":\"CommentAction\",\"name\":\"Comment\",\"target\":[\"https:\\\/\\\/jornalbeirario.com.br\\\/portal\\\/?p=68066#respond\"]}]},{\"@type\":\"WebPage\",\"@id\":\"https:\\\/\\\/jornalbeirario.com.br\\\/portal\\\/?p=68066\",\"url\":\"https:\\\/\\\/jornalbeirario.com.br\\\/portal\\\/?p=68066\",\"name\":\"Vacina\u00e7\u00e3o contra a gripe come\u00e7a nesta segunda-feira em toda a regi\u00e3o - JORNAL BEIRA RIO\",\"isPartOf\":{\"@id\":\"https:\\\/\\\/jornalbeirario.com.br\\\/portal\\\/#website\"},\"primaryImageOfPage\":{\"@id\":\"https:\\\/\\\/jornalbeirario.com.br\\\/portal\\\/?p=68066#primaryimage\"},\"image\":{\"@id\":\"https:\\\/\\\/jornalbeirario.com.br\\\/portal\\\/?p=68066#primaryimage\"},\"thumbnailUrl\":\"https:\\\/\\\/jornalbeirario.com.br\\\/portal\\\/wp-content\\\/uploads\\\/2020\\\/03\\\/vacinacao1.jpg\",\"datePublished\":\"2020-03-22T19:59:16+00:00\",\"dateModified\":\"2020-03-23T13:44:24+00:00\",\"breadcrumb\":{\"@id\":\"https:\\\/\\\/jornalbeirario.com.br\\\/portal\\\/?p=68066#breadcrumb\"},\"inLanguage\":\"pt-BR\",\"potentialAction\":[{\"@type\":\"ReadAction\",\"target\":[\"https:\\\/\\\/jornalbeirario.com.br\\\/portal\\\/?p=68066\"]}]},{\"@type\":\"ImageObject\",\"inLanguage\":\"pt-BR\",\"@id\":\"https:\\\/\\\/jornalbeirario.com.br\\\/portal\\\/?p=68066#primaryimage\",\"url\":\"https:\\\/\\\/jornalbeirario.com.br\\\/portal\\\/wp-content\\\/uploads\\\/2020\\\/03\\\/vacinacao1.jpg\",\"contentUrl\":\"https:\\\/\\\/jornalbeirario.com.br\\\/portal\\\/wp-content\\\/uploads\\\/2020\\\/03\\\/vacinacao1.jpg\",\"width\":1100,\"height\":470},{\"@type\":\"BreadcrumbList\",\"@id\":\"https:\\\/\\\/jornalbeirario.com.br\\\/portal\\\/?p=68066#breadcrumb\",\"itemListElement\":[{\"@type\":\"ListItem\",\"position\":1,\"name\":\"Home\",\"item\":\"https:\\\/\\\/jornalbeirario.com.br\\\/portal\"},{\"@type\":\"ListItem\",\"position\":2,\"name\":\"Vacina\u00e7\u00e3o contra a gripe come\u00e7a nesta segunda-feira em toda a regi\u00e3o\"}]},{\"@type\":\"WebSite\",\"@id\":\"https:\\\/\\\/jornalbeirario.com.br\\\/portal\\\/#website\",\"url\":\"https:\\\/\\\/jornalbeirario.com.br\\\/portal\\\/\",\"name\":\"JORNAL BEIRA RIO\",\"description\":\"\",\"publisher\":{\"@id\":\"https:\\\/\\\/jornalbeirario.com.br\\\/portal\\\/#organization\"},\"potentialAction\":[{\"@type\":\"SearchAction\",\"target\":{\"@type\":\"EntryPoint\",\"urlTemplate\":\"https:\\\/\\\/jornalbeirario.com.br\\\/portal\\\/?s={search_term_string}\"},\"query-input\":{\"@type\":\"PropertyValueSpecification\",\"valueRequired\":true,\"valueName\":\"search_term_string\"}}],\"inLanguage\":\"pt-BR\"},{\"@type\":\"Organization\",\"@id\":\"https:\\\/\\\/jornalbeirario.com.br\\\/portal\\\/#organization\",\"name\":\"JORNAL BEIRA RIO\",\"url\":\"https:\\\/\\\/jornalbeirario.com.br\\\/portal\\\/\",\"logo\":{\"@type\":\"ImageObject\",\"inLanguage\":\"pt-BR\",\"@id\":\"https:\\\/\\\/jornalbeirario.com.br\\\/portal\\\/#\\\/schema\\\/logo\\\/image\\\/\",\"url\":\"https:\\\/\\\/jornalbeirario.com.br\\\/portal\\\/wp-content\\\/uploads\\\/2017\\\/09\\\/BEIRA-RIO_logo600.png\",\"contentUrl\":\"https:\\\/\\\/jornalbeirario.com.br\\\/portal\\\/wp-content\\\/uploads\\\/2017\\\/09\\\/BEIRA-RIO_logo600.png\",\"width\":650,\"height\":108,\"caption\":\"JORNAL BEIRA RIO\"},\"image\":{\"@id\":\"https:\\\/\\\/jornalbeirario.com.br\\\/portal\\\/#\\\/schema\\\/logo\\\/image\\\/\"}},{\"@type\":\"Person\",\"@id\":\"https:\\\/\\\/jornalbeirario.com.br\\\/portal\\\/#\\\/schema\\\/person\\\/c6c423e4c2465d2a9233f6539173e7c1\",\"name\":\"Jornal BEIRA-RIO\",\"image\":{\"@type\":\"ImageObject\",\"inLanguage\":\"pt-BR\",\"@id\":\"https:\\\/\\\/jornalbeirario.com.br\\\/portal\\\/wp-content\\\/uploads\\\/2023\\\/10\\\/logojbr1.jpg\",\"url\":\"https:\\\/\\\/jornalbeirario.com.br\\\/portal\\\/wp-content\\\/uploads\\\/2023\\\/10\\\/logojbr1.jpg\",\"contentUrl\":\"https:\\\/\\\/jornalbeirario.com.br\\\/portal\\\/wp-content\\\/uploads\\\/2023\\\/10\\\/logojbr1.jpg\",\"caption\":\"Jornal BEIRA-RIO\"},\"url\":\"https:\\\/\\\/jornalbeirario.com.br\\\/portal\\\/?author=1\"}]}<\/script>\n<!-- \/ Yoast SEO plugin. -->","yoast_head_json":{"title":"Vacina\u00e7\u00e3o contra a gripe come\u00e7a nesta segunda-feira em toda a regi\u00e3o - JORNAL BEIRA RIO","robots":{"index":"index","follow":"follow","max-snippet":"max-snippet:-1","max-image-preview":"max-image-preview:large","max-video-preview":"max-video-preview:-1"},"canonical":"https:\/\/jornalbeirario.com.br\/portal\/?p=68066","og_locale":"pt_BR","og_type":"article","og_title":"Vacina\u00e7\u00e3o contra a gripe come\u00e7a nesta segunda-feira em toda a regi\u00e3o - JORNAL BEIRA RIO","og_description":"Nesta segunda-feira, dia 23, mais uma medida ser\u00e1 tomada nos munic\u00edpios brasileiros para o enfrentamento a pandemia do novo coronav\u00edrus: a antecipa\u00e7\u00e3o da campanha","og_url":"https:\/\/jornalbeirario.com.br\/portal\/?p=68066","og_site_name":"JORNAL BEIRA RIO","article_published_time":"2020-03-22T19:59:16+00:00","article_modified_time":"2020-03-23T13:44:24+00:00","og_image":[{"width":1100,"height":470,"url":"https:\/\/jornalbeirario.com.br\/portal\/wp-content\/uploads\/2020\/03\/vacinacao1.jpg","type":"image\/jpeg"}],"author":"Jornal BEIRA-RIO","twitter_card":"summary_large_image","twitter_misc":{"Escrito por":"Jornal BEIRA-RIO","Est. tempo de leitura":"6 minutos"},"schema":{"@context":"https:\/\/schema.org","@graph":[{"@type":"Article","@id":"https:\/\/jornalbeirario.com.br\/portal\/?p=68066#article","isPartOf":{"@id":"https:\/\/jornalbeirario.com.br\/portal\/?p=68066"},"author":{"name":"Jornal BEIRA-RIO","@id":"https:\/\/jornalbeirario.com.br\/portal\/#\/schema\/person\/c6c423e4c2465d2a9233f6539173e7c1"},"headline":"Vacina\u00e7\u00e3o contra a gripe come\u00e7a nesta segunda-feira em toda a regi\u00e3o","datePublished":"2020-03-22T19:59:16+00:00","dateModified":"2020-03-23T13:44:24+00:00","mainEntityOfPage":{"@id":"https:\/\/jornalbeirario.com.br\/portal\/?p=68066"},"wordCount":1206,"commentCount":0,"publisher":{"@id":"https:\/\/jornalbeirario.com.br\/portal\/#organization"},"image":{"@id":"https:\/\/jornalbeirario.com.br\/portal\/?p=68066#primaryimage"},"thumbnailUrl":"https:\/\/jornalbeirario.com.br\/portal\/wp-content\/uploads\/2020\/03\/vacinacao1.jpg","articleSection":["Manchete","Regi\u00e3o","Sa\u00fade"],"inLanguage":"pt-BR","potentialAction":[{"@type":"CommentAction","name":"Comment","target":["https:\/\/jornalbeirario.com.br\/portal\/?p=68066#respond"]}]},{"@type":"WebPage","@id":"https:\/\/jornalbeirario.com.br\/portal\/?p=68066","url":"https:\/\/jornalbeirario.com.br\/portal\/?p=68066","name":"Vacina\u00e7\u00e3o contra a gripe come\u00e7a nesta segunda-feira em toda a regi\u00e3o - JORNAL BEIRA RIO","isPartOf":{"@id":"https:\/\/jornalbeirario.com.br\/portal\/#website"},"primaryImageOfPage":{"@id":"https:\/\/jornalbeirario.com.br\/portal\/?p=68066#primaryimage"},"image":{"@id":"https:\/\/jornalbeirario.com.br\/portal\/?p=68066#primaryimage"},"thumbnailUrl":"https:\/\/jornalbeirario.com.br\/portal\/wp-content\/uploads\/2020\/03\/vacinacao1.jpg","datePublished":"2020-03-22T19:59:16+00:00","dateModified":"2020-03-23T13:44:24+00:00","breadcrumb":{"@id":"https:\/\/jornalbeirario.com.br\/portal\/?p=68066#breadcrumb"},"inLanguage":"pt-BR","potentialAction":[{"@type":"ReadAction","target":["https:\/\/jornalbeirario.com.br\/portal\/?p=68066"]}]},{"@type":"ImageObject","inLanguage":"pt-BR","@id":"https:\/\/jornalbeirario.com.br\/portal\/?p=68066#primaryimage","url":"https:\/\/jornalbeirario.com.br\/portal\/wp-content\/uploads\/2020\/03\/vacinacao1.jpg","contentUrl":"https:\/\/jornalbeirario.com.br\/portal\/wp-content\/uploads\/2020\/03\/vacinacao1.jpg","width":1100,"height":470},{"@type":"BreadcrumbList","@id":"https:\/\/jornalbeirario.com.br\/portal\/?p=68066#breadcrumb","itemListElement":[{"@type":"ListItem","position":1,"name":"Home","item":"https:\/\/jornalbeirario.com.br\/portal"},{"@type":"ListItem","position":2,"name":"Vacina\u00e7\u00e3o contra a gripe come\u00e7a nesta segunda-feira em toda a regi\u00e3o"}]},{"@type":"WebSite","@id":"https:\/\/jornalbeirario.com.br\/portal\/#website","url":"https:\/\/jornalbeirario.com.br\/portal\/","name":"JORNAL BEIRA RIO","description":"","publisher":{"@id":"https:\/\/jornalbeirario.com.br\/portal\/#organization"},"potentialAction":[{"@type":"SearchAction","target":{"@type":"EntryPoint","urlTemplate":"https:\/\/jornalbeirario.com.br\/portal\/?s={search_term_string}"},"query-input":{"@type":"PropertyValueSpecification","valueRequired":true,"valueName":"search_term_string"}}],"inLanguage":"pt-BR"},{"@type":"Organization","@id":"https:\/\/jornalbeirario.com.br\/portal\/#organization","name":"JORNAL BEIRA RIO","url":"https:\/\/jornalbeirario.com.br\/portal\/","logo":{"@type":"ImageObject","inLanguage":"pt-BR","@id":"https:\/\/jornalbeirario.com.br\/portal\/#\/schema\/logo\/image\/","url":"https:\/\/jornalbeirario.com.br\/portal\/wp-content\/uploads\/2017\/09\/BEIRA-RIO_logo600.png","contentUrl":"https:\/\/jornalbeirario.com.br\/portal\/wp-content\/uploads\/2017\/09\/BEIRA-RIO_logo600.png","width":650,"height":108,"caption":"JORNAL BEIRA RIO"},"image":{"@id":"https:\/\/jornalbeirario.com.br\/portal\/#\/schema\/logo\/image\/"}},{"@type":"Person","@id":"https:\/\/jornalbeirario.com.br\/portal\/#\/schema\/person\/c6c423e4c2465d2a9233f6539173e7c1","name":"Jornal BEIRA-RIO","image":{"@type":"ImageObject","inLanguage":"pt-BR","@id":"https:\/\/jornalbeirario.com.br\/portal\/wp-content\/uploads\/2023\/10\/logojbr1.jpg","url":"https:\/\/jornalbeirario.com.br\/portal\/wp-content\/uploads\/2023\/10\/logojbr1.jpg","contentUrl":"https:\/\/jornalbeirario.com.br\/portal\/wp-content\/uploads\/2023\/10\/logojbr1.jpg","caption":"Jornal BEIRA-RIO"},"url":"https:\/\/jornalbeirario.com.br\/portal\/?author=1"}]}},"_links":{"self":[{"href":"https:\/\/jornalbeirario.com.br\/portal\/index.php?rest_route=\/wp\/v2\/posts\/68066","targetHints":{"allow":["GET"]}}],"collection":[{"href":"https:\/\/jornalbeirario.com.br\/portal\/index.php?rest_route=\/wp\/v2\/posts"}],"about":[{"href":"https:\/\/jornalbeirario.com.br\/portal\/index.php?rest_route=\/wp\/v2\/types\/post"}],"author":[{"embeddable":true,"href":"https:\/\/jornalbeirario.com.br\/portal\/index.php?rest_route=\/wp\/v2\/users\/1"}],"replies":[{"embeddable":true,"href":"https:\/\/jornalbeirario.com.br\/portal\/index.php?rest_route=%2Fwp%2Fv2%2Fcomments&post=68066"}],"version-history":[{"count":15,"href":"https:\/\/jornalbeirario.com.br\/portal\/index.php?rest_route=\/wp\/v2\/posts\/68066\/revisions"}],"predecessor-version":[{"id":68100,"href":"https:\/\/jornalbeirario.com.br\/portal\/index.php?rest_route=\/wp\/v2\/posts\/68066\/revisions\/68100"}],"wp:featuredmedia":[{"embeddable":true,"href":"https:\/\/jornalbeirario.com.br\/portal\/index.php?rest_route=\/wp\/v2\/media\/68093"}],"wp:attachment":[{"href":"https:\/\/jornalbeirario.com.br\/portal\/index.php?rest_route=%2Fwp%2Fv2%2Fmedia&parent=68066"}],"wp:term":[{"taxonomy":"category","embeddable":true,"href":"https:\/\/jornalbeirario.com.br\/portal\/index.php?rest_route=%2Fwp%2Fv2%2Fcategories&post=68066"},{"taxonomy":"post_tag","embeddable":true,"href":"https:\/\/jornalbeirario.com.br\/portal\/index.php?rest_route=%2Fwp%2Fv2%2Ftags&post=68066"}],"curies":[{"name":"wp","href":"https:\/\/api.w.org\/{rel}","templated":true}]}}