
{"id":6750,"date":"2013-03-16T13:04:32","date_gmt":"2013-03-16T13:04:32","guid":{"rendered":"http:\/\/jornalbeirario.com.br\/portal\/portal\/?p=6750"},"modified":"2013-03-16T13:07:21","modified_gmt":"2013-03-16T13:07:21","slug":"porto-real-por-uma-alimentacao-mais-saudavel-na-rede-publica","status":"publish","type":"post","link":"https:\/\/jornalbeirario.com.br\/portal\/?p=6750","title":{"rendered":"Alimenta\u00e7\u00e3o mais saud\u00e1vel na rede p\u00fablica de ensino"},"content":{"rendered":"<p style=\"text-align: justify;\">Foi realizada nesta semana, na Creche Municipal Valdir Roberto Concei\u00e7\u00e3o, no bairro Village, em Porto Real, a promo\u00e7\u00e3o da alimenta\u00e7\u00e3o saud\u00e1vel, onde as crian\u00e7as puderam degustar diferentes frutas e sabores, e conhecer a textura desses alimentos. A oportunidade foi permitida atrav\u00e9s do programa Semana da Sa\u00fade na Escola, que preconiza a verifica\u00e7\u00e3o e manuten\u00e7\u00e3o da sa\u00fade dos estudantes da rede p\u00fablica de ensino. O Programa Sa\u00fade na Escola (PSE) deve ser aplicado em todas as escolas do munic\u00edpio ao longo do ano.<\/p>\n<p style=\"text-align: justify;\">Foi realizada entre os dias 11 e 15 de mar\u00e7o, na Creche Municipal Valdir Roberto Concei\u00e7\u00e3o, no bairro Village, a promo\u00e7\u00e3o de alimenta\u00e7\u00e3o saud\u00e1vel, onde as crian\u00e7as puderam degustar diferentes frutas e sabores, e conhecer a textura desses alimentos. O Programa Sa\u00fade na Escola (PSE) deve ser aplicado em todas as escolas do munic\u00edpio ao longo do ano.<\/p>\n<p style=\"text-align: justify;\">Segundo \u00faltimos dados do Sistema Integrado de Monitoramento do Minist\u00e9rio da Educa\u00e7\u00e3o e Cultura (SIMEC), o PSE realizou v\u00e1rias a\u00e7\u00f5es, entre elas, avalia\u00e7\u00e3o antropom\u00e9trica; avalia\u00e7\u00e3o auditiva; avalia\u00e7\u00e3o nutricional; preven\u00e7\u00e3o sobre o uso de \u00e1lcool e outras drogas; e promo\u00e7\u00e3o da sa\u00fade ambiental com o Teatro da Dengue. Dos 1.841 alunos que foram submetidos aos testes de pesagem e altura, 519 apresentaram algum tipo de irregularidade. Desses, 104 apresentaram baixo peso; 251 mostraram estar com sobrepeso; e 164 com obesidade; sendo constatado que 28,2% do total dos alunos possu\u00edam defici\u00eancias nutricionais. Foram avaliados alunos na faixa et\u00e1ria de 4 a 19 anos.<\/p>\n<p style=\"text-align: justify;\">As nove escolas e o col\u00e9gio estadual do munic\u00edpio que abrangem 3.356 alunos, segundo dados de fevereiro deste ano, da Secretaria de Educa\u00e7\u00e3o, Cultura, Esporte e Lazer, fornecem diariamente aos alunos, duas refei\u00e7\u00f5es por turno. O card\u00e1pio rotativo consiste em carne diariamente; arroz, quatro vezes por semana; feij\u00e3o, frutas, verduras e legumes, tr\u00eas vezes por semana e macarr\u00e3o, uma vez por semana. Como bebida os alunos ingerem suco ou \u00e1gua e a sobremesa \u00e9 di\u00e1ria. Duas nutricionistas da prefeitura se revezam para fazer o acompanhamento nutricional dos estudantes. Na creche municipal s\u00e3o servidas cinco refei\u00e7\u00f5es por dia; caf\u00e9 da manh\u00e3, lanche, almo\u00e7o, lanche da tarde e jantar.<\/p>\n<p style=\"text-align: justify;\">\u2014 Pretendemos manter a alimenta\u00e7\u00e3o desses alunos da forma mais balanceada poss\u00edvel, pois, um dos crit\u00e9rios b\u00e1sicos para o bom desempenho das crian\u00e7as e adolescentes nos estudos, \u00e9 estar com a nutri\u00e7\u00e3o completa e rica\u201d, explica a chefe do setor de nutri\u00e7\u00e3o escolar, Fl\u00e1via Fonseca.<\/p>\n<p style=\"text-align: justify;\">Fonte: Assessoria de comunica\u00e7\u00e3o (PMPR)<\/p>\n","protected":false},"excerpt":{"rendered":"<p>Foi realizada nesta semana, na Creche Municipal Valdir Roberto Concei\u00e7\u00e3o, no bairro Village, em Porto Real, a promo\u00e7\u00e3o da alimenta\u00e7\u00e3o saud\u00e1vel, onde as crian\u00e7as<\/p>\n","protected":false},"author":1,"featured_media":6753,"comment_status":"open","ping_status":"open","sticky":false,"template":"","format":"standard","meta":{"pmpro_default_level":"","footnotes":"","_members_access_role":[],"_members_access_error":""},"categories":[18],"tags":[],"class_list":["post-6750","post","type-post","status-publish","format-standard","has-post-thumbnail","hentry","category-saude","pmpro-has-access"],"yoast_head":"<!-- This site is optimized with the Yoast SEO plugin v28.4 - https:\/\/yoast.com\/product\/yoast-seo-wordpress\/ -->\n<title>Alimenta\u00e7\u00e3o mais saud\u00e1vel na rede p\u00fablica de ensino - JORNAL BEIRA RIO<\/title>\n<meta name=\"robots\" content=\"index, follow, max-snippet:-1, max-image-preview:large, max-video-preview:-1\" \/>\n<link rel=\"canonical\" href=\"https:\/\/jornalbeirario.com.br\/portal\/?p=6750\" \/>\n<meta property=\"og:locale\" content=\"pt_BR\" \/>\n<meta property=\"og:type\" content=\"article\" \/>\n<meta property=\"og:title\" content=\"Alimenta\u00e7\u00e3o mais saud\u00e1vel na rede p\u00fablica de ensino - JORNAL BEIRA RIO\" \/>\n<meta property=\"og:description\" content=\"Foi realizada nesta semana, na Creche Municipal Valdir Roberto Concei\u00e7\u00e3o, no bairro Village, em Porto Real, a promo\u00e7\u00e3o da alimenta\u00e7\u00e3o saud\u00e1vel, onde as crian\u00e7as\" \/>\n<meta property=\"og:url\" content=\"https:\/\/jornalbeirario.com.br\/portal\/?p=6750\" \/>\n<meta property=\"og:site_name\" content=\"JORNAL BEIRA RIO\" \/>\n<meta property=\"article:published_time\" content=\"2013-03-16T13:04:32+00:00\" \/>\n<meta property=\"article:modified_time\" content=\"2013-03-16T13:07:21+00:00\" \/>\n<meta property=\"og:image\" content=\"https:\/\/jornalbeirario.com.br\/portal\/wp-content\/uploads\/2013\/03\/piramide-alimentar-guia-para-uma-alimentacao-saudavel-1-1-100.jpg\" \/>\n\t<meta property=\"og:image:width\" content=\"570\" \/>\n\t<meta property=\"og:image:height\" content=\"447\" \/>\n\t<meta property=\"og:image:type\" content=\"image\/jpeg\" \/>\n<meta name=\"author\" content=\"Jornal BEIRA-RIO\" \/>\n<meta name=\"twitter:card\" content=\"summary_large_image\" \/>\n<meta name=\"twitter:label1\" content=\"Escrito por\" \/>\n\t<meta name=\"twitter:data1\" content=\"Jornal BEIRA-RIO\" \/>\n\t<meta name=\"twitter:label2\" content=\"Est. tempo de leitura\" \/>\n\t<meta name=\"twitter:data2\" content=\"2 minutos\" \/>\n<script type=\"application\/ld+json\" class=\"yoast-schema-graph\">{\"@context\":\"https:\\\/\\\/schema.org\",\"@graph\":[{\"@type\":\"Article\",\"@id\":\"https:\\\/\\\/jornalbeirario.com.br\\\/portal\\\/?p=6750#article\",\"isPartOf\":{\"@id\":\"https:\\\/\\\/jornalbeirario.com.br\\\/portal\\\/?p=6750\"},\"author\":{\"name\":\"Jornal BEIRA-RIO\",\"@id\":\"https:\\\/\\\/jornalbeirario.com.br\\\/portal\\\/#\\\/schema\\\/person\\\/c6c423e4c2465d2a9233f6539173e7c1\"},\"headline\":\"Alimenta\u00e7\u00e3o mais saud\u00e1vel na rede p\u00fablica de ensino\",\"datePublished\":\"2013-03-16T13:04:32+00:00\",\"dateModified\":\"2013-03-16T13:07:21+00:00\",\"mainEntityOfPage\":{\"@id\":\"https:\\\/\\\/jornalbeirario.com.br\\\/portal\\\/?p=6750\"},\"wordCount\":451,\"commentCount\":0,\"publisher\":{\"@id\":\"https:\\\/\\\/jornalbeirario.com.br\\\/portal\\\/#organization\"},\"image\":{\"@id\":\"https:\\\/\\\/jornalbeirario.com.br\\\/portal\\\/?p=6750#primaryimage\"},\"thumbnailUrl\":\"https:\\\/\\\/jornalbeirario.com.br\\\/portal\\\/wp-content\\\/uploads\\\/2013\\\/03\\\/piramide-alimentar-guia-para-uma-alimentacao-saudavel-1-1-100.jpg\",\"articleSection\":[\"Sa\u00fade\"],\"inLanguage\":\"pt-BR\",\"potentialAction\":[{\"@type\":\"CommentAction\",\"name\":\"Comment\",\"target\":[\"https:\\\/\\\/jornalbeirario.com.br\\\/portal\\\/?p=6750#respond\"]}]},{\"@type\":\"WebPage\",\"@id\":\"https:\\\/\\\/jornalbeirario.com.br\\\/portal\\\/?p=6750\",\"url\":\"https:\\\/\\\/jornalbeirario.com.br\\\/portal\\\/?p=6750\",\"name\":\"Alimenta\u00e7\u00e3o mais saud\u00e1vel na rede p\u00fablica de ensino - JORNAL BEIRA RIO\",\"isPartOf\":{\"@id\":\"https:\\\/\\\/jornalbeirario.com.br\\\/portal\\\/#website\"},\"primaryImageOfPage\":{\"@id\":\"https:\\\/\\\/jornalbeirario.com.br\\\/portal\\\/?p=6750#primaryimage\"},\"image\":{\"@id\":\"https:\\\/\\\/jornalbeirario.com.br\\\/portal\\\/?p=6750#primaryimage\"},\"thumbnailUrl\":\"https:\\\/\\\/jornalbeirario.com.br\\\/portal\\\/wp-content\\\/uploads\\\/2013\\\/03\\\/piramide-alimentar-guia-para-uma-alimentacao-saudavel-1-1-100.jpg\",\"datePublished\":\"2013-03-16T13:04:32+00:00\",\"dateModified\":\"2013-03-16T13:07:21+00:00\",\"breadcrumb\":{\"@id\":\"https:\\\/\\\/jornalbeirario.com.br\\\/portal\\\/?p=6750#breadcrumb\"},\"inLanguage\":\"pt-BR\",\"potentialAction\":[{\"@type\":\"ReadAction\",\"target\":[\"https:\\\/\\\/jornalbeirario.com.br\\\/portal\\\/?p=6750\"]}]},{\"@type\":\"ImageObject\",\"inLanguage\":\"pt-BR\",\"@id\":\"https:\\\/\\\/jornalbeirario.com.br\\\/portal\\\/?p=6750#primaryimage\",\"url\":\"https:\\\/\\\/jornalbeirario.com.br\\\/portal\\\/wp-content\\\/uploads\\\/2013\\\/03\\\/piramide-alimentar-guia-para-uma-alimentacao-saudavel-1-1-100.jpg\",\"contentUrl\":\"https:\\\/\\\/jornalbeirario.com.br\\\/portal\\\/wp-content\\\/uploads\\\/2013\\\/03\\\/piramide-alimentar-guia-para-uma-alimentacao-saudavel-1-1-100.jpg\",\"width\":\"570\",\"height\":\"447\"},{\"@type\":\"BreadcrumbList\",\"@id\":\"https:\\\/\\\/jornalbeirario.com.br\\\/portal\\\/?p=6750#breadcrumb\",\"itemListElement\":[{\"@type\":\"ListItem\",\"position\":1,\"name\":\"Home\",\"item\":\"https:\\\/\\\/jornalbeirario.com.br\\\/portal\"},{\"@type\":\"ListItem\",\"position\":2,\"name\":\"Alimenta\u00e7\u00e3o mais saud\u00e1vel na rede p\u00fablica de ensino\"}]},{\"@type\":\"WebSite\",\"@id\":\"https:\\\/\\\/jornalbeirario.com.br\\\/portal\\\/#website\",\"url\":\"https:\\\/\\\/jornalbeirario.com.br\\\/portal\\\/\",\"name\":\"JORNAL BEIRA RIO\",\"description\":\"\",\"publisher\":{\"@id\":\"https:\\\/\\\/jornalbeirario.com.br\\\/portal\\\/#organization\"},\"potentialAction\":[{\"@type\":\"SearchAction\",\"target\":{\"@type\":\"EntryPoint\",\"urlTemplate\":\"https:\\\/\\\/jornalbeirario.com.br\\\/portal\\\/?s={search_term_string}\"},\"query-input\":{\"@type\":\"PropertyValueSpecification\",\"valueRequired\":true,\"valueName\":\"search_term_string\"}}],\"inLanguage\":\"pt-BR\"},{\"@type\":\"Organization\",\"@id\":\"https:\\\/\\\/jornalbeirario.com.br\\\/portal\\\/#organization\",\"name\":\"JORNAL BEIRA RIO\",\"url\":\"https:\\\/\\\/jornalbeirario.com.br\\\/portal\\\/\",\"logo\":{\"@type\":\"ImageObject\",\"inLanguage\":\"pt-BR\",\"@id\":\"https:\\\/\\\/jornalbeirario.com.br\\\/portal\\\/#\\\/schema\\\/logo\\\/image\\\/\",\"url\":\"https:\\\/\\\/jornalbeirario.com.br\\\/portal\\\/wp-content\\\/uploads\\\/2017\\\/09\\\/BEIRA-RIO_logo600.png\",\"contentUrl\":\"https:\\\/\\\/jornalbeirario.com.br\\\/portal\\\/wp-content\\\/uploads\\\/2017\\\/09\\\/BEIRA-RIO_logo600.png\",\"width\":650,\"height\":108,\"caption\":\"JORNAL BEIRA RIO\"},\"image\":{\"@id\":\"https:\\\/\\\/jornalbeirario.com.br\\\/portal\\\/#\\\/schema\\\/logo\\\/image\\\/\"}},{\"@type\":\"Person\",\"@id\":\"https:\\\/\\\/jornalbeirario.com.br\\\/portal\\\/#\\\/schema\\\/person\\\/c6c423e4c2465d2a9233f6539173e7c1\",\"name\":\"Jornal BEIRA-RIO\",\"image\":{\"@type\":\"ImageObject\",\"inLanguage\":\"pt-BR\",\"@id\":\"https:\\\/\\\/jornalbeirario.com.br\\\/portal\\\/wp-content\\\/uploads\\\/2023\\\/10\\\/logojbr1.jpg\",\"url\":\"https:\\\/\\\/jornalbeirario.com.br\\\/portal\\\/wp-content\\\/uploads\\\/2023\\\/10\\\/logojbr1.jpg\",\"contentUrl\":\"https:\\\/\\\/jornalbeirario.com.br\\\/portal\\\/wp-content\\\/uploads\\\/2023\\\/10\\\/logojbr1.jpg\",\"caption\":\"Jornal BEIRA-RIO\"},\"url\":\"https:\\\/\\\/jornalbeirario.com.br\\\/portal\\\/?author=1\"}]}<\/script>\n<!-- \/ Yoast SEO plugin. -->","yoast_head_json":{"title":"Alimenta\u00e7\u00e3o mais saud\u00e1vel na rede p\u00fablica de ensino - JORNAL BEIRA RIO","robots":{"index":"index","follow":"follow","max-snippet":"max-snippet:-1","max-image-preview":"max-image-preview:large","max-video-preview":"max-video-preview:-1"},"canonical":"https:\/\/jornalbeirario.com.br\/portal\/?p=6750","og_locale":"pt_BR","og_type":"article","og_title":"Alimenta\u00e7\u00e3o mais saud\u00e1vel na rede p\u00fablica de ensino - JORNAL BEIRA RIO","og_description":"Foi realizada nesta semana, na Creche Municipal Valdir Roberto Concei\u00e7\u00e3o, no bairro Village, em Porto Real, a promo\u00e7\u00e3o da alimenta\u00e7\u00e3o saud\u00e1vel, onde as crian\u00e7as","og_url":"https:\/\/jornalbeirario.com.br\/portal\/?p=6750","og_site_name":"JORNAL BEIRA RIO","article_published_time":"2013-03-16T13:04:32+00:00","article_modified_time":"2013-03-16T13:07:21+00:00","og_image":[{"width":570,"height":447,"url":"https:\/\/jornalbeirario.com.br\/portal\/wp-content\/uploads\/2013\/03\/piramide-alimentar-guia-para-uma-alimentacao-saudavel-1-1-100.jpg","type":"image\/jpeg"}],"author":"Jornal BEIRA-RIO","twitter_card":"summary_large_image","twitter_misc":{"Escrito por":"Jornal BEIRA-RIO","Est. tempo de leitura":"2 minutos"},"schema":{"@context":"https:\/\/schema.org","@graph":[{"@type":"Article","@id":"https:\/\/jornalbeirario.com.br\/portal\/?p=6750#article","isPartOf":{"@id":"https:\/\/jornalbeirario.com.br\/portal\/?p=6750"},"author":{"name":"Jornal BEIRA-RIO","@id":"https:\/\/jornalbeirario.com.br\/portal\/#\/schema\/person\/c6c423e4c2465d2a9233f6539173e7c1"},"headline":"Alimenta\u00e7\u00e3o mais saud\u00e1vel na rede p\u00fablica de ensino","datePublished":"2013-03-16T13:04:32+00:00","dateModified":"2013-03-16T13:07:21+00:00","mainEntityOfPage":{"@id":"https:\/\/jornalbeirario.com.br\/portal\/?p=6750"},"wordCount":451,"commentCount":0,"publisher":{"@id":"https:\/\/jornalbeirario.com.br\/portal\/#organization"},"image":{"@id":"https:\/\/jornalbeirario.com.br\/portal\/?p=6750#primaryimage"},"thumbnailUrl":"https:\/\/jornalbeirario.com.br\/portal\/wp-content\/uploads\/2013\/03\/piramide-alimentar-guia-para-uma-alimentacao-saudavel-1-1-100.jpg","articleSection":["Sa\u00fade"],"inLanguage":"pt-BR","potentialAction":[{"@type":"CommentAction","name":"Comment","target":["https:\/\/jornalbeirario.com.br\/portal\/?p=6750#respond"]}]},{"@type":"WebPage","@id":"https:\/\/jornalbeirario.com.br\/portal\/?p=6750","url":"https:\/\/jornalbeirario.com.br\/portal\/?p=6750","name":"Alimenta\u00e7\u00e3o mais saud\u00e1vel na rede p\u00fablica de ensino - JORNAL BEIRA RIO","isPartOf":{"@id":"https:\/\/jornalbeirario.com.br\/portal\/#website"},"primaryImageOfPage":{"@id":"https:\/\/jornalbeirario.com.br\/portal\/?p=6750#primaryimage"},"image":{"@id":"https:\/\/jornalbeirario.com.br\/portal\/?p=6750#primaryimage"},"thumbnailUrl":"https:\/\/jornalbeirario.com.br\/portal\/wp-content\/uploads\/2013\/03\/piramide-alimentar-guia-para-uma-alimentacao-saudavel-1-1-100.jpg","datePublished":"2013-03-16T13:04:32+00:00","dateModified":"2013-03-16T13:07:21+00:00","breadcrumb":{"@id":"https:\/\/jornalbeirario.com.br\/portal\/?p=6750#breadcrumb"},"inLanguage":"pt-BR","potentialAction":[{"@type":"ReadAction","target":["https:\/\/jornalbeirario.com.br\/portal\/?p=6750"]}]},{"@type":"ImageObject","inLanguage":"pt-BR","@id":"https:\/\/jornalbeirario.com.br\/portal\/?p=6750#primaryimage","url":"https:\/\/jornalbeirario.com.br\/portal\/wp-content\/uploads\/2013\/03\/piramide-alimentar-guia-para-uma-alimentacao-saudavel-1-1-100.jpg","contentUrl":"https:\/\/jornalbeirario.com.br\/portal\/wp-content\/uploads\/2013\/03\/piramide-alimentar-guia-para-uma-alimentacao-saudavel-1-1-100.jpg","width":"570","height":"447"},{"@type":"BreadcrumbList","@id":"https:\/\/jornalbeirario.com.br\/portal\/?p=6750#breadcrumb","itemListElement":[{"@type":"ListItem","position":1,"name":"Home","item":"https:\/\/jornalbeirario.com.br\/portal"},{"@type":"ListItem","position":2,"name":"Alimenta\u00e7\u00e3o mais saud\u00e1vel na rede p\u00fablica de ensino"}]},{"@type":"WebSite","@id":"https:\/\/jornalbeirario.com.br\/portal\/#website","url":"https:\/\/jornalbeirario.com.br\/portal\/","name":"JORNAL BEIRA RIO","description":"","publisher":{"@id":"https:\/\/jornalbeirario.com.br\/portal\/#organization"},"potentialAction":[{"@type":"SearchAction","target":{"@type":"EntryPoint","urlTemplate":"https:\/\/jornalbeirario.com.br\/portal\/?s={search_term_string}"},"query-input":{"@type":"PropertyValueSpecification","valueRequired":true,"valueName":"search_term_string"}}],"inLanguage":"pt-BR"},{"@type":"Organization","@id":"https:\/\/jornalbeirario.com.br\/portal\/#organization","name":"JORNAL BEIRA RIO","url":"https:\/\/jornalbeirario.com.br\/portal\/","logo":{"@type":"ImageObject","inLanguage":"pt-BR","@id":"https:\/\/jornalbeirario.com.br\/portal\/#\/schema\/logo\/image\/","url":"https:\/\/jornalbeirario.com.br\/portal\/wp-content\/uploads\/2017\/09\/BEIRA-RIO_logo600.png","contentUrl":"https:\/\/jornalbeirario.com.br\/portal\/wp-content\/uploads\/2017\/09\/BEIRA-RIO_logo600.png","width":650,"height":108,"caption":"JORNAL BEIRA RIO"},"image":{"@id":"https:\/\/jornalbeirario.com.br\/portal\/#\/schema\/logo\/image\/"}},{"@type":"Person","@id":"https:\/\/jornalbeirario.com.br\/portal\/#\/schema\/person\/c6c423e4c2465d2a9233f6539173e7c1","name":"Jornal BEIRA-RIO","image":{"@type":"ImageObject","inLanguage":"pt-BR","@id":"https:\/\/jornalbeirario.com.br\/portal\/wp-content\/uploads\/2023\/10\/logojbr1.jpg","url":"https:\/\/jornalbeirario.com.br\/portal\/wp-content\/uploads\/2023\/10\/logojbr1.jpg","contentUrl":"https:\/\/jornalbeirario.com.br\/portal\/wp-content\/uploads\/2023\/10\/logojbr1.jpg","caption":"Jornal BEIRA-RIO"},"url":"https:\/\/jornalbeirario.com.br\/portal\/?author=1"}]}},"_links":{"self":[{"href":"https:\/\/jornalbeirario.com.br\/portal\/index.php?rest_route=\/wp\/v2\/posts\/6750","targetHints":{"allow":["GET"]}}],"collection":[{"href":"https:\/\/jornalbeirario.com.br\/portal\/index.php?rest_route=\/wp\/v2\/posts"}],"about":[{"href":"https:\/\/jornalbeirario.com.br\/portal\/index.php?rest_route=\/wp\/v2\/types\/post"}],"author":[{"embeddable":true,"href":"https:\/\/jornalbeirario.com.br\/portal\/index.php?rest_route=\/wp\/v2\/users\/1"}],"replies":[{"embeddable":true,"href":"https:\/\/jornalbeirario.com.br\/portal\/index.php?rest_route=%2Fwp%2Fv2%2Fcomments&post=6750"}],"version-history":[{"count":4,"href":"https:\/\/jornalbeirario.com.br\/portal\/index.php?rest_route=\/wp\/v2\/posts\/6750\/revisions"}],"predecessor-version":[{"id":6752,"href":"https:\/\/jornalbeirario.com.br\/portal\/index.php?rest_route=\/wp\/v2\/posts\/6750\/revisions\/6752"}],"wp:featuredmedia":[{"embeddable":true,"href":"https:\/\/jornalbeirario.com.br\/portal\/index.php?rest_route=\/wp\/v2\/media\/6753"}],"wp:attachment":[{"href":"https:\/\/jornalbeirario.com.br\/portal\/index.php?rest_route=%2Fwp%2Fv2%2Fmedia&parent=6750"}],"wp:term":[{"taxonomy":"category","embeddable":true,"href":"https:\/\/jornalbeirario.com.br\/portal\/index.php?rest_route=%2Fwp%2Fv2%2Fcategories&post=6750"},{"taxonomy":"post_tag","embeddable":true,"href":"https:\/\/jornalbeirario.com.br\/portal\/index.php?rest_route=%2Fwp%2Fv2%2Ftags&post=6750"}],"curies":[{"name":"wp","href":"https:\/\/api.w.org\/{rel}","templated":true}]}}