
{"id":66272,"date":"2019-10-13T17:28:25","date_gmt":"2019-10-13T20:28:25","guid":{"rendered":"http:\/\/jornalbeirario.com.br\/portal\/?p=66272"},"modified":"2019-10-13T17:28:25","modified_gmt":"2019-10-13T20:28:25","slug":"barra-mansa-registra-caso-suspeito-de-sarampo","status":"publish","type":"post","link":"https:\/\/jornalbeirario.com.br\/portal\/?p=66272","title":{"rendered":"Barra Mansa registra caso suspeito de sarampo"},"content":{"rendered":"<p style=\"text-align: justify;\">Uma mulher de 45 anos deu entrada na Unidade de Pronto Atendimento (UPA) de Barra Mansa no final da manh\u00e3 deste domingo, dia 13. Segundo informa\u00e7\u00f5es da assessoria de comunica\u00e7\u00e3o da Prefeitura do munic\u00edpio, ela procurou atendimento na unidade apresentando sintomas de sarampo. Ela passou por exames, e o resultado dever\u00e1 sair em at\u00e9 15 dias. A paciente foi transferida para a Santa Casa, onde ficar\u00e1 internada aguardando o resultado dos exames, e todas as pessoas que tiveram contato com ela e n\u00e3o receberam a vacina foram imunizadas.<\/p>\n<p style=\"text-align: justify;\">Em todo o Sul Fluminense, ainda n\u00e3o h\u00e1 caso confirmado da doen\u00e7a, que j\u00e1 tem registros em munic\u00edpios como Paraty, na Costa Verde; em S\u00e3o Jo\u00e3o de Meriti e Duque de Caxias, na Baixada, e na capital fluminense. Segundo o \u00faltimo boletim epidemiol\u00f3gico do Minist\u00e9rio da Sa\u00fade, publicado em 4 de outubro, o estado do Rio de Janeiro registrou 28 casos de sarampo. Em todo o pa\u00eds, a doen\u00e7a ocasionou seis mortes, quatro delas em crian\u00e7as com menos de um ano e outras duas em adultos, com 31 e 42 anos. Cinco dessas mortes foram registradas em S\u00e3o Paulo e a outra em Pernambuco.<\/p>\n<p style=\"text-align: justify;\">Barra Mansa, assim como outros munic\u00edpios da regi\u00e3o, aderiram \u00e0 campanha de vacina\u00e7\u00e3o contra o sarampo. A imuniza\u00e7\u00e3o, segundo a assessoria de comunica\u00e7\u00e3o da prefeitura, \u00e9 voltada a crian\u00e7as a partir do seis meses e menores de cinco anos de idade nessa primeira etapa.<\/p>\n<p style=\"text-align: justify;\">A vacina oferecida desde o \u00faltimo dia 7 \u00e9 a triviral, que protege contra sarampo, caxumba e rub\u00e9ola. A meta \u00e9 vacinar todas as crian\u00e7as nessa faixa et\u00e1ria at\u00e9 o dia 25 deste m\u00eas, em todas as Unidades B\u00e1sicas de Sa\u00fade de Barra Mansa. A campanha, no entanto, \u00e9 seletiva e indiscriminada, ou seja, quem est\u00e1 em dia com a vacina n\u00e3o precisa tomar a dose.<\/p>\n<p style=\"text-align: justify;\">A segunda etapa da vacina\u00e7\u00e3o est\u00e1 prevista para acontecer entre os dias 18 e 30 de novembro, para o p\u00fablico entre 20 a 29 anos.<\/p>\n<p style=\"text-align: justify;\">O sarampo \u00e9 uma doen\u00e7a grave provocada por um v\u00edrus, que pode levar a morte, especialmente crian\u00e7as menores de um ano. \u00c9 transmitida quando a pessoa infectada tosse, fala ou respira pr\u00f3ximo de outras pessoas. Os sintomas principais s\u00e3o febre acompanhada de tosse, coriza (nariz escorrendo), olhos vermelhos, mal-estar intenso e manchas vermelhas pelo corpo (exantemas). A \u00fanica forma de evitar o cont\u00e1gio \u00e9 a vacina\u00e7\u00e3o.<\/p>\n<p><em>Foto: Reprodu\u00e7\u00e3o\/Google Maps<\/em><\/p>\n","protected":false},"excerpt":{"rendered":"<p>Uma mulher de 45 anos deu entrada na Unidade de Pronto Atendimento (UPA) de Barra Mansa no final da manh\u00e3 deste domingo, dia 13.<\/p>\n","protected":false},"author":1,"featured_media":66282,"comment_status":"open","ping_status":"open","sticky":false,"template":"","format":"standard","meta":{"pmpro_default_level":"","footnotes":"","_members_access_role":[],"_members_access_error":""},"categories":[227,233,18],"tags":[],"class_list":["post-66272","post","type-post","status-publish","format-standard","has-post-thumbnail","hentry","category-manchete","category-regiao","category-saude","pmpro-has-access"],"yoast_head":"<!-- This site is optimized with the Yoast SEO plugin v28.4 - https:\/\/yoast.com\/product\/yoast-seo-wordpress\/ -->\n<title>Barra Mansa registra caso suspeito de sarampo - JORNAL BEIRA RIO<\/title>\n<meta name=\"robots\" content=\"index, follow, max-snippet:-1, max-image-preview:large, max-video-preview:-1\" \/>\n<link rel=\"canonical\" href=\"https:\/\/jornalbeirario.com.br\/portal\/?p=66272\" \/>\n<meta property=\"og:locale\" content=\"pt_BR\" \/>\n<meta property=\"og:type\" content=\"article\" \/>\n<meta property=\"og:title\" content=\"Barra Mansa registra caso suspeito de sarampo - JORNAL BEIRA RIO\" \/>\n<meta property=\"og:description\" content=\"Uma mulher de 45 anos deu entrada na Unidade de Pronto Atendimento (UPA) de Barra Mansa no final da manh\u00e3 deste domingo, dia 13.\" \/>\n<meta property=\"og:url\" content=\"https:\/\/jornalbeirario.com.br\/portal\/?p=66272\" \/>\n<meta property=\"og:site_name\" content=\"JORNAL BEIRA RIO\" \/>\n<meta property=\"article:published_time\" content=\"2019-10-13T20:28:25+00:00\" \/>\n<meta property=\"og:image\" content=\"https:\/\/jornalbeirario.com.br\/portal\/wp-content\/uploads\/2019\/10\/upabm1.jpg\" \/>\n\t<meta property=\"og:image:width\" content=\"1100\" \/>\n\t<meta property=\"og:image:height\" content=\"470\" \/>\n\t<meta property=\"og:image:type\" content=\"image\/jpeg\" \/>\n<meta name=\"author\" content=\"Jornal BEIRA-RIO\" \/>\n<meta name=\"twitter:card\" content=\"summary_large_image\" \/>\n<meta name=\"twitter:label1\" content=\"Escrito por\" \/>\n\t<meta name=\"twitter:data1\" content=\"Jornal BEIRA-RIO\" \/>\n\t<meta name=\"twitter:label2\" content=\"Est. tempo de leitura\" \/>\n\t<meta name=\"twitter:data2\" content=\"2 minutos\" \/>\n<script type=\"application\/ld+json\" class=\"yoast-schema-graph\">{\"@context\":\"https:\\\/\\\/schema.org\",\"@graph\":[{\"@type\":\"Article\",\"@id\":\"https:\\\/\\\/jornalbeirario.com.br\\\/portal\\\/?p=66272#article\",\"isPartOf\":{\"@id\":\"https:\\\/\\\/jornalbeirario.com.br\\\/portal\\\/?p=66272\"},\"author\":{\"name\":\"Jornal BEIRA-RIO\",\"@id\":\"https:\\\/\\\/jornalbeirario.com.br\\\/portal\\\/#\\\/schema\\\/person\\\/c6c423e4c2465d2a9233f6539173e7c1\"},\"headline\":\"Barra Mansa registra caso suspeito de sarampo\",\"datePublished\":\"2019-10-13T20:28:25+00:00\",\"mainEntityOfPage\":{\"@id\":\"https:\\\/\\\/jornalbeirario.com.br\\\/portal\\\/?p=66272\"},\"wordCount\":422,\"commentCount\":0,\"publisher\":{\"@id\":\"https:\\\/\\\/jornalbeirario.com.br\\\/portal\\\/#organization\"},\"image\":{\"@id\":\"https:\\\/\\\/jornalbeirario.com.br\\\/portal\\\/?p=66272#primaryimage\"},\"thumbnailUrl\":\"https:\\\/\\\/jornalbeirario.com.br\\\/portal\\\/wp-content\\\/uploads\\\/2019\\\/10\\\/upabm1.jpg\",\"articleSection\":[\"Manchete\",\"Regi\u00e3o\",\"Sa\u00fade\"],\"inLanguage\":\"pt-BR\",\"potentialAction\":[{\"@type\":\"CommentAction\",\"name\":\"Comment\",\"target\":[\"https:\\\/\\\/jornalbeirario.com.br\\\/portal\\\/?p=66272#respond\"]}]},{\"@type\":\"WebPage\",\"@id\":\"https:\\\/\\\/jornalbeirario.com.br\\\/portal\\\/?p=66272\",\"url\":\"https:\\\/\\\/jornalbeirario.com.br\\\/portal\\\/?p=66272\",\"name\":\"Barra Mansa registra caso suspeito de sarampo - JORNAL BEIRA RIO\",\"isPartOf\":{\"@id\":\"https:\\\/\\\/jornalbeirario.com.br\\\/portal\\\/#website\"},\"primaryImageOfPage\":{\"@id\":\"https:\\\/\\\/jornalbeirario.com.br\\\/portal\\\/?p=66272#primaryimage\"},\"image\":{\"@id\":\"https:\\\/\\\/jornalbeirario.com.br\\\/portal\\\/?p=66272#primaryimage\"},\"thumbnailUrl\":\"https:\\\/\\\/jornalbeirario.com.br\\\/portal\\\/wp-content\\\/uploads\\\/2019\\\/10\\\/upabm1.jpg\",\"datePublished\":\"2019-10-13T20:28:25+00:00\",\"breadcrumb\":{\"@id\":\"https:\\\/\\\/jornalbeirario.com.br\\\/portal\\\/?p=66272#breadcrumb\"},\"inLanguage\":\"pt-BR\",\"potentialAction\":[{\"@type\":\"ReadAction\",\"target\":[\"https:\\\/\\\/jornalbeirario.com.br\\\/portal\\\/?p=66272\"]}]},{\"@type\":\"ImageObject\",\"inLanguage\":\"pt-BR\",\"@id\":\"https:\\\/\\\/jornalbeirario.com.br\\\/portal\\\/?p=66272#primaryimage\",\"url\":\"https:\\\/\\\/jornalbeirario.com.br\\\/portal\\\/wp-content\\\/uploads\\\/2019\\\/10\\\/upabm1.jpg\",\"contentUrl\":\"https:\\\/\\\/jornalbeirario.com.br\\\/portal\\\/wp-content\\\/uploads\\\/2019\\\/10\\\/upabm1.jpg\",\"width\":1100,\"height\":470},{\"@type\":\"BreadcrumbList\",\"@id\":\"https:\\\/\\\/jornalbeirario.com.br\\\/portal\\\/?p=66272#breadcrumb\",\"itemListElement\":[{\"@type\":\"ListItem\",\"position\":1,\"name\":\"Home\",\"item\":\"https:\\\/\\\/jornalbeirario.com.br\\\/portal\"},{\"@type\":\"ListItem\",\"position\":2,\"name\":\"Barra Mansa registra caso suspeito de sarampo\"}]},{\"@type\":\"WebSite\",\"@id\":\"https:\\\/\\\/jornalbeirario.com.br\\\/portal\\\/#website\",\"url\":\"https:\\\/\\\/jornalbeirario.com.br\\\/portal\\\/\",\"name\":\"JORNAL BEIRA RIO\",\"description\":\"\",\"publisher\":{\"@id\":\"https:\\\/\\\/jornalbeirario.com.br\\\/portal\\\/#organization\"},\"potentialAction\":[{\"@type\":\"SearchAction\",\"target\":{\"@type\":\"EntryPoint\",\"urlTemplate\":\"https:\\\/\\\/jornalbeirario.com.br\\\/portal\\\/?s={search_term_string}\"},\"query-input\":{\"@type\":\"PropertyValueSpecification\",\"valueRequired\":true,\"valueName\":\"search_term_string\"}}],\"inLanguage\":\"pt-BR\"},{\"@type\":\"Organization\",\"@id\":\"https:\\\/\\\/jornalbeirario.com.br\\\/portal\\\/#organization\",\"name\":\"JORNAL BEIRA RIO\",\"url\":\"https:\\\/\\\/jornalbeirario.com.br\\\/portal\\\/\",\"logo\":{\"@type\":\"ImageObject\",\"inLanguage\":\"pt-BR\",\"@id\":\"https:\\\/\\\/jornalbeirario.com.br\\\/portal\\\/#\\\/schema\\\/logo\\\/image\\\/\",\"url\":\"https:\\\/\\\/jornalbeirario.com.br\\\/portal\\\/wp-content\\\/uploads\\\/2017\\\/09\\\/BEIRA-RIO_logo600.png\",\"contentUrl\":\"https:\\\/\\\/jornalbeirario.com.br\\\/portal\\\/wp-content\\\/uploads\\\/2017\\\/09\\\/BEIRA-RIO_logo600.png\",\"width\":650,\"height\":108,\"caption\":\"JORNAL BEIRA RIO\"},\"image\":{\"@id\":\"https:\\\/\\\/jornalbeirario.com.br\\\/portal\\\/#\\\/schema\\\/logo\\\/image\\\/\"}},{\"@type\":\"Person\",\"@id\":\"https:\\\/\\\/jornalbeirario.com.br\\\/portal\\\/#\\\/schema\\\/person\\\/c6c423e4c2465d2a9233f6539173e7c1\",\"name\":\"Jornal BEIRA-RIO\",\"image\":{\"@type\":\"ImageObject\",\"inLanguage\":\"pt-BR\",\"@id\":\"https:\\\/\\\/jornalbeirario.com.br\\\/portal\\\/wp-content\\\/uploads\\\/2023\\\/10\\\/logojbr1.jpg\",\"url\":\"https:\\\/\\\/jornalbeirario.com.br\\\/portal\\\/wp-content\\\/uploads\\\/2023\\\/10\\\/logojbr1.jpg\",\"contentUrl\":\"https:\\\/\\\/jornalbeirario.com.br\\\/portal\\\/wp-content\\\/uploads\\\/2023\\\/10\\\/logojbr1.jpg\",\"caption\":\"Jornal BEIRA-RIO\"},\"url\":\"https:\\\/\\\/jornalbeirario.com.br\\\/portal\\\/?author=1\"}]}<\/script>\n<!-- \/ Yoast SEO plugin. -->","yoast_head_json":{"title":"Barra Mansa registra caso suspeito de sarampo - JORNAL BEIRA RIO","robots":{"index":"index","follow":"follow","max-snippet":"max-snippet:-1","max-image-preview":"max-image-preview:large","max-video-preview":"max-video-preview:-1"},"canonical":"https:\/\/jornalbeirario.com.br\/portal\/?p=66272","og_locale":"pt_BR","og_type":"article","og_title":"Barra Mansa registra caso suspeito de sarampo - JORNAL BEIRA RIO","og_description":"Uma mulher de 45 anos deu entrada na Unidade de Pronto Atendimento (UPA) de Barra Mansa no final da manh\u00e3 deste domingo, dia 13.","og_url":"https:\/\/jornalbeirario.com.br\/portal\/?p=66272","og_site_name":"JORNAL BEIRA RIO","article_published_time":"2019-10-13T20:28:25+00:00","og_image":[{"width":1100,"height":470,"url":"https:\/\/jornalbeirario.com.br\/portal\/wp-content\/uploads\/2019\/10\/upabm1.jpg","type":"image\/jpeg"}],"author":"Jornal BEIRA-RIO","twitter_card":"summary_large_image","twitter_misc":{"Escrito por":"Jornal BEIRA-RIO","Est. tempo de leitura":"2 minutos"},"schema":{"@context":"https:\/\/schema.org","@graph":[{"@type":"Article","@id":"https:\/\/jornalbeirario.com.br\/portal\/?p=66272#article","isPartOf":{"@id":"https:\/\/jornalbeirario.com.br\/portal\/?p=66272"},"author":{"name":"Jornal BEIRA-RIO","@id":"https:\/\/jornalbeirario.com.br\/portal\/#\/schema\/person\/c6c423e4c2465d2a9233f6539173e7c1"},"headline":"Barra Mansa registra caso suspeito de sarampo","datePublished":"2019-10-13T20:28:25+00:00","mainEntityOfPage":{"@id":"https:\/\/jornalbeirario.com.br\/portal\/?p=66272"},"wordCount":422,"commentCount":0,"publisher":{"@id":"https:\/\/jornalbeirario.com.br\/portal\/#organization"},"image":{"@id":"https:\/\/jornalbeirario.com.br\/portal\/?p=66272#primaryimage"},"thumbnailUrl":"https:\/\/jornalbeirario.com.br\/portal\/wp-content\/uploads\/2019\/10\/upabm1.jpg","articleSection":["Manchete","Regi\u00e3o","Sa\u00fade"],"inLanguage":"pt-BR","potentialAction":[{"@type":"CommentAction","name":"Comment","target":["https:\/\/jornalbeirario.com.br\/portal\/?p=66272#respond"]}]},{"@type":"WebPage","@id":"https:\/\/jornalbeirario.com.br\/portal\/?p=66272","url":"https:\/\/jornalbeirario.com.br\/portal\/?p=66272","name":"Barra Mansa registra caso suspeito de sarampo - JORNAL BEIRA RIO","isPartOf":{"@id":"https:\/\/jornalbeirario.com.br\/portal\/#website"},"primaryImageOfPage":{"@id":"https:\/\/jornalbeirario.com.br\/portal\/?p=66272#primaryimage"},"image":{"@id":"https:\/\/jornalbeirario.com.br\/portal\/?p=66272#primaryimage"},"thumbnailUrl":"https:\/\/jornalbeirario.com.br\/portal\/wp-content\/uploads\/2019\/10\/upabm1.jpg","datePublished":"2019-10-13T20:28:25+00:00","breadcrumb":{"@id":"https:\/\/jornalbeirario.com.br\/portal\/?p=66272#breadcrumb"},"inLanguage":"pt-BR","potentialAction":[{"@type":"ReadAction","target":["https:\/\/jornalbeirario.com.br\/portal\/?p=66272"]}]},{"@type":"ImageObject","inLanguage":"pt-BR","@id":"https:\/\/jornalbeirario.com.br\/portal\/?p=66272#primaryimage","url":"https:\/\/jornalbeirario.com.br\/portal\/wp-content\/uploads\/2019\/10\/upabm1.jpg","contentUrl":"https:\/\/jornalbeirario.com.br\/portal\/wp-content\/uploads\/2019\/10\/upabm1.jpg","width":1100,"height":470},{"@type":"BreadcrumbList","@id":"https:\/\/jornalbeirario.com.br\/portal\/?p=66272#breadcrumb","itemListElement":[{"@type":"ListItem","position":1,"name":"Home","item":"https:\/\/jornalbeirario.com.br\/portal"},{"@type":"ListItem","position":2,"name":"Barra Mansa registra caso suspeito de sarampo"}]},{"@type":"WebSite","@id":"https:\/\/jornalbeirario.com.br\/portal\/#website","url":"https:\/\/jornalbeirario.com.br\/portal\/","name":"JORNAL BEIRA RIO","description":"","publisher":{"@id":"https:\/\/jornalbeirario.com.br\/portal\/#organization"},"potentialAction":[{"@type":"SearchAction","target":{"@type":"EntryPoint","urlTemplate":"https:\/\/jornalbeirario.com.br\/portal\/?s={search_term_string}"},"query-input":{"@type":"PropertyValueSpecification","valueRequired":true,"valueName":"search_term_string"}}],"inLanguage":"pt-BR"},{"@type":"Organization","@id":"https:\/\/jornalbeirario.com.br\/portal\/#organization","name":"JORNAL BEIRA RIO","url":"https:\/\/jornalbeirario.com.br\/portal\/","logo":{"@type":"ImageObject","inLanguage":"pt-BR","@id":"https:\/\/jornalbeirario.com.br\/portal\/#\/schema\/logo\/image\/","url":"https:\/\/jornalbeirario.com.br\/portal\/wp-content\/uploads\/2017\/09\/BEIRA-RIO_logo600.png","contentUrl":"https:\/\/jornalbeirario.com.br\/portal\/wp-content\/uploads\/2017\/09\/BEIRA-RIO_logo600.png","width":650,"height":108,"caption":"JORNAL BEIRA RIO"},"image":{"@id":"https:\/\/jornalbeirario.com.br\/portal\/#\/schema\/logo\/image\/"}},{"@type":"Person","@id":"https:\/\/jornalbeirario.com.br\/portal\/#\/schema\/person\/c6c423e4c2465d2a9233f6539173e7c1","name":"Jornal BEIRA-RIO","image":{"@type":"ImageObject","inLanguage":"pt-BR","@id":"https:\/\/jornalbeirario.com.br\/portal\/wp-content\/uploads\/2023\/10\/logojbr1.jpg","url":"https:\/\/jornalbeirario.com.br\/portal\/wp-content\/uploads\/2023\/10\/logojbr1.jpg","contentUrl":"https:\/\/jornalbeirario.com.br\/portal\/wp-content\/uploads\/2023\/10\/logojbr1.jpg","caption":"Jornal BEIRA-RIO"},"url":"https:\/\/jornalbeirario.com.br\/portal\/?author=1"}]}},"_links":{"self":[{"href":"https:\/\/jornalbeirario.com.br\/portal\/index.php?rest_route=\/wp\/v2\/posts\/66272","targetHints":{"allow":["GET"]}}],"collection":[{"href":"https:\/\/jornalbeirario.com.br\/portal\/index.php?rest_route=\/wp\/v2\/posts"}],"about":[{"href":"https:\/\/jornalbeirario.com.br\/portal\/index.php?rest_route=\/wp\/v2\/types\/post"}],"author":[{"embeddable":true,"href":"https:\/\/jornalbeirario.com.br\/portal\/index.php?rest_route=\/wp\/v2\/users\/1"}],"replies":[{"embeddable":true,"href":"https:\/\/jornalbeirario.com.br\/portal\/index.php?rest_route=%2Fwp%2Fv2%2Fcomments&post=66272"}],"version-history":[{"count":9,"href":"https:\/\/jornalbeirario.com.br\/portal\/index.php?rest_route=\/wp\/v2\/posts\/66272\/revisions"}],"predecessor-version":[{"id":66283,"href":"https:\/\/jornalbeirario.com.br\/portal\/index.php?rest_route=\/wp\/v2\/posts\/66272\/revisions\/66283"}],"wp:featuredmedia":[{"embeddable":true,"href":"https:\/\/jornalbeirario.com.br\/portal\/index.php?rest_route=\/wp\/v2\/media\/66282"}],"wp:attachment":[{"href":"https:\/\/jornalbeirario.com.br\/portal\/index.php?rest_route=%2Fwp%2Fv2%2Fmedia&parent=66272"}],"wp:term":[{"taxonomy":"category","embeddable":true,"href":"https:\/\/jornalbeirario.com.br\/portal\/index.php?rest_route=%2Fwp%2Fv2%2Fcategories&post=66272"},{"taxonomy":"post_tag","embeddable":true,"href":"https:\/\/jornalbeirario.com.br\/portal\/index.php?rest_route=%2Fwp%2Fv2%2Ftags&post=66272"}],"curies":[{"name":"wp","href":"https:\/\/api.w.org\/{rel}","templated":true}]}}