
{"id":66168,"date":"2019-10-04T17:02:02","date_gmt":"2019-10-04T20:02:02","guid":{"rendered":"http:\/\/jornalbeirario.com.br\/portal\/?p=66168"},"modified":"2019-10-04T17:10:44","modified_gmt":"2019-10-04T20:10:44","slug":"resende-e-regiao-realizam-eleicoes-para-conselho-tutelar","status":"publish","type":"post","link":"https:\/\/jornalbeirario.com.br\/portal\/?p=66168","title":{"rendered":"Resende e regi\u00e3o realizam elei\u00e7\u00f5es para Conselho Tutelar"},"content":{"rendered":"<figure id=\"attachment_66182\" aria-describedby=\"caption-attachment-66182\" style=\"width: 300px\" class=\"wp-caption alignright\"><img loading=\"lazy\" decoding=\"async\" class=\"wp-image-66182 size-medium\" src=\"https:\/\/jornalbeirario.com.br\/portal\/wp-content\/uploads\/2019\/10\/conselhotutelar2-300x225.jpg\" alt=\"\" width=\"300\" height=\"225\" srcset=\"https:\/\/jornalbeirario.com.br\/portal\/wp-content\/uploads\/2019\/10\/conselhotutelar2-300x225.jpg 300w, https:\/\/jornalbeirario.com.br\/portal\/wp-content\/uploads\/2019\/10\/conselhotutelar2.jpg 640w\" sizes=\"auto, (max-width: 300px) 100vw, 300px\" \/><figcaption id=\"caption-attachment-66182\" class=\"wp-caption-text\">Conselho Tutelar de Resende funciona no bairro Vila Santa Cec\u00edlia (Foto: Gleisiani Carvalho\/PMR)<\/figcaption><\/figure>\n<p style=\"text-align: justify;\">Munic\u00edpios em todo o Brasil, incluindo Resende e <a href=\"https:\/\/jornalbeirario.com.br\/portal\/?p=66099\">Itatiaia<\/a>, realizam nesta domingo, dia 6, elei\u00e7\u00f5es para escolher os novos conselheiros tutelares, de 8 \u00e0s 17h, nas se\u00e7\u00f5es eleitorais indicadas pela Justi\u00e7a Eleitoral.<\/p>\n<p style=\"text-align: justify;\">Em Resende, entre os candidatos est\u00e3o Nelson dos Reis Paulino, Maria Elena Rabelo e Paulinho Mazaropi, entre os mais conhecidos. Ao todo s\u00e3o 14 candidatos (confira a lista de <a href=\"https:\/\/jornalbeirario.com.br\/portal\/wp-content\/uploads\/2019\/10\/RESENDE.pdf\">candidatos<\/a> e <a href=\"https:\/\/jornalbeirario.com.br\/portal\/wp-content\/uploads\/2019\/10\/EDITAL_004_locais_sessoes_eleitorais.pdf\">locais de vota\u00e7\u00e3o<\/a> do munic\u00edpio).<\/p>\n<p style=\"text-align: justify;\">Confira a lista dos candidatos e locais de vota\u00e7\u00e3o dos demais munic\u00edpios abaixo.<\/p>\n<p style=\"text-align: justify;\">&#8211; <a href=\"https:\/\/jornalbeirario.com.br\/portal\/wp-content\/uploads\/2019\/10\/ITATIAIA.pdf\">Itatiaia<\/a><\/p>\n<p style=\"text-align: justify;\">&#8211; <a href=\"https:\/\/jornalbeirario.com.br\/portal\/wp-content\/uploads\/2019\/10\/QUATIS.pdf\">Quatis<\/a><\/p>\n<p style=\"text-align: justify;\">&#8211; <a href=\"https:\/\/jornalbeirario.com.br\/portal\/wp-content\/uploads\/2019\/10\/PORTO-REAL.pdf\">Porto Real<\/a><\/p>\n<p style=\"text-align: justify;\">Todos os eleitores podem participar e escolher os representantes de sua cidade. Para votar, dever\u00e1 levar obrigatoriamente o t\u00edtulo eleitoral e um documento de identidade. O eleitor s\u00f3 poder\u00e1 votar nos candidatos do seu domic\u00edlio eleitoral.<\/p>\n<p style=\"text-align: justify;\">O voto \u00e9 secreto, facultativo e ser\u00e1 feito atrav\u00e9s de c\u00e9dulas impressas. A \u00fanica exce\u00e7\u00e3o na regi\u00e3o \u00e9 Volta Redonda, \u00fanica cidade da regi\u00e3o com mais de 200 mil eleitores, onde ser\u00e3o utilizadas urnas eletr\u00f4nicas. O Minist\u00e9rio P\u00fablico Estadual far\u00e1 a fiscaliza\u00e7\u00e3o de todo o processo.<\/p>\n<p style=\"text-align: justify;\">A sele\u00e7\u00e3o dos candidatos come\u00e7ou em abril. Eles tiveram que passar por uma prova escrita, al\u00e9m de comprovar experi\u00eancia em trabalhos com crian\u00e7as e adolescentes.<\/p>\n<p style=\"text-align: justify;\">Para ser conselheiro tutelar \u00e9 necess\u00e1rio ter 21 anos completos ou mais, morar na cidade onde se localiza o Conselho Tutelar e ser de reconhecida idoneidade moral. Outros requisitos podem e devem ser elaborados pelo Conselho Municipal dos Direitos da Crian\u00e7a e do Adolescente.<\/p>\n<p style=\"text-align: justify;\">O processo de escolha do conselheiro tutelar dever\u00e1 selecionar pessoas com um perfil adequado ao desenvolvimento da fun\u00e7\u00e3o, ou seja, algu\u00e9m com disposi\u00e7\u00e3o para o trabalho, aptid\u00e3o para a causa p\u00fablica, e que j\u00e1 tenha trabalhado com crian\u00e7as e adolescentes.<\/p>\n<p style=\"text-align: justify;\">Ao todo, ser\u00e3o escolhidos cinco membros e seus suplentes. O per\u00edodo de atua\u00e7\u00e3o dos conselheiros eleitos ser\u00e1 de 2020 a 2024.<\/p>\n","protected":false},"excerpt":{"rendered":"<p>Munic\u00edpios em todo o Brasil, incluindo Resende e Itatiaia, realizam nesta domingo, dia 6, elei\u00e7\u00f5es para escolher os novos conselheiros tutelares, de 8 \u00e0s<\/p>\n","protected":false},"author":1,"featured_media":66181,"comment_status":"open","ping_status":"open","sticky":false,"template":"","format":"standard","meta":{"pmpro_default_level":"","footnotes":""},"categories":[1,227,11],"tags":[],"class_list":["post-66168","post","type-post","status-publish","format-standard","has-post-thumbnail","hentry","category-cidade","category-manchete","category-politica","pmpro-has-access"],"yoast_head":"<!-- This site is optimized with the Yoast SEO plugin v27.4 - https:\/\/yoast.com\/product\/yoast-seo-wordpress\/ -->\n<title>Resende e regi\u00e3o realizam elei\u00e7\u00f5es para Conselho Tutelar - JORNAL BEIRA RIO<\/title>\n<meta name=\"robots\" content=\"index, follow, max-snippet:-1, max-image-preview:large, max-video-preview:-1\" \/>\n<link rel=\"canonical\" href=\"https:\/\/jornalbeirario.com.br\/portal\/?p=66168\" \/>\n<meta property=\"og:locale\" content=\"pt_BR\" \/>\n<meta property=\"og:type\" content=\"article\" \/>\n<meta property=\"og:title\" content=\"Resende e regi\u00e3o realizam elei\u00e7\u00f5es para Conselho Tutelar - JORNAL BEIRA RIO\" \/>\n<meta property=\"og:description\" content=\"Munic\u00edpios em todo o Brasil, incluindo Resende e Itatiaia, realizam nesta domingo, dia 6, elei\u00e7\u00f5es para escolher os novos conselheiros tutelares, de 8 \u00e0s\" \/>\n<meta property=\"og:url\" content=\"https:\/\/jornalbeirario.com.br\/portal\/?p=66168\" \/>\n<meta property=\"og:site_name\" content=\"JORNAL BEIRA RIO\" \/>\n<meta property=\"article:published_time\" content=\"2019-10-04T20:02:02+00:00\" \/>\n<meta property=\"article:modified_time\" content=\"2019-10-04T20:10:44+00:00\" \/>\n<meta property=\"og:image\" content=\"https:\/\/jornalbeirario.com.br\/portal\/wp-content\/uploads\/2019\/10\/conselhotutelar1.jpg\" \/>\n\t<meta property=\"og:image:width\" content=\"1100\" \/>\n\t<meta property=\"og:image:height\" content=\"470\" \/>\n\t<meta property=\"og:image:type\" content=\"image\/jpeg\" \/>\n<meta name=\"author\" content=\"Jornal BEIRA-RIO\" \/>\n<meta name=\"twitter:card\" content=\"summary_large_image\" \/>\n<meta name=\"twitter:label1\" content=\"Escrito por\" \/>\n\t<meta name=\"twitter:data1\" content=\"Jornal BEIRA-RIO\" \/>\n\t<meta name=\"twitter:label2\" content=\"Est. tempo de leitura\" \/>\n\t<meta name=\"twitter:data2\" content=\"2 minutos\" \/>\n<script type=\"application\/ld+json\" class=\"yoast-schema-graph\">{\"@context\":\"https:\\\/\\\/schema.org\",\"@graph\":[{\"@type\":\"Article\",\"@id\":\"https:\\\/\\\/jornalbeirario.com.br\\\/portal\\\/?p=66168#article\",\"isPartOf\":{\"@id\":\"https:\\\/\\\/jornalbeirario.com.br\\\/portal\\\/?p=66168\"},\"author\":{\"name\":\"Jornal BEIRA-RIO\",\"@id\":\"https:\\\/\\\/jornalbeirario.com.br\\\/portal\\\/#\\\/schema\\\/person\\\/c6c423e4c2465d2a9233f6539173e7c1\"},\"headline\":\"Resende e regi\u00e3o realizam elei\u00e7\u00f5es para Conselho Tutelar\",\"datePublished\":\"2019-10-04T20:02:02+00:00\",\"dateModified\":\"2019-10-04T20:10:44+00:00\",\"mainEntityOfPage\":{\"@id\":\"https:\\\/\\\/jornalbeirario.com.br\\\/portal\\\/?p=66168\"},\"wordCount\":360,\"commentCount\":0,\"publisher\":{\"@id\":\"https:\\\/\\\/jornalbeirario.com.br\\\/portal\\\/#organization\"},\"image\":{\"@id\":\"https:\\\/\\\/jornalbeirario.com.br\\\/portal\\\/?p=66168#primaryimage\"},\"thumbnailUrl\":\"https:\\\/\\\/jornalbeirario.com.br\\\/portal\\\/wp-content\\\/uploads\\\/2019\\\/10\\\/conselhotutelar1.jpg\",\"articleSection\":[\"Cidade\",\"Manchete\",\"Pol\u00edtica\"],\"inLanguage\":\"pt-BR\",\"potentialAction\":[{\"@type\":\"CommentAction\",\"name\":\"Comment\",\"target\":[\"https:\\\/\\\/jornalbeirario.com.br\\\/portal\\\/?p=66168#respond\"]}]},{\"@type\":\"WebPage\",\"@id\":\"https:\\\/\\\/jornalbeirario.com.br\\\/portal\\\/?p=66168\",\"url\":\"https:\\\/\\\/jornalbeirario.com.br\\\/portal\\\/?p=66168\",\"name\":\"Resende e regi\u00e3o realizam elei\u00e7\u00f5es para Conselho Tutelar - JORNAL BEIRA RIO\",\"isPartOf\":{\"@id\":\"https:\\\/\\\/jornalbeirario.com.br\\\/portal\\\/#website\"},\"primaryImageOfPage\":{\"@id\":\"https:\\\/\\\/jornalbeirario.com.br\\\/portal\\\/?p=66168#primaryimage\"},\"image\":{\"@id\":\"https:\\\/\\\/jornalbeirario.com.br\\\/portal\\\/?p=66168#primaryimage\"},\"thumbnailUrl\":\"https:\\\/\\\/jornalbeirario.com.br\\\/portal\\\/wp-content\\\/uploads\\\/2019\\\/10\\\/conselhotutelar1.jpg\",\"datePublished\":\"2019-10-04T20:02:02+00:00\",\"dateModified\":\"2019-10-04T20:10:44+00:00\",\"breadcrumb\":{\"@id\":\"https:\\\/\\\/jornalbeirario.com.br\\\/portal\\\/?p=66168#breadcrumb\"},\"inLanguage\":\"pt-BR\",\"potentialAction\":[{\"@type\":\"ReadAction\",\"target\":[\"https:\\\/\\\/jornalbeirario.com.br\\\/portal\\\/?p=66168\"]}]},{\"@type\":\"ImageObject\",\"inLanguage\":\"pt-BR\",\"@id\":\"https:\\\/\\\/jornalbeirario.com.br\\\/portal\\\/?p=66168#primaryimage\",\"url\":\"https:\\\/\\\/jornalbeirario.com.br\\\/portal\\\/wp-content\\\/uploads\\\/2019\\\/10\\\/conselhotutelar1.jpg\",\"contentUrl\":\"https:\\\/\\\/jornalbeirario.com.br\\\/portal\\\/wp-content\\\/uploads\\\/2019\\\/10\\\/conselhotutelar1.jpg\",\"width\":1100,\"height\":470},{\"@type\":\"BreadcrumbList\",\"@id\":\"https:\\\/\\\/jornalbeirario.com.br\\\/portal\\\/?p=66168#breadcrumb\",\"itemListElement\":[{\"@type\":\"ListItem\",\"position\":1,\"name\":\"Home\",\"item\":\"https:\\\/\\\/jornalbeirario.com.br\\\/portal\"},{\"@type\":\"ListItem\",\"position\":2,\"name\":\"Resende e regi\u00e3o realizam elei\u00e7\u00f5es para Conselho Tutelar\"}]},{\"@type\":\"WebSite\",\"@id\":\"https:\\\/\\\/jornalbeirario.com.br\\\/portal\\\/#website\",\"url\":\"https:\\\/\\\/jornalbeirario.com.br\\\/portal\\\/\",\"name\":\"JORNAL BEIRA RIO\",\"description\":\"\",\"publisher\":{\"@id\":\"https:\\\/\\\/jornalbeirario.com.br\\\/portal\\\/#organization\"},\"potentialAction\":[{\"@type\":\"SearchAction\",\"target\":{\"@type\":\"EntryPoint\",\"urlTemplate\":\"https:\\\/\\\/jornalbeirario.com.br\\\/portal\\\/?s={search_term_string}\"},\"query-input\":{\"@type\":\"PropertyValueSpecification\",\"valueRequired\":true,\"valueName\":\"search_term_string\"}}],\"inLanguage\":\"pt-BR\"},{\"@type\":\"Organization\",\"@id\":\"https:\\\/\\\/jornalbeirario.com.br\\\/portal\\\/#organization\",\"name\":\"JORNAL BEIRA RIO\",\"url\":\"https:\\\/\\\/jornalbeirario.com.br\\\/portal\\\/\",\"logo\":{\"@type\":\"ImageObject\",\"inLanguage\":\"pt-BR\",\"@id\":\"https:\\\/\\\/jornalbeirario.com.br\\\/portal\\\/#\\\/schema\\\/logo\\\/image\\\/\",\"url\":\"https:\\\/\\\/jornalbeirario.com.br\\\/portal\\\/wp-content\\\/uploads\\\/2017\\\/09\\\/BEIRA-RIO_logo600.png\",\"contentUrl\":\"https:\\\/\\\/jornalbeirario.com.br\\\/portal\\\/wp-content\\\/uploads\\\/2017\\\/09\\\/BEIRA-RIO_logo600.png\",\"width\":650,\"height\":108,\"caption\":\"JORNAL BEIRA RIO\"},\"image\":{\"@id\":\"https:\\\/\\\/jornalbeirario.com.br\\\/portal\\\/#\\\/schema\\\/logo\\\/image\\\/\"}},{\"@type\":\"Person\",\"@id\":\"https:\\\/\\\/jornalbeirario.com.br\\\/portal\\\/#\\\/schema\\\/person\\\/c6c423e4c2465d2a9233f6539173e7c1\",\"name\":\"Jornal BEIRA-RIO\",\"image\":{\"@type\":\"ImageObject\",\"inLanguage\":\"pt-BR\",\"@id\":\"https:\\\/\\\/jornalbeirario.com.br\\\/portal\\\/wp-content\\\/uploads\\\/2023\\\/10\\\/logojbr1.jpg\",\"url\":\"https:\\\/\\\/jornalbeirario.com.br\\\/portal\\\/wp-content\\\/uploads\\\/2023\\\/10\\\/logojbr1.jpg\",\"contentUrl\":\"https:\\\/\\\/jornalbeirario.com.br\\\/portal\\\/wp-content\\\/uploads\\\/2023\\\/10\\\/logojbr1.jpg\",\"caption\":\"Jornal BEIRA-RIO\"},\"url\":\"https:\\\/\\\/jornalbeirario.com.br\\\/portal\\\/?author=1\"}]}<\/script>\n<!-- \/ Yoast SEO plugin. -->","yoast_head_json":{"title":"Resende e regi\u00e3o realizam elei\u00e7\u00f5es para Conselho Tutelar - JORNAL BEIRA RIO","robots":{"index":"index","follow":"follow","max-snippet":"max-snippet:-1","max-image-preview":"max-image-preview:large","max-video-preview":"max-video-preview:-1"},"canonical":"https:\/\/jornalbeirario.com.br\/portal\/?p=66168","og_locale":"pt_BR","og_type":"article","og_title":"Resende e regi\u00e3o realizam elei\u00e7\u00f5es para Conselho Tutelar - JORNAL BEIRA RIO","og_description":"Munic\u00edpios em todo o Brasil, incluindo Resende e Itatiaia, realizam nesta domingo, dia 6, elei\u00e7\u00f5es para escolher os novos conselheiros tutelares, de 8 \u00e0s","og_url":"https:\/\/jornalbeirario.com.br\/portal\/?p=66168","og_site_name":"JORNAL BEIRA RIO","article_published_time":"2019-10-04T20:02:02+00:00","article_modified_time":"2019-10-04T20:10:44+00:00","og_image":[{"width":1100,"height":470,"url":"https:\/\/jornalbeirario.com.br\/portal\/wp-content\/uploads\/2019\/10\/conselhotutelar1.jpg","type":"image\/jpeg"}],"author":"Jornal BEIRA-RIO","twitter_card":"summary_large_image","twitter_misc":{"Escrito por":"Jornal BEIRA-RIO","Est. tempo de leitura":"2 minutos"},"schema":{"@context":"https:\/\/schema.org","@graph":[{"@type":"Article","@id":"https:\/\/jornalbeirario.com.br\/portal\/?p=66168#article","isPartOf":{"@id":"https:\/\/jornalbeirario.com.br\/portal\/?p=66168"},"author":{"name":"Jornal BEIRA-RIO","@id":"https:\/\/jornalbeirario.com.br\/portal\/#\/schema\/person\/c6c423e4c2465d2a9233f6539173e7c1"},"headline":"Resende e regi\u00e3o realizam elei\u00e7\u00f5es para Conselho Tutelar","datePublished":"2019-10-04T20:02:02+00:00","dateModified":"2019-10-04T20:10:44+00:00","mainEntityOfPage":{"@id":"https:\/\/jornalbeirario.com.br\/portal\/?p=66168"},"wordCount":360,"commentCount":0,"publisher":{"@id":"https:\/\/jornalbeirario.com.br\/portal\/#organization"},"image":{"@id":"https:\/\/jornalbeirario.com.br\/portal\/?p=66168#primaryimage"},"thumbnailUrl":"https:\/\/jornalbeirario.com.br\/portal\/wp-content\/uploads\/2019\/10\/conselhotutelar1.jpg","articleSection":["Cidade","Manchete","Pol\u00edtica"],"inLanguage":"pt-BR","potentialAction":[{"@type":"CommentAction","name":"Comment","target":["https:\/\/jornalbeirario.com.br\/portal\/?p=66168#respond"]}]},{"@type":"WebPage","@id":"https:\/\/jornalbeirario.com.br\/portal\/?p=66168","url":"https:\/\/jornalbeirario.com.br\/portal\/?p=66168","name":"Resende e regi\u00e3o realizam elei\u00e7\u00f5es para Conselho Tutelar - JORNAL BEIRA RIO","isPartOf":{"@id":"https:\/\/jornalbeirario.com.br\/portal\/#website"},"primaryImageOfPage":{"@id":"https:\/\/jornalbeirario.com.br\/portal\/?p=66168#primaryimage"},"image":{"@id":"https:\/\/jornalbeirario.com.br\/portal\/?p=66168#primaryimage"},"thumbnailUrl":"https:\/\/jornalbeirario.com.br\/portal\/wp-content\/uploads\/2019\/10\/conselhotutelar1.jpg","datePublished":"2019-10-04T20:02:02+00:00","dateModified":"2019-10-04T20:10:44+00:00","breadcrumb":{"@id":"https:\/\/jornalbeirario.com.br\/portal\/?p=66168#breadcrumb"},"inLanguage":"pt-BR","potentialAction":[{"@type":"ReadAction","target":["https:\/\/jornalbeirario.com.br\/portal\/?p=66168"]}]},{"@type":"ImageObject","inLanguage":"pt-BR","@id":"https:\/\/jornalbeirario.com.br\/portal\/?p=66168#primaryimage","url":"https:\/\/jornalbeirario.com.br\/portal\/wp-content\/uploads\/2019\/10\/conselhotutelar1.jpg","contentUrl":"https:\/\/jornalbeirario.com.br\/portal\/wp-content\/uploads\/2019\/10\/conselhotutelar1.jpg","width":1100,"height":470},{"@type":"BreadcrumbList","@id":"https:\/\/jornalbeirario.com.br\/portal\/?p=66168#breadcrumb","itemListElement":[{"@type":"ListItem","position":1,"name":"Home","item":"https:\/\/jornalbeirario.com.br\/portal"},{"@type":"ListItem","position":2,"name":"Resende e regi\u00e3o realizam elei\u00e7\u00f5es para Conselho Tutelar"}]},{"@type":"WebSite","@id":"https:\/\/jornalbeirario.com.br\/portal\/#website","url":"https:\/\/jornalbeirario.com.br\/portal\/","name":"JORNAL BEIRA RIO","description":"","publisher":{"@id":"https:\/\/jornalbeirario.com.br\/portal\/#organization"},"potentialAction":[{"@type":"SearchAction","target":{"@type":"EntryPoint","urlTemplate":"https:\/\/jornalbeirario.com.br\/portal\/?s={search_term_string}"},"query-input":{"@type":"PropertyValueSpecification","valueRequired":true,"valueName":"search_term_string"}}],"inLanguage":"pt-BR"},{"@type":"Organization","@id":"https:\/\/jornalbeirario.com.br\/portal\/#organization","name":"JORNAL BEIRA RIO","url":"https:\/\/jornalbeirario.com.br\/portal\/","logo":{"@type":"ImageObject","inLanguage":"pt-BR","@id":"https:\/\/jornalbeirario.com.br\/portal\/#\/schema\/logo\/image\/","url":"https:\/\/jornalbeirario.com.br\/portal\/wp-content\/uploads\/2017\/09\/BEIRA-RIO_logo600.png","contentUrl":"https:\/\/jornalbeirario.com.br\/portal\/wp-content\/uploads\/2017\/09\/BEIRA-RIO_logo600.png","width":650,"height":108,"caption":"JORNAL BEIRA RIO"},"image":{"@id":"https:\/\/jornalbeirario.com.br\/portal\/#\/schema\/logo\/image\/"}},{"@type":"Person","@id":"https:\/\/jornalbeirario.com.br\/portal\/#\/schema\/person\/c6c423e4c2465d2a9233f6539173e7c1","name":"Jornal BEIRA-RIO","image":{"@type":"ImageObject","inLanguage":"pt-BR","@id":"https:\/\/jornalbeirario.com.br\/portal\/wp-content\/uploads\/2023\/10\/logojbr1.jpg","url":"https:\/\/jornalbeirario.com.br\/portal\/wp-content\/uploads\/2023\/10\/logojbr1.jpg","contentUrl":"https:\/\/jornalbeirario.com.br\/portal\/wp-content\/uploads\/2023\/10\/logojbr1.jpg","caption":"Jornal BEIRA-RIO"},"url":"https:\/\/jornalbeirario.com.br\/portal\/?author=1"}]}},"_links":{"self":[{"href":"https:\/\/jornalbeirario.com.br\/portal\/index.php?rest_route=\/wp\/v2\/posts\/66168","targetHints":{"allow":["GET"]}}],"collection":[{"href":"https:\/\/jornalbeirario.com.br\/portal\/index.php?rest_route=\/wp\/v2\/posts"}],"about":[{"href":"https:\/\/jornalbeirario.com.br\/portal\/index.php?rest_route=\/wp\/v2\/types\/post"}],"author":[{"embeddable":true,"href":"https:\/\/jornalbeirario.com.br\/portal\/index.php?rest_route=\/wp\/v2\/users\/1"}],"replies":[{"embeddable":true,"href":"https:\/\/jornalbeirario.com.br\/portal\/index.php?rest_route=%2Fwp%2Fv2%2Fcomments&post=66168"}],"version-history":[{"count":9,"href":"https:\/\/jornalbeirario.com.br\/portal\/index.php?rest_route=\/wp\/v2\/posts\/66168\/revisions"}],"predecessor-version":[{"id":66184,"href":"https:\/\/jornalbeirario.com.br\/portal\/index.php?rest_route=\/wp\/v2\/posts\/66168\/revisions\/66184"}],"wp:featuredmedia":[{"embeddable":true,"href":"https:\/\/jornalbeirario.com.br\/portal\/index.php?rest_route=\/wp\/v2\/media\/66181"}],"wp:attachment":[{"href":"https:\/\/jornalbeirario.com.br\/portal\/index.php?rest_route=%2Fwp%2Fv2%2Fmedia&parent=66168"}],"wp:term":[{"taxonomy":"category","embeddable":true,"href":"https:\/\/jornalbeirario.com.br\/portal\/index.php?rest_route=%2Fwp%2Fv2%2Fcategories&post=66168"},{"taxonomy":"post_tag","embeddable":true,"href":"https:\/\/jornalbeirario.com.br\/portal\/index.php?rest_route=%2Fwp%2Fv2%2Ftags&post=66168"}],"curies":[{"name":"wp","href":"https:\/\/api.w.org\/{rel}","templated":true}]}}