
{"id":65640,"date":"2019-08-21T09:58:37","date_gmt":"2019-08-21T12:58:37","guid":{"rendered":"http:\/\/jornalbeirario.com.br\/portal\/?p=65640"},"modified":"2019-08-21T09:58:37","modified_gmt":"2019-08-21T12:58:37","slug":"ministerio-da-saude-quer-combater-surto-de-sarampo-com-vacinacao-dose-zero","status":"publish","type":"post","link":"https:\/\/jornalbeirario.com.br\/portal\/?p=65640","title":{"rendered":"Minist\u00e9rio da Sa\u00fade quer combater surto de sarampo com vacina\u00e7\u00e3o &#8220;dose zero&#8221;"},"content":{"rendered":"<figure id=\"attachment_65645\" aria-describedby=\"caption-attachment-65645\" style=\"width: 300px\" class=\"wp-caption alignleft\"><img loading=\"lazy\" decoding=\"async\" class=\"wp-image-65645 size-medium\" src=\"https:\/\/jornalbeirario.com.br\/portal\/wp-content\/uploads\/2019\/08\/coletiva-sarampo2-300x225.jpg\" alt=\"\" width=\"300\" height=\"225\" srcset=\"https:\/\/jornalbeirario.com.br\/portal\/wp-content\/uploads\/2019\/08\/coletiva-sarampo2-300x225.jpg 300w, https:\/\/jornalbeirario.com.br\/portal\/wp-content\/uploads\/2019\/08\/coletiva-sarampo2.jpg 640w\" sizes=\"auto, (max-width: 300px) 100vw, 300px\" \/><figcaption id=\"caption-attachment-65645\" class=\"wp-caption-text\">Minist\u00e9rio da Sa\u00fade promoveu coletiva para falar da import\u00e2ncia da vacina\u00e7\u00e3o na preven\u00e7\u00e3o e combate ao sarampo<\/figcaption><\/figure>\n<p style=\"text-align: justify;\">Nesta quinta-feira, dia 22, come\u00e7a no pa\u00eds a vacina\u00e7\u00e3o contra o sarampo para todas as crian\u00e7as de 6 meses a 1 ano. A medida preventiva, segundo o Minist\u00e9rio da Sa\u00fade, \u00e9 intensificar a imuniza\u00e7\u00e3o nesse p\u00fablico-alvo da doen\u00e7a, que \u00e9 mais suscet\u00edvel a casos graves e mortes. Ao todo, ser\u00e3o enviadas para os estados 1,6 milh\u00e3o de doses a mais.<\/p>\n<p style=\"text-align: justify;\">A estimativa \u00e9 vacinar 1,4 milh\u00e3o de crian\u00e7as que n\u00e3o receberam a dose extra, chamada de \u2018dose zero\u2019, al\u00e9m das doses previstas no Calend\u00e1rio Nacional de Vacina\u00e7\u00e3o, aos 12 e 15 meses.<\/p>\n<p style=\"text-align: justify;\">A a\u00e7\u00e3o acontece ap\u00f3s o pa\u00eds registrar aumento de casos da doen\u00e7a em alguns estados. Segundo o boletim divulgado nesta ter\u00e7a-feira, dia 20, pelo Minist\u00e9rio da Sa\u00fade, foram registrados, nos \u00faltimos 90 dias, entre 19 de maio a 10 de agosto deste ano, 1.680 casos confirmados de sarampo em 11 estados, sendo S\u00e3o Paulo o estado com o maior n\u00famero (1.662). Completam a lista os estados do Rio de Janeiro (6), Pernambuco (4), Bahia (1), Paran\u00e1 (1), Goi\u00e1s (1), Maranh\u00e3o (1), Rio Grande do Norte (1), Esp\u00edrito Santo (1), Sergipe (1) e Piau\u00ed (1).<\/p>\n<p style=\"text-align: justify;\">&#8211; O Minist\u00e9rio da Sa\u00fade est\u00e1 fazendo uma medida preventiva. N\u00f3s estamos preocupados com essa faixa et\u00e1ria porque em surtos anteriores foram as crian\u00e7as menores de um ano que evolu\u00edram para casos mais graves e \u00f3bitos (mortes). Por isso, \u00e9 preciso que todas as crian\u00e7as na faixa priorit\u00e1ria sejam imunizadas contra o v\u00edrus do sarampo, considerando a possibilidade de tr\u00e2nsito de pessoas doentes para regi\u00f5es afetadas e n\u00e3o afetadas &#8211; esclareceu o secret\u00e1rio de Vigil\u00e2ncia em Sa\u00fade do Minist\u00e9rio da Sa\u00fade, Wanderson Oliveira.<\/p>\n<p style=\"text-align: justify;\">No entanto, o minist\u00e9rio esclarece que a chamada \u201cdose zero\u201d n\u00e3o substitui e n\u00e3o ser\u00e1 considerada v\u00e1lida para fins do calend\u00e1rio nacional de vacina\u00e7\u00e3o da crian\u00e7a. Al\u00e9m dessa dose que est\u00e1 sendo aplicada agora, os pais e respons\u00e1veis devem levar os filhos para tomar a vacina tr\u00edplice viral (D1) aos 12 meses de idade (1\u00aa dose); e aos 15 meses (2\u00aadose) para tomar a vacina tetra viral ou a tr\u00edplice viral + varicela, respeitando-se o intervalo de 30 dias entre as doses. A vacina\u00e7\u00e3o de rotina das crian\u00e7as deve ser mantida independentemente de a crian\u00e7a ter tomada a \u201cdose zero\u201d da vacina.<\/p>\n<p style=\"text-align: justify;\">Al\u00e9m da &#8220;dose zero&#8221;, a tr\u00edplice viral est\u00e1 dispon\u00edvel em todos os mais de 36 mil postos de vacina\u00e7\u00e3o em todo o Brasil. A vacina previne tamb\u00e9m contra rub\u00e9ola e caxumba. Neste ano, o Minist\u00e9rio, j\u00e1 enviou para os estados 10,5 milh\u00f5es de doses da vacina. Desse total de vacinas, 71% foi enviado para o estado de S\u00e3o Paulo, que concentra 99% dos casos de sarampo no pa\u00eds. A vacina \u00e9 a principal forma de tratamento da doen\u00e7a.<\/p>\n<p style=\"text-align: justify;\">BLOQUEIO VACINAL<br \/>\nAl\u00e9m de vacinar as crian\u00e7as na faixa et\u00e1ria priorit\u00e1ria, o Minist\u00e9rio da Sa\u00fade, por meio da Secretaria de Vigil\u00e2ncia em Sa\u00fade, tem orientado aos estados e munic\u00edpios a realizarem o bloqueio vacinal em situa\u00e7\u00e3o de surto ativo do sarampo, quando identificado um caso da doen\u00e7a em alguma localidade. No estado do Rio de Janeiro, quatro munic\u00edpios registraram casos e se enquadram nessa necessidade do bloqueio: <a href=\"https:\/\/jornalbeirario.com.br\/portal\/?p=65401\">Paraty, na Regi\u00e3o da Costa Verde<\/a>; Rio de Janeiro, Duque de Caxias e S\u00e3o Jo\u00e3o de Meriti, na Regi\u00e3o Metropolitana.<\/p>\n<p style=\"text-align: justify;\">Nos quatro munic\u00edpios, a vacina\u00e7\u00e3o deve ser feita em todas as pessoas que tiveram ou tem contato com aquele caso suspeito em at\u00e9 72 horas. Neste caso, a vacina\u00e7\u00e3o \u00e9 seletiva, ou seja, n\u00e3o h\u00e1 necessidade de revacina\u00e7\u00e3o das pessoas que j\u00e1 foram vacinadas anteriormente e que tem comprova\u00e7\u00e3o vacinal.<\/p>\n<p><em>Foto: Erasmo Salom\u00e3o\/Ascom-MS<\/em><\/p>\n<p style=\"text-align: justify;\"><em>Fonte: Ag\u00eancia Sa\u00fade<\/em><\/p>\n","protected":false},"excerpt":{"rendered":"<p>Nesta quinta-feira, dia 22, come\u00e7a no pa\u00eds a vacina\u00e7\u00e3o contra o sarampo para todas as crian\u00e7as de 6 meses a 1 ano. A medida<\/p>\n","protected":false},"author":1,"featured_media":65644,"comment_status":"open","ping_status":"open","sticky":false,"template":"","format":"standard","meta":{"pmpro_default_level":"","footnotes":""},"categories":[227,35,18],"tags":[],"class_list":["post-65640","post","type-post","status-publish","format-standard","has-post-thumbnail","hentry","category-manchete","category-nacional","category-saude","pmpro-has-access"],"yoast_head":"<!-- This site is optimized with the Yoast SEO plugin v27.4 - https:\/\/yoast.com\/product\/yoast-seo-wordpress\/ -->\n<title>Minist\u00e9rio da Sa\u00fade quer combater surto de sarampo com vacina\u00e7\u00e3o &quot;dose zero&quot; - JORNAL BEIRA RIO<\/title>\n<meta name=\"robots\" content=\"index, follow, max-snippet:-1, max-image-preview:large, max-video-preview:-1\" \/>\n<link rel=\"canonical\" href=\"https:\/\/jornalbeirario.com.br\/portal\/?p=65640\" \/>\n<meta property=\"og:locale\" content=\"pt_BR\" \/>\n<meta property=\"og:type\" content=\"article\" \/>\n<meta property=\"og:title\" content=\"Minist\u00e9rio da Sa\u00fade quer combater surto de sarampo com vacina\u00e7\u00e3o &quot;dose zero&quot; - JORNAL BEIRA RIO\" \/>\n<meta property=\"og:description\" content=\"Nesta quinta-feira, dia 22, come\u00e7a no pa\u00eds a vacina\u00e7\u00e3o contra o sarampo para todas as crian\u00e7as de 6 meses a 1 ano. A medida\" \/>\n<meta property=\"og:url\" content=\"https:\/\/jornalbeirario.com.br\/portal\/?p=65640\" \/>\n<meta property=\"og:site_name\" content=\"JORNAL BEIRA RIO\" \/>\n<meta property=\"article:published_time\" content=\"2019-08-21T12:58:37+00:00\" \/>\n<meta property=\"og:image\" content=\"https:\/\/jornalbeirario.com.br\/portal\/wp-content\/uploads\/2019\/08\/coletiva-sarampo1.jpg\" \/>\n\t<meta property=\"og:image:width\" content=\"1100\" \/>\n\t<meta property=\"og:image:height\" content=\"470\" \/>\n\t<meta property=\"og:image:type\" content=\"image\/jpeg\" \/>\n<meta name=\"author\" content=\"Jornal BEIRA-RIO\" \/>\n<meta name=\"twitter:card\" content=\"summary_large_image\" \/>\n<meta name=\"twitter:label1\" content=\"Escrito por\" \/>\n\t<meta name=\"twitter:data1\" content=\"Jornal BEIRA-RIO\" \/>\n\t<meta name=\"twitter:label2\" content=\"Est. tempo de leitura\" \/>\n\t<meta name=\"twitter:data2\" content=\"3 minutos\" \/>\n<script type=\"application\/ld+json\" class=\"yoast-schema-graph\">{\"@context\":\"https:\\\/\\\/schema.org\",\"@graph\":[{\"@type\":\"Article\",\"@id\":\"https:\\\/\\\/jornalbeirario.com.br\\\/portal\\\/?p=65640#article\",\"isPartOf\":{\"@id\":\"https:\\\/\\\/jornalbeirario.com.br\\\/portal\\\/?p=65640\"},\"author\":{\"name\":\"Jornal BEIRA-RIO\",\"@id\":\"https:\\\/\\\/jornalbeirario.com.br\\\/portal\\\/#\\\/schema\\\/person\\\/c6c423e4c2465d2a9233f6539173e7c1\"},\"headline\":\"Minist\u00e9rio da Sa\u00fade quer combater surto de sarampo com vacina\u00e7\u00e3o &#8220;dose zero&#8221;\",\"datePublished\":\"2019-08-21T12:58:37+00:00\",\"mainEntityOfPage\":{\"@id\":\"https:\\\/\\\/jornalbeirario.com.br\\\/portal\\\/?p=65640\"},\"wordCount\":694,\"commentCount\":0,\"publisher\":{\"@id\":\"https:\\\/\\\/jornalbeirario.com.br\\\/portal\\\/#organization\"},\"image\":{\"@id\":\"https:\\\/\\\/jornalbeirario.com.br\\\/portal\\\/?p=65640#primaryimage\"},\"thumbnailUrl\":\"https:\\\/\\\/jornalbeirario.com.br\\\/portal\\\/wp-content\\\/uploads\\\/2019\\\/08\\\/coletiva-sarampo1.jpg\",\"articleSection\":[\"Manchete\",\"Nacional\",\"Sa\u00fade\"],\"inLanguage\":\"pt-BR\",\"potentialAction\":[{\"@type\":\"CommentAction\",\"name\":\"Comment\",\"target\":[\"https:\\\/\\\/jornalbeirario.com.br\\\/portal\\\/?p=65640#respond\"]}]},{\"@type\":\"WebPage\",\"@id\":\"https:\\\/\\\/jornalbeirario.com.br\\\/portal\\\/?p=65640\",\"url\":\"https:\\\/\\\/jornalbeirario.com.br\\\/portal\\\/?p=65640\",\"name\":\"Minist\u00e9rio da Sa\u00fade quer combater surto de sarampo com vacina\u00e7\u00e3o \\\"dose zero\\\" - JORNAL BEIRA RIO\",\"isPartOf\":{\"@id\":\"https:\\\/\\\/jornalbeirario.com.br\\\/portal\\\/#website\"},\"primaryImageOfPage\":{\"@id\":\"https:\\\/\\\/jornalbeirario.com.br\\\/portal\\\/?p=65640#primaryimage\"},\"image\":{\"@id\":\"https:\\\/\\\/jornalbeirario.com.br\\\/portal\\\/?p=65640#primaryimage\"},\"thumbnailUrl\":\"https:\\\/\\\/jornalbeirario.com.br\\\/portal\\\/wp-content\\\/uploads\\\/2019\\\/08\\\/coletiva-sarampo1.jpg\",\"datePublished\":\"2019-08-21T12:58:37+00:00\",\"breadcrumb\":{\"@id\":\"https:\\\/\\\/jornalbeirario.com.br\\\/portal\\\/?p=65640#breadcrumb\"},\"inLanguage\":\"pt-BR\",\"potentialAction\":[{\"@type\":\"ReadAction\",\"target\":[\"https:\\\/\\\/jornalbeirario.com.br\\\/portal\\\/?p=65640\"]}]},{\"@type\":\"ImageObject\",\"inLanguage\":\"pt-BR\",\"@id\":\"https:\\\/\\\/jornalbeirario.com.br\\\/portal\\\/?p=65640#primaryimage\",\"url\":\"https:\\\/\\\/jornalbeirario.com.br\\\/portal\\\/wp-content\\\/uploads\\\/2019\\\/08\\\/coletiva-sarampo1.jpg\",\"contentUrl\":\"https:\\\/\\\/jornalbeirario.com.br\\\/portal\\\/wp-content\\\/uploads\\\/2019\\\/08\\\/coletiva-sarampo1.jpg\",\"width\":1100,\"height\":470},{\"@type\":\"BreadcrumbList\",\"@id\":\"https:\\\/\\\/jornalbeirario.com.br\\\/portal\\\/?p=65640#breadcrumb\",\"itemListElement\":[{\"@type\":\"ListItem\",\"position\":1,\"name\":\"Home\",\"item\":\"https:\\\/\\\/jornalbeirario.com.br\\\/portal\"},{\"@type\":\"ListItem\",\"position\":2,\"name\":\"Minist\u00e9rio da Sa\u00fade quer combater surto de sarampo com vacina\u00e7\u00e3o &#8220;dose zero&#8221;\"}]},{\"@type\":\"WebSite\",\"@id\":\"https:\\\/\\\/jornalbeirario.com.br\\\/portal\\\/#website\",\"url\":\"https:\\\/\\\/jornalbeirario.com.br\\\/portal\\\/\",\"name\":\"JORNAL BEIRA RIO\",\"description\":\"\",\"publisher\":{\"@id\":\"https:\\\/\\\/jornalbeirario.com.br\\\/portal\\\/#organization\"},\"potentialAction\":[{\"@type\":\"SearchAction\",\"target\":{\"@type\":\"EntryPoint\",\"urlTemplate\":\"https:\\\/\\\/jornalbeirario.com.br\\\/portal\\\/?s={search_term_string}\"},\"query-input\":{\"@type\":\"PropertyValueSpecification\",\"valueRequired\":true,\"valueName\":\"search_term_string\"}}],\"inLanguage\":\"pt-BR\"},{\"@type\":\"Organization\",\"@id\":\"https:\\\/\\\/jornalbeirario.com.br\\\/portal\\\/#organization\",\"name\":\"JORNAL BEIRA RIO\",\"url\":\"https:\\\/\\\/jornalbeirario.com.br\\\/portal\\\/\",\"logo\":{\"@type\":\"ImageObject\",\"inLanguage\":\"pt-BR\",\"@id\":\"https:\\\/\\\/jornalbeirario.com.br\\\/portal\\\/#\\\/schema\\\/logo\\\/image\\\/\",\"url\":\"https:\\\/\\\/jornalbeirario.com.br\\\/portal\\\/wp-content\\\/uploads\\\/2017\\\/09\\\/BEIRA-RIO_logo600.png\",\"contentUrl\":\"https:\\\/\\\/jornalbeirario.com.br\\\/portal\\\/wp-content\\\/uploads\\\/2017\\\/09\\\/BEIRA-RIO_logo600.png\",\"width\":650,\"height\":108,\"caption\":\"JORNAL BEIRA RIO\"},\"image\":{\"@id\":\"https:\\\/\\\/jornalbeirario.com.br\\\/portal\\\/#\\\/schema\\\/logo\\\/image\\\/\"}},{\"@type\":\"Person\",\"@id\":\"https:\\\/\\\/jornalbeirario.com.br\\\/portal\\\/#\\\/schema\\\/person\\\/c6c423e4c2465d2a9233f6539173e7c1\",\"name\":\"Jornal BEIRA-RIO\",\"image\":{\"@type\":\"ImageObject\",\"inLanguage\":\"pt-BR\",\"@id\":\"https:\\\/\\\/jornalbeirario.com.br\\\/portal\\\/wp-content\\\/uploads\\\/2023\\\/10\\\/logojbr1.jpg\",\"url\":\"https:\\\/\\\/jornalbeirario.com.br\\\/portal\\\/wp-content\\\/uploads\\\/2023\\\/10\\\/logojbr1.jpg\",\"contentUrl\":\"https:\\\/\\\/jornalbeirario.com.br\\\/portal\\\/wp-content\\\/uploads\\\/2023\\\/10\\\/logojbr1.jpg\",\"caption\":\"Jornal BEIRA-RIO\"},\"url\":\"https:\\\/\\\/jornalbeirario.com.br\\\/portal\\\/?author=1\"}]}<\/script>\n<!-- \/ Yoast SEO plugin. -->","yoast_head_json":{"title":"Minist\u00e9rio da Sa\u00fade quer combater surto de sarampo com vacina\u00e7\u00e3o \"dose zero\" - JORNAL BEIRA RIO","robots":{"index":"index","follow":"follow","max-snippet":"max-snippet:-1","max-image-preview":"max-image-preview:large","max-video-preview":"max-video-preview:-1"},"canonical":"https:\/\/jornalbeirario.com.br\/portal\/?p=65640","og_locale":"pt_BR","og_type":"article","og_title":"Minist\u00e9rio da Sa\u00fade quer combater surto de sarampo com vacina\u00e7\u00e3o \"dose zero\" - JORNAL BEIRA RIO","og_description":"Nesta quinta-feira, dia 22, come\u00e7a no pa\u00eds a vacina\u00e7\u00e3o contra o sarampo para todas as crian\u00e7as de 6 meses a 1 ano. A medida","og_url":"https:\/\/jornalbeirario.com.br\/portal\/?p=65640","og_site_name":"JORNAL BEIRA RIO","article_published_time":"2019-08-21T12:58:37+00:00","og_image":[{"width":1100,"height":470,"url":"https:\/\/jornalbeirario.com.br\/portal\/wp-content\/uploads\/2019\/08\/coletiva-sarampo1.jpg","type":"image\/jpeg"}],"author":"Jornal BEIRA-RIO","twitter_card":"summary_large_image","twitter_misc":{"Escrito por":"Jornal BEIRA-RIO","Est. tempo de leitura":"3 minutos"},"schema":{"@context":"https:\/\/schema.org","@graph":[{"@type":"Article","@id":"https:\/\/jornalbeirario.com.br\/portal\/?p=65640#article","isPartOf":{"@id":"https:\/\/jornalbeirario.com.br\/portal\/?p=65640"},"author":{"name":"Jornal BEIRA-RIO","@id":"https:\/\/jornalbeirario.com.br\/portal\/#\/schema\/person\/c6c423e4c2465d2a9233f6539173e7c1"},"headline":"Minist\u00e9rio da Sa\u00fade quer combater surto de sarampo com vacina\u00e7\u00e3o &#8220;dose zero&#8221;","datePublished":"2019-08-21T12:58:37+00:00","mainEntityOfPage":{"@id":"https:\/\/jornalbeirario.com.br\/portal\/?p=65640"},"wordCount":694,"commentCount":0,"publisher":{"@id":"https:\/\/jornalbeirario.com.br\/portal\/#organization"},"image":{"@id":"https:\/\/jornalbeirario.com.br\/portal\/?p=65640#primaryimage"},"thumbnailUrl":"https:\/\/jornalbeirario.com.br\/portal\/wp-content\/uploads\/2019\/08\/coletiva-sarampo1.jpg","articleSection":["Manchete","Nacional","Sa\u00fade"],"inLanguage":"pt-BR","potentialAction":[{"@type":"CommentAction","name":"Comment","target":["https:\/\/jornalbeirario.com.br\/portal\/?p=65640#respond"]}]},{"@type":"WebPage","@id":"https:\/\/jornalbeirario.com.br\/portal\/?p=65640","url":"https:\/\/jornalbeirario.com.br\/portal\/?p=65640","name":"Minist\u00e9rio da Sa\u00fade quer combater surto de sarampo com vacina\u00e7\u00e3o \"dose zero\" - JORNAL BEIRA RIO","isPartOf":{"@id":"https:\/\/jornalbeirario.com.br\/portal\/#website"},"primaryImageOfPage":{"@id":"https:\/\/jornalbeirario.com.br\/portal\/?p=65640#primaryimage"},"image":{"@id":"https:\/\/jornalbeirario.com.br\/portal\/?p=65640#primaryimage"},"thumbnailUrl":"https:\/\/jornalbeirario.com.br\/portal\/wp-content\/uploads\/2019\/08\/coletiva-sarampo1.jpg","datePublished":"2019-08-21T12:58:37+00:00","breadcrumb":{"@id":"https:\/\/jornalbeirario.com.br\/portal\/?p=65640#breadcrumb"},"inLanguage":"pt-BR","potentialAction":[{"@type":"ReadAction","target":["https:\/\/jornalbeirario.com.br\/portal\/?p=65640"]}]},{"@type":"ImageObject","inLanguage":"pt-BR","@id":"https:\/\/jornalbeirario.com.br\/portal\/?p=65640#primaryimage","url":"https:\/\/jornalbeirario.com.br\/portal\/wp-content\/uploads\/2019\/08\/coletiva-sarampo1.jpg","contentUrl":"https:\/\/jornalbeirario.com.br\/portal\/wp-content\/uploads\/2019\/08\/coletiva-sarampo1.jpg","width":1100,"height":470},{"@type":"BreadcrumbList","@id":"https:\/\/jornalbeirario.com.br\/portal\/?p=65640#breadcrumb","itemListElement":[{"@type":"ListItem","position":1,"name":"Home","item":"https:\/\/jornalbeirario.com.br\/portal"},{"@type":"ListItem","position":2,"name":"Minist\u00e9rio da Sa\u00fade quer combater surto de sarampo com vacina\u00e7\u00e3o &#8220;dose zero&#8221;"}]},{"@type":"WebSite","@id":"https:\/\/jornalbeirario.com.br\/portal\/#website","url":"https:\/\/jornalbeirario.com.br\/portal\/","name":"JORNAL BEIRA RIO","description":"","publisher":{"@id":"https:\/\/jornalbeirario.com.br\/portal\/#organization"},"potentialAction":[{"@type":"SearchAction","target":{"@type":"EntryPoint","urlTemplate":"https:\/\/jornalbeirario.com.br\/portal\/?s={search_term_string}"},"query-input":{"@type":"PropertyValueSpecification","valueRequired":true,"valueName":"search_term_string"}}],"inLanguage":"pt-BR"},{"@type":"Organization","@id":"https:\/\/jornalbeirario.com.br\/portal\/#organization","name":"JORNAL BEIRA RIO","url":"https:\/\/jornalbeirario.com.br\/portal\/","logo":{"@type":"ImageObject","inLanguage":"pt-BR","@id":"https:\/\/jornalbeirario.com.br\/portal\/#\/schema\/logo\/image\/","url":"https:\/\/jornalbeirario.com.br\/portal\/wp-content\/uploads\/2017\/09\/BEIRA-RIO_logo600.png","contentUrl":"https:\/\/jornalbeirario.com.br\/portal\/wp-content\/uploads\/2017\/09\/BEIRA-RIO_logo600.png","width":650,"height":108,"caption":"JORNAL BEIRA RIO"},"image":{"@id":"https:\/\/jornalbeirario.com.br\/portal\/#\/schema\/logo\/image\/"}},{"@type":"Person","@id":"https:\/\/jornalbeirario.com.br\/portal\/#\/schema\/person\/c6c423e4c2465d2a9233f6539173e7c1","name":"Jornal BEIRA-RIO","image":{"@type":"ImageObject","inLanguage":"pt-BR","@id":"https:\/\/jornalbeirario.com.br\/portal\/wp-content\/uploads\/2023\/10\/logojbr1.jpg","url":"https:\/\/jornalbeirario.com.br\/portal\/wp-content\/uploads\/2023\/10\/logojbr1.jpg","contentUrl":"https:\/\/jornalbeirario.com.br\/portal\/wp-content\/uploads\/2023\/10\/logojbr1.jpg","caption":"Jornal BEIRA-RIO"},"url":"https:\/\/jornalbeirario.com.br\/portal\/?author=1"}]}},"_links":{"self":[{"href":"https:\/\/jornalbeirario.com.br\/portal\/index.php?rest_route=\/wp\/v2\/posts\/65640","targetHints":{"allow":["GET"]}}],"collection":[{"href":"https:\/\/jornalbeirario.com.br\/portal\/index.php?rest_route=\/wp\/v2\/posts"}],"about":[{"href":"https:\/\/jornalbeirario.com.br\/portal\/index.php?rest_route=\/wp\/v2\/types\/post"}],"author":[{"embeddable":true,"href":"https:\/\/jornalbeirario.com.br\/portal\/index.php?rest_route=\/wp\/v2\/users\/1"}],"replies":[{"embeddable":true,"href":"https:\/\/jornalbeirario.com.br\/portal\/index.php?rest_route=%2Fwp%2Fv2%2Fcomments&post=65640"}],"version-history":[{"count":5,"href":"https:\/\/jornalbeirario.com.br\/portal\/index.php?rest_route=\/wp\/v2\/posts\/65640\/revisions"}],"predecessor-version":[{"id":65647,"href":"https:\/\/jornalbeirario.com.br\/portal\/index.php?rest_route=\/wp\/v2\/posts\/65640\/revisions\/65647"}],"wp:featuredmedia":[{"embeddable":true,"href":"https:\/\/jornalbeirario.com.br\/portal\/index.php?rest_route=\/wp\/v2\/media\/65644"}],"wp:attachment":[{"href":"https:\/\/jornalbeirario.com.br\/portal\/index.php?rest_route=%2Fwp%2Fv2%2Fmedia&parent=65640"}],"wp:term":[{"taxonomy":"category","embeddable":true,"href":"https:\/\/jornalbeirario.com.br\/portal\/index.php?rest_route=%2Fwp%2Fv2%2Fcategories&post=65640"},{"taxonomy":"post_tag","embeddable":true,"href":"https:\/\/jornalbeirario.com.br\/portal\/index.php?rest_route=%2Fwp%2Fv2%2Ftags&post=65640"}],"curies":[{"name":"wp","href":"https:\/\/api.w.org\/{rel}","templated":true}]}}