
{"id":65364,"date":"2019-08-01T10:37:29","date_gmt":"2019-08-01T13:37:29","guid":{"rendered":"http:\/\/jornalbeirario.com.br\/portal\/?p=65364"},"modified":"2019-08-01T10:37:29","modified_gmt":"2019-08-01T13:37:29","slug":"motorista-de-aplicativo-tera-que-se-regularizar-para-atuar-em-resende","status":"publish","type":"post","link":"https:\/\/jornalbeirario.com.br\/portal\/?p=65364","title":{"rendered":"Motorista de aplicativo ter\u00e1 que se regularizar para atuar em Resende"},"content":{"rendered":"<p style=\"text-align: justify;\">A partir de agora, todos os motoristas de aplicativo que atuam em Resende dever\u00e3o fazer o cadastramento obrigat\u00f3rio. A medida foi adotada a partir do Decreto Municipal n\u00ba 12.555, de 08 de julho de 2019, que &#8220;disciplina o uso do Sistema Vi\u00e1rio Urbano Municipal, para explora\u00e7\u00e3o de servi\u00e7o de transporte individual, privado remunerado de passageiros, intermediado por plataformas digitais gerenciadas por Provedoras de Redes de Compartilhamento (Prover)&#8221;.<\/p>\n<p style=\"text-align: justify;\">A medida tamb\u00e9m faz parte das diretrizes da Pol\u00edtica Nacional de Mobilidade Urbana, conforme disposto na Lei Federal n\u00ba 12.587, de 03 de janeiro de 2012. A mudan\u00e7a ainda \u00e9 baseada na Lei n\u00ba 13.640, de 26 de mar\u00e7o de 2018, que altera a legisla\u00e7\u00e3o federal citada, para regulamentar o transporte em quest\u00e3o, dentre outras considera\u00e7\u00f5es.<\/p>\n<p style=\"text-align: justify;\">Com isso, a Prefeitura de Resende e a Secretaria de Governo, por meio da Superintend\u00eancia Municipal de Transporte e Tr\u00e2nsito (Sumtran), iniciou o processo de regulamenta\u00e7\u00e3o do servi\u00e7o de transporte individual privado remunerado de passageiros, prestado por meio de aplicativos de celular. A partir do credenciamento, o motorista adquire o Alvar\u00e1 de Transporte Individual Privado Remunerado de Passageiros por Plataformas Digitais.<\/p>\n<p style=\"text-align: justify;\">Al\u00e9m disso, a taxa do servi\u00e7o de transporte individual remunerado de passageiros por plataforma digital foi estabelecida no valor de 1 UFM (Unidade Fiscal do Munic\u00edpio) por ano, e a taxa de custo foi acrescentada na Lei Complementar n\u00ba 001\/2013, que institui o C\u00f3digo Tribut\u00e1rio Municipal. Desta forma, a Taxa de Fiscaliza\u00e7\u00e3o de Ve\u00edculo (TFV) de Transporte de passageiros passou a contemplar estes profissionais.<\/p>\n<p style=\"text-align: justify;\">Para fazer o cadastramento, os condutores de carros de aplicativos devem comparecer \u00e0 Sumtran, localizado na sede da Prefeitura, no bairro Jardim Jalisco, entre 12h e 18h, de segunda a sexta-feira. At\u00e9 o momento, 173 motoristas de aplicativo compareceram ao local, para regularizar a situa\u00e7\u00e3o.<\/p>\n<p style=\"text-align: justify;\">o motorista ser\u00e1 orientado sobre a abertura do processo administrativo para a obten\u00e7\u00e3o de alvar\u00e1 e encaminhado ao Setor de Protocolo. O condutor do ve\u00edculo ter\u00e1 apresentar uma ficha cadastral do aplicativo e os seguintes documentos: Carteira Nacional de Habilita\u00e7\u00e3o (CNH) na categoria B ou superior que contenha a informa\u00e7\u00e3o de que exerce atividade remunerada; certid\u00e3o negativa de antecedentes criminais; foto 3&#215;4; comprovante de contrata\u00e7\u00e3o de seguro para acidentes envolvendo motorista e passageiros, conhecido como APP (Acidentes Pessoais de Passageiros); e Certificado de Registro e Licenciamento de Ve\u00edculo (CRLV) atualizado. O carro cadastrado deve atender aos requisitos de idade m\u00e1xima (10 anos) e \u00e0s caracter\u00edsticas exigidas pela autoridade de tr\u00e2nsito e pelo Poder P\u00fablico Municipal. O alvar\u00e1 ser\u00e1 emitido pelo Departamento de Arrecada\u00e7\u00e3o Tribut\u00e1ria (DAT).<\/p>\n<p style=\"text-align: justify;\">O tributo institu\u00eddo na Lei Complementar somente poder\u00e1 ser cobrado no pr\u00f3ximo ano. O credenciamento dos motoristas ter\u00e1 validade de 12 meses, renov\u00e1vel por igual per\u00edodo, mediante requerimento apresentado com anteced\u00eancia m\u00ednima de 30 dias do seu t\u00e9rmino.<\/p>\n<p><em>Foto: Arquivo\/PMR<\/em><\/p>\n","protected":false},"excerpt":{"rendered":"<p>A partir de agora, todos os motoristas de aplicativo que atuam em Resende dever\u00e3o fazer o cadastramento obrigat\u00f3rio. A medida foi adotada a partir<\/p>\n","protected":false},"author":1,"featured_media":65365,"comment_status":"open","ping_status":"open","sticky":false,"template":"","format":"standard","meta":{"pmpro_default_level":"","footnotes":""},"categories":[1,227],"tags":[],"class_list":["post-65364","post","type-post","status-publish","format-standard","has-post-thumbnail","hentry","category-cidade","category-manchete","pmpro-has-access"],"yoast_head":"<!-- This site is optimized with the Yoast SEO plugin v27.4 - https:\/\/yoast.com\/product\/yoast-seo-wordpress\/ -->\n<title>Motorista de aplicativo ter\u00e1 que se regularizar para atuar em Resende - JORNAL BEIRA RIO<\/title>\n<meta name=\"robots\" content=\"index, follow, max-snippet:-1, max-image-preview:large, max-video-preview:-1\" \/>\n<link rel=\"canonical\" href=\"https:\/\/jornalbeirario.com.br\/portal\/?p=65364\" \/>\n<meta property=\"og:locale\" content=\"pt_BR\" \/>\n<meta property=\"og:type\" content=\"article\" \/>\n<meta property=\"og:title\" content=\"Motorista de aplicativo ter\u00e1 que se regularizar para atuar em Resende - JORNAL BEIRA RIO\" \/>\n<meta property=\"og:description\" content=\"A partir de agora, todos os motoristas de aplicativo que atuam em Resende dever\u00e3o fazer o cadastramento obrigat\u00f3rio. A medida foi adotada a partir\" \/>\n<meta property=\"og:url\" content=\"https:\/\/jornalbeirario.com.br\/portal\/?p=65364\" \/>\n<meta property=\"og:site_name\" content=\"JORNAL BEIRA RIO\" \/>\n<meta property=\"article:published_time\" content=\"2019-08-01T13:37:29+00:00\" \/>\n<meta property=\"og:image\" content=\"https:\/\/jornalbeirario.com.br\/portal\/wp-content\/uploads\/2019\/08\/veiculos1.jpg\" \/>\n\t<meta property=\"og:image:width\" content=\"1100\" \/>\n\t<meta property=\"og:image:height\" content=\"470\" \/>\n\t<meta property=\"og:image:type\" content=\"image\/jpeg\" \/>\n<meta name=\"author\" content=\"Jornal BEIRA-RIO\" \/>\n<meta name=\"twitter:card\" content=\"summary_large_image\" \/>\n<meta name=\"twitter:label1\" content=\"Escrito por\" \/>\n\t<meta name=\"twitter:data1\" content=\"Jornal BEIRA-RIO\" \/>\n\t<meta name=\"twitter:label2\" content=\"Est. tempo de leitura\" \/>\n\t<meta name=\"twitter:data2\" content=\"2 minutos\" \/>\n<script type=\"application\/ld+json\" class=\"yoast-schema-graph\">{\"@context\":\"https:\\\/\\\/schema.org\",\"@graph\":[{\"@type\":\"Article\",\"@id\":\"https:\\\/\\\/jornalbeirario.com.br\\\/portal\\\/?p=65364#article\",\"isPartOf\":{\"@id\":\"https:\\\/\\\/jornalbeirario.com.br\\\/portal\\\/?p=65364\"},\"author\":{\"name\":\"Jornal BEIRA-RIO\",\"@id\":\"https:\\\/\\\/jornalbeirario.com.br\\\/portal\\\/#\\\/schema\\\/person\\\/c6c423e4c2465d2a9233f6539173e7c1\"},\"headline\":\"Motorista de aplicativo ter\u00e1 que se regularizar para atuar em Resende\",\"datePublished\":\"2019-08-01T13:37:29+00:00\",\"mainEntityOfPage\":{\"@id\":\"https:\\\/\\\/jornalbeirario.com.br\\\/portal\\\/?p=65364\"},\"wordCount\":497,\"commentCount\":0,\"publisher\":{\"@id\":\"https:\\\/\\\/jornalbeirario.com.br\\\/portal\\\/#organization\"},\"image\":{\"@id\":\"https:\\\/\\\/jornalbeirario.com.br\\\/portal\\\/?p=65364#primaryimage\"},\"thumbnailUrl\":\"https:\\\/\\\/jornalbeirario.com.br\\\/portal\\\/wp-content\\\/uploads\\\/2019\\\/08\\\/veiculos1.jpg\",\"articleSection\":[\"Cidade\",\"Manchete\"],\"inLanguage\":\"pt-BR\",\"potentialAction\":[{\"@type\":\"CommentAction\",\"name\":\"Comment\",\"target\":[\"https:\\\/\\\/jornalbeirario.com.br\\\/portal\\\/?p=65364#respond\"]}]},{\"@type\":\"WebPage\",\"@id\":\"https:\\\/\\\/jornalbeirario.com.br\\\/portal\\\/?p=65364\",\"url\":\"https:\\\/\\\/jornalbeirario.com.br\\\/portal\\\/?p=65364\",\"name\":\"Motorista de aplicativo ter\u00e1 que se regularizar para atuar em Resende - JORNAL BEIRA RIO\",\"isPartOf\":{\"@id\":\"https:\\\/\\\/jornalbeirario.com.br\\\/portal\\\/#website\"},\"primaryImageOfPage\":{\"@id\":\"https:\\\/\\\/jornalbeirario.com.br\\\/portal\\\/?p=65364#primaryimage\"},\"image\":{\"@id\":\"https:\\\/\\\/jornalbeirario.com.br\\\/portal\\\/?p=65364#primaryimage\"},\"thumbnailUrl\":\"https:\\\/\\\/jornalbeirario.com.br\\\/portal\\\/wp-content\\\/uploads\\\/2019\\\/08\\\/veiculos1.jpg\",\"datePublished\":\"2019-08-01T13:37:29+00:00\",\"breadcrumb\":{\"@id\":\"https:\\\/\\\/jornalbeirario.com.br\\\/portal\\\/?p=65364#breadcrumb\"},\"inLanguage\":\"pt-BR\",\"potentialAction\":[{\"@type\":\"ReadAction\",\"target\":[\"https:\\\/\\\/jornalbeirario.com.br\\\/portal\\\/?p=65364\"]}]},{\"@type\":\"ImageObject\",\"inLanguage\":\"pt-BR\",\"@id\":\"https:\\\/\\\/jornalbeirario.com.br\\\/portal\\\/?p=65364#primaryimage\",\"url\":\"https:\\\/\\\/jornalbeirario.com.br\\\/portal\\\/wp-content\\\/uploads\\\/2019\\\/08\\\/veiculos1.jpg\",\"contentUrl\":\"https:\\\/\\\/jornalbeirario.com.br\\\/portal\\\/wp-content\\\/uploads\\\/2019\\\/08\\\/veiculos1.jpg\",\"width\":1100,\"height\":470},{\"@type\":\"BreadcrumbList\",\"@id\":\"https:\\\/\\\/jornalbeirario.com.br\\\/portal\\\/?p=65364#breadcrumb\",\"itemListElement\":[{\"@type\":\"ListItem\",\"position\":1,\"name\":\"Home\",\"item\":\"https:\\\/\\\/jornalbeirario.com.br\\\/portal\"},{\"@type\":\"ListItem\",\"position\":2,\"name\":\"Motorista de aplicativo ter\u00e1 que se regularizar para atuar em Resende\"}]},{\"@type\":\"WebSite\",\"@id\":\"https:\\\/\\\/jornalbeirario.com.br\\\/portal\\\/#website\",\"url\":\"https:\\\/\\\/jornalbeirario.com.br\\\/portal\\\/\",\"name\":\"JORNAL BEIRA RIO\",\"description\":\"\",\"publisher\":{\"@id\":\"https:\\\/\\\/jornalbeirario.com.br\\\/portal\\\/#organization\"},\"potentialAction\":[{\"@type\":\"SearchAction\",\"target\":{\"@type\":\"EntryPoint\",\"urlTemplate\":\"https:\\\/\\\/jornalbeirario.com.br\\\/portal\\\/?s={search_term_string}\"},\"query-input\":{\"@type\":\"PropertyValueSpecification\",\"valueRequired\":true,\"valueName\":\"search_term_string\"}}],\"inLanguage\":\"pt-BR\"},{\"@type\":\"Organization\",\"@id\":\"https:\\\/\\\/jornalbeirario.com.br\\\/portal\\\/#organization\",\"name\":\"JORNAL BEIRA RIO\",\"url\":\"https:\\\/\\\/jornalbeirario.com.br\\\/portal\\\/\",\"logo\":{\"@type\":\"ImageObject\",\"inLanguage\":\"pt-BR\",\"@id\":\"https:\\\/\\\/jornalbeirario.com.br\\\/portal\\\/#\\\/schema\\\/logo\\\/image\\\/\",\"url\":\"https:\\\/\\\/jornalbeirario.com.br\\\/portal\\\/wp-content\\\/uploads\\\/2017\\\/09\\\/BEIRA-RIO_logo600.png\",\"contentUrl\":\"https:\\\/\\\/jornalbeirario.com.br\\\/portal\\\/wp-content\\\/uploads\\\/2017\\\/09\\\/BEIRA-RIO_logo600.png\",\"width\":650,\"height\":108,\"caption\":\"JORNAL BEIRA RIO\"},\"image\":{\"@id\":\"https:\\\/\\\/jornalbeirario.com.br\\\/portal\\\/#\\\/schema\\\/logo\\\/image\\\/\"}},{\"@type\":\"Person\",\"@id\":\"https:\\\/\\\/jornalbeirario.com.br\\\/portal\\\/#\\\/schema\\\/person\\\/c6c423e4c2465d2a9233f6539173e7c1\",\"name\":\"Jornal BEIRA-RIO\",\"image\":{\"@type\":\"ImageObject\",\"inLanguage\":\"pt-BR\",\"@id\":\"https:\\\/\\\/jornalbeirario.com.br\\\/portal\\\/wp-content\\\/uploads\\\/2023\\\/10\\\/logojbr1.jpg\",\"url\":\"https:\\\/\\\/jornalbeirario.com.br\\\/portal\\\/wp-content\\\/uploads\\\/2023\\\/10\\\/logojbr1.jpg\",\"contentUrl\":\"https:\\\/\\\/jornalbeirario.com.br\\\/portal\\\/wp-content\\\/uploads\\\/2023\\\/10\\\/logojbr1.jpg\",\"caption\":\"Jornal BEIRA-RIO\"},\"url\":\"https:\\\/\\\/jornalbeirario.com.br\\\/portal\\\/?author=1\"}]}<\/script>\n<!-- \/ Yoast SEO plugin. -->","yoast_head_json":{"title":"Motorista de aplicativo ter\u00e1 que se regularizar para atuar em Resende - JORNAL BEIRA RIO","robots":{"index":"index","follow":"follow","max-snippet":"max-snippet:-1","max-image-preview":"max-image-preview:large","max-video-preview":"max-video-preview:-1"},"canonical":"https:\/\/jornalbeirario.com.br\/portal\/?p=65364","og_locale":"pt_BR","og_type":"article","og_title":"Motorista de aplicativo ter\u00e1 que se regularizar para atuar em Resende - JORNAL BEIRA RIO","og_description":"A partir de agora, todos os motoristas de aplicativo que atuam em Resende dever\u00e3o fazer o cadastramento obrigat\u00f3rio. A medida foi adotada a partir","og_url":"https:\/\/jornalbeirario.com.br\/portal\/?p=65364","og_site_name":"JORNAL BEIRA RIO","article_published_time":"2019-08-01T13:37:29+00:00","og_image":[{"width":1100,"height":470,"url":"https:\/\/jornalbeirario.com.br\/portal\/wp-content\/uploads\/2019\/08\/veiculos1.jpg","type":"image\/jpeg"}],"author":"Jornal BEIRA-RIO","twitter_card":"summary_large_image","twitter_misc":{"Escrito por":"Jornal BEIRA-RIO","Est. tempo de leitura":"2 minutos"},"schema":{"@context":"https:\/\/schema.org","@graph":[{"@type":"Article","@id":"https:\/\/jornalbeirario.com.br\/portal\/?p=65364#article","isPartOf":{"@id":"https:\/\/jornalbeirario.com.br\/portal\/?p=65364"},"author":{"name":"Jornal BEIRA-RIO","@id":"https:\/\/jornalbeirario.com.br\/portal\/#\/schema\/person\/c6c423e4c2465d2a9233f6539173e7c1"},"headline":"Motorista de aplicativo ter\u00e1 que se regularizar para atuar em Resende","datePublished":"2019-08-01T13:37:29+00:00","mainEntityOfPage":{"@id":"https:\/\/jornalbeirario.com.br\/portal\/?p=65364"},"wordCount":497,"commentCount":0,"publisher":{"@id":"https:\/\/jornalbeirario.com.br\/portal\/#organization"},"image":{"@id":"https:\/\/jornalbeirario.com.br\/portal\/?p=65364#primaryimage"},"thumbnailUrl":"https:\/\/jornalbeirario.com.br\/portal\/wp-content\/uploads\/2019\/08\/veiculos1.jpg","articleSection":["Cidade","Manchete"],"inLanguage":"pt-BR","potentialAction":[{"@type":"CommentAction","name":"Comment","target":["https:\/\/jornalbeirario.com.br\/portal\/?p=65364#respond"]}]},{"@type":"WebPage","@id":"https:\/\/jornalbeirario.com.br\/portal\/?p=65364","url":"https:\/\/jornalbeirario.com.br\/portal\/?p=65364","name":"Motorista de aplicativo ter\u00e1 que se regularizar para atuar em Resende - JORNAL BEIRA RIO","isPartOf":{"@id":"https:\/\/jornalbeirario.com.br\/portal\/#website"},"primaryImageOfPage":{"@id":"https:\/\/jornalbeirario.com.br\/portal\/?p=65364#primaryimage"},"image":{"@id":"https:\/\/jornalbeirario.com.br\/portal\/?p=65364#primaryimage"},"thumbnailUrl":"https:\/\/jornalbeirario.com.br\/portal\/wp-content\/uploads\/2019\/08\/veiculos1.jpg","datePublished":"2019-08-01T13:37:29+00:00","breadcrumb":{"@id":"https:\/\/jornalbeirario.com.br\/portal\/?p=65364#breadcrumb"},"inLanguage":"pt-BR","potentialAction":[{"@type":"ReadAction","target":["https:\/\/jornalbeirario.com.br\/portal\/?p=65364"]}]},{"@type":"ImageObject","inLanguage":"pt-BR","@id":"https:\/\/jornalbeirario.com.br\/portal\/?p=65364#primaryimage","url":"https:\/\/jornalbeirario.com.br\/portal\/wp-content\/uploads\/2019\/08\/veiculos1.jpg","contentUrl":"https:\/\/jornalbeirario.com.br\/portal\/wp-content\/uploads\/2019\/08\/veiculos1.jpg","width":1100,"height":470},{"@type":"BreadcrumbList","@id":"https:\/\/jornalbeirario.com.br\/portal\/?p=65364#breadcrumb","itemListElement":[{"@type":"ListItem","position":1,"name":"Home","item":"https:\/\/jornalbeirario.com.br\/portal"},{"@type":"ListItem","position":2,"name":"Motorista de aplicativo ter\u00e1 que se regularizar para atuar em Resende"}]},{"@type":"WebSite","@id":"https:\/\/jornalbeirario.com.br\/portal\/#website","url":"https:\/\/jornalbeirario.com.br\/portal\/","name":"JORNAL BEIRA RIO","description":"","publisher":{"@id":"https:\/\/jornalbeirario.com.br\/portal\/#organization"},"potentialAction":[{"@type":"SearchAction","target":{"@type":"EntryPoint","urlTemplate":"https:\/\/jornalbeirario.com.br\/portal\/?s={search_term_string}"},"query-input":{"@type":"PropertyValueSpecification","valueRequired":true,"valueName":"search_term_string"}}],"inLanguage":"pt-BR"},{"@type":"Organization","@id":"https:\/\/jornalbeirario.com.br\/portal\/#organization","name":"JORNAL BEIRA RIO","url":"https:\/\/jornalbeirario.com.br\/portal\/","logo":{"@type":"ImageObject","inLanguage":"pt-BR","@id":"https:\/\/jornalbeirario.com.br\/portal\/#\/schema\/logo\/image\/","url":"https:\/\/jornalbeirario.com.br\/portal\/wp-content\/uploads\/2017\/09\/BEIRA-RIO_logo600.png","contentUrl":"https:\/\/jornalbeirario.com.br\/portal\/wp-content\/uploads\/2017\/09\/BEIRA-RIO_logo600.png","width":650,"height":108,"caption":"JORNAL BEIRA RIO"},"image":{"@id":"https:\/\/jornalbeirario.com.br\/portal\/#\/schema\/logo\/image\/"}},{"@type":"Person","@id":"https:\/\/jornalbeirario.com.br\/portal\/#\/schema\/person\/c6c423e4c2465d2a9233f6539173e7c1","name":"Jornal BEIRA-RIO","image":{"@type":"ImageObject","inLanguage":"pt-BR","@id":"https:\/\/jornalbeirario.com.br\/portal\/wp-content\/uploads\/2023\/10\/logojbr1.jpg","url":"https:\/\/jornalbeirario.com.br\/portal\/wp-content\/uploads\/2023\/10\/logojbr1.jpg","contentUrl":"https:\/\/jornalbeirario.com.br\/portal\/wp-content\/uploads\/2023\/10\/logojbr1.jpg","caption":"Jornal BEIRA-RIO"},"url":"https:\/\/jornalbeirario.com.br\/portal\/?author=1"}]}},"_links":{"self":[{"href":"https:\/\/jornalbeirario.com.br\/portal\/index.php?rest_route=\/wp\/v2\/posts\/65364","targetHints":{"allow":["GET"]}}],"collection":[{"href":"https:\/\/jornalbeirario.com.br\/portal\/index.php?rest_route=\/wp\/v2\/posts"}],"about":[{"href":"https:\/\/jornalbeirario.com.br\/portal\/index.php?rest_route=\/wp\/v2\/types\/post"}],"author":[{"embeddable":true,"href":"https:\/\/jornalbeirario.com.br\/portal\/index.php?rest_route=\/wp\/v2\/users\/1"}],"replies":[{"embeddable":true,"href":"https:\/\/jornalbeirario.com.br\/portal\/index.php?rest_route=%2Fwp%2Fv2%2Fcomments&post=65364"}],"version-history":[{"count":1,"href":"https:\/\/jornalbeirario.com.br\/portal\/index.php?rest_route=\/wp\/v2\/posts\/65364\/revisions"}],"predecessor-version":[{"id":65366,"href":"https:\/\/jornalbeirario.com.br\/portal\/index.php?rest_route=\/wp\/v2\/posts\/65364\/revisions\/65366"}],"wp:featuredmedia":[{"embeddable":true,"href":"https:\/\/jornalbeirario.com.br\/portal\/index.php?rest_route=\/wp\/v2\/media\/65365"}],"wp:attachment":[{"href":"https:\/\/jornalbeirario.com.br\/portal\/index.php?rest_route=%2Fwp%2Fv2%2Fmedia&parent=65364"}],"wp:term":[{"taxonomy":"category","embeddable":true,"href":"https:\/\/jornalbeirario.com.br\/portal\/index.php?rest_route=%2Fwp%2Fv2%2Fcategories&post=65364"},{"taxonomy":"post_tag","embeddable":true,"href":"https:\/\/jornalbeirario.com.br\/portal\/index.php?rest_route=%2Fwp%2Fv2%2Ftags&post=65364"}],"curies":[{"name":"wp","href":"https:\/\/api.w.org\/{rel}","templated":true}]}}