
{"id":65304,"date":"2019-07-26T12:23:30","date_gmt":"2019-07-26T15:23:30","guid":{"rendered":"http:\/\/jornalbeirario.com.br\/portal\/?p=65304"},"modified":"2019-07-26T12:23:30","modified_gmt":"2019-07-26T15:23:30","slug":"onibus-e-vans-de-excursao-terao-acesso-proibido-durante-encontro-de-motociclistas","status":"publish","type":"post","link":"https:\/\/jornalbeirario.com.br\/portal\/?p=65304","title":{"rendered":"\u00d4nibus e vans de excurs\u00e3o ter\u00e3o acesso proibido durante encontro de motociclistas"},"content":{"rendered":"<p style=\"text-align: justify;\">Entre os dias 1\u00ba e 4 de agosto acontece o XXIII Encontro Internacional de Motociclistas de Penedo, em Itatiaia. O evento re\u00fane amantes e entusiastas da alta velocidade todos os anos na regi\u00e3o e est\u00e1 marcado para in\u00edcio \u00e0s 18h, na quinta, e 10h, de sexta a domingo, na \u00e1rea de esportes e cultura do Clube Finl\u00e2ndia.<\/p>\n<p style=\"text-align: justify;\">Aproveitando a ocasi\u00e3o, a Secretaria de Turismo do munic\u00edpio informou que durante todo o per\u00edodo do evento n\u00e3o ser\u00e1 permitida a entrada de \u00f4nibus, micro-\u00f4nibus e vans de excurs\u00e3o em Penedo, somente carros de passeio e transporte de pequeno porte.<\/p>\n<p style=\"text-align: justify;\">A estrat\u00e9gia, segundo a Prefeitura de Itatiaia, ser\u00e1 adotara para &#8220;que sejam mantidas a livre circula\u00e7\u00e3o dos turistas que ir\u00e3o prestigiar o evento e permitir que de forma organizada todos os visitantes possam aproveitar ao m\u00e1ximo os atrativos ofertados pela regi\u00e3o&#8221;.<\/p>\n<p style=\"text-align: justify;\">Esta n\u00e3o \u00e9 a primeira vez que o munic\u00edpio limita o acesso de Penedo aos ve\u00edculos de passeio durante o encontro dos motociclistas. No ano passado, a Secretaria de Turismo suspendeu para a ocasi\u00e3o <a href=\"https:\/\/jornalbeirario.com.br\/portal\/?p=59880\">os agendamentos para a entrada de \u00f4nibus, micro\u00f4nibus e vans de turismo na localidade, em vigor desde o in\u00edcio de 2018<\/a>.<\/p>\n<p style=\"text-align: justify;\">Outras informa\u00e7\u00f5es podem ser obtidas na sede da Secretaria de Turismo, que fica localizada \u00e0 Rua Canto Verde, S\/N, em Penedo. Ou pelo telefone (24) 3352-1855. A medida \u00e9 v\u00e1lida exclusivamente para Penedo.<\/p>\n<p style=\"text-align: justify;\">O evento, com entrada gratuita, ter\u00e1 a presen\u00e7a de bandas de Rock e outras atra\u00e7\u00f5es especiais. Veja a programa\u00e7\u00e3o completa:<\/p>\n<p style=\"text-align: justify;\">Quinta, dia 1\u00ba<br \/>\n18h &#8211; Abertura do evento<br \/>\n21h &#8211; Banda Garage #443<\/p>\n<p style=\"text-align: justify;\">Sexta, dia 2<br \/>\n12h &#8211; R\u00e1dio Penedo<br \/>\n19h &#8211; Madrep\u00e9rola<br \/>\n21h &#8211; Banda Lado B<br \/>\n22:30h &#8211; Road Rock<br \/>\n24:30h &#8211; Izzy Riders<\/p>\n<p style=\"text-align: justify;\">S\u00e1bado, dia 3<br \/>\n10h &#8211; R\u00e1dio Penedo<br \/>\n14h &#8211; Rock Vinylparty<br \/>\n17h &#8211; Stracto<br \/>\n19h &#8211; Matallazi<br \/>\n20:30 &#8211; Vers\u00e3o Brasileira<br \/>\n22h &#8211; Os Silva<br \/>\n24:30h &#8211; PH Trio<\/p>\n<p style=\"text-align: justify;\">Domingo, dia 4<br \/>\n10h &#8211; R\u00e1dio Penedo<br \/>\n11h &#8211; Rock Vinylparty<br \/>\n14h &#8211; Sr. Gouvea<\/p>\n<p><em>Foto: Divulga\u00e7\u00e3o\/PMI<\/em><\/p>\n","protected":false},"excerpt":{"rendered":"<p>Entre os dias 1\u00ba e 4 de agosto acontece o XXIII Encontro Internacional de Motociclistas de Penedo, em Itatiaia. O evento re\u00fane amantes e<\/p>\n","protected":false},"author":1,"featured_media":65312,"comment_status":"open","ping_status":"open","sticky":false,"template":"","format":"standard","meta":{"pmpro_default_level":"","footnotes":""},"categories":[5,227,16],"tags":[],"class_list":["post-65304","post","type-post","status-publish","format-standard","has-post-thumbnail","hentry","category-cultura","category-manchete","category-turismo","pmpro-has-access"],"yoast_head":"<!-- This site is optimized with the Yoast SEO plugin v27.4 - https:\/\/yoast.com\/product\/yoast-seo-wordpress\/ -->\n<title>\u00d4nibus e vans de excurs\u00e3o ter\u00e3o acesso proibido durante encontro de motociclistas - JORNAL BEIRA RIO<\/title>\n<meta name=\"robots\" content=\"index, follow, max-snippet:-1, max-image-preview:large, max-video-preview:-1\" \/>\n<link rel=\"canonical\" href=\"https:\/\/jornalbeirario.com.br\/portal\/?p=65304\" \/>\n<meta property=\"og:locale\" content=\"pt_BR\" \/>\n<meta property=\"og:type\" content=\"article\" \/>\n<meta property=\"og:title\" content=\"\u00d4nibus e vans de excurs\u00e3o ter\u00e3o acesso proibido durante encontro de motociclistas - JORNAL BEIRA RIO\" \/>\n<meta property=\"og:description\" content=\"Entre os dias 1\u00ba e 4 de agosto acontece o XXIII Encontro Internacional de Motociclistas de Penedo, em Itatiaia. O evento re\u00fane amantes e\" \/>\n<meta property=\"og:url\" content=\"https:\/\/jornalbeirario.com.br\/portal\/?p=65304\" \/>\n<meta property=\"og:site_name\" content=\"JORNAL BEIRA RIO\" \/>\n<meta property=\"article:published_time\" content=\"2019-07-26T15:23:30+00:00\" \/>\n<meta property=\"og:image\" content=\"https:\/\/jornalbeirario.com.br\/portal\/wp-content\/uploads\/2019\/07\/moto1.jpg\" \/>\n\t<meta property=\"og:image:width\" content=\"1100\" \/>\n\t<meta property=\"og:image:height\" content=\"470\" \/>\n\t<meta property=\"og:image:type\" content=\"image\/jpeg\" \/>\n<meta name=\"author\" content=\"Jornal BEIRA-RIO\" \/>\n<meta name=\"twitter:card\" content=\"summary_large_image\" \/>\n<meta name=\"twitter:label1\" content=\"Escrito por\" \/>\n\t<meta name=\"twitter:data1\" content=\"Jornal BEIRA-RIO\" \/>\n\t<meta name=\"twitter:label2\" content=\"Est. tempo de leitura\" \/>\n\t<meta name=\"twitter:data2\" content=\"2 minutos\" \/>\n<script type=\"application\/ld+json\" class=\"yoast-schema-graph\">{\"@context\":\"https:\\\/\\\/schema.org\",\"@graph\":[{\"@type\":\"Article\",\"@id\":\"https:\\\/\\\/jornalbeirario.com.br\\\/portal\\\/?p=65304#article\",\"isPartOf\":{\"@id\":\"https:\\\/\\\/jornalbeirario.com.br\\\/portal\\\/?p=65304\"},\"author\":{\"name\":\"Jornal BEIRA-RIO\",\"@id\":\"https:\\\/\\\/jornalbeirario.com.br\\\/portal\\\/#\\\/schema\\\/person\\\/c6c423e4c2465d2a9233f6539173e7c1\"},\"headline\":\"\u00d4nibus e vans de excurs\u00e3o ter\u00e3o acesso proibido durante encontro de motociclistas\",\"datePublished\":\"2019-07-26T15:23:30+00:00\",\"mainEntityOfPage\":{\"@id\":\"https:\\\/\\\/jornalbeirario.com.br\\\/portal\\\/?p=65304\"},\"wordCount\":364,\"commentCount\":0,\"publisher\":{\"@id\":\"https:\\\/\\\/jornalbeirario.com.br\\\/portal\\\/#organization\"},\"image\":{\"@id\":\"https:\\\/\\\/jornalbeirario.com.br\\\/portal\\\/?p=65304#primaryimage\"},\"thumbnailUrl\":\"https:\\\/\\\/jornalbeirario.com.br\\\/portal\\\/wp-content\\\/uploads\\\/2019\\\/07\\\/moto1.jpg\",\"articleSection\":[\"Cultura\",\"Manchete\",\"Turismo\"],\"inLanguage\":\"pt-BR\",\"potentialAction\":[{\"@type\":\"CommentAction\",\"name\":\"Comment\",\"target\":[\"https:\\\/\\\/jornalbeirario.com.br\\\/portal\\\/?p=65304#respond\"]}]},{\"@type\":\"WebPage\",\"@id\":\"https:\\\/\\\/jornalbeirario.com.br\\\/portal\\\/?p=65304\",\"url\":\"https:\\\/\\\/jornalbeirario.com.br\\\/portal\\\/?p=65304\",\"name\":\"\u00d4nibus e vans de excurs\u00e3o ter\u00e3o acesso proibido durante encontro de motociclistas - JORNAL BEIRA RIO\",\"isPartOf\":{\"@id\":\"https:\\\/\\\/jornalbeirario.com.br\\\/portal\\\/#website\"},\"primaryImageOfPage\":{\"@id\":\"https:\\\/\\\/jornalbeirario.com.br\\\/portal\\\/?p=65304#primaryimage\"},\"image\":{\"@id\":\"https:\\\/\\\/jornalbeirario.com.br\\\/portal\\\/?p=65304#primaryimage\"},\"thumbnailUrl\":\"https:\\\/\\\/jornalbeirario.com.br\\\/portal\\\/wp-content\\\/uploads\\\/2019\\\/07\\\/moto1.jpg\",\"datePublished\":\"2019-07-26T15:23:30+00:00\",\"breadcrumb\":{\"@id\":\"https:\\\/\\\/jornalbeirario.com.br\\\/portal\\\/?p=65304#breadcrumb\"},\"inLanguage\":\"pt-BR\",\"potentialAction\":[{\"@type\":\"ReadAction\",\"target\":[\"https:\\\/\\\/jornalbeirario.com.br\\\/portal\\\/?p=65304\"]}]},{\"@type\":\"ImageObject\",\"inLanguage\":\"pt-BR\",\"@id\":\"https:\\\/\\\/jornalbeirario.com.br\\\/portal\\\/?p=65304#primaryimage\",\"url\":\"https:\\\/\\\/jornalbeirario.com.br\\\/portal\\\/wp-content\\\/uploads\\\/2019\\\/07\\\/moto1.jpg\",\"contentUrl\":\"https:\\\/\\\/jornalbeirario.com.br\\\/portal\\\/wp-content\\\/uploads\\\/2019\\\/07\\\/moto1.jpg\",\"width\":1100,\"height\":470},{\"@type\":\"BreadcrumbList\",\"@id\":\"https:\\\/\\\/jornalbeirario.com.br\\\/portal\\\/?p=65304#breadcrumb\",\"itemListElement\":[{\"@type\":\"ListItem\",\"position\":1,\"name\":\"Home\",\"item\":\"https:\\\/\\\/jornalbeirario.com.br\\\/portal\"},{\"@type\":\"ListItem\",\"position\":2,\"name\":\"\u00d4nibus e vans de excurs\u00e3o ter\u00e3o acesso proibido durante encontro de motociclistas\"}]},{\"@type\":\"WebSite\",\"@id\":\"https:\\\/\\\/jornalbeirario.com.br\\\/portal\\\/#website\",\"url\":\"https:\\\/\\\/jornalbeirario.com.br\\\/portal\\\/\",\"name\":\"JORNAL BEIRA RIO\",\"description\":\"\",\"publisher\":{\"@id\":\"https:\\\/\\\/jornalbeirario.com.br\\\/portal\\\/#organization\"},\"potentialAction\":[{\"@type\":\"SearchAction\",\"target\":{\"@type\":\"EntryPoint\",\"urlTemplate\":\"https:\\\/\\\/jornalbeirario.com.br\\\/portal\\\/?s={search_term_string}\"},\"query-input\":{\"@type\":\"PropertyValueSpecification\",\"valueRequired\":true,\"valueName\":\"search_term_string\"}}],\"inLanguage\":\"pt-BR\"},{\"@type\":\"Organization\",\"@id\":\"https:\\\/\\\/jornalbeirario.com.br\\\/portal\\\/#organization\",\"name\":\"JORNAL BEIRA RIO\",\"url\":\"https:\\\/\\\/jornalbeirario.com.br\\\/portal\\\/\",\"logo\":{\"@type\":\"ImageObject\",\"inLanguage\":\"pt-BR\",\"@id\":\"https:\\\/\\\/jornalbeirario.com.br\\\/portal\\\/#\\\/schema\\\/logo\\\/image\\\/\",\"url\":\"https:\\\/\\\/jornalbeirario.com.br\\\/portal\\\/wp-content\\\/uploads\\\/2017\\\/09\\\/BEIRA-RIO_logo600.png\",\"contentUrl\":\"https:\\\/\\\/jornalbeirario.com.br\\\/portal\\\/wp-content\\\/uploads\\\/2017\\\/09\\\/BEIRA-RIO_logo600.png\",\"width\":650,\"height\":108,\"caption\":\"JORNAL BEIRA RIO\"},\"image\":{\"@id\":\"https:\\\/\\\/jornalbeirario.com.br\\\/portal\\\/#\\\/schema\\\/logo\\\/image\\\/\"}},{\"@type\":\"Person\",\"@id\":\"https:\\\/\\\/jornalbeirario.com.br\\\/portal\\\/#\\\/schema\\\/person\\\/c6c423e4c2465d2a9233f6539173e7c1\",\"name\":\"Jornal BEIRA-RIO\",\"image\":{\"@type\":\"ImageObject\",\"inLanguage\":\"pt-BR\",\"@id\":\"https:\\\/\\\/jornalbeirario.com.br\\\/portal\\\/wp-content\\\/uploads\\\/2023\\\/10\\\/logojbr1.jpg\",\"url\":\"https:\\\/\\\/jornalbeirario.com.br\\\/portal\\\/wp-content\\\/uploads\\\/2023\\\/10\\\/logojbr1.jpg\",\"contentUrl\":\"https:\\\/\\\/jornalbeirario.com.br\\\/portal\\\/wp-content\\\/uploads\\\/2023\\\/10\\\/logojbr1.jpg\",\"caption\":\"Jornal BEIRA-RIO\"},\"url\":\"https:\\\/\\\/jornalbeirario.com.br\\\/portal\\\/?author=1\"}]}<\/script>\n<!-- \/ Yoast SEO plugin. -->","yoast_head_json":{"title":"\u00d4nibus e vans de excurs\u00e3o ter\u00e3o acesso proibido durante encontro de motociclistas - JORNAL BEIRA RIO","robots":{"index":"index","follow":"follow","max-snippet":"max-snippet:-1","max-image-preview":"max-image-preview:large","max-video-preview":"max-video-preview:-1"},"canonical":"https:\/\/jornalbeirario.com.br\/portal\/?p=65304","og_locale":"pt_BR","og_type":"article","og_title":"\u00d4nibus e vans de excurs\u00e3o ter\u00e3o acesso proibido durante encontro de motociclistas - JORNAL BEIRA RIO","og_description":"Entre os dias 1\u00ba e 4 de agosto acontece o XXIII Encontro Internacional de Motociclistas de Penedo, em Itatiaia. O evento re\u00fane amantes e","og_url":"https:\/\/jornalbeirario.com.br\/portal\/?p=65304","og_site_name":"JORNAL BEIRA RIO","article_published_time":"2019-07-26T15:23:30+00:00","og_image":[{"width":1100,"height":470,"url":"https:\/\/jornalbeirario.com.br\/portal\/wp-content\/uploads\/2019\/07\/moto1.jpg","type":"image\/jpeg"}],"author":"Jornal BEIRA-RIO","twitter_card":"summary_large_image","twitter_misc":{"Escrito por":"Jornal BEIRA-RIO","Est. tempo de leitura":"2 minutos"},"schema":{"@context":"https:\/\/schema.org","@graph":[{"@type":"Article","@id":"https:\/\/jornalbeirario.com.br\/portal\/?p=65304#article","isPartOf":{"@id":"https:\/\/jornalbeirario.com.br\/portal\/?p=65304"},"author":{"name":"Jornal BEIRA-RIO","@id":"https:\/\/jornalbeirario.com.br\/portal\/#\/schema\/person\/c6c423e4c2465d2a9233f6539173e7c1"},"headline":"\u00d4nibus e vans de excurs\u00e3o ter\u00e3o acesso proibido durante encontro de motociclistas","datePublished":"2019-07-26T15:23:30+00:00","mainEntityOfPage":{"@id":"https:\/\/jornalbeirario.com.br\/portal\/?p=65304"},"wordCount":364,"commentCount":0,"publisher":{"@id":"https:\/\/jornalbeirario.com.br\/portal\/#organization"},"image":{"@id":"https:\/\/jornalbeirario.com.br\/portal\/?p=65304#primaryimage"},"thumbnailUrl":"https:\/\/jornalbeirario.com.br\/portal\/wp-content\/uploads\/2019\/07\/moto1.jpg","articleSection":["Cultura","Manchete","Turismo"],"inLanguage":"pt-BR","potentialAction":[{"@type":"CommentAction","name":"Comment","target":["https:\/\/jornalbeirario.com.br\/portal\/?p=65304#respond"]}]},{"@type":"WebPage","@id":"https:\/\/jornalbeirario.com.br\/portal\/?p=65304","url":"https:\/\/jornalbeirario.com.br\/portal\/?p=65304","name":"\u00d4nibus e vans de excurs\u00e3o ter\u00e3o acesso proibido durante encontro de motociclistas - JORNAL BEIRA RIO","isPartOf":{"@id":"https:\/\/jornalbeirario.com.br\/portal\/#website"},"primaryImageOfPage":{"@id":"https:\/\/jornalbeirario.com.br\/portal\/?p=65304#primaryimage"},"image":{"@id":"https:\/\/jornalbeirario.com.br\/portal\/?p=65304#primaryimage"},"thumbnailUrl":"https:\/\/jornalbeirario.com.br\/portal\/wp-content\/uploads\/2019\/07\/moto1.jpg","datePublished":"2019-07-26T15:23:30+00:00","breadcrumb":{"@id":"https:\/\/jornalbeirario.com.br\/portal\/?p=65304#breadcrumb"},"inLanguage":"pt-BR","potentialAction":[{"@type":"ReadAction","target":["https:\/\/jornalbeirario.com.br\/portal\/?p=65304"]}]},{"@type":"ImageObject","inLanguage":"pt-BR","@id":"https:\/\/jornalbeirario.com.br\/portal\/?p=65304#primaryimage","url":"https:\/\/jornalbeirario.com.br\/portal\/wp-content\/uploads\/2019\/07\/moto1.jpg","contentUrl":"https:\/\/jornalbeirario.com.br\/portal\/wp-content\/uploads\/2019\/07\/moto1.jpg","width":1100,"height":470},{"@type":"BreadcrumbList","@id":"https:\/\/jornalbeirario.com.br\/portal\/?p=65304#breadcrumb","itemListElement":[{"@type":"ListItem","position":1,"name":"Home","item":"https:\/\/jornalbeirario.com.br\/portal"},{"@type":"ListItem","position":2,"name":"\u00d4nibus e vans de excurs\u00e3o ter\u00e3o acesso proibido durante encontro de motociclistas"}]},{"@type":"WebSite","@id":"https:\/\/jornalbeirario.com.br\/portal\/#website","url":"https:\/\/jornalbeirario.com.br\/portal\/","name":"JORNAL BEIRA RIO","description":"","publisher":{"@id":"https:\/\/jornalbeirario.com.br\/portal\/#organization"},"potentialAction":[{"@type":"SearchAction","target":{"@type":"EntryPoint","urlTemplate":"https:\/\/jornalbeirario.com.br\/portal\/?s={search_term_string}"},"query-input":{"@type":"PropertyValueSpecification","valueRequired":true,"valueName":"search_term_string"}}],"inLanguage":"pt-BR"},{"@type":"Organization","@id":"https:\/\/jornalbeirario.com.br\/portal\/#organization","name":"JORNAL BEIRA RIO","url":"https:\/\/jornalbeirario.com.br\/portal\/","logo":{"@type":"ImageObject","inLanguage":"pt-BR","@id":"https:\/\/jornalbeirario.com.br\/portal\/#\/schema\/logo\/image\/","url":"https:\/\/jornalbeirario.com.br\/portal\/wp-content\/uploads\/2017\/09\/BEIRA-RIO_logo600.png","contentUrl":"https:\/\/jornalbeirario.com.br\/portal\/wp-content\/uploads\/2017\/09\/BEIRA-RIO_logo600.png","width":650,"height":108,"caption":"JORNAL BEIRA RIO"},"image":{"@id":"https:\/\/jornalbeirario.com.br\/portal\/#\/schema\/logo\/image\/"}},{"@type":"Person","@id":"https:\/\/jornalbeirario.com.br\/portal\/#\/schema\/person\/c6c423e4c2465d2a9233f6539173e7c1","name":"Jornal BEIRA-RIO","image":{"@type":"ImageObject","inLanguage":"pt-BR","@id":"https:\/\/jornalbeirario.com.br\/portal\/wp-content\/uploads\/2023\/10\/logojbr1.jpg","url":"https:\/\/jornalbeirario.com.br\/portal\/wp-content\/uploads\/2023\/10\/logojbr1.jpg","contentUrl":"https:\/\/jornalbeirario.com.br\/portal\/wp-content\/uploads\/2023\/10\/logojbr1.jpg","caption":"Jornal BEIRA-RIO"},"url":"https:\/\/jornalbeirario.com.br\/portal\/?author=1"}]}},"_links":{"self":[{"href":"https:\/\/jornalbeirario.com.br\/portal\/index.php?rest_route=\/wp\/v2\/posts\/65304","targetHints":{"allow":["GET"]}}],"collection":[{"href":"https:\/\/jornalbeirario.com.br\/portal\/index.php?rest_route=\/wp\/v2\/posts"}],"about":[{"href":"https:\/\/jornalbeirario.com.br\/portal\/index.php?rest_route=\/wp\/v2\/types\/post"}],"author":[{"embeddable":true,"href":"https:\/\/jornalbeirario.com.br\/portal\/index.php?rest_route=\/wp\/v2\/users\/1"}],"replies":[{"embeddable":true,"href":"https:\/\/jornalbeirario.com.br\/portal\/index.php?rest_route=%2Fwp%2Fv2%2Fcomments&post=65304"}],"version-history":[{"count":7,"href":"https:\/\/jornalbeirario.com.br\/portal\/index.php?rest_route=\/wp\/v2\/posts\/65304\/revisions"}],"predecessor-version":[{"id":65311,"href":"https:\/\/jornalbeirario.com.br\/portal\/index.php?rest_route=\/wp\/v2\/posts\/65304\/revisions\/65311"}],"wp:featuredmedia":[{"embeddable":true,"href":"https:\/\/jornalbeirario.com.br\/portal\/index.php?rest_route=\/wp\/v2\/media\/65312"}],"wp:attachment":[{"href":"https:\/\/jornalbeirario.com.br\/portal\/index.php?rest_route=%2Fwp%2Fv2%2Fmedia&parent=65304"}],"wp:term":[{"taxonomy":"category","embeddable":true,"href":"https:\/\/jornalbeirario.com.br\/portal\/index.php?rest_route=%2Fwp%2Fv2%2Fcategories&post=65304"},{"taxonomy":"post_tag","embeddable":true,"href":"https:\/\/jornalbeirario.com.br\/portal\/index.php?rest_route=%2Fwp%2Fv2%2Ftags&post=65304"}],"curies":[{"name":"wp","href":"https:\/\/api.w.org\/{rel}","templated":true}]}}