
{"id":63896,"date":"2019-03-11T18:43:48","date_gmt":"2019-03-11T21:43:48","guid":{"rendered":"http:\/\/jornalbeirario.com.br\/portal\/?p=63896"},"modified":"2019-03-12T10:26:31","modified_gmt":"2019-03-12T13:26:31","slug":"pais-e-integrantes-de-fanfarra-repudiam-nota-de-esclarecimento-da-pmr","status":"publish","type":"post","link":"https:\/\/jornalbeirario.com.br\/portal\/?p=63896","title":{"rendered":"Fanfarra do Get\u00falio Vargas amea\u00e7ada de acabar"},"content":{"rendered":"<p style=\"text-align: justify;\">A realidade divulgada na nota publicada na manh\u00e3 de segunda-feira, dia 11, sobre a possibilidade de extin\u00e7\u00e3o da Fanfarra do Get\u00falio Vargas, criada dentro do Col\u00e9gio Municipal Get\u00falio Vargas, no bairro Cidade Alegria, em Resende, nos anos de 1980 pode estar escondendo, na verdade, uma outra realidade sobre o que est\u00e1 acontecendo.<\/p>\n<p style=\"text-align: justify;\">Em entrevista ao jornal BEIRA-RIO, o instrutor Carlos Neyfer conta que uma reuni\u00e3o citada anteriormente aconteceria na pr\u00f3xima quinta-feira, dia 14, mas que devido \u00e0s informa\u00e7\u00f5es divulgadas na m\u00eddia desde o \u00faltimo final de semana foi antecipada para a tarde desta segunda, apenas com os dois coordenadores da fanfarra, os diretores do col\u00e9gio e os funcion\u00e1rios da educa\u00e7\u00e3o, sem a presen\u00e7a dos pais.<\/p>\n<p style=\"text-align: justify;\">Durante a reuni\u00e3o, segundo Carlos, foi colocado pela diretoria que somente alunos do Get\u00falio poderiam participar da fanfarra. &#8220;N\u00f3s temos alunos de outras escolas. Resumindo: a fanfarra vai ficar inativa at\u00e9 na primeira semana de abril, e a\u00ed ser\u00e1 feita a reformula\u00e7\u00e3o pedida pela prefeitura&#8221;, lamentou.<\/p>\n<p style=\"text-align: justify;\">Questionado sobre o que ser\u00e1 feito com os alunos oriundos de outras institui\u00e7\u00f5es de ensino, o instrutor critica a mudan\u00e7a de planos do col\u00e9gio. &#8220;Primeiro eles disseram que teriam alunos do Rio de Janeiro e etc. A\u00ed agora, pra contradizer o que eles est\u00e3o postando, fizeram esse pedido de reformula\u00e7\u00e3o dizendo que 99% da fanfarra vai ter que ser do Get\u00falio Vargas, pois temos alunos da escola Antonina Ramos Freire, do Ciep da Vila Isabel, Noel de Carvalho e outros&#8221;.<\/p>\n<p style=\"text-align: justify;\">Ele destaca que vai negociar uma sa\u00edda para o problema. &#8220;Estamos tentando negociar com a educa\u00e7\u00e3o, pelo menos para os que est\u00e3o hoje na fanfarra possam continuar, e os para pr\u00f3ximos alunos de fora que vierem, dizer que \u00e9 um projeto voltado para o Get\u00falio Vargas&#8221;, completa.<\/p>\n<p style=\"text-align: justify;\">INTERNAUTAS CRITICAM NOTA<br \/>\nOutros internautas criticaram a nota, citando que nem tudo que foi escrito &#8220;n\u00e3o \u00e9 verdade infelizmente&#8221;, que h\u00e1 &#8220;conflitos de interesses&#8221; e que n\u00e3o assumem o erro, conforme colocou um morador de Resende que j\u00e1 fez parte da fanfarra.<\/p>\n<p style=\"text-align: justify;\">&#8211; Em vez de assumirem o erro, ficam inventando desculpas esfarrapadas. Sou nascido em Resende, tenho 51 anos e adorava ver as fanfarras. Pra mim foi extinta, pois se tivessem suspendido apenas, ainda assim mesmo estavam treinando para n\u00e3o perder a pr\u00e1tica e ganhando novos adeptos &#8211; alfinetou.<\/p>\n<p style=\"text-align: justify;\">A nota divulgada pela prefeitura destaca exatamente o que disse o instrutor, que a fanfarra n\u00e3o foi extinta, e sim &#8220;suspensa temporariamente para ser reformulada, j\u00e1 que h\u00e1 uma grande parte de integrantes da fanfarra de fora da escola e poucos s\u00e3o os alunos da unidade (o col\u00e9gio) que participam de apresenta\u00e7\u00f5es em eventos. O objetivo seria resgatar a fanfarra como ela era no passado. Confira a nota, assinada\u00a0pelo superintendente pedag\u00f3gico da secretaria e do Educar, Mario Jos\u00e9 Dias, e o diretor do col\u00e9gio, Paulo Henrique Nogueira da Costa, na \u00edntegra, <a href=\"https:\/\/jornalbeirario.com.br\/portal\/wp-content\/uploads\/2019\/03\/notaPMR1.jpg\">clicando aqui<\/a>.<\/p>\n<p style=\"text-align: justify;\"><em>Foto: Reprodu\u00e7\u00e3o\/Redes Sociais<\/em><\/p>\n","protected":false},"excerpt":{"rendered":"<p>A realidade divulgada na nota publicada na manh\u00e3 de segunda-feira, dia 11, sobre a possibilidade de extin\u00e7\u00e3o da Fanfarra do Get\u00falio Vargas, criada dentro<\/p>\n","protected":false},"author":1,"featured_media":63915,"comment_status":"open","ping_status":"open","sticky":false,"template":"","format":"standard","meta":{"pmpro_default_level":"","footnotes":"","_members_access_role":[],"_members_access_error":""},"categories":[5,28,227],"tags":[],"class_list":["post-63896","post","type-post","status-publish","format-standard","has-post-thumbnail","hentry","category-cultura","category-educacao","category-manchete","pmpro-has-access"],"yoast_head":"<!-- This site is optimized with the Yoast SEO plugin v28.4 - https:\/\/yoast.com\/product\/yoast-seo-wordpress\/ -->\n<title>Fanfarra do Get\u00falio Vargas amea\u00e7ada de acabar - JORNAL BEIRA RIO<\/title>\n<meta name=\"robots\" content=\"index, follow, max-snippet:-1, max-image-preview:large, max-video-preview:-1\" \/>\n<link rel=\"canonical\" href=\"https:\/\/jornalbeirario.com.br\/portal\/?p=63896\" \/>\n<meta property=\"og:locale\" content=\"pt_BR\" \/>\n<meta property=\"og:type\" content=\"article\" \/>\n<meta property=\"og:title\" content=\"Fanfarra do Get\u00falio Vargas amea\u00e7ada de acabar - JORNAL BEIRA RIO\" \/>\n<meta property=\"og:description\" content=\"A realidade divulgada na nota publicada na manh\u00e3 de segunda-feira, dia 11, sobre a possibilidade de extin\u00e7\u00e3o da Fanfarra do Get\u00falio Vargas, criada dentro\" \/>\n<meta property=\"og:url\" content=\"https:\/\/jornalbeirario.com.br\/portal\/?p=63896\" \/>\n<meta property=\"og:site_name\" content=\"JORNAL BEIRA RIO\" \/>\n<meta property=\"article:published_time\" content=\"2019-03-11T21:43:48+00:00\" \/>\n<meta property=\"article:modified_time\" content=\"2019-03-12T13:26:31+00:00\" \/>\n<meta property=\"og:image\" content=\"https:\/\/jornalbeirario.com.br\/portal\/wp-content\/uploads\/2019\/03\/fanfarra1.jpg\" \/>\n\t<meta property=\"og:image:width\" content=\"1100\" \/>\n\t<meta property=\"og:image:height\" content=\"470\" \/>\n\t<meta property=\"og:image:type\" content=\"image\/jpeg\" \/>\n<meta name=\"author\" content=\"Jornal BEIRA-RIO\" \/>\n<meta name=\"twitter:card\" content=\"summary_large_image\" \/>\n<meta name=\"twitter:label1\" content=\"Escrito por\" \/>\n\t<meta name=\"twitter:data1\" content=\"Jornal BEIRA-RIO\" \/>\n\t<meta name=\"twitter:label2\" content=\"Est. tempo de leitura\" \/>\n\t<meta name=\"twitter:data2\" content=\"3 minutos\" \/>\n<script type=\"application\/ld+json\" class=\"yoast-schema-graph\">{\"@context\":\"https:\\\/\\\/schema.org\",\"@graph\":[{\"@type\":\"Article\",\"@id\":\"https:\\\/\\\/jornalbeirario.com.br\\\/portal\\\/?p=63896#article\",\"isPartOf\":{\"@id\":\"https:\\\/\\\/jornalbeirario.com.br\\\/portal\\\/?p=63896\"},\"author\":{\"name\":\"Jornal BEIRA-RIO\",\"@id\":\"https:\\\/\\\/jornalbeirario.com.br\\\/portal\\\/#\\\/schema\\\/person\\\/c6c423e4c2465d2a9233f6539173e7c1\"},\"headline\":\"Fanfarra do Get\u00falio Vargas amea\u00e7ada de acabar\",\"datePublished\":\"2019-03-11T21:43:48+00:00\",\"dateModified\":\"2019-03-12T13:26:31+00:00\",\"mainEntityOfPage\":{\"@id\":\"https:\\\/\\\/jornalbeirario.com.br\\\/portal\\\/?p=63896\"},\"wordCount\":516,\"commentCount\":0,\"publisher\":{\"@id\":\"https:\\\/\\\/jornalbeirario.com.br\\\/portal\\\/#organization\"},\"image\":{\"@id\":\"https:\\\/\\\/jornalbeirario.com.br\\\/portal\\\/?p=63896#primaryimage\"},\"thumbnailUrl\":\"https:\\\/\\\/jornalbeirario.com.br\\\/portal\\\/wp-content\\\/uploads\\\/2019\\\/03\\\/fanfarra1.jpg\",\"articleSection\":[\"Cultura\",\"Educa\u00e7\u00e3o\",\"Manchete\"],\"inLanguage\":\"pt-BR\",\"potentialAction\":[{\"@type\":\"CommentAction\",\"name\":\"Comment\",\"target\":[\"https:\\\/\\\/jornalbeirario.com.br\\\/portal\\\/?p=63896#respond\"]}]},{\"@type\":\"WebPage\",\"@id\":\"https:\\\/\\\/jornalbeirario.com.br\\\/portal\\\/?p=63896\",\"url\":\"https:\\\/\\\/jornalbeirario.com.br\\\/portal\\\/?p=63896\",\"name\":\"Fanfarra do Get\u00falio Vargas amea\u00e7ada de acabar - JORNAL BEIRA RIO\",\"isPartOf\":{\"@id\":\"https:\\\/\\\/jornalbeirario.com.br\\\/portal\\\/#website\"},\"primaryImageOfPage\":{\"@id\":\"https:\\\/\\\/jornalbeirario.com.br\\\/portal\\\/?p=63896#primaryimage\"},\"image\":{\"@id\":\"https:\\\/\\\/jornalbeirario.com.br\\\/portal\\\/?p=63896#primaryimage\"},\"thumbnailUrl\":\"https:\\\/\\\/jornalbeirario.com.br\\\/portal\\\/wp-content\\\/uploads\\\/2019\\\/03\\\/fanfarra1.jpg\",\"datePublished\":\"2019-03-11T21:43:48+00:00\",\"dateModified\":\"2019-03-12T13:26:31+00:00\",\"breadcrumb\":{\"@id\":\"https:\\\/\\\/jornalbeirario.com.br\\\/portal\\\/?p=63896#breadcrumb\"},\"inLanguage\":\"pt-BR\",\"potentialAction\":[{\"@type\":\"ReadAction\",\"target\":[\"https:\\\/\\\/jornalbeirario.com.br\\\/portal\\\/?p=63896\"]}]},{\"@type\":\"ImageObject\",\"inLanguage\":\"pt-BR\",\"@id\":\"https:\\\/\\\/jornalbeirario.com.br\\\/portal\\\/?p=63896#primaryimage\",\"url\":\"https:\\\/\\\/jornalbeirario.com.br\\\/portal\\\/wp-content\\\/uploads\\\/2019\\\/03\\\/fanfarra1.jpg\",\"contentUrl\":\"https:\\\/\\\/jornalbeirario.com.br\\\/portal\\\/wp-content\\\/uploads\\\/2019\\\/03\\\/fanfarra1.jpg\",\"width\":1100,\"height\":470},{\"@type\":\"BreadcrumbList\",\"@id\":\"https:\\\/\\\/jornalbeirario.com.br\\\/portal\\\/?p=63896#breadcrumb\",\"itemListElement\":[{\"@type\":\"ListItem\",\"position\":1,\"name\":\"Home\",\"item\":\"https:\\\/\\\/jornalbeirario.com.br\\\/portal\"},{\"@type\":\"ListItem\",\"position\":2,\"name\":\"Fanfarra do Get\u00falio Vargas amea\u00e7ada de acabar\"}]},{\"@type\":\"WebSite\",\"@id\":\"https:\\\/\\\/jornalbeirario.com.br\\\/portal\\\/#website\",\"url\":\"https:\\\/\\\/jornalbeirario.com.br\\\/portal\\\/\",\"name\":\"JORNAL BEIRA RIO\",\"description\":\"\",\"publisher\":{\"@id\":\"https:\\\/\\\/jornalbeirario.com.br\\\/portal\\\/#organization\"},\"potentialAction\":[{\"@type\":\"SearchAction\",\"target\":{\"@type\":\"EntryPoint\",\"urlTemplate\":\"https:\\\/\\\/jornalbeirario.com.br\\\/portal\\\/?s={search_term_string}\"},\"query-input\":{\"@type\":\"PropertyValueSpecification\",\"valueRequired\":true,\"valueName\":\"search_term_string\"}}],\"inLanguage\":\"pt-BR\"},{\"@type\":\"Organization\",\"@id\":\"https:\\\/\\\/jornalbeirario.com.br\\\/portal\\\/#organization\",\"name\":\"JORNAL BEIRA RIO\",\"url\":\"https:\\\/\\\/jornalbeirario.com.br\\\/portal\\\/\",\"logo\":{\"@type\":\"ImageObject\",\"inLanguage\":\"pt-BR\",\"@id\":\"https:\\\/\\\/jornalbeirario.com.br\\\/portal\\\/#\\\/schema\\\/logo\\\/image\\\/\",\"url\":\"https:\\\/\\\/jornalbeirario.com.br\\\/portal\\\/wp-content\\\/uploads\\\/2017\\\/09\\\/BEIRA-RIO_logo600.png\",\"contentUrl\":\"https:\\\/\\\/jornalbeirario.com.br\\\/portal\\\/wp-content\\\/uploads\\\/2017\\\/09\\\/BEIRA-RIO_logo600.png\",\"width\":650,\"height\":108,\"caption\":\"JORNAL BEIRA RIO\"},\"image\":{\"@id\":\"https:\\\/\\\/jornalbeirario.com.br\\\/portal\\\/#\\\/schema\\\/logo\\\/image\\\/\"}},{\"@type\":\"Person\",\"@id\":\"https:\\\/\\\/jornalbeirario.com.br\\\/portal\\\/#\\\/schema\\\/person\\\/c6c423e4c2465d2a9233f6539173e7c1\",\"name\":\"Jornal BEIRA-RIO\",\"image\":{\"@type\":\"ImageObject\",\"inLanguage\":\"pt-BR\",\"@id\":\"https:\\\/\\\/jornalbeirario.com.br\\\/portal\\\/wp-content\\\/uploads\\\/2023\\\/10\\\/logojbr1.jpg\",\"url\":\"https:\\\/\\\/jornalbeirario.com.br\\\/portal\\\/wp-content\\\/uploads\\\/2023\\\/10\\\/logojbr1.jpg\",\"contentUrl\":\"https:\\\/\\\/jornalbeirario.com.br\\\/portal\\\/wp-content\\\/uploads\\\/2023\\\/10\\\/logojbr1.jpg\",\"caption\":\"Jornal BEIRA-RIO\"},\"url\":\"https:\\\/\\\/jornalbeirario.com.br\\\/portal\\\/?author=1\"}]}<\/script>\n<!-- \/ Yoast SEO plugin. -->","yoast_head_json":{"title":"Fanfarra do Get\u00falio Vargas amea\u00e7ada de acabar - JORNAL BEIRA RIO","robots":{"index":"index","follow":"follow","max-snippet":"max-snippet:-1","max-image-preview":"max-image-preview:large","max-video-preview":"max-video-preview:-1"},"canonical":"https:\/\/jornalbeirario.com.br\/portal\/?p=63896","og_locale":"pt_BR","og_type":"article","og_title":"Fanfarra do Get\u00falio Vargas amea\u00e7ada de acabar - JORNAL BEIRA RIO","og_description":"A realidade divulgada na nota publicada na manh\u00e3 de segunda-feira, dia 11, sobre a possibilidade de extin\u00e7\u00e3o da Fanfarra do Get\u00falio Vargas, criada dentro","og_url":"https:\/\/jornalbeirario.com.br\/portal\/?p=63896","og_site_name":"JORNAL BEIRA RIO","article_published_time":"2019-03-11T21:43:48+00:00","article_modified_time":"2019-03-12T13:26:31+00:00","og_image":[{"width":1100,"height":470,"url":"https:\/\/jornalbeirario.com.br\/portal\/wp-content\/uploads\/2019\/03\/fanfarra1.jpg","type":"image\/jpeg"}],"author":"Jornal BEIRA-RIO","twitter_card":"summary_large_image","twitter_misc":{"Escrito por":"Jornal BEIRA-RIO","Est. tempo de leitura":"3 minutos"},"schema":{"@context":"https:\/\/schema.org","@graph":[{"@type":"Article","@id":"https:\/\/jornalbeirario.com.br\/portal\/?p=63896#article","isPartOf":{"@id":"https:\/\/jornalbeirario.com.br\/portal\/?p=63896"},"author":{"name":"Jornal BEIRA-RIO","@id":"https:\/\/jornalbeirario.com.br\/portal\/#\/schema\/person\/c6c423e4c2465d2a9233f6539173e7c1"},"headline":"Fanfarra do Get\u00falio Vargas amea\u00e7ada de acabar","datePublished":"2019-03-11T21:43:48+00:00","dateModified":"2019-03-12T13:26:31+00:00","mainEntityOfPage":{"@id":"https:\/\/jornalbeirario.com.br\/portal\/?p=63896"},"wordCount":516,"commentCount":0,"publisher":{"@id":"https:\/\/jornalbeirario.com.br\/portal\/#organization"},"image":{"@id":"https:\/\/jornalbeirario.com.br\/portal\/?p=63896#primaryimage"},"thumbnailUrl":"https:\/\/jornalbeirario.com.br\/portal\/wp-content\/uploads\/2019\/03\/fanfarra1.jpg","articleSection":["Cultura","Educa\u00e7\u00e3o","Manchete"],"inLanguage":"pt-BR","potentialAction":[{"@type":"CommentAction","name":"Comment","target":["https:\/\/jornalbeirario.com.br\/portal\/?p=63896#respond"]}]},{"@type":"WebPage","@id":"https:\/\/jornalbeirario.com.br\/portal\/?p=63896","url":"https:\/\/jornalbeirario.com.br\/portal\/?p=63896","name":"Fanfarra do Get\u00falio Vargas amea\u00e7ada de acabar - JORNAL BEIRA RIO","isPartOf":{"@id":"https:\/\/jornalbeirario.com.br\/portal\/#website"},"primaryImageOfPage":{"@id":"https:\/\/jornalbeirario.com.br\/portal\/?p=63896#primaryimage"},"image":{"@id":"https:\/\/jornalbeirario.com.br\/portal\/?p=63896#primaryimage"},"thumbnailUrl":"https:\/\/jornalbeirario.com.br\/portal\/wp-content\/uploads\/2019\/03\/fanfarra1.jpg","datePublished":"2019-03-11T21:43:48+00:00","dateModified":"2019-03-12T13:26:31+00:00","breadcrumb":{"@id":"https:\/\/jornalbeirario.com.br\/portal\/?p=63896#breadcrumb"},"inLanguage":"pt-BR","potentialAction":[{"@type":"ReadAction","target":["https:\/\/jornalbeirario.com.br\/portal\/?p=63896"]}]},{"@type":"ImageObject","inLanguage":"pt-BR","@id":"https:\/\/jornalbeirario.com.br\/portal\/?p=63896#primaryimage","url":"https:\/\/jornalbeirario.com.br\/portal\/wp-content\/uploads\/2019\/03\/fanfarra1.jpg","contentUrl":"https:\/\/jornalbeirario.com.br\/portal\/wp-content\/uploads\/2019\/03\/fanfarra1.jpg","width":1100,"height":470},{"@type":"BreadcrumbList","@id":"https:\/\/jornalbeirario.com.br\/portal\/?p=63896#breadcrumb","itemListElement":[{"@type":"ListItem","position":1,"name":"Home","item":"https:\/\/jornalbeirario.com.br\/portal"},{"@type":"ListItem","position":2,"name":"Fanfarra do Get\u00falio Vargas amea\u00e7ada de acabar"}]},{"@type":"WebSite","@id":"https:\/\/jornalbeirario.com.br\/portal\/#website","url":"https:\/\/jornalbeirario.com.br\/portal\/","name":"JORNAL BEIRA RIO","description":"","publisher":{"@id":"https:\/\/jornalbeirario.com.br\/portal\/#organization"},"potentialAction":[{"@type":"SearchAction","target":{"@type":"EntryPoint","urlTemplate":"https:\/\/jornalbeirario.com.br\/portal\/?s={search_term_string}"},"query-input":{"@type":"PropertyValueSpecification","valueRequired":true,"valueName":"search_term_string"}}],"inLanguage":"pt-BR"},{"@type":"Organization","@id":"https:\/\/jornalbeirario.com.br\/portal\/#organization","name":"JORNAL BEIRA RIO","url":"https:\/\/jornalbeirario.com.br\/portal\/","logo":{"@type":"ImageObject","inLanguage":"pt-BR","@id":"https:\/\/jornalbeirario.com.br\/portal\/#\/schema\/logo\/image\/","url":"https:\/\/jornalbeirario.com.br\/portal\/wp-content\/uploads\/2017\/09\/BEIRA-RIO_logo600.png","contentUrl":"https:\/\/jornalbeirario.com.br\/portal\/wp-content\/uploads\/2017\/09\/BEIRA-RIO_logo600.png","width":650,"height":108,"caption":"JORNAL BEIRA RIO"},"image":{"@id":"https:\/\/jornalbeirario.com.br\/portal\/#\/schema\/logo\/image\/"}},{"@type":"Person","@id":"https:\/\/jornalbeirario.com.br\/portal\/#\/schema\/person\/c6c423e4c2465d2a9233f6539173e7c1","name":"Jornal BEIRA-RIO","image":{"@type":"ImageObject","inLanguage":"pt-BR","@id":"https:\/\/jornalbeirario.com.br\/portal\/wp-content\/uploads\/2023\/10\/logojbr1.jpg","url":"https:\/\/jornalbeirario.com.br\/portal\/wp-content\/uploads\/2023\/10\/logojbr1.jpg","contentUrl":"https:\/\/jornalbeirario.com.br\/portal\/wp-content\/uploads\/2023\/10\/logojbr1.jpg","caption":"Jornal BEIRA-RIO"},"url":"https:\/\/jornalbeirario.com.br\/portal\/?author=1"}]}},"_links":{"self":[{"href":"https:\/\/jornalbeirario.com.br\/portal\/index.php?rest_route=\/wp\/v2\/posts\/63896","targetHints":{"allow":["GET"]}}],"collection":[{"href":"https:\/\/jornalbeirario.com.br\/portal\/index.php?rest_route=\/wp\/v2\/posts"}],"about":[{"href":"https:\/\/jornalbeirario.com.br\/portal\/index.php?rest_route=\/wp\/v2\/types\/post"}],"author":[{"embeddable":true,"href":"https:\/\/jornalbeirario.com.br\/portal\/index.php?rest_route=\/wp\/v2\/users\/1"}],"replies":[{"embeddable":true,"href":"https:\/\/jornalbeirario.com.br\/portal\/index.php?rest_route=%2Fwp%2Fv2%2Fcomments&post=63896"}],"version-history":[{"count":27,"href":"https:\/\/jornalbeirario.com.br\/portal\/index.php?rest_route=\/wp\/v2\/posts\/63896\/revisions"}],"predecessor-version":[{"id":63944,"href":"https:\/\/jornalbeirario.com.br\/portal\/index.php?rest_route=\/wp\/v2\/posts\/63896\/revisions\/63944"}],"wp:featuredmedia":[{"embeddable":true,"href":"https:\/\/jornalbeirario.com.br\/portal\/index.php?rest_route=\/wp\/v2\/media\/63915"}],"wp:attachment":[{"href":"https:\/\/jornalbeirario.com.br\/portal\/index.php?rest_route=%2Fwp%2Fv2%2Fmedia&parent=63896"}],"wp:term":[{"taxonomy":"category","embeddable":true,"href":"https:\/\/jornalbeirario.com.br\/portal\/index.php?rest_route=%2Fwp%2Fv2%2Fcategories&post=63896"},{"taxonomy":"post_tag","embeddable":true,"href":"https:\/\/jornalbeirario.com.br\/portal\/index.php?rest_route=%2Fwp%2Fv2%2Ftags&post=63896"}],"curies":[{"name":"wp","href":"https:\/\/api.w.org\/{rel}","templated":true}]}}