
{"id":6266,"date":"2013-03-08T09:56:01","date_gmt":"2013-03-08T09:56:01","guid":{"rendered":"http:\/\/jornalbeirario.com.br\/portal\/portal\/?p=6266"},"modified":"2013-03-08T09:56:01","modified_gmt":"2013-03-08T09:56:01","slug":"lais-amaral-14","status":"publish","type":"post","link":"https:\/\/jornalbeirario.com.br\/portal\/?p=6266","title":{"rendered":"La\u00eds Amaral"},"content":{"rendered":"<p><strong><span style=\"font-size: 13px; line-height: 19px;\">Vin\u00edcius de Moraes para comemorar o centen\u00e1rio de Vin\u00edcius de Moraes\u00a0<\/span><\/strong><\/p>\n<p>O centen\u00e1rio do \u2018poetinha\u2019, Vin\u00edcius de Moraes come\u00e7a a ser comemorado neste s\u00e1bado, dia 9, no Jazz Village Bistr\u00f4, em Penedo, \u00e0s 21 horas. \u00c9 a primeira de uma s\u00e9rie de apresenta\u00e7\u00f5es mensais do espet\u00e1culo \u201cVin\u00edcius de Moraes &#8230;\u00e9 demais !\u201d, ao longo deste ano, sempre em um s\u00e1bado por m\u00eas. Na verdade h\u00e1 uma converg\u00eancia de comemora\u00e7\u00f5es al\u00e9m do centen\u00e1rio: 20 anos do espet\u00e1culo e 25 anos do Hotel Pequena Su\u00e9cia \u2013 ao qual est\u00e1 acoplado o Bistr\u00f4. O espet\u00e1culo, produzido e apresentado pelo ator Andr\u00e9 Whately inaugurou as apresenta\u00e7\u00f5es musicais naquele espa\u00e7o. Andr\u00e9 pretende trazer sempre uma novidade a cada apresenta\u00e7\u00e3o. Aproveitando o Dia Internacional da Mulher, que se comemora nesta sexta, dia 8, ele traz a cantora e instrumentista Ju Cassou (ex-Garganta Profunda) para uma participa\u00e7\u00e3o muito especial. No palco estar\u00e3o, al\u00e9m de Andr\u00e9 Whately e Ju Cassou, os m\u00fasicos, Thiago Zaidan (viol\u00e3o), Augusto Martins (voz) e Nei Batera (percuss\u00e3o).<\/p>\n<p><strong>O Papa n\u00e3o foi corajoso<\/strong><br \/>\nOutro dia ouvi de uma pessoa amiga, a respeito da rumorosa ren\u00fancia do Papa, a express\u00e3o: \u201cfoi um gesto de muita coragem!\u201d. Uma frase que por sinal j\u00e1 ouvira da boca de muitos analistas da nossa imprensa. N\u00e3o que meu amigo estivesse apenas repetindo um jarg\u00e3o empacotado pela m\u00eddia. At\u00e9 porque exprimir opini\u00f5es mornas sobre celebridades do porte de um Papa, costumam dar mesmo em lugar comum. Afinal, o homem tem status de representante de Deus na Terra. Mas eu, como n\u00e3o sou cat\u00f3lico, posso olhar desapaixonado a quest\u00e3o e relativizar essa coragem. Os oito anos de Bento 16 no Vaticano foram marcados por den\u00fancias de abusos sexuais n\u00e3o apurados (ou n\u00e3o punidas), esc\u00e2ndalos de v\u00e1rios matizes envolvendo o Banco do Vaticano e a briga pelo poder interno. Ele tinha nas m\u00e3os a faca e o queijo, ou se preferirem, o c\u00e1lice e o cib\u00f3rio, e resolveu deixar a solu\u00e7\u00e3o do imbr\u00f3glio, incluindo um suposto e cabeludo dossi\u00ea sobre as entranhas do Vaticano, para seu sucessor. Um present\u00e3o de grego. N\u00e3o vejo isso como um gesto de coragem. No meu Blog: http:\/\/bocadesiri-lais.blogspot.com.br a continua\u00e7\u00e3o desse artigo e a contundente entrevista do te\u00f3logo americano Mattheu Fox, ao DemocracyNow, na qual atribui a Joseph Ratzinger a volta da Inquisi\u00e7\u00e3o durante o papado de Jo\u00e3o Paulo 2\u00ba e fala ainda da decad\u00eancia da Igreja Cat\u00f3lica.<\/p>\n<p><strong>TRIPA<\/strong><br \/>\n* Hoje, dia 8, Dia Internacional da Mulher , tem baile na Casa da Amizade com a banda \u2018Alfa Sete\u2019 e o in\u00edcio est\u00e1 previsto para as 22 horas, informa a promotora do evento, a minha amiga Nina * Assisti essa semana num cinema do Resende Shopping ao badalado filme \u2018Lincoln\u2019. Gostei, mas continuo achando que o melhor filme americano da temporada \u00e9 mesmo o \u2018Django\u2019, de Quentin Tarantino. Mas \u2018Lincoln\u2019 tem suas qualidades, claro. \u00d3timos atores, figurino, fotografia, etc, al\u00e9m claro, de mostrar o mal cong\u00eanito comum \u00e0s c\u00e2maras representativas da popula\u00e7\u00e3o. A nobre emenda n\u00ba 13 da Constitui\u00e7\u00e3o da ent\u00e3o pujante e iniciante democracia americana foi aprovada a custa, tamb\u00e9m, da compra de congressistas corruptos. Mesmo sendo a causa nobil\u00edssima e o seu maior avalista, o presidente Abrah\u00e3o Lincoln , considerado um homem puro no meio pol\u00edtico. Os fins justificaram os meios * Por onde andar\u00e1 a mulher mais bonita de Resende? * No s\u00e1bado, Andr\u00e9 Whately pretende agradecer aos muitos nomes que, de alguma forma, colaboraram com o espet\u00e1culo \u201cVin\u00edcius de Moraes&#8230;\u00e9 demais\u201d nesses 20 anos de sucesso. Entre eles: Claudio Menandro, Dudu Arbex, Paulinho Catumbi, Patricia Fonseca, Jo\u00e3o Bosco Sampaio, L\u00fa Gast\u00e3o, Fl\u00e1vio Flautista, Alili Cuoco, Ana dos Anjos, J\u00falio Vasconcelos, Mal\u00fa Rocha, Claudia Martins, Mariana Gomes, Marcel Powell, Thais Motta, M\u00e1rvio Ceribelli, Maur\u00edcio Maestro, Kay Lyra, Mariana de Moraes, Ciron Silva, Aniceto e seu Trio de Metais. E um agradecimento especial ao jornal BEIRA-RIO pelo apoio de sempre. Nada demais Andr\u00e9, \u00e9 nosso trabalho. Estarei l\u00e1!!<\/p>\n<p><strong>ANIVERS\u00c1RIOS<\/strong><br \/>\nA semana dos aniversariantes come\u00e7ou na ter\u00e7a, dia 5, com meia d\u00fazia de amigos mudando de idade: a Adriana Coutinho, o Gaucho do T\u00e1xi, a Zenilda Miranda, o Eduardo Kraucs, a Betinha do Para\u00edso e o feliz alvinegro, Evaldo Melo. Na quarta, dia 6, inauguraram idade nova o Jos\u00e9 Roberto Costa, o professor Julio Vidal e o grande Ramiro, da R\u00e1dio Resende. Amanh\u00e3, dia 9, ficam mais experientes o meu amigo Paulinho da Farm\u00e1cia, o Luciano Alves e o Fabr\u00edcio Tomaz. E no domingo, dia 10, recebem os parab\u00e9ns o Roberto Viana, o Cesar Trote, o Mateus Nunes e a T\u00e2nia Colombi. Parab\u00e9ns e todas as felicidades do mundo a eles.<\/p>\n","protected":false},"excerpt":{"rendered":"<p>Vin\u00edcius de Moraes para comemorar o centen\u00e1rio de Vin\u00edcius de Moraes\u00a0 O centen\u00e1rio do \u2018poetinha\u2019, Vin\u00edcius de Moraes come\u00e7a a ser comemorado neste s\u00e1bado,<\/p>\n","protected":false},"author":1,"featured_media":0,"comment_status":"open","ping_status":"open","sticky":false,"template":"","format":"standard","meta":{"pmpro_default_level":"","footnotes":""},"categories":[13],"tags":[],"class_list":["post-6266","post","type-post","status-publish","format-standard","hentry","category-social","pmpro-has-access"],"yoast_head":"<!-- This site is optimized with the Yoast SEO plugin v27.4 - https:\/\/yoast.com\/product\/yoast-seo-wordpress\/ -->\n<title>La\u00eds Amaral - JORNAL BEIRA RIO<\/title>\n<meta name=\"robots\" content=\"index, follow, max-snippet:-1, max-image-preview:large, max-video-preview:-1\" \/>\n<link rel=\"canonical\" href=\"https:\/\/jornalbeirario.com.br\/portal\/?p=6266\" \/>\n<meta property=\"og:locale\" content=\"pt_BR\" \/>\n<meta property=\"og:type\" content=\"article\" \/>\n<meta property=\"og:title\" content=\"La\u00eds Amaral - JORNAL BEIRA RIO\" \/>\n<meta property=\"og:description\" content=\"Vin\u00edcius de Moraes para comemorar o centen\u00e1rio de Vin\u00edcius de Moraes\u00a0 O centen\u00e1rio do \u2018poetinha\u2019, Vin\u00edcius de Moraes come\u00e7a a ser comemorado neste s\u00e1bado,\" \/>\n<meta property=\"og:url\" content=\"https:\/\/jornalbeirario.com.br\/portal\/?p=6266\" \/>\n<meta property=\"og:site_name\" content=\"JORNAL BEIRA RIO\" \/>\n<meta property=\"article:published_time\" content=\"2013-03-08T09:56:01+00:00\" \/>\n<meta name=\"author\" content=\"Jornal BEIRA-RIO\" \/>\n<meta name=\"twitter:card\" content=\"summary_large_image\" \/>\n<meta name=\"twitter:label1\" content=\"Escrito por\" \/>\n\t<meta name=\"twitter:data1\" content=\"Jornal BEIRA-RIO\" \/>\n\t<meta name=\"twitter:label2\" content=\"Est. tempo de leitura\" \/>\n\t<meta name=\"twitter:data2\" content=\"4 minutos\" \/>\n<script type=\"application\/ld+json\" class=\"yoast-schema-graph\">{\"@context\":\"https:\\\/\\\/schema.org\",\"@graph\":[{\"@type\":\"Article\",\"@id\":\"https:\\\/\\\/jornalbeirario.com.br\\\/portal\\\/?p=6266#article\",\"isPartOf\":{\"@id\":\"https:\\\/\\\/jornalbeirario.com.br\\\/portal\\\/?p=6266\"},\"author\":{\"name\":\"Jornal BEIRA-RIO\",\"@id\":\"https:\\\/\\\/jornalbeirario.com.br\\\/portal\\\/#\\\/schema\\\/person\\\/c6c423e4c2465d2a9233f6539173e7c1\"},\"headline\":\"La\u00eds Amaral\",\"datePublished\":\"2013-03-08T09:56:01+00:00\",\"mainEntityOfPage\":{\"@id\":\"https:\\\/\\\/jornalbeirario.com.br\\\/portal\\\/?p=6266\"},\"wordCount\":824,\"commentCount\":0,\"publisher\":{\"@id\":\"https:\\\/\\\/jornalbeirario.com.br\\\/portal\\\/#organization\"},\"articleSection\":[\"Social\"],\"inLanguage\":\"pt-BR\",\"potentialAction\":[{\"@type\":\"CommentAction\",\"name\":\"Comment\",\"target\":[\"https:\\\/\\\/jornalbeirario.com.br\\\/portal\\\/?p=6266#respond\"]}]},{\"@type\":\"WebPage\",\"@id\":\"https:\\\/\\\/jornalbeirario.com.br\\\/portal\\\/?p=6266\",\"url\":\"https:\\\/\\\/jornalbeirario.com.br\\\/portal\\\/?p=6266\",\"name\":\"La\u00eds Amaral - JORNAL BEIRA RIO\",\"isPartOf\":{\"@id\":\"https:\\\/\\\/jornalbeirario.com.br\\\/portal\\\/#website\"},\"datePublished\":\"2013-03-08T09:56:01+00:00\",\"breadcrumb\":{\"@id\":\"https:\\\/\\\/jornalbeirario.com.br\\\/portal\\\/?p=6266#breadcrumb\"},\"inLanguage\":\"pt-BR\",\"potentialAction\":[{\"@type\":\"ReadAction\",\"target\":[\"https:\\\/\\\/jornalbeirario.com.br\\\/portal\\\/?p=6266\"]}]},{\"@type\":\"BreadcrumbList\",\"@id\":\"https:\\\/\\\/jornalbeirario.com.br\\\/portal\\\/?p=6266#breadcrumb\",\"itemListElement\":[{\"@type\":\"ListItem\",\"position\":1,\"name\":\"Home\",\"item\":\"https:\\\/\\\/jornalbeirario.com.br\\\/portal\"},{\"@type\":\"ListItem\",\"position\":2,\"name\":\"La\u00eds Amaral\"}]},{\"@type\":\"WebSite\",\"@id\":\"https:\\\/\\\/jornalbeirario.com.br\\\/portal\\\/#website\",\"url\":\"https:\\\/\\\/jornalbeirario.com.br\\\/portal\\\/\",\"name\":\"JORNAL BEIRA RIO\",\"description\":\"\",\"publisher\":{\"@id\":\"https:\\\/\\\/jornalbeirario.com.br\\\/portal\\\/#organization\"},\"potentialAction\":[{\"@type\":\"SearchAction\",\"target\":{\"@type\":\"EntryPoint\",\"urlTemplate\":\"https:\\\/\\\/jornalbeirario.com.br\\\/portal\\\/?s={search_term_string}\"},\"query-input\":{\"@type\":\"PropertyValueSpecification\",\"valueRequired\":true,\"valueName\":\"search_term_string\"}}],\"inLanguage\":\"pt-BR\"},{\"@type\":\"Organization\",\"@id\":\"https:\\\/\\\/jornalbeirario.com.br\\\/portal\\\/#organization\",\"name\":\"JORNAL BEIRA RIO\",\"url\":\"https:\\\/\\\/jornalbeirario.com.br\\\/portal\\\/\",\"logo\":{\"@type\":\"ImageObject\",\"inLanguage\":\"pt-BR\",\"@id\":\"https:\\\/\\\/jornalbeirario.com.br\\\/portal\\\/#\\\/schema\\\/logo\\\/image\\\/\",\"url\":\"https:\\\/\\\/jornalbeirario.com.br\\\/portal\\\/wp-content\\\/uploads\\\/2017\\\/09\\\/BEIRA-RIO_logo600.png\",\"contentUrl\":\"https:\\\/\\\/jornalbeirario.com.br\\\/portal\\\/wp-content\\\/uploads\\\/2017\\\/09\\\/BEIRA-RIO_logo600.png\",\"width\":650,\"height\":108,\"caption\":\"JORNAL BEIRA RIO\"},\"image\":{\"@id\":\"https:\\\/\\\/jornalbeirario.com.br\\\/portal\\\/#\\\/schema\\\/logo\\\/image\\\/\"}},{\"@type\":\"Person\",\"@id\":\"https:\\\/\\\/jornalbeirario.com.br\\\/portal\\\/#\\\/schema\\\/person\\\/c6c423e4c2465d2a9233f6539173e7c1\",\"name\":\"Jornal BEIRA-RIO\",\"image\":{\"@type\":\"ImageObject\",\"inLanguage\":\"pt-BR\",\"@id\":\"https:\\\/\\\/jornalbeirario.com.br\\\/portal\\\/wp-content\\\/uploads\\\/2023\\\/10\\\/logojbr1.jpg\",\"url\":\"https:\\\/\\\/jornalbeirario.com.br\\\/portal\\\/wp-content\\\/uploads\\\/2023\\\/10\\\/logojbr1.jpg\",\"contentUrl\":\"https:\\\/\\\/jornalbeirario.com.br\\\/portal\\\/wp-content\\\/uploads\\\/2023\\\/10\\\/logojbr1.jpg\",\"caption\":\"Jornal BEIRA-RIO\"},\"url\":\"https:\\\/\\\/jornalbeirario.com.br\\\/portal\\\/?author=1\"}]}<\/script>\n<!-- \/ Yoast SEO plugin. -->","yoast_head_json":{"title":"La\u00eds Amaral - JORNAL BEIRA RIO","robots":{"index":"index","follow":"follow","max-snippet":"max-snippet:-1","max-image-preview":"max-image-preview:large","max-video-preview":"max-video-preview:-1"},"canonical":"https:\/\/jornalbeirario.com.br\/portal\/?p=6266","og_locale":"pt_BR","og_type":"article","og_title":"La\u00eds Amaral - JORNAL BEIRA RIO","og_description":"Vin\u00edcius de Moraes para comemorar o centen\u00e1rio de Vin\u00edcius de Moraes\u00a0 O centen\u00e1rio do \u2018poetinha\u2019, Vin\u00edcius de Moraes come\u00e7a a ser comemorado neste s\u00e1bado,","og_url":"https:\/\/jornalbeirario.com.br\/portal\/?p=6266","og_site_name":"JORNAL BEIRA RIO","article_published_time":"2013-03-08T09:56:01+00:00","author":"Jornal BEIRA-RIO","twitter_card":"summary_large_image","twitter_misc":{"Escrito por":"Jornal BEIRA-RIO","Est. tempo de leitura":"4 minutos"},"schema":{"@context":"https:\/\/schema.org","@graph":[{"@type":"Article","@id":"https:\/\/jornalbeirario.com.br\/portal\/?p=6266#article","isPartOf":{"@id":"https:\/\/jornalbeirario.com.br\/portal\/?p=6266"},"author":{"name":"Jornal BEIRA-RIO","@id":"https:\/\/jornalbeirario.com.br\/portal\/#\/schema\/person\/c6c423e4c2465d2a9233f6539173e7c1"},"headline":"La\u00eds Amaral","datePublished":"2013-03-08T09:56:01+00:00","mainEntityOfPage":{"@id":"https:\/\/jornalbeirario.com.br\/portal\/?p=6266"},"wordCount":824,"commentCount":0,"publisher":{"@id":"https:\/\/jornalbeirario.com.br\/portal\/#organization"},"articleSection":["Social"],"inLanguage":"pt-BR","potentialAction":[{"@type":"CommentAction","name":"Comment","target":["https:\/\/jornalbeirario.com.br\/portal\/?p=6266#respond"]}]},{"@type":"WebPage","@id":"https:\/\/jornalbeirario.com.br\/portal\/?p=6266","url":"https:\/\/jornalbeirario.com.br\/portal\/?p=6266","name":"La\u00eds Amaral - JORNAL BEIRA RIO","isPartOf":{"@id":"https:\/\/jornalbeirario.com.br\/portal\/#website"},"datePublished":"2013-03-08T09:56:01+00:00","breadcrumb":{"@id":"https:\/\/jornalbeirario.com.br\/portal\/?p=6266#breadcrumb"},"inLanguage":"pt-BR","potentialAction":[{"@type":"ReadAction","target":["https:\/\/jornalbeirario.com.br\/portal\/?p=6266"]}]},{"@type":"BreadcrumbList","@id":"https:\/\/jornalbeirario.com.br\/portal\/?p=6266#breadcrumb","itemListElement":[{"@type":"ListItem","position":1,"name":"Home","item":"https:\/\/jornalbeirario.com.br\/portal"},{"@type":"ListItem","position":2,"name":"La\u00eds Amaral"}]},{"@type":"WebSite","@id":"https:\/\/jornalbeirario.com.br\/portal\/#website","url":"https:\/\/jornalbeirario.com.br\/portal\/","name":"JORNAL BEIRA RIO","description":"","publisher":{"@id":"https:\/\/jornalbeirario.com.br\/portal\/#organization"},"potentialAction":[{"@type":"SearchAction","target":{"@type":"EntryPoint","urlTemplate":"https:\/\/jornalbeirario.com.br\/portal\/?s={search_term_string}"},"query-input":{"@type":"PropertyValueSpecification","valueRequired":true,"valueName":"search_term_string"}}],"inLanguage":"pt-BR"},{"@type":"Organization","@id":"https:\/\/jornalbeirario.com.br\/portal\/#organization","name":"JORNAL BEIRA RIO","url":"https:\/\/jornalbeirario.com.br\/portal\/","logo":{"@type":"ImageObject","inLanguage":"pt-BR","@id":"https:\/\/jornalbeirario.com.br\/portal\/#\/schema\/logo\/image\/","url":"https:\/\/jornalbeirario.com.br\/portal\/wp-content\/uploads\/2017\/09\/BEIRA-RIO_logo600.png","contentUrl":"https:\/\/jornalbeirario.com.br\/portal\/wp-content\/uploads\/2017\/09\/BEIRA-RIO_logo600.png","width":650,"height":108,"caption":"JORNAL BEIRA RIO"},"image":{"@id":"https:\/\/jornalbeirario.com.br\/portal\/#\/schema\/logo\/image\/"}},{"@type":"Person","@id":"https:\/\/jornalbeirario.com.br\/portal\/#\/schema\/person\/c6c423e4c2465d2a9233f6539173e7c1","name":"Jornal BEIRA-RIO","image":{"@type":"ImageObject","inLanguage":"pt-BR","@id":"https:\/\/jornalbeirario.com.br\/portal\/wp-content\/uploads\/2023\/10\/logojbr1.jpg","url":"https:\/\/jornalbeirario.com.br\/portal\/wp-content\/uploads\/2023\/10\/logojbr1.jpg","contentUrl":"https:\/\/jornalbeirario.com.br\/portal\/wp-content\/uploads\/2023\/10\/logojbr1.jpg","caption":"Jornal BEIRA-RIO"},"url":"https:\/\/jornalbeirario.com.br\/portal\/?author=1"}]}},"_links":{"self":[{"href":"https:\/\/jornalbeirario.com.br\/portal\/index.php?rest_route=\/wp\/v2\/posts\/6266","targetHints":{"allow":["GET"]}}],"collection":[{"href":"https:\/\/jornalbeirario.com.br\/portal\/index.php?rest_route=\/wp\/v2\/posts"}],"about":[{"href":"https:\/\/jornalbeirario.com.br\/portal\/index.php?rest_route=\/wp\/v2\/types\/post"}],"author":[{"embeddable":true,"href":"https:\/\/jornalbeirario.com.br\/portal\/index.php?rest_route=\/wp\/v2\/users\/1"}],"replies":[{"embeddable":true,"href":"https:\/\/jornalbeirario.com.br\/portal\/index.php?rest_route=%2Fwp%2Fv2%2Fcomments&post=6266"}],"version-history":[{"count":2,"href":"https:\/\/jornalbeirario.com.br\/portal\/index.php?rest_route=\/wp\/v2\/posts\/6266\/revisions"}],"predecessor-version":[{"id":6268,"href":"https:\/\/jornalbeirario.com.br\/portal\/index.php?rest_route=\/wp\/v2\/posts\/6266\/revisions\/6268"}],"wp:attachment":[{"href":"https:\/\/jornalbeirario.com.br\/portal\/index.php?rest_route=%2Fwp%2Fv2%2Fmedia&parent=6266"}],"wp:term":[{"taxonomy":"category","embeddable":true,"href":"https:\/\/jornalbeirario.com.br\/portal\/index.php?rest_route=%2Fwp%2Fv2%2Fcategories&post=6266"},{"taxonomy":"post_tag","embeddable":true,"href":"https:\/\/jornalbeirario.com.br\/portal\/index.php?rest_route=%2Fwp%2Fv2%2Ftags&post=6266"}],"curies":[{"name":"wp","href":"https:\/\/api.w.org\/{rel}","templated":true}]}}