
{"id":62249,"date":"2018-11-27T15:13:00","date_gmt":"2018-11-27T18:13:00","guid":{"rendered":"http:\/\/jornalbeirario.com.br\/portal\/?p=62249"},"modified":"2018-11-27T15:13:00","modified_gmt":"2018-11-27T18:13:00","slug":"multiartista-de-penedo-concorre-ao-premio-olho-vivo","status":"publish","type":"post","link":"https:\/\/jornalbeirario.com.br\/portal\/?p=62249","title":{"rendered":"Multiartista de Penedo concorre ao Pr\u00eamio Olho Vivo"},"content":{"rendered":"<figure id=\"attachment_62263\" aria-describedby=\"caption-attachment-62263\" style=\"width: 225px\" class=\"wp-caption alignleft\"><img loading=\"lazy\" decoding=\"async\" class=\"size-medium wp-image-62263\" src=\"https:\/\/jornalbeirario.com.br\/portal\/wp-content\/uploads\/2018\/11\/raphael2-225x300.jpg\" alt=\"\" width=\"225\" height=\"300\" srcset=\"https:\/\/jornalbeirario.com.br\/portal\/wp-content\/uploads\/2018\/11\/raphael2-225x300.jpg 225w, https:\/\/jornalbeirario.com.br\/portal\/wp-content\/uploads\/2018\/11\/raphael2.jpg 480w\" sizes=\"auto, (max-width: 225px) 100vw, 225px\" \/><figcaption id=\"caption-attachment-62263\" class=\"wp-caption-text\">O ator nos bastidores de &#8220;Quem matou meu pai&#8221;<\/figcaption><\/figure>\n<p style=\"text-align: justify;\">Um multiartista de Resende, que mora em Penedo, \u00e9 um dos finalistas do Pr\u00eamio Olho Vivo na categoria literatura, com o livro &#8220;Marketing&#8221;. Ainda que esteja habituado a escrever poesias desde adolescente, a obra concorrente mostra o lado mais did\u00e1tico de Raphael Bruno. &#8220;Minha preocupa\u00e7\u00e3o foi escrever uma obra onde procuro ensinar de uma maneira mais f\u00e1cil de compreender o marketing, que mostra \u00e0s pessoas como elas podem atrair o p\u00fablico, da melhor maneira poss\u00edvel&#8221;, conta Raphael.<\/p>\n<p style=\"text-align: justify;\">Para que pudesse escrever este livro, Raphael revela que se aproveitou do curr\u00edculo que tem: \u00e9 formado em Jornalismo, e fez v\u00e1rios cursos nas \u00e1reas de Log\u00edstica, Contabilidade, Transa\u00e7\u00f5es Imobili\u00e1rias, Teologia e um workshop de vendas, este \u00faltimo em 2012. Ao todo, ele escreveu quase 100 livros, que foram vendidos em diferentes pa\u00edses e em portugu\u00eas, franc\u00eas, alem\u00e3o, ingl\u00eas e italiano, gra\u00e7as \u00e0s plataformas digitais.<\/p>\n<p style=\"text-align: justify;\">E todos esses livros foram escritos em apenas dois anos. &#8220;Meu primeiro livro foi escrito em 2016, e na \u00e9poca o mais curioso \u00e9 que eu n\u00e3o tinha nenhuma experi\u00eancia em escrever. Outros livros onde passo o que aprendi tamb\u00e9m foram publicados nesse per\u00edodo, entre eles um livro sobre vendas, que publiquei ano passado. Logo em seguida fiz outra obra satirizando o cotidiano do Rio de Janeiro (&#8220;Chocante &#8211; O Humor da Cidade Grande&#8221;), mas o &#8216;Log\u00edstica&#8217; foi minha obra mais vendida at\u00e9 hoje&#8221;.<\/p>\n<p style=\"text-align: justify;\">Raphael diz que algumas de suas publica\u00e7\u00f5es j\u00e1 receberam inclusive elogios nas redes sociais, com direito a v\u00eddeo de seus compradores.<\/p>\n<p style=\"text-align: justify;\">Um personagem considerado muito carism\u00e1tico por seu p\u00fablico, e tamb\u00e9m por Raphael, \u00e9 tamb\u00e9m tema da \u00faltima obra escrita por ele. &#8220;O Caipira&#8221;, que conta a hist\u00f3ria de Jo\u00e3o Lingui\u00e7a, mostra o outro lado do talento desse escritor. Desde o ano de 1993, ele atua no teatro. Naquele ano &#8211; quando fez parte do elenco de &#8220;Jesus Nasceu&#8221; &#8211; tinha apenas 10 anos e um fato muito engra\u00e7ado pra contar.<\/p>\n<p style=\"text-align: justify;\">&#8211; Durante a realiza\u00e7\u00e3o da pe\u00e7a, que havia acontecido no final daquele ano, fui me enrolar em um vestido e acabei caindo no palco, arrancando muitos risos da plateia &#8211; relembra o multiartista, que havia se apresentado dentro do Col\u00e9gio Municipal Ottorino Zanon.<\/p>\n<p style=\"text-align: justify;\">Em 2001, integrou o grupo itatiaiense Acquaryus, na pe\u00e7a &#8220;Invers\u00f5es de Papeis&#8221;. No mesmo ano, dirigiu, roteirizou e atuou nas pe\u00e7as: &#8220;O significado da palavra m\u00e3e&#8221; e &#8220;o significado da palavra amor&#8221;. Ainda que n\u00e3o tenha interpretado Jo\u00e3o Lingui\u00e7a nos palcos, Raphael teve a oportunidade de reviver um personagem semelhante em seu segundo filme, o curta-metragem &#8220;Caipira&#8221;, do grupo Sindicato do Riso, de 2017. No mesmo ano, ele criou um canal no YouTube, onde costuma postar v\u00eddeos de humor sertanejo ou variado.<\/p>\n<p style=\"text-align: justify;\">&#8211; Comecei a gravar v\u00eddeos depois de algu\u00e9m ter me dado uma orienta\u00e7\u00e3o. Uma pessoa chegou pra mim e perguntou porque eu n\u00e3o fazia v\u00eddeos para colocar nas redes sociais. Decidi aceitar essa sugest\u00e3o e postei meu primeiro v\u00eddeo, que n\u00e3o teve muito sucesso. Mas a partir do segundo, a popularidade do canal s\u00f3 cresceu, com mais de 30 mil visualiza\u00e7\u00f5es em 1 ano &#8211; citou.<\/p>\n<p style=\"text-align: justify;\">Ele tem se dedicado a trabalhar com o humor caipira na maioria de seus v\u00eddeos. &#8220;Eu sou um ator que n\u00e3o consigo atuar s\u00e9rio, sempre tenho que fazer alguma careta em cena. Claro que j\u00e1 atuei em filmes dram\u00e1ticos, mas o meu forte \u00e9 a com\u00e9dia. E trabalhar com personagens caipiras \u00e9 algo que tamb\u00e9m \u00e9 f\u00e1cil de improvisar, desde os trejeitos at\u00e9 o figurino&#8221;, completa.<\/p>\n<p style=\"text-align: justify;\">Ainda na internet, Raphael tamb\u00e9m participa dos v\u00eddeos de esquetes da Companhia Liatt., do diretor e ator Leandro Resende. que o convidou para fazer parte da companhia de teatro. Fez outros curtas, entre eles &#8220;Trai\u00e7\u00e3o \u00cdntima&#8221;; &#8220;Pr\u00f3digo&#8221;, da Companhia Liatt; e &#8220;Quem Matou Meu Pai&#8221;, gravado em Miguel Pereira, onde viveu o Padre Valdomiro. E os convites n\u00e3o param por a\u00ed: em breve, estar\u00e1 nos elencos de &#8220;Leonel, O Renegado do Bonde&#8221; e &#8220;Pesadelo de Amor&#8221;.<\/p>\n<p style=\"text-align: justify;\">Al\u00e9m de escritor e ator, Raphael tamb\u00e9m j\u00e1 foi radialista, bonequeiro (que trabalha com bonecos), jornalista e compositor. A vota\u00e7\u00e3o de Melhor Livro do Pr\u00eamio Olho Vivo segue acontecendo na internet. \u00c9 s\u00f3 <a href=\"https:\/\/www.olhovivoca.com.br\/enquetes\/208\/livro-em-qual-voce-vota-para-receber-o-premio-olho-vivo-2018\/#login-form\">clicar aqui<\/a> pra se cadastrar e votar. O canal do multiartista com os v\u00eddeos tamb\u00e9m pode ser acessado <a href=\"https:\/\/www.youtube.com\/channel\/UChROkQdxXiMrWxHhwsG-AqQ\">clicando aqui<\/a>.<\/p>\n<p><em>Fotos: Divulga\u00e7\u00e3o<\/em><\/p>\n","protected":false},"excerpt":{"rendered":"<p>Um multiartista de Resende, que mora em Penedo, \u00e9 um dos finalistas do Pr\u00eamio Olho Vivo na categoria literatura, com o livro &#8220;Marketing&#8221;. Ainda<\/p>\n","protected":false},"author":1,"featured_media":62262,"comment_status":"open","ping_status":"open","sticky":false,"template":"","format":"standard","meta":{"pmpro_default_level":"","footnotes":"","_members_access_role":[],"_members_access_error":""},"categories":[5],"tags":[],"class_list":["post-62249","post","type-post","status-publish","format-standard","has-post-thumbnail","hentry","category-cultura","pmpro-has-access"],"yoast_head":"<!-- This site is optimized with the Yoast SEO plugin v28.4 - https:\/\/yoast.com\/product\/yoast-seo-wordpress\/ -->\n<title>Multiartista de Penedo concorre ao Pr\u00eamio Olho Vivo - JORNAL BEIRA RIO<\/title>\n<meta name=\"robots\" content=\"index, follow, max-snippet:-1, max-image-preview:large, max-video-preview:-1\" \/>\n<link rel=\"canonical\" href=\"https:\/\/jornalbeirario.com.br\/portal\/?p=62249\" \/>\n<meta property=\"og:locale\" content=\"pt_BR\" \/>\n<meta property=\"og:type\" content=\"article\" \/>\n<meta property=\"og:title\" content=\"Multiartista de Penedo concorre ao Pr\u00eamio Olho Vivo - JORNAL BEIRA RIO\" \/>\n<meta property=\"og:description\" content=\"Um multiartista de Resende, que mora em Penedo, \u00e9 um dos finalistas do Pr\u00eamio Olho Vivo na categoria literatura, com o livro &#8220;Marketing&#8221;. Ainda\" \/>\n<meta property=\"og:url\" content=\"https:\/\/jornalbeirario.com.br\/portal\/?p=62249\" \/>\n<meta property=\"og:site_name\" content=\"JORNAL BEIRA RIO\" \/>\n<meta property=\"article:published_time\" content=\"2018-11-27T18:13:00+00:00\" \/>\n<meta property=\"og:image\" content=\"https:\/\/jornalbeirario.com.br\/portal\/wp-content\/uploads\/2018\/11\/raphael1.jpg\" \/>\n\t<meta property=\"og:image:width\" content=\"640\" \/>\n\t<meta property=\"og:image:height\" content=\"480\" \/>\n\t<meta property=\"og:image:type\" content=\"image\/jpeg\" \/>\n<meta name=\"author\" content=\"Jornal BEIRA-RIO\" \/>\n<meta name=\"twitter:card\" content=\"summary_large_image\" \/>\n<meta name=\"twitter:label1\" content=\"Escrito por\" \/>\n\t<meta name=\"twitter:data1\" content=\"Jornal BEIRA-RIO\" \/>\n\t<meta name=\"twitter:label2\" content=\"Est. tempo de leitura\" \/>\n\t<meta name=\"twitter:data2\" content=\"4 minutos\" \/>\n<script type=\"application\/ld+json\" class=\"yoast-schema-graph\">{\"@context\":\"https:\\\/\\\/schema.org\",\"@graph\":[{\"@type\":\"Article\",\"@id\":\"https:\\\/\\\/jornalbeirario.com.br\\\/portal\\\/?p=62249#article\",\"isPartOf\":{\"@id\":\"https:\\\/\\\/jornalbeirario.com.br\\\/portal\\\/?p=62249\"},\"author\":{\"name\":\"Jornal BEIRA-RIO\",\"@id\":\"https:\\\/\\\/jornalbeirario.com.br\\\/portal\\\/#\\\/schema\\\/person\\\/c6c423e4c2465d2a9233f6539173e7c1\"},\"headline\":\"Multiartista de Penedo concorre ao Pr\u00eamio Olho Vivo\",\"datePublished\":\"2018-11-27T18:13:00+00:00\",\"mainEntityOfPage\":{\"@id\":\"https:\\\/\\\/jornalbeirario.com.br\\\/portal\\\/?p=62249\"},\"wordCount\":784,\"commentCount\":0,\"publisher\":{\"@id\":\"https:\\\/\\\/jornalbeirario.com.br\\\/portal\\\/#organization\"},\"image\":{\"@id\":\"https:\\\/\\\/jornalbeirario.com.br\\\/portal\\\/?p=62249#primaryimage\"},\"thumbnailUrl\":\"https:\\\/\\\/jornalbeirario.com.br\\\/portal\\\/wp-content\\\/uploads\\\/2018\\\/11\\\/raphael1.jpg\",\"articleSection\":[\"Cultura\"],\"inLanguage\":\"pt-BR\",\"potentialAction\":[{\"@type\":\"CommentAction\",\"name\":\"Comment\",\"target\":[\"https:\\\/\\\/jornalbeirario.com.br\\\/portal\\\/?p=62249#respond\"]}]},{\"@type\":\"WebPage\",\"@id\":\"https:\\\/\\\/jornalbeirario.com.br\\\/portal\\\/?p=62249\",\"url\":\"https:\\\/\\\/jornalbeirario.com.br\\\/portal\\\/?p=62249\",\"name\":\"Multiartista de Penedo concorre ao Pr\u00eamio Olho Vivo - JORNAL BEIRA RIO\",\"isPartOf\":{\"@id\":\"https:\\\/\\\/jornalbeirario.com.br\\\/portal\\\/#website\"},\"primaryImageOfPage\":{\"@id\":\"https:\\\/\\\/jornalbeirario.com.br\\\/portal\\\/?p=62249#primaryimage\"},\"image\":{\"@id\":\"https:\\\/\\\/jornalbeirario.com.br\\\/portal\\\/?p=62249#primaryimage\"},\"thumbnailUrl\":\"https:\\\/\\\/jornalbeirario.com.br\\\/portal\\\/wp-content\\\/uploads\\\/2018\\\/11\\\/raphael1.jpg\",\"datePublished\":\"2018-11-27T18:13:00+00:00\",\"breadcrumb\":{\"@id\":\"https:\\\/\\\/jornalbeirario.com.br\\\/portal\\\/?p=62249#breadcrumb\"},\"inLanguage\":\"pt-BR\",\"potentialAction\":[{\"@type\":\"ReadAction\",\"target\":[\"https:\\\/\\\/jornalbeirario.com.br\\\/portal\\\/?p=62249\"]}]},{\"@type\":\"ImageObject\",\"inLanguage\":\"pt-BR\",\"@id\":\"https:\\\/\\\/jornalbeirario.com.br\\\/portal\\\/?p=62249#primaryimage\",\"url\":\"https:\\\/\\\/jornalbeirario.com.br\\\/portal\\\/wp-content\\\/uploads\\\/2018\\\/11\\\/raphael1.jpg\",\"contentUrl\":\"https:\\\/\\\/jornalbeirario.com.br\\\/portal\\\/wp-content\\\/uploads\\\/2018\\\/11\\\/raphael1.jpg\",\"width\":640,\"height\":480},{\"@type\":\"BreadcrumbList\",\"@id\":\"https:\\\/\\\/jornalbeirario.com.br\\\/portal\\\/?p=62249#breadcrumb\",\"itemListElement\":[{\"@type\":\"ListItem\",\"position\":1,\"name\":\"Home\",\"item\":\"https:\\\/\\\/jornalbeirario.com.br\\\/portal\"},{\"@type\":\"ListItem\",\"position\":2,\"name\":\"Multiartista de Penedo concorre ao Pr\u00eamio Olho Vivo\"}]},{\"@type\":\"WebSite\",\"@id\":\"https:\\\/\\\/jornalbeirario.com.br\\\/portal\\\/#website\",\"url\":\"https:\\\/\\\/jornalbeirario.com.br\\\/portal\\\/\",\"name\":\"JORNAL BEIRA RIO\",\"description\":\"\",\"publisher\":{\"@id\":\"https:\\\/\\\/jornalbeirario.com.br\\\/portal\\\/#organization\"},\"potentialAction\":[{\"@type\":\"SearchAction\",\"target\":{\"@type\":\"EntryPoint\",\"urlTemplate\":\"https:\\\/\\\/jornalbeirario.com.br\\\/portal\\\/?s={search_term_string}\"},\"query-input\":{\"@type\":\"PropertyValueSpecification\",\"valueRequired\":true,\"valueName\":\"search_term_string\"}}],\"inLanguage\":\"pt-BR\"},{\"@type\":\"Organization\",\"@id\":\"https:\\\/\\\/jornalbeirario.com.br\\\/portal\\\/#organization\",\"name\":\"JORNAL BEIRA RIO\",\"url\":\"https:\\\/\\\/jornalbeirario.com.br\\\/portal\\\/\",\"logo\":{\"@type\":\"ImageObject\",\"inLanguage\":\"pt-BR\",\"@id\":\"https:\\\/\\\/jornalbeirario.com.br\\\/portal\\\/#\\\/schema\\\/logo\\\/image\\\/\",\"url\":\"https:\\\/\\\/jornalbeirario.com.br\\\/portal\\\/wp-content\\\/uploads\\\/2017\\\/09\\\/BEIRA-RIO_logo600.png\",\"contentUrl\":\"https:\\\/\\\/jornalbeirario.com.br\\\/portal\\\/wp-content\\\/uploads\\\/2017\\\/09\\\/BEIRA-RIO_logo600.png\",\"width\":650,\"height\":108,\"caption\":\"JORNAL BEIRA RIO\"},\"image\":{\"@id\":\"https:\\\/\\\/jornalbeirario.com.br\\\/portal\\\/#\\\/schema\\\/logo\\\/image\\\/\"}},{\"@type\":\"Person\",\"@id\":\"https:\\\/\\\/jornalbeirario.com.br\\\/portal\\\/#\\\/schema\\\/person\\\/c6c423e4c2465d2a9233f6539173e7c1\",\"name\":\"Jornal BEIRA-RIO\",\"image\":{\"@type\":\"ImageObject\",\"inLanguage\":\"pt-BR\",\"@id\":\"https:\\\/\\\/jornalbeirario.com.br\\\/portal\\\/wp-content\\\/uploads\\\/2023\\\/10\\\/logojbr1.jpg\",\"url\":\"https:\\\/\\\/jornalbeirario.com.br\\\/portal\\\/wp-content\\\/uploads\\\/2023\\\/10\\\/logojbr1.jpg\",\"contentUrl\":\"https:\\\/\\\/jornalbeirario.com.br\\\/portal\\\/wp-content\\\/uploads\\\/2023\\\/10\\\/logojbr1.jpg\",\"caption\":\"Jornal BEIRA-RIO\"},\"url\":\"https:\\\/\\\/jornalbeirario.com.br\\\/portal\\\/?author=1\"}]}<\/script>\n<!-- \/ Yoast SEO plugin. -->","yoast_head_json":{"title":"Multiartista de Penedo concorre ao Pr\u00eamio Olho Vivo - JORNAL BEIRA RIO","robots":{"index":"index","follow":"follow","max-snippet":"max-snippet:-1","max-image-preview":"max-image-preview:large","max-video-preview":"max-video-preview:-1"},"canonical":"https:\/\/jornalbeirario.com.br\/portal\/?p=62249","og_locale":"pt_BR","og_type":"article","og_title":"Multiartista de Penedo concorre ao Pr\u00eamio Olho Vivo - JORNAL BEIRA RIO","og_description":"Um multiartista de Resende, que mora em Penedo, \u00e9 um dos finalistas do Pr\u00eamio Olho Vivo na categoria literatura, com o livro &#8220;Marketing&#8221;. Ainda","og_url":"https:\/\/jornalbeirario.com.br\/portal\/?p=62249","og_site_name":"JORNAL BEIRA RIO","article_published_time":"2018-11-27T18:13:00+00:00","og_image":[{"width":640,"height":480,"url":"https:\/\/jornalbeirario.com.br\/portal\/wp-content\/uploads\/2018\/11\/raphael1.jpg","type":"image\/jpeg"}],"author":"Jornal BEIRA-RIO","twitter_card":"summary_large_image","twitter_misc":{"Escrito por":"Jornal BEIRA-RIO","Est. tempo de leitura":"4 minutos"},"schema":{"@context":"https:\/\/schema.org","@graph":[{"@type":"Article","@id":"https:\/\/jornalbeirario.com.br\/portal\/?p=62249#article","isPartOf":{"@id":"https:\/\/jornalbeirario.com.br\/portal\/?p=62249"},"author":{"name":"Jornal BEIRA-RIO","@id":"https:\/\/jornalbeirario.com.br\/portal\/#\/schema\/person\/c6c423e4c2465d2a9233f6539173e7c1"},"headline":"Multiartista de Penedo concorre ao Pr\u00eamio Olho Vivo","datePublished":"2018-11-27T18:13:00+00:00","mainEntityOfPage":{"@id":"https:\/\/jornalbeirario.com.br\/portal\/?p=62249"},"wordCount":784,"commentCount":0,"publisher":{"@id":"https:\/\/jornalbeirario.com.br\/portal\/#organization"},"image":{"@id":"https:\/\/jornalbeirario.com.br\/portal\/?p=62249#primaryimage"},"thumbnailUrl":"https:\/\/jornalbeirario.com.br\/portal\/wp-content\/uploads\/2018\/11\/raphael1.jpg","articleSection":["Cultura"],"inLanguage":"pt-BR","potentialAction":[{"@type":"CommentAction","name":"Comment","target":["https:\/\/jornalbeirario.com.br\/portal\/?p=62249#respond"]}]},{"@type":"WebPage","@id":"https:\/\/jornalbeirario.com.br\/portal\/?p=62249","url":"https:\/\/jornalbeirario.com.br\/portal\/?p=62249","name":"Multiartista de Penedo concorre ao Pr\u00eamio Olho Vivo - JORNAL BEIRA RIO","isPartOf":{"@id":"https:\/\/jornalbeirario.com.br\/portal\/#website"},"primaryImageOfPage":{"@id":"https:\/\/jornalbeirario.com.br\/portal\/?p=62249#primaryimage"},"image":{"@id":"https:\/\/jornalbeirario.com.br\/portal\/?p=62249#primaryimage"},"thumbnailUrl":"https:\/\/jornalbeirario.com.br\/portal\/wp-content\/uploads\/2018\/11\/raphael1.jpg","datePublished":"2018-11-27T18:13:00+00:00","breadcrumb":{"@id":"https:\/\/jornalbeirario.com.br\/portal\/?p=62249#breadcrumb"},"inLanguage":"pt-BR","potentialAction":[{"@type":"ReadAction","target":["https:\/\/jornalbeirario.com.br\/portal\/?p=62249"]}]},{"@type":"ImageObject","inLanguage":"pt-BR","@id":"https:\/\/jornalbeirario.com.br\/portal\/?p=62249#primaryimage","url":"https:\/\/jornalbeirario.com.br\/portal\/wp-content\/uploads\/2018\/11\/raphael1.jpg","contentUrl":"https:\/\/jornalbeirario.com.br\/portal\/wp-content\/uploads\/2018\/11\/raphael1.jpg","width":640,"height":480},{"@type":"BreadcrumbList","@id":"https:\/\/jornalbeirario.com.br\/portal\/?p=62249#breadcrumb","itemListElement":[{"@type":"ListItem","position":1,"name":"Home","item":"https:\/\/jornalbeirario.com.br\/portal"},{"@type":"ListItem","position":2,"name":"Multiartista de Penedo concorre ao Pr\u00eamio Olho Vivo"}]},{"@type":"WebSite","@id":"https:\/\/jornalbeirario.com.br\/portal\/#website","url":"https:\/\/jornalbeirario.com.br\/portal\/","name":"JORNAL BEIRA RIO","description":"","publisher":{"@id":"https:\/\/jornalbeirario.com.br\/portal\/#organization"},"potentialAction":[{"@type":"SearchAction","target":{"@type":"EntryPoint","urlTemplate":"https:\/\/jornalbeirario.com.br\/portal\/?s={search_term_string}"},"query-input":{"@type":"PropertyValueSpecification","valueRequired":true,"valueName":"search_term_string"}}],"inLanguage":"pt-BR"},{"@type":"Organization","@id":"https:\/\/jornalbeirario.com.br\/portal\/#organization","name":"JORNAL BEIRA RIO","url":"https:\/\/jornalbeirario.com.br\/portal\/","logo":{"@type":"ImageObject","inLanguage":"pt-BR","@id":"https:\/\/jornalbeirario.com.br\/portal\/#\/schema\/logo\/image\/","url":"https:\/\/jornalbeirario.com.br\/portal\/wp-content\/uploads\/2017\/09\/BEIRA-RIO_logo600.png","contentUrl":"https:\/\/jornalbeirario.com.br\/portal\/wp-content\/uploads\/2017\/09\/BEIRA-RIO_logo600.png","width":650,"height":108,"caption":"JORNAL BEIRA RIO"},"image":{"@id":"https:\/\/jornalbeirario.com.br\/portal\/#\/schema\/logo\/image\/"}},{"@type":"Person","@id":"https:\/\/jornalbeirario.com.br\/portal\/#\/schema\/person\/c6c423e4c2465d2a9233f6539173e7c1","name":"Jornal BEIRA-RIO","image":{"@type":"ImageObject","inLanguage":"pt-BR","@id":"https:\/\/jornalbeirario.com.br\/portal\/wp-content\/uploads\/2023\/10\/logojbr1.jpg","url":"https:\/\/jornalbeirario.com.br\/portal\/wp-content\/uploads\/2023\/10\/logojbr1.jpg","contentUrl":"https:\/\/jornalbeirario.com.br\/portal\/wp-content\/uploads\/2023\/10\/logojbr1.jpg","caption":"Jornal BEIRA-RIO"},"url":"https:\/\/jornalbeirario.com.br\/portal\/?author=1"}]}},"_links":{"self":[{"href":"https:\/\/jornalbeirario.com.br\/portal\/index.php?rest_route=\/wp\/v2\/posts\/62249","targetHints":{"allow":["GET"]}}],"collection":[{"href":"https:\/\/jornalbeirario.com.br\/portal\/index.php?rest_route=\/wp\/v2\/posts"}],"about":[{"href":"https:\/\/jornalbeirario.com.br\/portal\/index.php?rest_route=\/wp\/v2\/types\/post"}],"author":[{"embeddable":true,"href":"https:\/\/jornalbeirario.com.br\/portal\/index.php?rest_route=\/wp\/v2\/users\/1"}],"replies":[{"embeddable":true,"href":"https:\/\/jornalbeirario.com.br\/portal\/index.php?rest_route=%2Fwp%2Fv2%2Fcomments&post=62249"}],"version-history":[{"count":6,"href":"https:\/\/jornalbeirario.com.br\/portal\/index.php?rest_route=\/wp\/v2\/posts\/62249\/revisions"}],"predecessor-version":[{"id":62266,"href":"https:\/\/jornalbeirario.com.br\/portal\/index.php?rest_route=\/wp\/v2\/posts\/62249\/revisions\/62266"}],"wp:featuredmedia":[{"embeddable":true,"href":"https:\/\/jornalbeirario.com.br\/portal\/index.php?rest_route=\/wp\/v2\/media\/62262"}],"wp:attachment":[{"href":"https:\/\/jornalbeirario.com.br\/portal\/index.php?rest_route=%2Fwp%2Fv2%2Fmedia&parent=62249"}],"wp:term":[{"taxonomy":"category","embeddable":true,"href":"https:\/\/jornalbeirario.com.br\/portal\/index.php?rest_route=%2Fwp%2Fv2%2Fcategories&post=62249"},{"taxonomy":"post_tag","embeddable":true,"href":"https:\/\/jornalbeirario.com.br\/portal\/index.php?rest_route=%2Fwp%2Fv2%2Ftags&post=62249"}],"curies":[{"name":"wp","href":"https:\/\/api.w.org\/{rel}","templated":true}]}}