
{"id":61826,"date":"2018-10-30T17:11:48","date_gmt":"2018-10-30T20:11:48","guid":{"rendered":"http:\/\/jornalbeirario.com.br\/portal\/?p=61826"},"modified":"2018-10-30T20:51:20","modified_gmt":"2018-10-30T23:51:20","slug":"ifrj-resende-abre-processo-seletivo-para-cursos-tecnicos","status":"publish","type":"post","link":"https:\/\/jornalbeirario.com.br\/portal\/?p=61826","title":{"rendered":"Processo Seletivo para 2019 com inscri\u00e7\u00f5es abertas no IFRJ Resende"},"content":{"rendered":"<p style=\"text-align: justify;\">Uma op\u00e7\u00e3o gratuita, mas pouco conhecida em Resende e Regi\u00e3o das Agulhas Negras, pode garantir uma qualifica\u00e7\u00e3o da popula\u00e7\u00e3o para o mercado de trabalho em um momento de crise e desemprego no pa\u00eds. Inaugurada em outubro de 2015, nas antigas instala\u00e7\u00f5es do Clube GSSAN, no Bairro Comercial, o Campus Resende do Instituto Federal de Educa\u00e7\u00e3o, Ci\u00eancia e Tecnologia do Rio de Janeiro (IFRJ) est\u00e1 com as inscri\u00e7\u00f5es abertas para o processo seletivo da novas turmas, nos cursos de T\u00e9cnico em Guia de Turismo e Seguran\u00e7a do Trabalho.<\/p>\n<p style=\"text-align: justify;\">Para o pr\u00f3ximo ano, um dos cursos ser\u00e1 destinado a alunos que conclu\u00edrem o Ensino Fundamental ao final de 2018, enquanto os demais s\u00e3o voltados a quem concluiu ou est\u00e1 cursando o Ensino M\u00e9dio, a partir do segundo ano, de acordo com diretora geral do Campus em Resende, Silvia Trajano.<\/p>\n<p style=\"text-align: justify;\">Segundo a diretora, o pouco tempo de funcionamento \u00e9 o principal fator para que muitos moradores de Resende n\u00e3o conhe\u00e7am o campus da IFRJ. &#8220;Nosso campus tem apenas tr\u00eas anos de exist\u00eancia, se n\u00f3s compararmos a outros j\u00e1 tradicionais, como o de Pinheiral. Isso somente acontece quando as pessoas v\u00eam aqui pra visitar. O que faz com que elas at\u00e9 conversem conosco sobre outros assuntos e tenham a oportunidade de conhecer o nosso trabalho&#8221;.<\/p>\n<p style=\"text-align: justify;\">O processo seletivo aberto est\u00e1 chegando em sua reta final, sendo que o prazo de inscri\u00e7\u00e3o termina dia 7 de novembro para o curso de Guia de Turismo integrado com o Ensino M\u00e9dio, e at\u00e9 o dia 11 para os demais cursos t\u00e9cnicos. As provas ser\u00e3o nos dias 18 e 25 de novembro, respectivamente.<\/p>\n<p style=\"text-align: justify;\">Os cursos s\u00e3o totalmente gratuitos, sendo necess\u00e1rio apenas o pagamento de uma taxa de inscri\u00e7\u00e3o (o prazo para realizar o pedido de isen\u00e7\u00e3o da taxa j\u00e1 est\u00e1 encerrado, mas a diretora garante que o pedido poder\u00e1 ser feito nos pr\u00f3ximos processos seletivos). A institui\u00e7\u00e3o tamb\u00e9m trabalha com a chamada &#8220;cota social&#8221;, com reserva de vagas prioritariamente para alunos de escolas p\u00fablicas.<\/p>\n<p style=\"text-align: justify;\">Confira outras informa\u00e7\u00f5es abaixo:<\/p>\n<p style=\"text-align: justify;\">PARA QUEM EST\u00c1 TERMINANDO O NONO ANO DO ENSINO FUNDAMENTAL:<br \/>\nEnsino M\u00e9dio + T\u00e9cnico em Guia de Turismo (60 vagas distribu\u00eddas em duas turmas)<br \/>\nInscri\u00e7\u00f5es: at\u00e9 07\/11\/2018 <a href=\"http:\/\/www.selecon.org.br\">clicando aqui<\/a><\/p>\n<p style=\"text-align: justify;\">PARA QUEM J\u00c1 CONCLUIU O ENSINO M\u00c9DIO OU EST\u00c1 CURSANDO EM OUTRA ESCOLA (a partir do 2\u00b0ano).<br \/>\nEnsino T\u00e9cnico no per\u00edodo noturno (70 vagas, 35 por curso)<br \/>\n&#8211; Guia de Turismo (dura\u00e7\u00e3o de 1 ano)<br \/>\n&#8211; Seguran\u00e7a do Trabalho (dura\u00e7\u00e3o de 1 ano e 6 meses)<br \/>\nInscri\u00e7\u00f5es: at\u00e9 11\/11\/2018 <a href=\"http:\/\/www.selecon.org.br\">clicando aqui<\/a><\/p>\n<p style=\"text-align: justify;\">In\u00edcio das aulas em 2019<\/p>\n<p style=\"text-align: justify;\">Outras informa\u00e7\u00f5es podem ser adquiridas pelo WhatsApp, pelo telefone (24) 3383-4901, ou no pr\u00f3prio campus, na Rua Prefeito Botafogo, s\/n\u00b0 (antigo Clube GSSAN), no Bairro Comercial.<\/p>\n<p><em>Foto: Jenny Faulstich<\/em><\/p>\n","protected":false},"excerpt":{"rendered":"<p>Uma op\u00e7\u00e3o gratuita, mas pouco conhecida em Resende e Regi\u00e3o das Agulhas Negras, pode garantir uma qualifica\u00e7\u00e3o da popula\u00e7\u00e3o para o mercado de trabalho<\/p>\n","protected":false},"author":1,"featured_media":61831,"comment_status":"open","ping_status":"open","sticky":false,"template":"","format":"standard","meta":{"pmpro_default_level":"","footnotes":""},"categories":[1,168,28],"tags":[],"class_list":["post-61826","post","type-post","status-publish","format-standard","has-post-thumbnail","hentry","category-cidade","category-cursos","category-educacao","pmpro-has-access"],"yoast_head":"<!-- This site is optimized with the Yoast SEO plugin v27.4 - https:\/\/yoast.com\/product\/yoast-seo-wordpress\/ -->\n<title>Processo Seletivo para 2019 com inscri\u00e7\u00f5es abertas no IFRJ Resende - JORNAL BEIRA RIO<\/title>\n<meta name=\"robots\" content=\"index, follow, max-snippet:-1, max-image-preview:large, max-video-preview:-1\" \/>\n<link rel=\"canonical\" href=\"https:\/\/jornalbeirario.com.br\/portal\/?p=61826\" \/>\n<meta property=\"og:locale\" content=\"pt_BR\" \/>\n<meta property=\"og:type\" content=\"article\" \/>\n<meta property=\"og:title\" content=\"Processo Seletivo para 2019 com inscri\u00e7\u00f5es abertas no IFRJ Resende - JORNAL BEIRA RIO\" \/>\n<meta property=\"og:description\" content=\"Uma op\u00e7\u00e3o gratuita, mas pouco conhecida em Resende e Regi\u00e3o das Agulhas Negras, pode garantir uma qualifica\u00e7\u00e3o da popula\u00e7\u00e3o para o mercado de trabalho\" \/>\n<meta property=\"og:url\" content=\"https:\/\/jornalbeirario.com.br\/portal\/?p=61826\" \/>\n<meta property=\"og:site_name\" content=\"JORNAL BEIRA RIO\" \/>\n<meta property=\"article:published_time\" content=\"2018-10-30T20:11:48+00:00\" \/>\n<meta property=\"article:modified_time\" content=\"2018-10-30T23:51:20+00:00\" \/>\n<meta property=\"og:image\" content=\"https:\/\/jornalbeirario.com.br\/portal\/wp-content\/uploads\/2018\/10\/campusifrj1.jpg\" \/>\n\t<meta property=\"og:image:width\" content=\"640\" \/>\n\t<meta property=\"og:image:height\" content=\"480\" \/>\n\t<meta property=\"og:image:type\" content=\"image\/jpeg\" \/>\n<meta name=\"author\" content=\"Jornal BEIRA-RIO\" \/>\n<meta name=\"twitter:card\" content=\"summary_large_image\" \/>\n<meta name=\"twitter:label1\" content=\"Escrito por\" \/>\n\t<meta name=\"twitter:data1\" content=\"Jornal BEIRA-RIO\" \/>\n\t<meta name=\"twitter:label2\" content=\"Est. tempo de leitura\" \/>\n\t<meta name=\"twitter:data2\" content=\"2 minutos\" \/>\n<script type=\"application\/ld+json\" class=\"yoast-schema-graph\">{\"@context\":\"https:\\\/\\\/schema.org\",\"@graph\":[{\"@type\":\"Article\",\"@id\":\"https:\\\/\\\/jornalbeirario.com.br\\\/portal\\\/?p=61826#article\",\"isPartOf\":{\"@id\":\"https:\\\/\\\/jornalbeirario.com.br\\\/portal\\\/?p=61826\"},\"author\":{\"name\":\"Jornal BEIRA-RIO\",\"@id\":\"https:\\\/\\\/jornalbeirario.com.br\\\/portal\\\/#\\\/schema\\\/person\\\/c6c423e4c2465d2a9233f6539173e7c1\"},\"headline\":\"Processo Seletivo para 2019 com inscri\u00e7\u00f5es abertas no IFRJ Resende\",\"datePublished\":\"2018-10-30T20:11:48+00:00\",\"dateModified\":\"2018-10-30T23:51:20+00:00\",\"mainEntityOfPage\":{\"@id\":\"https:\\\/\\\/jornalbeirario.com.br\\\/portal\\\/?p=61826\"},\"wordCount\":485,\"commentCount\":0,\"publisher\":{\"@id\":\"https:\\\/\\\/jornalbeirario.com.br\\\/portal\\\/#organization\"},\"image\":{\"@id\":\"https:\\\/\\\/jornalbeirario.com.br\\\/portal\\\/?p=61826#primaryimage\"},\"thumbnailUrl\":\"https:\\\/\\\/jornalbeirario.com.br\\\/portal\\\/wp-content\\\/uploads\\\/2018\\\/10\\\/campusifrj1.jpg\",\"articleSection\":[\"Cidade\",\"Cursos\",\"Educa\u00e7\u00e3o\"],\"inLanguage\":\"pt-BR\",\"potentialAction\":[{\"@type\":\"CommentAction\",\"name\":\"Comment\",\"target\":[\"https:\\\/\\\/jornalbeirario.com.br\\\/portal\\\/?p=61826#respond\"]}]},{\"@type\":\"WebPage\",\"@id\":\"https:\\\/\\\/jornalbeirario.com.br\\\/portal\\\/?p=61826\",\"url\":\"https:\\\/\\\/jornalbeirario.com.br\\\/portal\\\/?p=61826\",\"name\":\"Processo Seletivo para 2019 com inscri\u00e7\u00f5es abertas no IFRJ Resende - JORNAL BEIRA RIO\",\"isPartOf\":{\"@id\":\"https:\\\/\\\/jornalbeirario.com.br\\\/portal\\\/#website\"},\"primaryImageOfPage\":{\"@id\":\"https:\\\/\\\/jornalbeirario.com.br\\\/portal\\\/?p=61826#primaryimage\"},\"image\":{\"@id\":\"https:\\\/\\\/jornalbeirario.com.br\\\/portal\\\/?p=61826#primaryimage\"},\"thumbnailUrl\":\"https:\\\/\\\/jornalbeirario.com.br\\\/portal\\\/wp-content\\\/uploads\\\/2018\\\/10\\\/campusifrj1.jpg\",\"datePublished\":\"2018-10-30T20:11:48+00:00\",\"dateModified\":\"2018-10-30T23:51:20+00:00\",\"breadcrumb\":{\"@id\":\"https:\\\/\\\/jornalbeirario.com.br\\\/portal\\\/?p=61826#breadcrumb\"},\"inLanguage\":\"pt-BR\",\"potentialAction\":[{\"@type\":\"ReadAction\",\"target\":[\"https:\\\/\\\/jornalbeirario.com.br\\\/portal\\\/?p=61826\"]}]},{\"@type\":\"ImageObject\",\"inLanguage\":\"pt-BR\",\"@id\":\"https:\\\/\\\/jornalbeirario.com.br\\\/portal\\\/?p=61826#primaryimage\",\"url\":\"https:\\\/\\\/jornalbeirario.com.br\\\/portal\\\/wp-content\\\/uploads\\\/2018\\\/10\\\/campusifrj1.jpg\",\"contentUrl\":\"https:\\\/\\\/jornalbeirario.com.br\\\/portal\\\/wp-content\\\/uploads\\\/2018\\\/10\\\/campusifrj1.jpg\",\"width\":640,\"height\":480,\"caption\":\"DCIM102GOPROG4907506.\"},{\"@type\":\"BreadcrumbList\",\"@id\":\"https:\\\/\\\/jornalbeirario.com.br\\\/portal\\\/?p=61826#breadcrumb\",\"itemListElement\":[{\"@type\":\"ListItem\",\"position\":1,\"name\":\"Home\",\"item\":\"https:\\\/\\\/jornalbeirario.com.br\\\/portal\"},{\"@type\":\"ListItem\",\"position\":2,\"name\":\"Processo Seletivo para 2019 com inscri\u00e7\u00f5es abertas no IFRJ Resende\"}]},{\"@type\":\"WebSite\",\"@id\":\"https:\\\/\\\/jornalbeirario.com.br\\\/portal\\\/#website\",\"url\":\"https:\\\/\\\/jornalbeirario.com.br\\\/portal\\\/\",\"name\":\"JORNAL BEIRA RIO\",\"description\":\"\",\"publisher\":{\"@id\":\"https:\\\/\\\/jornalbeirario.com.br\\\/portal\\\/#organization\"},\"potentialAction\":[{\"@type\":\"SearchAction\",\"target\":{\"@type\":\"EntryPoint\",\"urlTemplate\":\"https:\\\/\\\/jornalbeirario.com.br\\\/portal\\\/?s={search_term_string}\"},\"query-input\":{\"@type\":\"PropertyValueSpecification\",\"valueRequired\":true,\"valueName\":\"search_term_string\"}}],\"inLanguage\":\"pt-BR\"},{\"@type\":\"Organization\",\"@id\":\"https:\\\/\\\/jornalbeirario.com.br\\\/portal\\\/#organization\",\"name\":\"JORNAL BEIRA RIO\",\"url\":\"https:\\\/\\\/jornalbeirario.com.br\\\/portal\\\/\",\"logo\":{\"@type\":\"ImageObject\",\"inLanguage\":\"pt-BR\",\"@id\":\"https:\\\/\\\/jornalbeirario.com.br\\\/portal\\\/#\\\/schema\\\/logo\\\/image\\\/\",\"url\":\"https:\\\/\\\/jornalbeirario.com.br\\\/portal\\\/wp-content\\\/uploads\\\/2017\\\/09\\\/BEIRA-RIO_logo600.png\",\"contentUrl\":\"https:\\\/\\\/jornalbeirario.com.br\\\/portal\\\/wp-content\\\/uploads\\\/2017\\\/09\\\/BEIRA-RIO_logo600.png\",\"width\":650,\"height\":108,\"caption\":\"JORNAL BEIRA RIO\"},\"image\":{\"@id\":\"https:\\\/\\\/jornalbeirario.com.br\\\/portal\\\/#\\\/schema\\\/logo\\\/image\\\/\"}},{\"@type\":\"Person\",\"@id\":\"https:\\\/\\\/jornalbeirario.com.br\\\/portal\\\/#\\\/schema\\\/person\\\/c6c423e4c2465d2a9233f6539173e7c1\",\"name\":\"Jornal BEIRA-RIO\",\"image\":{\"@type\":\"ImageObject\",\"inLanguage\":\"pt-BR\",\"@id\":\"https:\\\/\\\/jornalbeirario.com.br\\\/portal\\\/wp-content\\\/uploads\\\/2023\\\/10\\\/logojbr1.jpg\",\"url\":\"https:\\\/\\\/jornalbeirario.com.br\\\/portal\\\/wp-content\\\/uploads\\\/2023\\\/10\\\/logojbr1.jpg\",\"contentUrl\":\"https:\\\/\\\/jornalbeirario.com.br\\\/portal\\\/wp-content\\\/uploads\\\/2023\\\/10\\\/logojbr1.jpg\",\"caption\":\"Jornal BEIRA-RIO\"},\"url\":\"https:\\\/\\\/jornalbeirario.com.br\\\/portal\\\/?author=1\"}]}<\/script>\n<!-- \/ Yoast SEO plugin. -->","yoast_head_json":{"title":"Processo Seletivo para 2019 com inscri\u00e7\u00f5es abertas no IFRJ Resende - JORNAL BEIRA RIO","robots":{"index":"index","follow":"follow","max-snippet":"max-snippet:-1","max-image-preview":"max-image-preview:large","max-video-preview":"max-video-preview:-1"},"canonical":"https:\/\/jornalbeirario.com.br\/portal\/?p=61826","og_locale":"pt_BR","og_type":"article","og_title":"Processo Seletivo para 2019 com inscri\u00e7\u00f5es abertas no IFRJ Resende - JORNAL BEIRA RIO","og_description":"Uma op\u00e7\u00e3o gratuita, mas pouco conhecida em Resende e Regi\u00e3o das Agulhas Negras, pode garantir uma qualifica\u00e7\u00e3o da popula\u00e7\u00e3o para o mercado de trabalho","og_url":"https:\/\/jornalbeirario.com.br\/portal\/?p=61826","og_site_name":"JORNAL BEIRA RIO","article_published_time":"2018-10-30T20:11:48+00:00","article_modified_time":"2018-10-30T23:51:20+00:00","og_image":[{"width":640,"height":480,"url":"https:\/\/jornalbeirario.com.br\/portal\/wp-content\/uploads\/2018\/10\/campusifrj1.jpg","type":"image\/jpeg"}],"author":"Jornal BEIRA-RIO","twitter_card":"summary_large_image","twitter_misc":{"Escrito por":"Jornal BEIRA-RIO","Est. tempo de leitura":"2 minutos"},"schema":{"@context":"https:\/\/schema.org","@graph":[{"@type":"Article","@id":"https:\/\/jornalbeirario.com.br\/portal\/?p=61826#article","isPartOf":{"@id":"https:\/\/jornalbeirario.com.br\/portal\/?p=61826"},"author":{"name":"Jornal BEIRA-RIO","@id":"https:\/\/jornalbeirario.com.br\/portal\/#\/schema\/person\/c6c423e4c2465d2a9233f6539173e7c1"},"headline":"Processo Seletivo para 2019 com inscri\u00e7\u00f5es abertas no IFRJ Resende","datePublished":"2018-10-30T20:11:48+00:00","dateModified":"2018-10-30T23:51:20+00:00","mainEntityOfPage":{"@id":"https:\/\/jornalbeirario.com.br\/portal\/?p=61826"},"wordCount":485,"commentCount":0,"publisher":{"@id":"https:\/\/jornalbeirario.com.br\/portal\/#organization"},"image":{"@id":"https:\/\/jornalbeirario.com.br\/portal\/?p=61826#primaryimage"},"thumbnailUrl":"https:\/\/jornalbeirario.com.br\/portal\/wp-content\/uploads\/2018\/10\/campusifrj1.jpg","articleSection":["Cidade","Cursos","Educa\u00e7\u00e3o"],"inLanguage":"pt-BR","potentialAction":[{"@type":"CommentAction","name":"Comment","target":["https:\/\/jornalbeirario.com.br\/portal\/?p=61826#respond"]}]},{"@type":"WebPage","@id":"https:\/\/jornalbeirario.com.br\/portal\/?p=61826","url":"https:\/\/jornalbeirario.com.br\/portal\/?p=61826","name":"Processo Seletivo para 2019 com inscri\u00e7\u00f5es abertas no IFRJ Resende - JORNAL BEIRA RIO","isPartOf":{"@id":"https:\/\/jornalbeirario.com.br\/portal\/#website"},"primaryImageOfPage":{"@id":"https:\/\/jornalbeirario.com.br\/portal\/?p=61826#primaryimage"},"image":{"@id":"https:\/\/jornalbeirario.com.br\/portal\/?p=61826#primaryimage"},"thumbnailUrl":"https:\/\/jornalbeirario.com.br\/portal\/wp-content\/uploads\/2018\/10\/campusifrj1.jpg","datePublished":"2018-10-30T20:11:48+00:00","dateModified":"2018-10-30T23:51:20+00:00","breadcrumb":{"@id":"https:\/\/jornalbeirario.com.br\/portal\/?p=61826#breadcrumb"},"inLanguage":"pt-BR","potentialAction":[{"@type":"ReadAction","target":["https:\/\/jornalbeirario.com.br\/portal\/?p=61826"]}]},{"@type":"ImageObject","inLanguage":"pt-BR","@id":"https:\/\/jornalbeirario.com.br\/portal\/?p=61826#primaryimage","url":"https:\/\/jornalbeirario.com.br\/portal\/wp-content\/uploads\/2018\/10\/campusifrj1.jpg","contentUrl":"https:\/\/jornalbeirario.com.br\/portal\/wp-content\/uploads\/2018\/10\/campusifrj1.jpg","width":640,"height":480,"caption":"DCIM102GOPROG4907506."},{"@type":"BreadcrumbList","@id":"https:\/\/jornalbeirario.com.br\/portal\/?p=61826#breadcrumb","itemListElement":[{"@type":"ListItem","position":1,"name":"Home","item":"https:\/\/jornalbeirario.com.br\/portal"},{"@type":"ListItem","position":2,"name":"Processo Seletivo para 2019 com inscri\u00e7\u00f5es abertas no IFRJ Resende"}]},{"@type":"WebSite","@id":"https:\/\/jornalbeirario.com.br\/portal\/#website","url":"https:\/\/jornalbeirario.com.br\/portal\/","name":"JORNAL BEIRA RIO","description":"","publisher":{"@id":"https:\/\/jornalbeirario.com.br\/portal\/#organization"},"potentialAction":[{"@type":"SearchAction","target":{"@type":"EntryPoint","urlTemplate":"https:\/\/jornalbeirario.com.br\/portal\/?s={search_term_string}"},"query-input":{"@type":"PropertyValueSpecification","valueRequired":true,"valueName":"search_term_string"}}],"inLanguage":"pt-BR"},{"@type":"Organization","@id":"https:\/\/jornalbeirario.com.br\/portal\/#organization","name":"JORNAL BEIRA RIO","url":"https:\/\/jornalbeirario.com.br\/portal\/","logo":{"@type":"ImageObject","inLanguage":"pt-BR","@id":"https:\/\/jornalbeirario.com.br\/portal\/#\/schema\/logo\/image\/","url":"https:\/\/jornalbeirario.com.br\/portal\/wp-content\/uploads\/2017\/09\/BEIRA-RIO_logo600.png","contentUrl":"https:\/\/jornalbeirario.com.br\/portal\/wp-content\/uploads\/2017\/09\/BEIRA-RIO_logo600.png","width":650,"height":108,"caption":"JORNAL BEIRA RIO"},"image":{"@id":"https:\/\/jornalbeirario.com.br\/portal\/#\/schema\/logo\/image\/"}},{"@type":"Person","@id":"https:\/\/jornalbeirario.com.br\/portal\/#\/schema\/person\/c6c423e4c2465d2a9233f6539173e7c1","name":"Jornal BEIRA-RIO","image":{"@type":"ImageObject","inLanguage":"pt-BR","@id":"https:\/\/jornalbeirario.com.br\/portal\/wp-content\/uploads\/2023\/10\/logojbr1.jpg","url":"https:\/\/jornalbeirario.com.br\/portal\/wp-content\/uploads\/2023\/10\/logojbr1.jpg","contentUrl":"https:\/\/jornalbeirario.com.br\/portal\/wp-content\/uploads\/2023\/10\/logojbr1.jpg","caption":"Jornal BEIRA-RIO"},"url":"https:\/\/jornalbeirario.com.br\/portal\/?author=1"}]}},"_links":{"self":[{"href":"https:\/\/jornalbeirario.com.br\/portal\/index.php?rest_route=\/wp\/v2\/posts\/61826","targetHints":{"allow":["GET"]}}],"collection":[{"href":"https:\/\/jornalbeirario.com.br\/portal\/index.php?rest_route=\/wp\/v2\/posts"}],"about":[{"href":"https:\/\/jornalbeirario.com.br\/portal\/index.php?rest_route=\/wp\/v2\/types\/post"}],"author":[{"embeddable":true,"href":"https:\/\/jornalbeirario.com.br\/portal\/index.php?rest_route=\/wp\/v2\/users\/1"}],"replies":[{"embeddable":true,"href":"https:\/\/jornalbeirario.com.br\/portal\/index.php?rest_route=%2Fwp%2Fv2%2Fcomments&post=61826"}],"version-history":[{"count":9,"href":"https:\/\/jornalbeirario.com.br\/portal\/index.php?rest_route=\/wp\/v2\/posts\/61826\/revisions"}],"predecessor-version":[{"id":61836,"href":"https:\/\/jornalbeirario.com.br\/portal\/index.php?rest_route=\/wp\/v2\/posts\/61826\/revisions\/61836"}],"wp:featuredmedia":[{"embeddable":true,"href":"https:\/\/jornalbeirario.com.br\/portal\/index.php?rest_route=\/wp\/v2\/media\/61831"}],"wp:attachment":[{"href":"https:\/\/jornalbeirario.com.br\/portal\/index.php?rest_route=%2Fwp%2Fv2%2Fmedia&parent=61826"}],"wp:term":[{"taxonomy":"category","embeddable":true,"href":"https:\/\/jornalbeirario.com.br\/portal\/index.php?rest_route=%2Fwp%2Fv2%2Fcategories&post=61826"},{"taxonomy":"post_tag","embeddable":true,"href":"https:\/\/jornalbeirario.com.br\/portal\/index.php?rest_route=%2Fwp%2Fv2%2Ftags&post=61826"}],"curies":[{"name":"wp","href":"https:\/\/api.w.org\/{rel}","templated":true}]}}