
{"id":61672,"date":"2018-10-17T20:00:58","date_gmt":"2018-10-17T23:00:58","guid":{"rendered":"http:\/\/jornalbeirario.com.br\/portal\/?p=61672"},"modified":"2018-10-17T20:21:09","modified_gmt":"2018-10-17T23:21:09","slug":"propostas-de-haddad-e-bolsonaro-para-a-educacao","status":"publish","type":"post","link":"https:\/\/jornalbeirario.com.br\/portal\/?p=61672","title":{"rendered":"Propostas de Haddad e Bolsonaro para a Educa\u00e7\u00e3o"},"content":{"rendered":"<p style=\"text-align: justify;\">Nesta quarta-feira, dia 17, o jornal <strong>BEIRA-RIO<\/strong> realiza a segunda <a href=\"https:\/\/jornalbeirario.com.br\/portal\/?p=61651\">reportagem da s\u00e9rie<\/a> para que o eleitor conhe\u00e7a melhor as propostas de cada candidato a Presid\u00eancia da Rep\u00fablica para os mais diversos setores, descritas em seus planos de governo. Na reportagem desta quarta, vamos conhecer as propostas dos candidatos Fernando Haddad (PT) e Jair Bolsonaro (PSL), que disputam o segundo turno no pr\u00f3ximo dia 28, para a \u00e1rea da educa\u00e7\u00e3o.<\/p>\n<p style=\"text-align: justify;\">Este setor \u00e9 aquele onde est\u00e3o alguns dos \u00edndices mais preocupantes em nosso pa\u00eds, uma vez que o\u00a0Brasil est\u00e1 entre os pa\u00edses com pior desempenho em Educa\u00e7\u00e3o no mundo. Segundo um levantamento realizado pelo Programa Internacional de Avalia\u00e7\u00e3o de Alunos (Pisa), em 2015, a educa\u00e7\u00e3o verde-e-amarela ficou nas \u00faltimas posi\u00e7\u00f5es em Ci\u00eancias (63\u00ba), Matem\u00e1tica (65\u00ba) e em Leitura (59\u00aa) entre os 70 pa\u00edses analisados.<\/p>\n<p style=\"text-align: justify;\">A Educa\u00e7\u00e3o no Brasil ganhou protagonismo com programas como o Financiamento Estudantil (Fies), Programa Universidade para Todos (ProUni), Brasil Carinhoso, Pacto Nacional pela Alfabetiza\u00e7\u00e3o na Idade Certa (Pnaic), al\u00e9m da atua\u00e7\u00e3o pol\u00edtica na aprova\u00e7\u00e3o de leis importantes para o setor, como a do Piso dos Professores e o Plano Nacional de Educa\u00e7\u00e3o.\u00a0Desde 2016, a educa\u00e7\u00e3o infantil, para crian\u00e7as de 4 e 5 anos, \u00e9 obrigat\u00f3ria no Brasil e o pa\u00eds deve ofertar vagas a todos os que t\u00eam essa idade e est\u00e3o fora da escola. Para cumprir a meta de universaliza\u00e7\u00e3o da pr\u00e9-escola, que est\u00e1 no Plano Nacional de Educa\u00e7\u00e3o (PNE), o pa\u00eds tem de incluir 18,6% das crian\u00e7as nessa faixa et\u00e1ria, segundo o Minist\u00e9rio da Educa\u00e7\u00e3o (MEC). O \u00edndice de estudantes matriculadas no ensino fundamental, de 4 a 17 anos, subiu de 88,9%, em 2003, para 93,6%, em 2016.<\/p>\n<p style=\"text-align: justify;\">Um dos candidatos a Presid\u00eancia, Fernando Haddad, foi ministro da Educa\u00e7\u00e3o durante as gest\u00f5es dos governos de Luiz In\u00e1cio Lula da Siva e Dilma Rousseff, ambos do PT. Ele assumiu a pasta em 2005, e\u00a0foi respons\u00e1vel pela implementa\u00e7\u00e3o do Prouni (Programa Universidade para Todos), programa que concede bolsas de estudos a alunos de baixa renda ou egressos do sistema p\u00fablico em institui\u00e7\u00f5es privadas de ensino.<\/p>\n<p style=\"text-align: justify;\">Tamb\u00e9m foi respons\u00e1vel pelo lan\u00e7amento de programas como o Fies (Fundo de Financiamento Estudantil) e o Sisu (Sistema de Sele\u00e7\u00e3o Unificada). Caso seja eleito presidente, o agora candidato, em\u00a0seu programa de governo, quer investir na forma\u00e7\u00e3o dos educadores e na gest\u00e3o pedag\u00f3gica da educa\u00e7\u00e3o b\u00e1sica.<\/p>\n<p style=\"text-align: justify;\">Al\u00e9m disso, nas quatro p\u00e1ginas de seu programa de governo reservadas \u00e0 educa\u00e7\u00e3o, Haddad tamb\u00e9m pretende fortalecer uma perspectiva inclusiva entre as minorias, al\u00e9m de garantir investimentos na educa\u00e7\u00e3o do campo, ind\u00edgena e quilombola, fazendo contraponto ao Escola Sem Partido, defendido pelo programa de Bolsonaro.<\/p>\n<p style=\"text-align: justify;\">J\u00e1 o programa de governo do deputado federal defende mudan\u00e7a de conte\u00fado e no m\u00e9todo de ensino, com \u00eanfase de matem\u00e1tica, ci\u00eancias e sem doutrina\u00e7\u00e3o. Confira abaixo as propostas dos candidatos para a educa\u00e7\u00e3o:<\/p>\n<p style=\"text-align: justify;\">Propostas de Bolsonaro<\/p>\n<p style=\"text-align: justify;\">&#8211; A exemplo do que defendeu na sa\u00fade, tamb\u00e9m acredita ser poss\u00edvel fazer muito pela educa\u00e7\u00e3o com os recursos dispon\u00edveis pelo governo. Al\u00e9m disso, ele utiliza seu programa para apresentar os dados da OCDE relacionados \u00e0 educa\u00e7\u00e3o no pa\u00eds. No entanto, utiliza quatro das sete p\u00e1ginas apenas para destacar esses dados, sem no entanto mostrar o que pretende fazer para reverter a baixa qualidade do ensino com os recursos dispon\u00edveis.<\/p>\n<p style=\"text-align: justify;\">&#8211; O programa do candidato fala em aumentar a qualifica\u00e7\u00e3o de professores, por\u00e9m n\u00e3o traz maiores detalhes sobre o assunto, apenas fala que &#8220;as universidades p\u00fablicas e privadas contribuir\u00e3o, nesse novo modelo, na qualifica\u00e7\u00e3o de alunos e professores nas \u00e1reas onde existam car\u00eancias&#8221;.<\/p>\n<p style=\"text-align: justify;\">&#8211; O candidato afirma que dar\u00e1 \u00eanfase \u00e0 educa\u00e7\u00e3o infantil, b\u00e1sica e t\u00e9cnica, pois para ele, &#8220;o Governo Federal foca mais no ensino superior, os governos estaduais na educa\u00e7\u00e3o m\u00e9dia\/t\u00e9cnica, e os munic\u00edpios, no ensino fundamental&#8221;, e defende uma integra\u00e7\u00e3o entre os sistemas de ensino dos governos Federal, Estadual e Municipal.<\/p>\n<p style=\"text-align: justify;\">&#8211; O candidato defende um modelo de educa\u00e7\u00e3o &#8220;sem doutrina\u00e7\u00e3o e sexualiza\u00e7\u00e3o precoce&#8221;, e baseado nas propostas do Escola Sem Partido.<\/p>\n<p style=\"text-align: justify;\">&#8211; O programa de governo tamb\u00e9m fala em mudar a Base Nacional Comum Curricular, &#8220;impedindo a aprova\u00e7\u00e3o autom\u00e1tica e a pr\u00f3pria quest\u00e3o de disciplina dentro das escolas&#8221;. E que o conte\u00fado e m\u00e9todo de ensino precisam ser mudados. &#8220;Mais matem\u00e1tica, ci\u00eancias e portugu\u00eas&#8221;, diz o texto.<\/p>\n<p style=\"text-align: justify;\">&#8211; Ele tamb\u00e9m destaca que moderniza\u00e7\u00e3o ser\u00e1 ben\u00e9fico para a quest\u00e3o disciplinar, destacando que &#8220;hoje, n\u00e3o raro, professores s\u00e3o agredidos, f\u00edsica ou moralmente, por alunos ou pais dentro das escolas&#8221;.<\/p>\n<p style=\"text-align: justify;\">&#8211; Bolsonaro informou que pretende incluir no curr\u00edculo escolar as mat\u00e9rias educa\u00e7\u00e3o moral e c\u00edvica (EMC) e organiza\u00e7\u00e3o social e pol\u00edtica brasileira (OSPB), que existiam durante o regime militar.<\/p>\n<p style=\"text-align: justify;\">&#8211; A inten\u00e7\u00e3o de Bolsonaro \u00e9 ampliar o n\u00famero de escolas militares, fechando parcerias com as redes municipal e estadual. A meta \u00e9 que haja, em dois anos, um col\u00e9gio militar em cada capital. Tem tamb\u00e9m o plano de construir o maior col\u00e9gio militar do pa\u00eds em S\u00e3o Paulo, no Campo de Marte.<\/p>\n<p style=\"text-align: justify;\">&#8211; O programa de Bolsonaro d\u00e1 \u00eanfase \u00e0 educa\u00e7\u00e3o a dist\u00e2ncia nos n\u00edveis b\u00e1sico, m\u00e9dio e superior. &#8220;Deve ser considerada como alternativa para as \u00e1reas rurais onde as grandes dist\u00e2ncias dificultam ou impedem aulas presenciais&#8221;, diz o texto.<\/p>\n<p style=\"text-align: justify;\">&#8211; Para o ensino superior, o programa fala em parcerias de universidades com a iniciativa privada para desenvolvimento de novos produtos visando aumentar a produtividade no pa\u00eds. Diz que universidades devem estimular e ensinar o empreendedorismo.<\/p>\n<p style=\"text-align: justify;\">&#8211; Bolsonaro \u00e9 contra cotas raciais, mas a favor das sociais.<\/p>\n<p style=\"text-align: justify;\">Propostas de Haddad<\/p>\n<p style=\"text-align: justify;\">&#8211; O candidato quer investir na forma\u00e7\u00e3o dos educadores e na gest\u00e3o pedag\u00f3gica da educa\u00e7\u00e3o b\u00e1sica. Segundo o texto, a &#8220;Aten\u00e7\u00e3o especial ser\u00e1 dada \u00e0 valoriza\u00e7\u00e3o e \u00e0 forma\u00e7\u00e3o dos professores e professoras alfabetizadores&#8221;.<\/p>\n<p style=\"text-align: justify;\">&#8211; Tamb\u00e9m fala em fortalecer o Programa Institucional de Bolsas de Inicia\u00e7\u00e3o \u00e0 Doc\u00eancia (Pibid), que permite aos alunos de cursos presenciais com interesse no magist\u00e9rio que se dediquem ao est\u00e1gio em escolas p\u00fablicas e que, quando graduados, se comprometam com o exerc\u00edcio da profiss\u00e3o na rede p\u00fablica.<\/p>\n<p style=\"text-align: justify;\">&#8211; O programa do PT diz que aproximadamente 25% dos professores que atuam na educa\u00e7\u00e3o b\u00e1sica n\u00e3o t\u00eam licenciatura espec\u00edfica para as disciplinas que lecionam. O plano fala que retomar\u00e1 a Rede Universidade do Professor, programa criado para oferecer vagas de n\u00edvel superior para a forma\u00e7\u00e3o inicial e continuada de professores da rede p\u00fablica, para que possam se graduar nas disciplinas que lecionam.<\/p>\n<p style=\"text-align: justify;\">&#8211; Haddad diz que vai implementar a chamada Prova Nacional para Ingresso na Carreira Docente para candidatos \u00e0 carreira de professor das redes p\u00fablicas de educa\u00e7\u00e3o b\u00e1sica. Fala ainda em instituir diretrizes que permitam uma maior perman\u00eancia dos profissionais nas unidades educacionais.<\/p>\n<p style=\"text-align: justify;\">&#8211; O programa diz que pretende refor\u00e7ar a Universidade Aberta do Brasil (UAB), programa que visa ampliar e interiorizar &#8211; ou seja, expandir para fora das capitais &#8211; a oferta de cursos e programas de educa\u00e7\u00e3o superior por meio da educa\u00e7\u00e3o a dist\u00e2ncia.<\/p>\n<p style=\"text-align: justify;\">&#8211; Haddad diz que o ensino m\u00e9dio ser\u00e1 prioridade do seu governo. Uma das principais propostas \u00e9 criar o programa Ensino M\u00e9dio Federal, que aumentar\u00e1 a atua\u00e7\u00e3o do governo federal no ensino m\u00e9dio, que constitucionalmente \u00e9 de responsabilidade dos Estados. E concentrar\u00e1 esfor\u00e7os em avan\u00e7os no ensino m\u00e9dio, incluindo escola em tempo integral em lugares mais pobres.<\/p>\n<p style=\"text-align: justify;\">&#8211; A ideia \u00e9 que haja maior integra\u00e7\u00e3o, aumento de vagas nos Institutos Federais de Educa\u00e7\u00e3o, Ci\u00eancia e Tecnologia, e que o governo federal se responsabilize por escolas situadas em regi\u00f5es de alta vulnerabilidade. O plano diz querer expandir a educa\u00e7\u00e3o integral e criar uma bolsa de perman\u00eancia nas escolas, especialmente para jovens em situa\u00e7\u00e3o de pobreza.<\/p>\n<p style=\"text-align: justify;\">&#8211; O ex-ministro pretende revogar a reforma do ensino m\u00e9dio e mexer na Base Nacional Comum Curricular &#8220;para retirar imposi\u00e7\u00f5es obscurantistas&#8221;.<\/p>\n<p style=\"text-align: justify;\">&#8211; Diferente do que prega o advers\u00e1rio, o programa de Haddad fala em criar um novo padr\u00e3o de financiamento para que a Educa\u00e7\u00e3o receba o equivalente a 10% do PIB, j\u00e1 que segundo estudo da OCDE aponta que os gastos com educa\u00e7\u00e3o totalizam 4,9% do PIB brasileiro.<\/p>\n<p style=\"text-align: justify;\">&#8211; O candidato afirma ter inten\u00e7\u00e3o de normatizar o uso p\u00fablico dos recursos do Sistema S na oferta de ensino m\u00e9dio. O objetivo \u00e9 direcionar 70% dos recursos \u00e0 amplia\u00e7\u00e3o da oferta do ensino. Fazem parte do Sistema S o Servi\u00e7o Nacional de Aprendizagem Industrial (Senai), Servi\u00e7o Social do Com\u00e9rcio (Sesc), o Servi\u00e7o Social da Ind\u00fastria (Sesi) e o Servi\u00e7o Nacional de Aprendizagem do Com\u00e9rcio (Senac).<\/p>\n<p style=\"text-align: justify;\">&#8211; O programa promete a institucionaliza\u00e7\u00e3o Sistema Nacional de Educa\u00e7\u00e3o, pendente h\u00e1 quatro anos. O Plano Nacional de Educa\u00e7\u00e3o (PNE), aprovado em 2014, o colocou como um caminho para a articula\u00e7\u00e3o do sistema de ensino nos n\u00edveis federal, estadual e municipal, com o objetivo de atingir as metas estipuladas pelo governo.<\/p>\n<p style=\"text-align: justify;\">&#8211; Em rela\u00e7\u00e3o as minorias, o plano diz que um eventual governo Haddad &#8220;fortalecer\u00e1 uma perspectiva inclusiva, n\u00e3o-sexista, n\u00e3o-racista e sem discrimina\u00e7\u00e3o e viol\u00eancia contra LGBTI+ na educa\u00e7\u00e3o&#8221;, e retomar\u00e1 os investimentos na educa\u00e7\u00e3o do campo, ind\u00edgena e quilombola.<\/p>\n<p style=\"text-align: justify;\">&#8211; Como contraponto ao Escola Sem Partido, o programa prop\u00f5e a Escola com Ci\u00eancia e Cultura.<\/p>\n<p style=\"text-align: justify;\">&#8211; Diz que quer focar o programa Educa\u00e7\u00e3o para Jovens e Adultos em alfabetiza\u00e7\u00e3o. Fala, ainda, em introduzir trabalho com linguagens digitais desde o primeiro ano do ensino fundamental. Para combater viol\u00eancia em escolas, ser\u00e1 criado o Programa Paz e Defesa da Vida nas Escolas.<\/p>\n<p style=\"text-align: justify;\">&#8211; Ainda que o foco seja o ensino m\u00e9dio, o programa fala em voltar a expandir universidades e institutos federais.<\/p>\n<p style=\"text-align: justify;\"><em>Foto: Reprodu\u00e7\u00e3o<\/em><\/p>\n","protected":false},"excerpt":{"rendered":"<p>Nesta quarta-feira, dia 17, o jornal BEIRA-RIO realiza a segunda reportagem da s\u00e9rie para que o eleitor conhe\u00e7a melhor as propostas de cada candidato<\/p>\n","protected":false},"author":1,"featured_media":61693,"comment_status":"open","ping_status":"open","sticky":false,"template":"","format":"standard","meta":{"pmpro_default_level":"","footnotes":"","_members_access_role":[],"_members_access_error":""},"categories":[232],"tags":[],"class_list":["post-61672","post","type-post","status-publish","format-standard","has-post-thumbnail","hentry","category-eleicoes-2018","pmpro-has-access"],"yoast_head":"<!-- This site is optimized with the Yoast SEO plugin v28.4 - https:\/\/yoast.com\/product\/yoast-seo-wordpress\/ -->\n<title>Propostas de Haddad e Bolsonaro para a Educa\u00e7\u00e3o - JORNAL BEIRA RIO<\/title>\n<meta name=\"robots\" content=\"index, follow, max-snippet:-1, max-image-preview:large, max-video-preview:-1\" \/>\n<link rel=\"canonical\" href=\"https:\/\/jornalbeirario.com.br\/portal\/?p=61672\" \/>\n<meta property=\"og:locale\" content=\"pt_BR\" \/>\n<meta property=\"og:type\" content=\"article\" \/>\n<meta property=\"og:title\" content=\"Propostas de Haddad e Bolsonaro para a Educa\u00e7\u00e3o - JORNAL BEIRA RIO\" \/>\n<meta property=\"og:description\" content=\"Nesta quarta-feira, dia 17, o jornal BEIRA-RIO realiza a segunda reportagem da s\u00e9rie para que o eleitor conhe\u00e7a melhor as propostas de cada candidato\" \/>\n<meta property=\"og:url\" content=\"https:\/\/jornalbeirario.com.br\/portal\/?p=61672\" \/>\n<meta property=\"og:site_name\" content=\"JORNAL BEIRA RIO\" \/>\n<meta property=\"article:published_time\" content=\"2018-10-17T23:00:58+00:00\" \/>\n<meta property=\"article:modified_time\" content=\"2018-10-17T23:21:09+00:00\" \/>\n<meta property=\"og:image\" content=\"https:\/\/jornalbeirario.com.br\/portal\/wp-content\/uploads\/2018\/10\/candidatos3.jpg\" \/>\n\t<meta property=\"og:image:width\" content=\"640\" \/>\n\t<meta property=\"og:image:height\" content=\"480\" \/>\n\t<meta property=\"og:image:type\" content=\"image\/jpeg\" \/>\n<meta name=\"author\" content=\"Jornal BEIRA-RIO\" \/>\n<meta name=\"twitter:card\" content=\"summary_large_image\" \/>\n<meta name=\"twitter:label1\" content=\"Escrito por\" \/>\n\t<meta name=\"twitter:data1\" content=\"Jornal BEIRA-RIO\" \/>\n\t<meta name=\"twitter:label2\" content=\"Est. tempo de leitura\" \/>\n\t<meta name=\"twitter:data2\" content=\"9 minutos\" \/>\n<script type=\"application\/ld+json\" class=\"yoast-schema-graph\">{\"@context\":\"https:\\\/\\\/schema.org\",\"@graph\":[{\"@type\":\"Article\",\"@id\":\"https:\\\/\\\/jornalbeirario.com.br\\\/portal\\\/?p=61672#article\",\"isPartOf\":{\"@id\":\"https:\\\/\\\/jornalbeirario.com.br\\\/portal\\\/?p=61672\"},\"author\":{\"name\":\"Jornal BEIRA-RIO\",\"@id\":\"https:\\\/\\\/jornalbeirario.com.br\\\/portal\\\/#\\\/schema\\\/person\\\/c6c423e4c2465d2a9233f6539173e7c1\"},\"headline\":\"Propostas de Haddad e Bolsonaro para a Educa\u00e7\u00e3o\",\"datePublished\":\"2018-10-17T23:00:58+00:00\",\"dateModified\":\"2018-10-17T23:21:09+00:00\",\"mainEntityOfPage\":{\"@id\":\"https:\\\/\\\/jornalbeirario.com.br\\\/portal\\\/?p=61672\"},\"wordCount\":1738,\"commentCount\":0,\"publisher\":{\"@id\":\"https:\\\/\\\/jornalbeirario.com.br\\\/portal\\\/#organization\"},\"image\":{\"@id\":\"https:\\\/\\\/jornalbeirario.com.br\\\/portal\\\/?p=61672#primaryimage\"},\"thumbnailUrl\":\"https:\\\/\\\/jornalbeirario.com.br\\\/portal\\\/wp-content\\\/uploads\\\/2018\\\/10\\\/candidatos3.jpg\",\"articleSection\":[\"Elei\u00e7\u00f5es 2018\"],\"inLanguage\":\"pt-BR\",\"potentialAction\":[{\"@type\":\"CommentAction\",\"name\":\"Comment\",\"target\":[\"https:\\\/\\\/jornalbeirario.com.br\\\/portal\\\/?p=61672#respond\"]}]},{\"@type\":\"WebPage\",\"@id\":\"https:\\\/\\\/jornalbeirario.com.br\\\/portal\\\/?p=61672\",\"url\":\"https:\\\/\\\/jornalbeirario.com.br\\\/portal\\\/?p=61672\",\"name\":\"Propostas de Haddad e Bolsonaro para a Educa\u00e7\u00e3o - JORNAL BEIRA RIO\",\"isPartOf\":{\"@id\":\"https:\\\/\\\/jornalbeirario.com.br\\\/portal\\\/#website\"},\"primaryImageOfPage\":{\"@id\":\"https:\\\/\\\/jornalbeirario.com.br\\\/portal\\\/?p=61672#primaryimage\"},\"image\":{\"@id\":\"https:\\\/\\\/jornalbeirario.com.br\\\/portal\\\/?p=61672#primaryimage\"},\"thumbnailUrl\":\"https:\\\/\\\/jornalbeirario.com.br\\\/portal\\\/wp-content\\\/uploads\\\/2018\\\/10\\\/candidatos3.jpg\",\"datePublished\":\"2018-10-17T23:00:58+00:00\",\"dateModified\":\"2018-10-17T23:21:09+00:00\",\"breadcrumb\":{\"@id\":\"https:\\\/\\\/jornalbeirario.com.br\\\/portal\\\/?p=61672#breadcrumb\"},\"inLanguage\":\"pt-BR\",\"potentialAction\":[{\"@type\":\"ReadAction\",\"target\":[\"https:\\\/\\\/jornalbeirario.com.br\\\/portal\\\/?p=61672\"]}]},{\"@type\":\"ImageObject\",\"inLanguage\":\"pt-BR\",\"@id\":\"https:\\\/\\\/jornalbeirario.com.br\\\/portal\\\/?p=61672#primaryimage\",\"url\":\"https:\\\/\\\/jornalbeirario.com.br\\\/portal\\\/wp-content\\\/uploads\\\/2018\\\/10\\\/candidatos3.jpg\",\"contentUrl\":\"https:\\\/\\\/jornalbeirario.com.br\\\/portal\\\/wp-content\\\/uploads\\\/2018\\\/10\\\/candidatos3.jpg\",\"width\":640,\"height\":480},{\"@type\":\"BreadcrumbList\",\"@id\":\"https:\\\/\\\/jornalbeirario.com.br\\\/portal\\\/?p=61672#breadcrumb\",\"itemListElement\":[{\"@type\":\"ListItem\",\"position\":1,\"name\":\"Home\",\"item\":\"https:\\\/\\\/jornalbeirario.com.br\\\/portal\"},{\"@type\":\"ListItem\",\"position\":2,\"name\":\"Propostas de Haddad e Bolsonaro para a Educa\u00e7\u00e3o\"}]},{\"@type\":\"WebSite\",\"@id\":\"https:\\\/\\\/jornalbeirario.com.br\\\/portal\\\/#website\",\"url\":\"https:\\\/\\\/jornalbeirario.com.br\\\/portal\\\/\",\"name\":\"JORNAL BEIRA RIO\",\"description\":\"\",\"publisher\":{\"@id\":\"https:\\\/\\\/jornalbeirario.com.br\\\/portal\\\/#organization\"},\"potentialAction\":[{\"@type\":\"SearchAction\",\"target\":{\"@type\":\"EntryPoint\",\"urlTemplate\":\"https:\\\/\\\/jornalbeirario.com.br\\\/portal\\\/?s={search_term_string}\"},\"query-input\":{\"@type\":\"PropertyValueSpecification\",\"valueRequired\":true,\"valueName\":\"search_term_string\"}}],\"inLanguage\":\"pt-BR\"},{\"@type\":\"Organization\",\"@id\":\"https:\\\/\\\/jornalbeirario.com.br\\\/portal\\\/#organization\",\"name\":\"JORNAL BEIRA RIO\",\"url\":\"https:\\\/\\\/jornalbeirario.com.br\\\/portal\\\/\",\"logo\":{\"@type\":\"ImageObject\",\"inLanguage\":\"pt-BR\",\"@id\":\"https:\\\/\\\/jornalbeirario.com.br\\\/portal\\\/#\\\/schema\\\/logo\\\/image\\\/\",\"url\":\"https:\\\/\\\/jornalbeirario.com.br\\\/portal\\\/wp-content\\\/uploads\\\/2017\\\/09\\\/BEIRA-RIO_logo600.png\",\"contentUrl\":\"https:\\\/\\\/jornalbeirario.com.br\\\/portal\\\/wp-content\\\/uploads\\\/2017\\\/09\\\/BEIRA-RIO_logo600.png\",\"width\":650,\"height\":108,\"caption\":\"JORNAL BEIRA RIO\"},\"image\":{\"@id\":\"https:\\\/\\\/jornalbeirario.com.br\\\/portal\\\/#\\\/schema\\\/logo\\\/image\\\/\"}},{\"@type\":\"Person\",\"@id\":\"https:\\\/\\\/jornalbeirario.com.br\\\/portal\\\/#\\\/schema\\\/person\\\/c6c423e4c2465d2a9233f6539173e7c1\",\"name\":\"Jornal BEIRA-RIO\",\"image\":{\"@type\":\"ImageObject\",\"inLanguage\":\"pt-BR\",\"@id\":\"https:\\\/\\\/jornalbeirario.com.br\\\/portal\\\/wp-content\\\/uploads\\\/2023\\\/10\\\/logojbr1.jpg\",\"url\":\"https:\\\/\\\/jornalbeirario.com.br\\\/portal\\\/wp-content\\\/uploads\\\/2023\\\/10\\\/logojbr1.jpg\",\"contentUrl\":\"https:\\\/\\\/jornalbeirario.com.br\\\/portal\\\/wp-content\\\/uploads\\\/2023\\\/10\\\/logojbr1.jpg\",\"caption\":\"Jornal BEIRA-RIO\"},\"url\":\"https:\\\/\\\/jornalbeirario.com.br\\\/portal\\\/?author=1\"}]}<\/script>\n<!-- \/ Yoast SEO plugin. -->","yoast_head_json":{"title":"Propostas de Haddad e Bolsonaro para a Educa\u00e7\u00e3o - JORNAL BEIRA RIO","robots":{"index":"index","follow":"follow","max-snippet":"max-snippet:-1","max-image-preview":"max-image-preview:large","max-video-preview":"max-video-preview:-1"},"canonical":"https:\/\/jornalbeirario.com.br\/portal\/?p=61672","og_locale":"pt_BR","og_type":"article","og_title":"Propostas de Haddad e Bolsonaro para a Educa\u00e7\u00e3o - JORNAL BEIRA RIO","og_description":"Nesta quarta-feira, dia 17, o jornal BEIRA-RIO realiza a segunda reportagem da s\u00e9rie para que o eleitor conhe\u00e7a melhor as propostas de cada candidato","og_url":"https:\/\/jornalbeirario.com.br\/portal\/?p=61672","og_site_name":"JORNAL BEIRA RIO","article_published_time":"2018-10-17T23:00:58+00:00","article_modified_time":"2018-10-17T23:21:09+00:00","og_image":[{"width":640,"height":480,"url":"https:\/\/jornalbeirario.com.br\/portal\/wp-content\/uploads\/2018\/10\/candidatos3.jpg","type":"image\/jpeg"}],"author":"Jornal BEIRA-RIO","twitter_card":"summary_large_image","twitter_misc":{"Escrito por":"Jornal BEIRA-RIO","Est. tempo de leitura":"9 minutos"},"schema":{"@context":"https:\/\/schema.org","@graph":[{"@type":"Article","@id":"https:\/\/jornalbeirario.com.br\/portal\/?p=61672#article","isPartOf":{"@id":"https:\/\/jornalbeirario.com.br\/portal\/?p=61672"},"author":{"name":"Jornal BEIRA-RIO","@id":"https:\/\/jornalbeirario.com.br\/portal\/#\/schema\/person\/c6c423e4c2465d2a9233f6539173e7c1"},"headline":"Propostas de Haddad e Bolsonaro para a Educa\u00e7\u00e3o","datePublished":"2018-10-17T23:00:58+00:00","dateModified":"2018-10-17T23:21:09+00:00","mainEntityOfPage":{"@id":"https:\/\/jornalbeirario.com.br\/portal\/?p=61672"},"wordCount":1738,"commentCount":0,"publisher":{"@id":"https:\/\/jornalbeirario.com.br\/portal\/#organization"},"image":{"@id":"https:\/\/jornalbeirario.com.br\/portal\/?p=61672#primaryimage"},"thumbnailUrl":"https:\/\/jornalbeirario.com.br\/portal\/wp-content\/uploads\/2018\/10\/candidatos3.jpg","articleSection":["Elei\u00e7\u00f5es 2018"],"inLanguage":"pt-BR","potentialAction":[{"@type":"CommentAction","name":"Comment","target":["https:\/\/jornalbeirario.com.br\/portal\/?p=61672#respond"]}]},{"@type":"WebPage","@id":"https:\/\/jornalbeirario.com.br\/portal\/?p=61672","url":"https:\/\/jornalbeirario.com.br\/portal\/?p=61672","name":"Propostas de Haddad e Bolsonaro para a Educa\u00e7\u00e3o - JORNAL BEIRA RIO","isPartOf":{"@id":"https:\/\/jornalbeirario.com.br\/portal\/#website"},"primaryImageOfPage":{"@id":"https:\/\/jornalbeirario.com.br\/portal\/?p=61672#primaryimage"},"image":{"@id":"https:\/\/jornalbeirario.com.br\/portal\/?p=61672#primaryimage"},"thumbnailUrl":"https:\/\/jornalbeirario.com.br\/portal\/wp-content\/uploads\/2018\/10\/candidatos3.jpg","datePublished":"2018-10-17T23:00:58+00:00","dateModified":"2018-10-17T23:21:09+00:00","breadcrumb":{"@id":"https:\/\/jornalbeirario.com.br\/portal\/?p=61672#breadcrumb"},"inLanguage":"pt-BR","potentialAction":[{"@type":"ReadAction","target":["https:\/\/jornalbeirario.com.br\/portal\/?p=61672"]}]},{"@type":"ImageObject","inLanguage":"pt-BR","@id":"https:\/\/jornalbeirario.com.br\/portal\/?p=61672#primaryimage","url":"https:\/\/jornalbeirario.com.br\/portal\/wp-content\/uploads\/2018\/10\/candidatos3.jpg","contentUrl":"https:\/\/jornalbeirario.com.br\/portal\/wp-content\/uploads\/2018\/10\/candidatos3.jpg","width":640,"height":480},{"@type":"BreadcrumbList","@id":"https:\/\/jornalbeirario.com.br\/portal\/?p=61672#breadcrumb","itemListElement":[{"@type":"ListItem","position":1,"name":"Home","item":"https:\/\/jornalbeirario.com.br\/portal"},{"@type":"ListItem","position":2,"name":"Propostas de Haddad e Bolsonaro para a Educa\u00e7\u00e3o"}]},{"@type":"WebSite","@id":"https:\/\/jornalbeirario.com.br\/portal\/#website","url":"https:\/\/jornalbeirario.com.br\/portal\/","name":"JORNAL BEIRA RIO","description":"","publisher":{"@id":"https:\/\/jornalbeirario.com.br\/portal\/#organization"},"potentialAction":[{"@type":"SearchAction","target":{"@type":"EntryPoint","urlTemplate":"https:\/\/jornalbeirario.com.br\/portal\/?s={search_term_string}"},"query-input":{"@type":"PropertyValueSpecification","valueRequired":true,"valueName":"search_term_string"}}],"inLanguage":"pt-BR"},{"@type":"Organization","@id":"https:\/\/jornalbeirario.com.br\/portal\/#organization","name":"JORNAL BEIRA RIO","url":"https:\/\/jornalbeirario.com.br\/portal\/","logo":{"@type":"ImageObject","inLanguage":"pt-BR","@id":"https:\/\/jornalbeirario.com.br\/portal\/#\/schema\/logo\/image\/","url":"https:\/\/jornalbeirario.com.br\/portal\/wp-content\/uploads\/2017\/09\/BEIRA-RIO_logo600.png","contentUrl":"https:\/\/jornalbeirario.com.br\/portal\/wp-content\/uploads\/2017\/09\/BEIRA-RIO_logo600.png","width":650,"height":108,"caption":"JORNAL BEIRA RIO"},"image":{"@id":"https:\/\/jornalbeirario.com.br\/portal\/#\/schema\/logo\/image\/"}},{"@type":"Person","@id":"https:\/\/jornalbeirario.com.br\/portal\/#\/schema\/person\/c6c423e4c2465d2a9233f6539173e7c1","name":"Jornal BEIRA-RIO","image":{"@type":"ImageObject","inLanguage":"pt-BR","@id":"https:\/\/jornalbeirario.com.br\/portal\/wp-content\/uploads\/2023\/10\/logojbr1.jpg","url":"https:\/\/jornalbeirario.com.br\/portal\/wp-content\/uploads\/2023\/10\/logojbr1.jpg","contentUrl":"https:\/\/jornalbeirario.com.br\/portal\/wp-content\/uploads\/2023\/10\/logojbr1.jpg","caption":"Jornal BEIRA-RIO"},"url":"https:\/\/jornalbeirario.com.br\/portal\/?author=1"}]}},"_links":{"self":[{"href":"https:\/\/jornalbeirario.com.br\/portal\/index.php?rest_route=\/wp\/v2\/posts\/61672","targetHints":{"allow":["GET"]}}],"collection":[{"href":"https:\/\/jornalbeirario.com.br\/portal\/index.php?rest_route=\/wp\/v2\/posts"}],"about":[{"href":"https:\/\/jornalbeirario.com.br\/portal\/index.php?rest_route=\/wp\/v2\/types\/post"}],"author":[{"embeddable":true,"href":"https:\/\/jornalbeirario.com.br\/portal\/index.php?rest_route=\/wp\/v2\/users\/1"}],"replies":[{"embeddable":true,"href":"https:\/\/jornalbeirario.com.br\/portal\/index.php?rest_route=%2Fwp%2Fv2%2Fcomments&post=61672"}],"version-history":[{"count":18,"href":"https:\/\/jornalbeirario.com.br\/portal\/index.php?rest_route=\/wp\/v2\/posts\/61672\/revisions"}],"predecessor-version":[{"id":61697,"href":"https:\/\/jornalbeirario.com.br\/portal\/index.php?rest_route=\/wp\/v2\/posts\/61672\/revisions\/61697"}],"wp:featuredmedia":[{"embeddable":true,"href":"https:\/\/jornalbeirario.com.br\/portal\/index.php?rest_route=\/wp\/v2\/media\/61693"}],"wp:attachment":[{"href":"https:\/\/jornalbeirario.com.br\/portal\/index.php?rest_route=%2Fwp%2Fv2%2Fmedia&parent=61672"}],"wp:term":[{"taxonomy":"category","embeddable":true,"href":"https:\/\/jornalbeirario.com.br\/portal\/index.php?rest_route=%2Fwp%2Fv2%2Fcategories&post=61672"},{"taxonomy":"post_tag","embeddable":true,"href":"https:\/\/jornalbeirario.com.br\/portal\/index.php?rest_route=%2Fwp%2Fv2%2Ftags&post=61672"}],"curies":[{"name":"wp","href":"https:\/\/api.w.org\/{rel}","templated":true}]}}