
{"id":61651,"date":"2018-10-16T21:37:33","date_gmt":"2018-10-17T00:37:33","guid":{"rendered":"http:\/\/jornalbeirario.com.br\/portal\/?p=61651"},"modified":"2018-10-17T14:17:15","modified_gmt":"2018-10-17T17:17:15","slug":"conheca-as-propostas-de-haddad-e-bolsonaro-para-a-saude","status":"publish","type":"post","link":"https:\/\/jornalbeirario.com.br\/portal\/?p=61651","title":{"rendered":"Conhe\u00e7a as propostas de Haddad e Bolsonaro para a sa\u00fade"},"content":{"rendered":"<figure id=\"attachment_61665\" aria-describedby=\"caption-attachment-61665\" style=\"width: 300px\" class=\"wp-caption alignright\"><img loading=\"lazy\" decoding=\"async\" class=\"wp-image-61665 size-medium\" src=\"https:\/\/jornalbeirario.com.br\/portal\/wp-content\/uploads\/2018\/10\/candidatos2-300x225.jpg\" alt=\"\" width=\"300\" height=\"225\" srcset=\"https:\/\/jornalbeirario.com.br\/portal\/wp-content\/uploads\/2018\/10\/candidatos2-300x225.jpg 300w, https:\/\/jornalbeirario.com.br\/portal\/wp-content\/uploads\/2018\/10\/candidatos2.jpg 640w\" sizes=\"auto, (max-width: 300px) 100vw, 300px\" \/><figcaption id=\"caption-attachment-61665\" class=\"wp-caption-text\">Bolsonaro (\u00e0 direita) e Haddad possuem diferentes pontos de vista para o investimento financeiro na sa\u00fade (Foto: Reprodu\u00e7\u00e3o\/ADVFN\u00a0news)<\/figcaption><\/figure>\n<p style=\"text-align: justify;\">Nesta ter\u00e7a-feira, dia 16, o jornal BEIRA-RIO come\u00e7a a realizar uma s\u00e9rie de reportagens para que o eleitor conhe\u00e7a melhor as propostas de cada candidato a Presid\u00eancia da Rep\u00fablica para os mais diversos setores, descritas em seus planos de governo. Na reportagem desta ter\u00e7a, vamos conhecer as propostas dos candidatos Fernando Haddad (PT) e Jair Bolsonaro (PSL), que disputam o segundo turno no pr\u00f3ximo dia 28, para a \u00e1rea da sa\u00fade.<\/p>\n<p style=\"text-align: justify;\">A sa\u00fade p\u00fablica no Brasil vem passando por problemas cr\u00f4nicos, ainda n\u00e3o completamente solucionados pelos governos.\u00a0Superlota\u00e7\u00e3o, aus\u00eancia de m\u00e9dicos e enfermeiros, falta de estrutura f\u00edsica, pacientes dispersos por corredores de hospitais e pronto socorro, demora no atendimento, falta de medicamentos e outros problemas s\u00e3o o retrato atual do Sistema \u00danico de Sa\u00fade (SUS).<\/p>\n<p style=\"text-align: justify;\">Entre as causas desse caos na sa\u00fade est\u00e3o os desvios de verbas destinados \u00e0 sa\u00fade. Constantemente,\u00a0tanto a imprensa quanto o Minist\u00e9rio P\u00fablico Federal e Estadual t\u00eam divulgado diversos casos de irregularidades e corrup\u00e7\u00e3o que envolvem parlamentares, empresas e at\u00e9 mesmo as chamadas Organiza\u00e7\u00f5es\u00a0 Sociais (OS) em esquemas milion\u00e1rios de investimentos.<\/p>\n<p style=\"text-align: justify;\">Ainda assim, a sa\u00fade no pa\u00eds teve algumas iniciativas do governo para tentar amenizar a falta de profissionais. Em julho de 2013, a ent\u00e3o presidente Dilma Rousseff (PT), lan\u00e7ou o programa \u201cMais M\u00e9dicos\u201d, que foi criado com o objetivo de melhorar a distribui\u00e7\u00e3o de m\u00e9dicos para regi\u00f5es com car\u00eancia desses profissionais, fossem eles brasileiros ou estrangeiros, al\u00e9m de\u00a0ampliar o curso de medicina em dois anos, proposta flexibilizada pelo pr\u00f3prio governo, apesar das cr\u00edticas.<\/p>\n<p style=\"text-align: justify;\">Em seus programas de governo, os presidenci\u00e1veis possuem diferentes prioridades. O programa de Bolsonaro dedica quatro de suas 81 p\u00e1ginas para falar de sa\u00fade de uma forma gen\u00e9rica. Nos t\u00f3picos do programa, diz que criar\u00e1 um Prontu\u00e1rio Eletr\u00f4nico Nacional Interligado, informatizando postos, ambulat\u00f3rios e hospitais; tornar\u00e1 obrigat\u00f3rio a aprova\u00e7\u00e3o dos profissionais do Mais M\u00e9dicos no Revalida para poderem atuar, al\u00e9m de dizer que &#8220;Nossos irm\u00e3os cubanos ser\u00e3o libertados&#8221; e que os m\u00e9dicos nascidos na ilha caribenha receber\u00e3o integralmente.<\/p>\n<p style=\"text-align: justify;\">J\u00e1 o programa de Haddad usa apenas duas de suas 61 p\u00e1ginas e aprofunda v\u00e1rios assuntos no setor. Ele defende a revoga\u00e7\u00e3o da emenda do teto de gastos, aprovada no Governo de Michel Temer (PMDB), e a destina\u00e7\u00e3o de parte dos recursos do Pr\u00e9-Sal para a sa\u00fade.<\/p>\n<p style=\"text-align: justify;\">Propostas de Bolsonaro<\/p>\n<p style=\"text-align: justify;\">&#8211; Seu programa vai na contram\u00e3o do programa de seu advers\u00e1rio, defendendo que o pa\u00eds apresenta gastos compat\u00edveis com a m\u00e9dia da Organiza\u00e7\u00e3o para a Coopera\u00e7\u00e3o e Desenvolvimento Econ\u00f4mico (OCDE), grupo composto pelos pa\u00edses mais desenvolvidos, e diz que \u00e9 poss\u00edvel fazer muito com os atuais recursos.<\/p>\n<p style=\"text-align: justify;\">&#8211; Criar um Prontu\u00e1rio Eletr\u00f4nico Nacional Interligado para informatiza\u00e7\u00e3o sobre o atendimento em postos, ambulat\u00f3rios e hospitais.<\/p>\n<p style=\"text-align: justify;\">&#8211; Promover o credenciamento universal dos m\u00e9dicos, onde &#8220;toda for\u00e7a de trabalho da sa\u00fade poder\u00e1 ser utilizada pelo SUS, garantindo acesso e evitando a judicializa\u00e7\u00e3o&#8221;, e todo m\u00e9dico poder\u00e1 atender tanto no setor p\u00fablico quanto no privado (planos de sa\u00fade).<\/p>\n<p style=\"text-align: justify;\">&#8211; Defende a melhoria do saneamento b\u00e1sico e a ado\u00e7\u00e3o de medidas preventivas de sa\u00fade para reduzir o n\u00famero de prematuros, entre elas, a visita ao dentista pelas gestantes nos programas neonatais, como forma de combate \u00e0 mortalidade infantil.<\/p>\n<p style=\"text-align: justify;\">&#8211; Criar a carreira de M\u00e9dico de Estado, para atender \u00e1reas remotas e carentes do Brasil.<\/p>\n<p style=\"text-align: justify;\">&#8211; Profissionais do Mais M\u00e9dicos s\u00f3 poder\u00e3o atuar se aprovados no Revalida, e m\u00e9dicos de Cuba receber\u00e3o integralmente seu sal\u00e1rio e poder\u00e3o migrar para o Brasil.<\/p>\n<p style=\"text-align: justify;\">&#8211; Incluis\u00e3o de profissionais de Educa\u00e7\u00e3o F\u00edsica no programa de Sa\u00fade da Fam\u00edlia, para o combate ao sedentarismo, obesidade e suas consequ\u00eancias.<\/p>\n<p style=\"text-align: justify;\">Propostas de Haddad<\/p>\n<p style=\"text-align: justify;\">&#8211; Defende novas regras fiscais, reforma tribut\u00e1ria, retorno do Fundo Social do Pr\u00e9-Sal, dentre outras medidas, para a supera\u00e7\u00e3o do subfinanciamento cr\u00f4nico da sa\u00fade p\u00fablica. A previs\u00e3o \u00e9 de que com esses investimentos o pa\u00eds dever\u00e1 aumentar progressivamente o investimento p\u00fablico em sa\u00fade, de modo a atingir a meta de 6% em rela\u00e7\u00e3o ao PIB.<\/p>\n<p style=\"text-align: justify;\">&#8211; O governo pretende fortalecer a regionaliza\u00e7\u00e3o dos servi\u00e7os de sa\u00fade, al\u00e9m de explorar ao m\u00e1ximo a potencialidade econ\u00f4mica e tecnol\u00f3gica do complexo industrial da sa\u00fade de forma a atender as necessidades e especificidades do setor sa\u00fade, reduzindo custos e aumentando a efici\u00eancia tecnol\u00f3gica, fomentando a produ\u00e7\u00e3o de ci\u00eancia e tecnologia e incrementando o mercado interno, considerando os interesses e a soberania nacionais.<\/p>\n<p style=\"text-align: justify;\">&#8211; Defende o aprimoramento e a regulamenta\u00e7\u00e3o das rela\u00e7\u00f5es com o terceiro setor de sa\u00fade, em particular com as organiza\u00e7\u00f5es sociais, superando o paradigma da precariza\u00e7\u00e3o e da terceiriza\u00e7\u00e3o da gest\u00e3o, regulando de forma mais transparente os planos privados de sa\u00fade, em favor de 22% da popula\u00e7\u00e3o que pagam por planos coletivos e individuais.Ser\u00e3o fortalecidos os conselhos e confer\u00eancias de sa\u00fade, de forma que seu papel de formula\u00e7\u00e3o de pol\u00edticas seja o orientador das pol\u00edticas para o setor.<\/p>\n<p style=\"text-align: justify;\">&#8211; Pretende atuar fortemente na \u00e1rea da promo\u00e7\u00e3o da sa\u00fade, com pol\u00edticas regulat\u00f3rias e tribut\u00e1rias (referentes ao tabaco, sal, gorduras, a\u00e7ucares, agrot\u00f3xicos etc.), por meio de programas que incentivem a atividade f\u00edsica e alimenta\u00e7\u00e3o adequada, saud\u00e1vel e segura. Estabelecer\u00e1 ainda forte a\u00e7\u00e3o de controle do Aedes aegypti e implantar\u00e1 tamb\u00e9m programas de valoriza\u00e7\u00e3o do parto normal, humanizado e seguro, de supera\u00e7\u00e3o da viol\u00eancia obst\u00e9trica e da discrimina\u00e7\u00e3o racial no SUS. O governo Haddad diz que reafirmar\u00e1 seu compromisso com a agenda da Reforma Psiqui\u00e1trica.<\/p>\n<p style=\"text-align: justify;\">&#8211; Segundo o programa, o governo Haddad tamb\u00e9m enfrentar\u00e1 &#8220;o desafio de tornar o SUS realmente universal e integral, aperfei\u00e7oando a Pol\u00edtica Nacional de Aten\u00e7\u00e3o B\u00e1sica (PNAB) para consolidar esses pressupostos constitucionais&#8221;, tendo como eixo central de sua pol\u00edtica assistencial a organiza\u00e7\u00e3o de uma aten\u00e7\u00e3o b\u00e1sica resolutiva e organizadora do cuidado \u00e0 sa\u00fade.<\/p>\n<p style=\"text-align: justify;\">&#8211; O programa tamb\u00e9m aponta que a experi\u00eancia do governo do partido de Haddad com o Programa Mais M\u00e9dicos dever\u00e1 nortear novas a\u00e7\u00f5es de ordena\u00e7\u00e3o da forma\u00e7\u00e3o e especializa\u00e7\u00e3o dos profissionais de sa\u00fade. Dessa forma pretende retomar e ampliar programas como o pr\u00f3prio &#8220;Mais M\u00e9dicos&#8221; e a &#8220;Estrat\u00e9gia de Sa\u00fade da Fam\u00edlia&#8221;, o Samu, o Farm\u00e1cia Popular, Brasil Sorridente, a Rede de Aten\u00e7\u00e3o Psicossocial e a Rede de Aten\u00e7\u00e3o \u00e0s Pessoas com Defici\u00eancia, que &#8220;est\u00e3o sendo prejudicados e descontinuados pelo governo golpista&#8221;.<\/p>\n<p style=\"text-align: justify;\">&#8211; Tamb\u00e9m est\u00e1 prevista a cria\u00e7\u00e3o da rede de Cl\u00ednicas de Especialidades M\u00e9dicas em todas as regi\u00f5es de sa\u00fade, que garantir\u00e3o o acesso a cuidados especializados por equipes multiprofissionais para superar a demanda de consultas, exames e cirurgias de m\u00e9dia complexidade. Ser\u00e3o organizadas de forma regional, com unidades de sa\u00fade fixas e unidades m\u00f3veis e transporte aos pacientes em tratamento fora de domic\u00edlio.<\/p>\n<p style=\"text-align: justify;\">&#8211; Investir\u00e1 na implanta\u00e7\u00e3o do prontu\u00e1rio eletr\u00f4nico de forma universal e no aperfei\u00e7oamento da governan\u00e7a da sa\u00fade. Estimular\u00e1 ainda a inova\u00e7\u00e3o na sa\u00fade, ampliando a aplica\u00e7\u00e3o da internet e de aplicativos na promo\u00e7\u00e3o, preven\u00e7\u00e3o, diagn\u00f3stico e educa\u00e7\u00e3o em sa\u00fade.<\/p>\n","protected":false},"excerpt":{"rendered":"<p>Nesta ter\u00e7a-feira, dia 16, o jornal BEIRA-RIO come\u00e7a a realizar uma s\u00e9rie de reportagens para que o eleitor conhe\u00e7a melhor as propostas de cada<\/p>\n","protected":false},"author":1,"featured_media":61665,"comment_status":"open","ping_status":"open","sticky":false,"template":"","format":"standard","meta":{"pmpro_default_level":"","footnotes":""},"categories":[232],"tags":[],"class_list":["post-61651","post","type-post","status-publish","format-standard","has-post-thumbnail","hentry","category-eleicoes-2018","pmpro-has-access"],"yoast_head":"<!-- This site is optimized with the Yoast SEO plugin v27.4 - https:\/\/yoast.com\/product\/yoast-seo-wordpress\/ -->\n<title>Conhe\u00e7a as propostas de Haddad e Bolsonaro para a sa\u00fade - JORNAL BEIRA RIO<\/title>\n<meta name=\"robots\" content=\"index, follow, max-snippet:-1, max-image-preview:large, max-video-preview:-1\" \/>\n<link rel=\"canonical\" href=\"https:\/\/jornalbeirario.com.br\/portal\/?p=61651\" \/>\n<meta property=\"og:locale\" content=\"pt_BR\" \/>\n<meta property=\"og:type\" content=\"article\" \/>\n<meta property=\"og:title\" content=\"Conhe\u00e7a as propostas de Haddad e Bolsonaro para a sa\u00fade - JORNAL BEIRA RIO\" \/>\n<meta property=\"og:description\" content=\"Nesta ter\u00e7a-feira, dia 16, o jornal BEIRA-RIO come\u00e7a a realizar uma s\u00e9rie de reportagens para que o eleitor conhe\u00e7a melhor as propostas de cada\" \/>\n<meta property=\"og:url\" content=\"https:\/\/jornalbeirario.com.br\/portal\/?p=61651\" \/>\n<meta property=\"og:site_name\" content=\"JORNAL BEIRA RIO\" \/>\n<meta property=\"article:published_time\" content=\"2018-10-17T00:37:33+00:00\" \/>\n<meta property=\"article:modified_time\" content=\"2018-10-17T17:17:15+00:00\" \/>\n<meta property=\"og:image\" content=\"https:\/\/jornalbeirario.com.br\/portal\/wp-content\/uploads\/2018\/10\/candidatos2.jpg\" \/>\n\t<meta property=\"og:image:width\" content=\"640\" \/>\n\t<meta property=\"og:image:height\" content=\"480\" \/>\n\t<meta property=\"og:image:type\" content=\"image\/jpeg\" \/>\n<meta name=\"author\" content=\"Jornal BEIRA-RIO\" \/>\n<meta name=\"twitter:card\" content=\"summary_large_image\" \/>\n<meta name=\"twitter:label1\" content=\"Escrito por\" \/>\n\t<meta name=\"twitter:data1\" content=\"Jornal BEIRA-RIO\" \/>\n\t<meta name=\"twitter:label2\" content=\"Est. tempo de leitura\" \/>\n\t<meta name=\"twitter:data2\" content=\"7 minutos\" \/>\n<script type=\"application\/ld+json\" class=\"yoast-schema-graph\">{\"@context\":\"https:\\\/\\\/schema.org\",\"@graph\":[{\"@type\":\"Article\",\"@id\":\"https:\\\/\\\/jornalbeirario.com.br\\\/portal\\\/?p=61651#article\",\"isPartOf\":{\"@id\":\"https:\\\/\\\/jornalbeirario.com.br\\\/portal\\\/?p=61651\"},\"author\":{\"name\":\"Jornal BEIRA-RIO\",\"@id\":\"https:\\\/\\\/jornalbeirario.com.br\\\/portal\\\/#\\\/schema\\\/person\\\/c6c423e4c2465d2a9233f6539173e7c1\"},\"headline\":\"Conhe\u00e7a as propostas de Haddad e Bolsonaro para a sa\u00fade\",\"datePublished\":\"2018-10-17T00:37:33+00:00\",\"dateModified\":\"2018-10-17T17:17:15+00:00\",\"mainEntityOfPage\":{\"@id\":\"https:\\\/\\\/jornalbeirario.com.br\\\/portal\\\/?p=61651\"},\"wordCount\":1345,\"commentCount\":0,\"publisher\":{\"@id\":\"https:\\\/\\\/jornalbeirario.com.br\\\/portal\\\/#organization\"},\"image\":{\"@id\":\"https:\\\/\\\/jornalbeirario.com.br\\\/portal\\\/?p=61651#primaryimage\"},\"thumbnailUrl\":\"https:\\\/\\\/jornalbeirario.com.br\\\/portal\\\/wp-content\\\/uploads\\\/2018\\\/10\\\/candidatos2.jpg\",\"articleSection\":[\"Elei\u00e7\u00f5es 2018\"],\"inLanguage\":\"pt-BR\",\"potentialAction\":[{\"@type\":\"CommentAction\",\"name\":\"Comment\",\"target\":[\"https:\\\/\\\/jornalbeirario.com.br\\\/portal\\\/?p=61651#respond\"]}]},{\"@type\":\"WebPage\",\"@id\":\"https:\\\/\\\/jornalbeirario.com.br\\\/portal\\\/?p=61651\",\"url\":\"https:\\\/\\\/jornalbeirario.com.br\\\/portal\\\/?p=61651\",\"name\":\"Conhe\u00e7a as propostas de Haddad e Bolsonaro para a sa\u00fade - JORNAL BEIRA RIO\",\"isPartOf\":{\"@id\":\"https:\\\/\\\/jornalbeirario.com.br\\\/portal\\\/#website\"},\"primaryImageOfPage\":{\"@id\":\"https:\\\/\\\/jornalbeirario.com.br\\\/portal\\\/?p=61651#primaryimage\"},\"image\":{\"@id\":\"https:\\\/\\\/jornalbeirario.com.br\\\/portal\\\/?p=61651#primaryimage\"},\"thumbnailUrl\":\"https:\\\/\\\/jornalbeirario.com.br\\\/portal\\\/wp-content\\\/uploads\\\/2018\\\/10\\\/candidatos2.jpg\",\"datePublished\":\"2018-10-17T00:37:33+00:00\",\"dateModified\":\"2018-10-17T17:17:15+00:00\",\"breadcrumb\":{\"@id\":\"https:\\\/\\\/jornalbeirario.com.br\\\/portal\\\/?p=61651#breadcrumb\"},\"inLanguage\":\"pt-BR\",\"potentialAction\":[{\"@type\":\"ReadAction\",\"target\":[\"https:\\\/\\\/jornalbeirario.com.br\\\/portal\\\/?p=61651\"]}]},{\"@type\":\"ImageObject\",\"inLanguage\":\"pt-BR\",\"@id\":\"https:\\\/\\\/jornalbeirario.com.br\\\/portal\\\/?p=61651#primaryimage\",\"url\":\"https:\\\/\\\/jornalbeirario.com.br\\\/portal\\\/wp-content\\\/uploads\\\/2018\\\/10\\\/candidatos2.jpg\",\"contentUrl\":\"https:\\\/\\\/jornalbeirario.com.br\\\/portal\\\/wp-content\\\/uploads\\\/2018\\\/10\\\/candidatos2.jpg\",\"width\":640,\"height\":480,\"caption\":\"Bolsonaro (\u00e0 esquerda) e Haddad possuem diferentes pontos de vista para o investimento financeiro na sa\u00fade (Foto: Reuters\\\/Paulo Whitaker\\\/Nacho Doce)\"},{\"@type\":\"BreadcrumbList\",\"@id\":\"https:\\\/\\\/jornalbeirario.com.br\\\/portal\\\/?p=61651#breadcrumb\",\"itemListElement\":[{\"@type\":\"ListItem\",\"position\":1,\"name\":\"Home\",\"item\":\"https:\\\/\\\/jornalbeirario.com.br\\\/portal\"},{\"@type\":\"ListItem\",\"position\":2,\"name\":\"Conhe\u00e7a as propostas de Haddad e Bolsonaro para a sa\u00fade\"}]},{\"@type\":\"WebSite\",\"@id\":\"https:\\\/\\\/jornalbeirario.com.br\\\/portal\\\/#website\",\"url\":\"https:\\\/\\\/jornalbeirario.com.br\\\/portal\\\/\",\"name\":\"JORNAL BEIRA RIO\",\"description\":\"\",\"publisher\":{\"@id\":\"https:\\\/\\\/jornalbeirario.com.br\\\/portal\\\/#organization\"},\"potentialAction\":[{\"@type\":\"SearchAction\",\"target\":{\"@type\":\"EntryPoint\",\"urlTemplate\":\"https:\\\/\\\/jornalbeirario.com.br\\\/portal\\\/?s={search_term_string}\"},\"query-input\":{\"@type\":\"PropertyValueSpecification\",\"valueRequired\":true,\"valueName\":\"search_term_string\"}}],\"inLanguage\":\"pt-BR\"},{\"@type\":\"Organization\",\"@id\":\"https:\\\/\\\/jornalbeirario.com.br\\\/portal\\\/#organization\",\"name\":\"JORNAL BEIRA RIO\",\"url\":\"https:\\\/\\\/jornalbeirario.com.br\\\/portal\\\/\",\"logo\":{\"@type\":\"ImageObject\",\"inLanguage\":\"pt-BR\",\"@id\":\"https:\\\/\\\/jornalbeirario.com.br\\\/portal\\\/#\\\/schema\\\/logo\\\/image\\\/\",\"url\":\"https:\\\/\\\/jornalbeirario.com.br\\\/portal\\\/wp-content\\\/uploads\\\/2017\\\/09\\\/BEIRA-RIO_logo600.png\",\"contentUrl\":\"https:\\\/\\\/jornalbeirario.com.br\\\/portal\\\/wp-content\\\/uploads\\\/2017\\\/09\\\/BEIRA-RIO_logo600.png\",\"width\":650,\"height\":108,\"caption\":\"JORNAL BEIRA RIO\"},\"image\":{\"@id\":\"https:\\\/\\\/jornalbeirario.com.br\\\/portal\\\/#\\\/schema\\\/logo\\\/image\\\/\"}},{\"@type\":\"Person\",\"@id\":\"https:\\\/\\\/jornalbeirario.com.br\\\/portal\\\/#\\\/schema\\\/person\\\/c6c423e4c2465d2a9233f6539173e7c1\",\"name\":\"Jornal BEIRA-RIO\",\"image\":{\"@type\":\"ImageObject\",\"inLanguage\":\"pt-BR\",\"@id\":\"https:\\\/\\\/jornalbeirario.com.br\\\/portal\\\/wp-content\\\/uploads\\\/2023\\\/10\\\/logojbr1.jpg\",\"url\":\"https:\\\/\\\/jornalbeirario.com.br\\\/portal\\\/wp-content\\\/uploads\\\/2023\\\/10\\\/logojbr1.jpg\",\"contentUrl\":\"https:\\\/\\\/jornalbeirario.com.br\\\/portal\\\/wp-content\\\/uploads\\\/2023\\\/10\\\/logojbr1.jpg\",\"caption\":\"Jornal BEIRA-RIO\"},\"url\":\"https:\\\/\\\/jornalbeirario.com.br\\\/portal\\\/?author=1\"}]}<\/script>\n<!-- \/ Yoast SEO plugin. -->","yoast_head_json":{"title":"Conhe\u00e7a as propostas de Haddad e Bolsonaro para a sa\u00fade - JORNAL BEIRA RIO","robots":{"index":"index","follow":"follow","max-snippet":"max-snippet:-1","max-image-preview":"max-image-preview:large","max-video-preview":"max-video-preview:-1"},"canonical":"https:\/\/jornalbeirario.com.br\/portal\/?p=61651","og_locale":"pt_BR","og_type":"article","og_title":"Conhe\u00e7a as propostas de Haddad e Bolsonaro para a sa\u00fade - JORNAL BEIRA RIO","og_description":"Nesta ter\u00e7a-feira, dia 16, o jornal BEIRA-RIO come\u00e7a a realizar uma s\u00e9rie de reportagens para que o eleitor conhe\u00e7a melhor as propostas de cada","og_url":"https:\/\/jornalbeirario.com.br\/portal\/?p=61651","og_site_name":"JORNAL BEIRA RIO","article_published_time":"2018-10-17T00:37:33+00:00","article_modified_time":"2018-10-17T17:17:15+00:00","og_image":[{"width":640,"height":480,"url":"https:\/\/jornalbeirario.com.br\/portal\/wp-content\/uploads\/2018\/10\/candidatos2.jpg","type":"image\/jpeg"}],"author":"Jornal BEIRA-RIO","twitter_card":"summary_large_image","twitter_misc":{"Escrito por":"Jornal BEIRA-RIO","Est. tempo de leitura":"7 minutos"},"schema":{"@context":"https:\/\/schema.org","@graph":[{"@type":"Article","@id":"https:\/\/jornalbeirario.com.br\/portal\/?p=61651#article","isPartOf":{"@id":"https:\/\/jornalbeirario.com.br\/portal\/?p=61651"},"author":{"name":"Jornal BEIRA-RIO","@id":"https:\/\/jornalbeirario.com.br\/portal\/#\/schema\/person\/c6c423e4c2465d2a9233f6539173e7c1"},"headline":"Conhe\u00e7a as propostas de Haddad e Bolsonaro para a sa\u00fade","datePublished":"2018-10-17T00:37:33+00:00","dateModified":"2018-10-17T17:17:15+00:00","mainEntityOfPage":{"@id":"https:\/\/jornalbeirario.com.br\/portal\/?p=61651"},"wordCount":1345,"commentCount":0,"publisher":{"@id":"https:\/\/jornalbeirario.com.br\/portal\/#organization"},"image":{"@id":"https:\/\/jornalbeirario.com.br\/portal\/?p=61651#primaryimage"},"thumbnailUrl":"https:\/\/jornalbeirario.com.br\/portal\/wp-content\/uploads\/2018\/10\/candidatos2.jpg","articleSection":["Elei\u00e7\u00f5es 2018"],"inLanguage":"pt-BR","potentialAction":[{"@type":"CommentAction","name":"Comment","target":["https:\/\/jornalbeirario.com.br\/portal\/?p=61651#respond"]}]},{"@type":"WebPage","@id":"https:\/\/jornalbeirario.com.br\/portal\/?p=61651","url":"https:\/\/jornalbeirario.com.br\/portal\/?p=61651","name":"Conhe\u00e7a as propostas de Haddad e Bolsonaro para a sa\u00fade - JORNAL BEIRA RIO","isPartOf":{"@id":"https:\/\/jornalbeirario.com.br\/portal\/#website"},"primaryImageOfPage":{"@id":"https:\/\/jornalbeirario.com.br\/portal\/?p=61651#primaryimage"},"image":{"@id":"https:\/\/jornalbeirario.com.br\/portal\/?p=61651#primaryimage"},"thumbnailUrl":"https:\/\/jornalbeirario.com.br\/portal\/wp-content\/uploads\/2018\/10\/candidatos2.jpg","datePublished":"2018-10-17T00:37:33+00:00","dateModified":"2018-10-17T17:17:15+00:00","breadcrumb":{"@id":"https:\/\/jornalbeirario.com.br\/portal\/?p=61651#breadcrumb"},"inLanguage":"pt-BR","potentialAction":[{"@type":"ReadAction","target":["https:\/\/jornalbeirario.com.br\/portal\/?p=61651"]}]},{"@type":"ImageObject","inLanguage":"pt-BR","@id":"https:\/\/jornalbeirario.com.br\/portal\/?p=61651#primaryimage","url":"https:\/\/jornalbeirario.com.br\/portal\/wp-content\/uploads\/2018\/10\/candidatos2.jpg","contentUrl":"https:\/\/jornalbeirario.com.br\/portal\/wp-content\/uploads\/2018\/10\/candidatos2.jpg","width":640,"height":480,"caption":"Bolsonaro (\u00e0 esquerda) e Haddad possuem diferentes pontos de vista para o investimento financeiro na sa\u00fade (Foto: Reuters\/Paulo Whitaker\/Nacho Doce)"},{"@type":"BreadcrumbList","@id":"https:\/\/jornalbeirario.com.br\/portal\/?p=61651#breadcrumb","itemListElement":[{"@type":"ListItem","position":1,"name":"Home","item":"https:\/\/jornalbeirario.com.br\/portal"},{"@type":"ListItem","position":2,"name":"Conhe\u00e7a as propostas de Haddad e Bolsonaro para a sa\u00fade"}]},{"@type":"WebSite","@id":"https:\/\/jornalbeirario.com.br\/portal\/#website","url":"https:\/\/jornalbeirario.com.br\/portal\/","name":"JORNAL BEIRA RIO","description":"","publisher":{"@id":"https:\/\/jornalbeirario.com.br\/portal\/#organization"},"potentialAction":[{"@type":"SearchAction","target":{"@type":"EntryPoint","urlTemplate":"https:\/\/jornalbeirario.com.br\/portal\/?s={search_term_string}"},"query-input":{"@type":"PropertyValueSpecification","valueRequired":true,"valueName":"search_term_string"}}],"inLanguage":"pt-BR"},{"@type":"Organization","@id":"https:\/\/jornalbeirario.com.br\/portal\/#organization","name":"JORNAL BEIRA RIO","url":"https:\/\/jornalbeirario.com.br\/portal\/","logo":{"@type":"ImageObject","inLanguage":"pt-BR","@id":"https:\/\/jornalbeirario.com.br\/portal\/#\/schema\/logo\/image\/","url":"https:\/\/jornalbeirario.com.br\/portal\/wp-content\/uploads\/2017\/09\/BEIRA-RIO_logo600.png","contentUrl":"https:\/\/jornalbeirario.com.br\/portal\/wp-content\/uploads\/2017\/09\/BEIRA-RIO_logo600.png","width":650,"height":108,"caption":"JORNAL BEIRA RIO"},"image":{"@id":"https:\/\/jornalbeirario.com.br\/portal\/#\/schema\/logo\/image\/"}},{"@type":"Person","@id":"https:\/\/jornalbeirario.com.br\/portal\/#\/schema\/person\/c6c423e4c2465d2a9233f6539173e7c1","name":"Jornal BEIRA-RIO","image":{"@type":"ImageObject","inLanguage":"pt-BR","@id":"https:\/\/jornalbeirario.com.br\/portal\/wp-content\/uploads\/2023\/10\/logojbr1.jpg","url":"https:\/\/jornalbeirario.com.br\/portal\/wp-content\/uploads\/2023\/10\/logojbr1.jpg","contentUrl":"https:\/\/jornalbeirario.com.br\/portal\/wp-content\/uploads\/2023\/10\/logojbr1.jpg","caption":"Jornal BEIRA-RIO"},"url":"https:\/\/jornalbeirario.com.br\/portal\/?author=1"}]}},"_links":{"self":[{"href":"https:\/\/jornalbeirario.com.br\/portal\/index.php?rest_route=\/wp\/v2\/posts\/61651","targetHints":{"allow":["GET"]}}],"collection":[{"href":"https:\/\/jornalbeirario.com.br\/portal\/index.php?rest_route=\/wp\/v2\/posts"}],"about":[{"href":"https:\/\/jornalbeirario.com.br\/portal\/index.php?rest_route=\/wp\/v2\/types\/post"}],"author":[{"embeddable":true,"href":"https:\/\/jornalbeirario.com.br\/portal\/index.php?rest_route=\/wp\/v2\/users\/1"}],"replies":[{"embeddable":true,"href":"https:\/\/jornalbeirario.com.br\/portal\/index.php?rest_route=%2Fwp%2Fv2%2Fcomments&post=61651"}],"version-history":[{"count":15,"href":"https:\/\/jornalbeirario.com.br\/portal\/index.php?rest_route=\/wp\/v2\/posts\/61651\/revisions"}],"predecessor-version":[{"id":61675,"href":"https:\/\/jornalbeirario.com.br\/portal\/index.php?rest_route=\/wp\/v2\/posts\/61651\/revisions\/61675"}],"wp:featuredmedia":[{"embeddable":true,"href":"https:\/\/jornalbeirario.com.br\/portal\/index.php?rest_route=\/wp\/v2\/media\/61665"}],"wp:attachment":[{"href":"https:\/\/jornalbeirario.com.br\/portal\/index.php?rest_route=%2Fwp%2Fv2%2Fmedia&parent=61651"}],"wp:term":[{"taxonomy":"category","embeddable":true,"href":"https:\/\/jornalbeirario.com.br\/portal\/index.php?rest_route=%2Fwp%2Fv2%2Fcategories&post=61651"},{"taxonomy":"post_tag","embeddable":true,"href":"https:\/\/jornalbeirario.com.br\/portal\/index.php?rest_route=%2Fwp%2Fv2%2Ftags&post=61651"}],"curies":[{"name":"wp","href":"https:\/\/api.w.org\/{rel}","templated":true}]}}