
{"id":61630,"date":"2018-10-16T09:27:18","date_gmt":"2018-10-16T12:27:18","guid":{"rendered":"http:\/\/jornalbeirario.com.br\/portal\/?p=61630"},"modified":"2018-10-16T10:22:28","modified_gmt":"2018-10-16T13:22:28","slug":"operacao-de-policias-e-mprj-e-deflagrada-em-resende-itatiaia-e-volta-redonda","status":"publish","type":"post","link":"https:\/\/jornalbeirario.com.br\/portal\/?p=61630","title":{"rendered":"Opera\u00e7\u00e3o de pol\u00edcias e MPRJ \u00e9 deflagrada em Resende, Itatiaia e Volta Redonda"},"content":{"rendered":"<figure id=\"attachment_61632\" aria-describedby=\"caption-attachment-61632\" style=\"width: 300px\" class=\"wp-caption alignleft\"><img loading=\"lazy\" decoding=\"async\" class=\"size-medium wp-image-61632\" src=\"https:\/\/jornalbeirario.com.br\/portal\/wp-content\/uploads\/2018\/10\/policiaisresende2-300x225.jpg\" alt=\"\" width=\"300\" height=\"225\" srcset=\"https:\/\/jornalbeirario.com.br\/portal\/wp-content\/uploads\/2018\/10\/policiaisresende2-300x225.jpg 300w, https:\/\/jornalbeirario.com.br\/portal\/wp-content\/uploads\/2018\/10\/policiaisresende2.jpg 640w\" sizes=\"auto, (max-width: 300px) 100vw, 300px\" \/><figcaption id=\"caption-attachment-61632\" class=\"wp-caption-text\">Presen\u00e7a de viaturas e policiais que participam da opera\u00e7\u00e3o no bairro Morada do Contorno, em Resende, foi registrada nas redes sociais (Fotos: Reprodu\u00e7\u00e3o\/Redes Sociais)<\/figcaption><\/figure>\n<p style=\"text-align: justify;\">Na manh\u00e3 desta ter\u00e7a-feira, dia 16, foi deflagrada pelo Minist\u00e9rio P\u00fablico do Rio de Janeiro (MPRJ), em a\u00e7\u00e3o conjunta com a Pol\u00edcia Federal e a Corregedoria da Pol\u00edcia Militar, a opera\u00e7\u00e3o S\u00edderos (um desdobramento da Opera\u00e7\u00e3o Camar\u00e1, deflagrada no ano passado), que est\u00e1 na regi\u00e3o Sul Fluminense para cumprir 100 mandatos de pris\u00e3o e mais 191 de busca e apreens\u00e3o.<\/p>\n<p style=\"text-align: justify;\">Segundo investiga\u00e7\u00f5es realizadas pelo Grupo de Atua\u00e7\u00e3o Especial de Combate ao Crime Organizado do Minist\u00e9rio P\u00fablico do Rio de Janeiro (MPRJ), a base da lideran\u00e7a de um grupo criminoso estaria em Resende, onde os investigados emitiam valores da chamada \u201ccaixinha\u201d e atuava vinculado a uma fac\u00e7\u00e3o criminosa de tr\u00e1fico de drogas e armas do estado do Rio de Janeiro.<\/p>\n<figure id=\"attachment_61638\" aria-describedby=\"caption-attachment-61638\" style=\"width: 300px\" class=\"wp-caption alignright\"><img loading=\"lazy\" decoding=\"async\" class=\"size-medium wp-image-61638\" src=\"https:\/\/jornalbeirario.com.br\/portal\/wp-content\/uploads\/2018\/10\/policiaisresende3-300x225.jpg\" alt=\"\" width=\"300\" height=\"225\" srcset=\"https:\/\/jornalbeirario.com.br\/portal\/wp-content\/uploads\/2018\/10\/policiaisresende3-300x225.jpg 300w, https:\/\/jornalbeirario.com.br\/portal\/wp-content\/uploads\/2018\/10\/policiaisresende3.jpg 640w\" sizes=\"auto, (max-width: 300px) 100vw, 300px\" \/><figcaption id=\"caption-attachment-61638\" class=\"wp-caption-text\">Volta Redonda, munic\u00edpio onde fica a sede regional da PF, serve de base para opera\u00e7\u00e3o<\/figcaption><\/figure>\n<p style=\"text-align: justify;\">Ainda de acordo com as investiga\u00e7\u00f5es da MP, os traficantes pagavam propina para que policiais permitissem a livre venda de drogas em Volta Redonda, onde a atua\u00e7\u00e3o do grupo criminoso se estendia por bairros como Divisa, Belmonte, Jardim Belmonte, Retiro, \u00c1gua Limpa e Siderl\u00e2ndia. Os valores do pagamento variavam de R$ 200 a R$ 1 mil. Os militares tamb\u00e9m recebiam por resgates a criminosos detidos.<\/p>\n<p style=\"text-align: justify;\">Ao todo, mais de 100 pessoas, entre elas 32 policiais militares (do 28\u00ba BPM) e 57 traficantes de Volta Redonda, al\u00e9m de 13 traficantes de Resende e Itatiaia s\u00e3o procurados (estes investigados por outra opera\u00e7\u00e3o, a Confinados), e at\u00e9 o momento, mais de 18 pessoas haviam sido presas. Eles\u00a0responder\u00e3o por tr\u00e1fico e associa\u00e7\u00e3o para o tr\u00e1fico.<\/p>\n<p style=\"text-align: justify;\">O MPRJ tamb\u00e9m informou que as a\u00e7\u00f5es foram ajuizadas junto ao Ju\u00edzo da Auditoria Militar (0117074-43.2018.8.19.0001), \u00e0 2\u00aa Vara Criminal de Volta Redonda (0021702-03.2017.8.19.0066) e \u00e0 Vara \u00danica de Itatiaia (0002200-33.2017.8.19.0081), que tamb\u00e9m entraram com mandados de busca e apreens\u00e3o na resid\u00eancia dos acusados e em celas de presos. Participam da opera\u00e7\u00e3o 310 policiais federais, 38 agentes da Coordenadoria de Seguran\u00e7a e Intelig\u00eancia do MPRJ (CSI) e cerca de 300 policiais da PM.<\/p>\n<p>&nbsp;<\/p>\n","protected":false},"excerpt":{"rendered":"<p>Na manh\u00e3 desta ter\u00e7a-feira, dia 16, foi deflagrada pelo Minist\u00e9rio P\u00fablico do Rio de Janeiro (MPRJ), em a\u00e7\u00e3o conjunta com a Pol\u00edcia Federal e<\/p>\n","protected":false},"author":1,"featured_media":61633,"comment_status":"open","ping_status":"open","sticky":false,"template":"","format":"standard","meta":{"pmpro_default_level":"","footnotes":""},"categories":[227,10],"tags":[],"class_list":["post-61630","post","type-post","status-publish","format-standard","has-post-thumbnail","hentry","category-manchete","category-policia","pmpro-has-access"],"yoast_head":"<!-- This site is optimized with the Yoast SEO plugin v27.4 - https:\/\/yoast.com\/product\/yoast-seo-wordpress\/ -->\n<title>Opera\u00e7\u00e3o de pol\u00edcias e MPRJ \u00e9 deflagrada em Resende, Itatiaia e Volta Redonda - JORNAL BEIRA RIO<\/title>\n<meta name=\"robots\" content=\"index, follow, max-snippet:-1, max-image-preview:large, max-video-preview:-1\" \/>\n<link rel=\"canonical\" href=\"https:\/\/jornalbeirario.com.br\/portal\/?p=61630\" \/>\n<meta property=\"og:locale\" content=\"pt_BR\" \/>\n<meta property=\"og:type\" content=\"article\" \/>\n<meta property=\"og:title\" content=\"Opera\u00e7\u00e3o de pol\u00edcias e MPRJ \u00e9 deflagrada em Resende, Itatiaia e Volta Redonda - JORNAL BEIRA RIO\" \/>\n<meta property=\"og:description\" content=\"Na manh\u00e3 desta ter\u00e7a-feira, dia 16, foi deflagrada pelo Minist\u00e9rio P\u00fablico do Rio de Janeiro (MPRJ), em a\u00e7\u00e3o conjunta com a Pol\u00edcia Federal e\" \/>\n<meta property=\"og:url\" content=\"https:\/\/jornalbeirario.com.br\/portal\/?p=61630\" \/>\n<meta property=\"og:site_name\" content=\"JORNAL BEIRA RIO\" \/>\n<meta property=\"article:published_time\" content=\"2018-10-16T12:27:18+00:00\" \/>\n<meta property=\"article:modified_time\" content=\"2018-10-16T13:22:28+00:00\" \/>\n<meta property=\"og:image\" content=\"https:\/\/jornalbeirario.com.br\/portal\/wp-content\/uploads\/2018\/10\/policiaisresende1.jpg\" \/>\n\t<meta property=\"og:image:width\" content=\"1100\" \/>\n\t<meta property=\"og:image:height\" content=\"470\" \/>\n\t<meta property=\"og:image:type\" content=\"image\/jpeg\" \/>\n<meta name=\"author\" content=\"Jornal BEIRA-RIO\" \/>\n<meta name=\"twitter:card\" content=\"summary_large_image\" \/>\n<meta name=\"twitter:label1\" content=\"Escrito por\" \/>\n\t<meta name=\"twitter:data1\" content=\"Jornal BEIRA-RIO\" \/>\n\t<meta name=\"twitter:label2\" content=\"Est. tempo de leitura\" \/>\n\t<meta name=\"twitter:data2\" content=\"2 minutos\" \/>\n<script type=\"application\/ld+json\" class=\"yoast-schema-graph\">{\"@context\":\"https:\\\/\\\/schema.org\",\"@graph\":[{\"@type\":\"Article\",\"@id\":\"https:\\\/\\\/jornalbeirario.com.br\\\/portal\\\/?p=61630#article\",\"isPartOf\":{\"@id\":\"https:\\\/\\\/jornalbeirario.com.br\\\/portal\\\/?p=61630\"},\"author\":{\"name\":\"Jornal BEIRA-RIO\",\"@id\":\"https:\\\/\\\/jornalbeirario.com.br\\\/portal\\\/#\\\/schema\\\/person\\\/c6c423e4c2465d2a9233f6539173e7c1\"},\"headline\":\"Opera\u00e7\u00e3o de pol\u00edcias e MPRJ \u00e9 deflagrada em Resende, Itatiaia e Volta Redonda\",\"datePublished\":\"2018-10-16T12:27:18+00:00\",\"dateModified\":\"2018-10-16T13:22:28+00:00\",\"mainEntityOfPage\":{\"@id\":\"https:\\\/\\\/jornalbeirario.com.br\\\/portal\\\/?p=61630\"},\"wordCount\":410,\"commentCount\":0,\"publisher\":{\"@id\":\"https:\\\/\\\/jornalbeirario.com.br\\\/portal\\\/#organization\"},\"image\":{\"@id\":\"https:\\\/\\\/jornalbeirario.com.br\\\/portal\\\/?p=61630#primaryimage\"},\"thumbnailUrl\":\"https:\\\/\\\/jornalbeirario.com.br\\\/portal\\\/wp-content\\\/uploads\\\/2018\\\/10\\\/policiaisresende1.jpg\",\"articleSection\":[\"Manchete\",\"Pol\u00edcia\"],\"inLanguage\":\"pt-BR\",\"potentialAction\":[{\"@type\":\"CommentAction\",\"name\":\"Comment\",\"target\":[\"https:\\\/\\\/jornalbeirario.com.br\\\/portal\\\/?p=61630#respond\"]}]},{\"@type\":\"WebPage\",\"@id\":\"https:\\\/\\\/jornalbeirario.com.br\\\/portal\\\/?p=61630\",\"url\":\"https:\\\/\\\/jornalbeirario.com.br\\\/portal\\\/?p=61630\",\"name\":\"Opera\u00e7\u00e3o de pol\u00edcias e MPRJ \u00e9 deflagrada em Resende, Itatiaia e Volta Redonda - JORNAL BEIRA RIO\",\"isPartOf\":{\"@id\":\"https:\\\/\\\/jornalbeirario.com.br\\\/portal\\\/#website\"},\"primaryImageOfPage\":{\"@id\":\"https:\\\/\\\/jornalbeirario.com.br\\\/portal\\\/?p=61630#primaryimage\"},\"image\":{\"@id\":\"https:\\\/\\\/jornalbeirario.com.br\\\/portal\\\/?p=61630#primaryimage\"},\"thumbnailUrl\":\"https:\\\/\\\/jornalbeirario.com.br\\\/portal\\\/wp-content\\\/uploads\\\/2018\\\/10\\\/policiaisresende1.jpg\",\"datePublished\":\"2018-10-16T12:27:18+00:00\",\"dateModified\":\"2018-10-16T13:22:28+00:00\",\"breadcrumb\":{\"@id\":\"https:\\\/\\\/jornalbeirario.com.br\\\/portal\\\/?p=61630#breadcrumb\"},\"inLanguage\":\"pt-BR\",\"potentialAction\":[{\"@type\":\"ReadAction\",\"target\":[\"https:\\\/\\\/jornalbeirario.com.br\\\/portal\\\/?p=61630\"]}]},{\"@type\":\"ImageObject\",\"inLanguage\":\"pt-BR\",\"@id\":\"https:\\\/\\\/jornalbeirario.com.br\\\/portal\\\/?p=61630#primaryimage\",\"url\":\"https:\\\/\\\/jornalbeirario.com.br\\\/portal\\\/wp-content\\\/uploads\\\/2018\\\/10\\\/policiaisresende1.jpg\",\"contentUrl\":\"https:\\\/\\\/jornalbeirario.com.br\\\/portal\\\/wp-content\\\/uploads\\\/2018\\\/10\\\/policiaisresende1.jpg\",\"width\":1100,\"height\":470},{\"@type\":\"BreadcrumbList\",\"@id\":\"https:\\\/\\\/jornalbeirario.com.br\\\/portal\\\/?p=61630#breadcrumb\",\"itemListElement\":[{\"@type\":\"ListItem\",\"position\":1,\"name\":\"Home\",\"item\":\"https:\\\/\\\/jornalbeirario.com.br\\\/portal\"},{\"@type\":\"ListItem\",\"position\":2,\"name\":\"Opera\u00e7\u00e3o de pol\u00edcias e MPRJ \u00e9 deflagrada em Resende, Itatiaia e Volta Redonda\"}]},{\"@type\":\"WebSite\",\"@id\":\"https:\\\/\\\/jornalbeirario.com.br\\\/portal\\\/#website\",\"url\":\"https:\\\/\\\/jornalbeirario.com.br\\\/portal\\\/\",\"name\":\"JORNAL BEIRA RIO\",\"description\":\"\",\"publisher\":{\"@id\":\"https:\\\/\\\/jornalbeirario.com.br\\\/portal\\\/#organization\"},\"potentialAction\":[{\"@type\":\"SearchAction\",\"target\":{\"@type\":\"EntryPoint\",\"urlTemplate\":\"https:\\\/\\\/jornalbeirario.com.br\\\/portal\\\/?s={search_term_string}\"},\"query-input\":{\"@type\":\"PropertyValueSpecification\",\"valueRequired\":true,\"valueName\":\"search_term_string\"}}],\"inLanguage\":\"pt-BR\"},{\"@type\":\"Organization\",\"@id\":\"https:\\\/\\\/jornalbeirario.com.br\\\/portal\\\/#organization\",\"name\":\"JORNAL BEIRA RIO\",\"url\":\"https:\\\/\\\/jornalbeirario.com.br\\\/portal\\\/\",\"logo\":{\"@type\":\"ImageObject\",\"inLanguage\":\"pt-BR\",\"@id\":\"https:\\\/\\\/jornalbeirario.com.br\\\/portal\\\/#\\\/schema\\\/logo\\\/image\\\/\",\"url\":\"https:\\\/\\\/jornalbeirario.com.br\\\/portal\\\/wp-content\\\/uploads\\\/2017\\\/09\\\/BEIRA-RIO_logo600.png\",\"contentUrl\":\"https:\\\/\\\/jornalbeirario.com.br\\\/portal\\\/wp-content\\\/uploads\\\/2017\\\/09\\\/BEIRA-RIO_logo600.png\",\"width\":650,\"height\":108,\"caption\":\"JORNAL BEIRA RIO\"},\"image\":{\"@id\":\"https:\\\/\\\/jornalbeirario.com.br\\\/portal\\\/#\\\/schema\\\/logo\\\/image\\\/\"}},{\"@type\":\"Person\",\"@id\":\"https:\\\/\\\/jornalbeirario.com.br\\\/portal\\\/#\\\/schema\\\/person\\\/c6c423e4c2465d2a9233f6539173e7c1\",\"name\":\"Jornal BEIRA-RIO\",\"image\":{\"@type\":\"ImageObject\",\"inLanguage\":\"pt-BR\",\"@id\":\"https:\\\/\\\/jornalbeirario.com.br\\\/portal\\\/wp-content\\\/uploads\\\/2023\\\/10\\\/logojbr1.jpg\",\"url\":\"https:\\\/\\\/jornalbeirario.com.br\\\/portal\\\/wp-content\\\/uploads\\\/2023\\\/10\\\/logojbr1.jpg\",\"contentUrl\":\"https:\\\/\\\/jornalbeirario.com.br\\\/portal\\\/wp-content\\\/uploads\\\/2023\\\/10\\\/logojbr1.jpg\",\"caption\":\"Jornal BEIRA-RIO\"},\"url\":\"https:\\\/\\\/jornalbeirario.com.br\\\/portal\\\/?author=1\"}]}<\/script>\n<!-- \/ Yoast SEO plugin. -->","yoast_head_json":{"title":"Opera\u00e7\u00e3o de pol\u00edcias e MPRJ \u00e9 deflagrada em Resende, Itatiaia e Volta Redonda - JORNAL BEIRA RIO","robots":{"index":"index","follow":"follow","max-snippet":"max-snippet:-1","max-image-preview":"max-image-preview:large","max-video-preview":"max-video-preview:-1"},"canonical":"https:\/\/jornalbeirario.com.br\/portal\/?p=61630","og_locale":"pt_BR","og_type":"article","og_title":"Opera\u00e7\u00e3o de pol\u00edcias e MPRJ \u00e9 deflagrada em Resende, Itatiaia e Volta Redonda - JORNAL BEIRA RIO","og_description":"Na manh\u00e3 desta ter\u00e7a-feira, dia 16, foi deflagrada pelo Minist\u00e9rio P\u00fablico do Rio de Janeiro (MPRJ), em a\u00e7\u00e3o conjunta com a Pol\u00edcia Federal e","og_url":"https:\/\/jornalbeirario.com.br\/portal\/?p=61630","og_site_name":"JORNAL BEIRA RIO","article_published_time":"2018-10-16T12:27:18+00:00","article_modified_time":"2018-10-16T13:22:28+00:00","og_image":[{"width":1100,"height":470,"url":"https:\/\/jornalbeirario.com.br\/portal\/wp-content\/uploads\/2018\/10\/policiaisresende1.jpg","type":"image\/jpeg"}],"author":"Jornal BEIRA-RIO","twitter_card":"summary_large_image","twitter_misc":{"Escrito por":"Jornal BEIRA-RIO","Est. tempo de leitura":"2 minutos"},"schema":{"@context":"https:\/\/schema.org","@graph":[{"@type":"Article","@id":"https:\/\/jornalbeirario.com.br\/portal\/?p=61630#article","isPartOf":{"@id":"https:\/\/jornalbeirario.com.br\/portal\/?p=61630"},"author":{"name":"Jornal BEIRA-RIO","@id":"https:\/\/jornalbeirario.com.br\/portal\/#\/schema\/person\/c6c423e4c2465d2a9233f6539173e7c1"},"headline":"Opera\u00e7\u00e3o de pol\u00edcias e MPRJ \u00e9 deflagrada em Resende, Itatiaia e Volta Redonda","datePublished":"2018-10-16T12:27:18+00:00","dateModified":"2018-10-16T13:22:28+00:00","mainEntityOfPage":{"@id":"https:\/\/jornalbeirario.com.br\/portal\/?p=61630"},"wordCount":410,"commentCount":0,"publisher":{"@id":"https:\/\/jornalbeirario.com.br\/portal\/#organization"},"image":{"@id":"https:\/\/jornalbeirario.com.br\/portal\/?p=61630#primaryimage"},"thumbnailUrl":"https:\/\/jornalbeirario.com.br\/portal\/wp-content\/uploads\/2018\/10\/policiaisresende1.jpg","articleSection":["Manchete","Pol\u00edcia"],"inLanguage":"pt-BR","potentialAction":[{"@type":"CommentAction","name":"Comment","target":["https:\/\/jornalbeirario.com.br\/portal\/?p=61630#respond"]}]},{"@type":"WebPage","@id":"https:\/\/jornalbeirario.com.br\/portal\/?p=61630","url":"https:\/\/jornalbeirario.com.br\/portal\/?p=61630","name":"Opera\u00e7\u00e3o de pol\u00edcias e MPRJ \u00e9 deflagrada em Resende, Itatiaia e Volta Redonda - JORNAL BEIRA RIO","isPartOf":{"@id":"https:\/\/jornalbeirario.com.br\/portal\/#website"},"primaryImageOfPage":{"@id":"https:\/\/jornalbeirario.com.br\/portal\/?p=61630#primaryimage"},"image":{"@id":"https:\/\/jornalbeirario.com.br\/portal\/?p=61630#primaryimage"},"thumbnailUrl":"https:\/\/jornalbeirario.com.br\/portal\/wp-content\/uploads\/2018\/10\/policiaisresende1.jpg","datePublished":"2018-10-16T12:27:18+00:00","dateModified":"2018-10-16T13:22:28+00:00","breadcrumb":{"@id":"https:\/\/jornalbeirario.com.br\/portal\/?p=61630#breadcrumb"},"inLanguage":"pt-BR","potentialAction":[{"@type":"ReadAction","target":["https:\/\/jornalbeirario.com.br\/portal\/?p=61630"]}]},{"@type":"ImageObject","inLanguage":"pt-BR","@id":"https:\/\/jornalbeirario.com.br\/portal\/?p=61630#primaryimage","url":"https:\/\/jornalbeirario.com.br\/portal\/wp-content\/uploads\/2018\/10\/policiaisresende1.jpg","contentUrl":"https:\/\/jornalbeirario.com.br\/portal\/wp-content\/uploads\/2018\/10\/policiaisresende1.jpg","width":1100,"height":470},{"@type":"BreadcrumbList","@id":"https:\/\/jornalbeirario.com.br\/portal\/?p=61630#breadcrumb","itemListElement":[{"@type":"ListItem","position":1,"name":"Home","item":"https:\/\/jornalbeirario.com.br\/portal"},{"@type":"ListItem","position":2,"name":"Opera\u00e7\u00e3o de pol\u00edcias e MPRJ \u00e9 deflagrada em Resende, Itatiaia e Volta Redonda"}]},{"@type":"WebSite","@id":"https:\/\/jornalbeirario.com.br\/portal\/#website","url":"https:\/\/jornalbeirario.com.br\/portal\/","name":"JORNAL BEIRA RIO","description":"","publisher":{"@id":"https:\/\/jornalbeirario.com.br\/portal\/#organization"},"potentialAction":[{"@type":"SearchAction","target":{"@type":"EntryPoint","urlTemplate":"https:\/\/jornalbeirario.com.br\/portal\/?s={search_term_string}"},"query-input":{"@type":"PropertyValueSpecification","valueRequired":true,"valueName":"search_term_string"}}],"inLanguage":"pt-BR"},{"@type":"Organization","@id":"https:\/\/jornalbeirario.com.br\/portal\/#organization","name":"JORNAL BEIRA RIO","url":"https:\/\/jornalbeirario.com.br\/portal\/","logo":{"@type":"ImageObject","inLanguage":"pt-BR","@id":"https:\/\/jornalbeirario.com.br\/portal\/#\/schema\/logo\/image\/","url":"https:\/\/jornalbeirario.com.br\/portal\/wp-content\/uploads\/2017\/09\/BEIRA-RIO_logo600.png","contentUrl":"https:\/\/jornalbeirario.com.br\/portal\/wp-content\/uploads\/2017\/09\/BEIRA-RIO_logo600.png","width":650,"height":108,"caption":"JORNAL BEIRA RIO"},"image":{"@id":"https:\/\/jornalbeirario.com.br\/portal\/#\/schema\/logo\/image\/"}},{"@type":"Person","@id":"https:\/\/jornalbeirario.com.br\/portal\/#\/schema\/person\/c6c423e4c2465d2a9233f6539173e7c1","name":"Jornal BEIRA-RIO","image":{"@type":"ImageObject","inLanguage":"pt-BR","@id":"https:\/\/jornalbeirario.com.br\/portal\/wp-content\/uploads\/2023\/10\/logojbr1.jpg","url":"https:\/\/jornalbeirario.com.br\/portal\/wp-content\/uploads\/2023\/10\/logojbr1.jpg","contentUrl":"https:\/\/jornalbeirario.com.br\/portal\/wp-content\/uploads\/2023\/10\/logojbr1.jpg","caption":"Jornal BEIRA-RIO"},"url":"https:\/\/jornalbeirario.com.br\/portal\/?author=1"}]}},"_links":{"self":[{"href":"https:\/\/jornalbeirario.com.br\/portal\/index.php?rest_route=\/wp\/v2\/posts\/61630","targetHints":{"allow":["GET"]}}],"collection":[{"href":"https:\/\/jornalbeirario.com.br\/portal\/index.php?rest_route=\/wp\/v2\/posts"}],"about":[{"href":"https:\/\/jornalbeirario.com.br\/portal\/index.php?rest_route=\/wp\/v2\/types\/post"}],"author":[{"embeddable":true,"href":"https:\/\/jornalbeirario.com.br\/portal\/index.php?rest_route=\/wp\/v2\/users\/1"}],"replies":[{"embeddable":true,"href":"https:\/\/jornalbeirario.com.br\/portal\/index.php?rest_route=%2Fwp%2Fv2%2Fcomments&post=61630"}],"version-history":[{"count":11,"href":"https:\/\/jornalbeirario.com.br\/portal\/index.php?rest_route=\/wp\/v2\/posts\/61630\/revisions"}],"predecessor-version":[{"id":61649,"href":"https:\/\/jornalbeirario.com.br\/portal\/index.php?rest_route=\/wp\/v2\/posts\/61630\/revisions\/61649"}],"wp:featuredmedia":[{"embeddable":true,"href":"https:\/\/jornalbeirario.com.br\/portal\/index.php?rest_route=\/wp\/v2\/media\/61633"}],"wp:attachment":[{"href":"https:\/\/jornalbeirario.com.br\/portal\/index.php?rest_route=%2Fwp%2Fv2%2Fmedia&parent=61630"}],"wp:term":[{"taxonomy":"category","embeddable":true,"href":"https:\/\/jornalbeirario.com.br\/portal\/index.php?rest_route=%2Fwp%2Fv2%2Fcategories&post=61630"},{"taxonomy":"post_tag","embeddable":true,"href":"https:\/\/jornalbeirario.com.br\/portal\/index.php?rest_route=%2Fwp%2Fv2%2Ftags&post=61630"}],"curies":[{"name":"wp","href":"https:\/\/api.w.org\/{rel}","templated":true}]}}