
{"id":61501,"date":"2018-10-08T14:13:16","date_gmt":"2018-10-08T17:13:16","guid":{"rendered":"http:\/\/jornalbeirario.com.br\/portal\/?p=61501"},"modified":"2018-10-08T14:55:50","modified_gmt":"2018-10-08T17:55:50","slug":"regiao-ajuda-a-reeleger-serfiotis-e-eleger-candidato-forasteiro","status":"publish","type":"post","link":"https:\/\/jornalbeirario.com.br\/portal\/?p=61501","title":{"rendered":"Regi\u00e3o ajuda a reeleger Serfiotis e eleger candidato &#8220;forasteiro&#8221;"},"content":{"rendered":"<figure id=\"attachment_61528\" aria-describedby=\"caption-attachment-61528\" style=\"width: 300px\" class=\"wp-caption alignleft\"><img loading=\"lazy\" decoding=\"async\" class=\"size-medium wp-image-61528\" src=\"https:\/\/jornalbeirario.com.br\/portal\/wp-content\/uploads\/2018\/10\/aserfiotis2-300x225.jpg\" alt=\"\" width=\"300\" height=\"225\" srcset=\"https:\/\/jornalbeirario.com.br\/portal\/wp-content\/uploads\/2018\/10\/aserfiotis2-300x225.jpg 300w, https:\/\/jornalbeirario.com.br\/portal\/wp-content\/uploads\/2018\/10\/aserfiotis2.jpg 640w\" sizes=\"auto, (max-width: 300px) 100vw, 300px\" \/><figcaption id=\"caption-attachment-61528\" class=\"wp-caption-text\">Deputado Serfiotis foi reeleito para mais um mandato como deputado federal (Foto: Divulga\u00e7\u00e3o\/Assessoria Alexandre Serfiotis)<\/figcaption><\/figure>\n<p style=\"text-align: justify;\">O deputado federal Alexandre Serfiotis (PSD) foi reeleito para mais um mandato na C\u00e2mara Federal. Filho do ex-prefeito de Porto Real, Jorge Serfiotis, morto no ano passado, o m\u00e9dico cardiologista\u00a0obteve um total de 37.526 votos, o equivalente a 0,49% dos votos v\u00e1lidos.<\/p>\n<p style=\"text-align: justify;\">Ele foi o terceiro mais votado dentre os correligion\u00e1rios do PSD no Rio de Janeiro e o 49\u00ba na rela\u00e7\u00e3o geral dos candidatos ao Congresso Nacional em territ\u00f3rio fluminense. O candidato mais votado a deputado federal pelo Rio de Janeiro foi Helio Fernando Barbosa Lopes (PSL) com 345.234 votos (4,47% dos votos v\u00e1lidos).<\/p>\n<p style=\"text-align: justify;\">Al\u00e9m de Serfiotis, outro candidato eleito na regi\u00e3o foi o delegado\u00a0Antonio Furtado (PSL), o mais votado da regi\u00e3o, com pouco mais de 104 mil votos. A regi\u00e3o teve mais dois candidatos eleitos, estes no Centro-Sul Fluminense:\u00a0Vin\u00edcius Farah (MDB), ex-prefeito de Tr\u00eas Rios; e Luiz Ant\u00f4nio (DC), de Valen\u00e7a.<\/p>\n<p style=\"text-align: justify;\">O PARAQUEDISTA<br \/>\nO candidato de Porto Real n\u00e3o foi o \u00fanico apoiado em Resende e regi\u00e3o. Outros candidatos, considerados forasteiros, receberam o apoio de autoridades de Resende, entre elas o prefeito Diogo Balieiro (DEM), tamb\u00e9m conseguiram se eleger. \u00c9 o caso do candidato a deputado estadual Max Lemos (MDB), advogado e\u00a0ex-prefeito de Queimados, na Baixada Fluminense, considerado o homem de confian\u00e7a da fam\u00edlia Picciani. Segundo informa\u00e7\u00f5es da imprensa local, Lemos estaria provocando um mal-estar no diret\u00f3rio estadual do partido devido \u00e0s estrat\u00e9gias de campanha adotadas junto a\u00a0candidatos a deputado federal e cidades do interior fluminense.<\/p>\n<p style=\"text-align: justify;\">Ele foi o d\u00e9cimo-terceiro candidato mais votado, e obteve mais de 59 mil votos, o equivalente a 0,77% do votos v\u00e1lidos.\u00a0 Somente em Resende, ele obteve 1.692 votos (2,73% dos votos v\u00e1lidos), e foi o terceiro mais votado. O munic\u00edpio, no entanto, n\u00e3o conseguiu eleger nenhum candidato federal ou estadual.<\/p>\n<p style=\"text-align: justify;\">Entre os candidatos \u00e0 Alerj, apesar de estarem nas duas primeiras coloca\u00e7\u00f5es em Resende, Noel de Carvalho (PSDB), com 19.922 votos (32,16% dos votos v\u00e1lidos) e Rafael Gattas (PP), com 2.693 votos (4,35% do total) n\u00e3o conseguiram ser eleitos. Entre os que tentavam uma vaga no Congresso, Luiz Fernando Pedra (PSD) teve mais votos que Alexandre Serfiotis no munic\u00edpio (7.821 votos, um total de 12,56% dos votos v\u00e1lidos), e tamb\u00e9m n\u00e3o obteve sucesso nas urnas.<\/p>\n<p style=\"text-align: justify;\">Outros dois candidatos foram eleitos para a Assembleia Legislativa do Estado do Rio de Janeiro (Alerj). Marcelo Cabeleireiro, de Barra Mansa (DC), foi eleito com quase 18 mil votos, enquanto Gustavo Tutuca (MDB), de Pira\u00ed, foi eleito com mais de 49 mil votos. Confira os resultados:<\/p>\n<p style=\"text-align: justify;\">Deputados Estaduais eleitos no Rio de Janeiro (clique <a href=\"https:\/\/jornalbeirario.com.br\/portal\/wp-content\/uploads\/2018\/10\/deputados-estaduais-rj.pdf\">aqui<\/a>)<\/p>\n<p style=\"text-align: justify;\">Deputados Federais eleitos no Rio de Janeiro (clique <a href=\"https:\/\/jornalbeirario.com.br\/portal\/wp-content\/uploads\/2018\/10\/deputados-federais-rj.pdf\">aqui<\/a>)<\/p>\n<p style=\"text-align: justify;\">NORDESTE LEVA AO SEGUNDO TURNO<br \/>\nEm quase todas as regi\u00f5es, o candidato Jair Bolsonaro (PSL) venceu as disputas. O militar da reserva obteve 46% dos votos em primeiro turno, contra 29,3% de Fernando Haddad (PT) e 12,5% para Ciro Gomes (PDT), e <a href=\"https:\/\/jornalbeirario.com.br\/portal\/?p=61474\">disputar\u00e1 o segundo turno<\/a>, no pr\u00f3ximo dia 28. O Sudeste foi a regi\u00e3o onde Bolsonaro teve a maior vota\u00e7\u00e3o, com 53%, contra 19% de Haddad e 12% de Ciro. J\u00e1 no Nordeste, o ex-prefeito de S\u00e3o Paulo leva a melhor, com 51% dos votos, contra 26% de Bolsonaro e 17% de Ciro. Confira o resultado nas demais regi\u00f5es:<\/p>\n<p style=\"text-align: justify;\">&#8211; Centro-Oeste: 58% Bolsonaro, 21% Haddad, 10% Ciro.<\/p>\n<p style=\"text-align: justify;\">&#8211; Norte: 43% Bolsonaro, 37% Haddad, 9% Ciro.<\/p>\n<p style=\"text-align: justify;\">&#8211; Sul: 57% Bolsonaro, 20% Haddad, 9% Ciro.<\/p>\n<p style=\"text-align: justify;\">Confira os demais resultados das elei\u00e7\u00f5es:<\/p>\n<p style=\"text-align: justify;\">Presidente &#8211; Brasil (clique <a href=\"https:\/\/jornalbeirario.com.br\/portal\/wp-content\/uploads\/2018\/10\/Presidente.pdf\">aqui<\/a>)<\/p>\n<p style=\"text-align: justify;\">Presidente &#8211; RJ (clique <a href=\"https:\/\/jornalbeirario.com.br\/portal\/wp-content\/uploads\/2018\/10\/Presidente-RJ.pdf\">aqui<\/a>)<\/p>\n<p style=\"text-align: justify;\">Governador Rio de Janeiro (clique <a href=\"https:\/\/jornalbeirario.com.br\/portal\/wp-content\/uploads\/2018\/10\/Governador-RJ.pdf\">aqui<\/a>)<\/p>\n<p style=\"text-align: justify;\">Senadores eleitos no Rio de Janeiro (clique <a href=\"https:\/\/jornalbeirario.com.br\/portal\/wp-content\/uploads\/2018\/10\/Senador-RJ.pdf\">aqui<\/a>)<\/p>\n","protected":false},"excerpt":{"rendered":"<p>O deputado federal Alexandre Serfiotis (PSD) foi reeleito para mais um mandato na C\u00e2mara Federal. Filho do ex-prefeito de Porto Real, Jorge Serfiotis, morto<\/p>\n","protected":false},"author":1,"featured_media":61527,"comment_status":"open","ping_status":"open","sticky":false,"template":"","format":"standard","meta":{"pmpro_default_level":"","footnotes":"","_members_access_role":[],"_members_access_error":""},"categories":[232,227],"tags":[],"class_list":["post-61501","post","type-post","status-publish","format-standard","has-post-thumbnail","hentry","category-eleicoes-2018","category-manchete","pmpro-has-access"],"yoast_head":"<!-- This site is optimized with the Yoast SEO plugin v28.4 - https:\/\/yoast.com\/product\/yoast-seo-wordpress\/ -->\n<title>Regi\u00e3o ajuda a reeleger Serfiotis e eleger candidato &quot;forasteiro&quot; - JORNAL BEIRA RIO<\/title>\n<meta name=\"robots\" content=\"index, follow, max-snippet:-1, max-image-preview:large, max-video-preview:-1\" \/>\n<link rel=\"canonical\" href=\"https:\/\/jornalbeirario.com.br\/portal\/?p=61501\" \/>\n<meta property=\"og:locale\" content=\"pt_BR\" \/>\n<meta property=\"og:type\" content=\"article\" \/>\n<meta property=\"og:title\" content=\"Regi\u00e3o ajuda a reeleger Serfiotis e eleger candidato &quot;forasteiro&quot; - JORNAL BEIRA RIO\" \/>\n<meta property=\"og:description\" content=\"O deputado federal Alexandre Serfiotis (PSD) foi reeleito para mais um mandato na C\u00e2mara Federal. Filho do ex-prefeito de Porto Real, Jorge Serfiotis, morto\" \/>\n<meta property=\"og:url\" content=\"https:\/\/jornalbeirario.com.br\/portal\/?p=61501\" \/>\n<meta property=\"og:site_name\" content=\"JORNAL BEIRA RIO\" \/>\n<meta property=\"article:published_time\" content=\"2018-10-08T17:13:16+00:00\" \/>\n<meta property=\"article:modified_time\" content=\"2018-10-08T17:55:50+00:00\" \/>\n<meta property=\"og:image\" content=\"https:\/\/jornalbeirario.com.br\/portal\/wp-content\/uploads\/2018\/10\/aserfiotis1.jpg\" \/>\n\t<meta property=\"og:image:width\" content=\"1100\" \/>\n\t<meta property=\"og:image:height\" content=\"470\" \/>\n\t<meta property=\"og:image:type\" content=\"image\/jpeg\" \/>\n<meta name=\"author\" content=\"Jornal BEIRA-RIO\" \/>\n<meta name=\"twitter:card\" content=\"summary_large_image\" \/>\n<meta name=\"twitter:label1\" content=\"Escrito por\" \/>\n\t<meta name=\"twitter:data1\" content=\"Jornal BEIRA-RIO\" \/>\n\t<meta name=\"twitter:label2\" content=\"Est. tempo de leitura\" \/>\n\t<meta name=\"twitter:data2\" content=\"3 minutos\" \/>\n<script type=\"application\/ld+json\" class=\"yoast-schema-graph\">{\"@context\":\"https:\\\/\\\/schema.org\",\"@graph\":[{\"@type\":\"Article\",\"@id\":\"https:\\\/\\\/jornalbeirario.com.br\\\/portal\\\/?p=61501#article\",\"isPartOf\":{\"@id\":\"https:\\\/\\\/jornalbeirario.com.br\\\/portal\\\/?p=61501\"},\"author\":{\"name\":\"Jornal BEIRA-RIO\",\"@id\":\"https:\\\/\\\/jornalbeirario.com.br\\\/portal\\\/#\\\/schema\\\/person\\\/c6c423e4c2465d2a9233f6539173e7c1\"},\"headline\":\"Regi\u00e3o ajuda a reeleger Serfiotis e eleger candidato &#8220;forasteiro&#8221;\",\"datePublished\":\"2018-10-08T17:13:16+00:00\",\"dateModified\":\"2018-10-08T17:55:50+00:00\",\"mainEntityOfPage\":{\"@id\":\"https:\\\/\\\/jornalbeirario.com.br\\\/portal\\\/?p=61501\"},\"wordCount\":623,\"commentCount\":0,\"publisher\":{\"@id\":\"https:\\\/\\\/jornalbeirario.com.br\\\/portal\\\/#organization\"},\"image\":{\"@id\":\"https:\\\/\\\/jornalbeirario.com.br\\\/portal\\\/?p=61501#primaryimage\"},\"thumbnailUrl\":\"https:\\\/\\\/jornalbeirario.com.br\\\/portal\\\/wp-content\\\/uploads\\\/2018\\\/10\\\/aserfiotis1.jpg\",\"articleSection\":[\"Elei\u00e7\u00f5es 2018\",\"Manchete\"],\"inLanguage\":\"pt-BR\",\"potentialAction\":[{\"@type\":\"CommentAction\",\"name\":\"Comment\",\"target\":[\"https:\\\/\\\/jornalbeirario.com.br\\\/portal\\\/?p=61501#respond\"]}]},{\"@type\":\"WebPage\",\"@id\":\"https:\\\/\\\/jornalbeirario.com.br\\\/portal\\\/?p=61501\",\"url\":\"https:\\\/\\\/jornalbeirario.com.br\\\/portal\\\/?p=61501\",\"name\":\"Regi\u00e3o ajuda a reeleger Serfiotis e eleger candidato \\\"forasteiro\\\" - JORNAL BEIRA RIO\",\"isPartOf\":{\"@id\":\"https:\\\/\\\/jornalbeirario.com.br\\\/portal\\\/#website\"},\"primaryImageOfPage\":{\"@id\":\"https:\\\/\\\/jornalbeirario.com.br\\\/portal\\\/?p=61501#primaryimage\"},\"image\":{\"@id\":\"https:\\\/\\\/jornalbeirario.com.br\\\/portal\\\/?p=61501#primaryimage\"},\"thumbnailUrl\":\"https:\\\/\\\/jornalbeirario.com.br\\\/portal\\\/wp-content\\\/uploads\\\/2018\\\/10\\\/aserfiotis1.jpg\",\"datePublished\":\"2018-10-08T17:13:16+00:00\",\"dateModified\":\"2018-10-08T17:55:50+00:00\",\"breadcrumb\":{\"@id\":\"https:\\\/\\\/jornalbeirario.com.br\\\/portal\\\/?p=61501#breadcrumb\"},\"inLanguage\":\"pt-BR\",\"potentialAction\":[{\"@type\":\"ReadAction\",\"target\":[\"https:\\\/\\\/jornalbeirario.com.br\\\/portal\\\/?p=61501\"]}]},{\"@type\":\"ImageObject\",\"inLanguage\":\"pt-BR\",\"@id\":\"https:\\\/\\\/jornalbeirario.com.br\\\/portal\\\/?p=61501#primaryimage\",\"url\":\"https:\\\/\\\/jornalbeirario.com.br\\\/portal\\\/wp-content\\\/uploads\\\/2018\\\/10\\\/aserfiotis1.jpg\",\"contentUrl\":\"https:\\\/\\\/jornalbeirario.com.br\\\/portal\\\/wp-content\\\/uploads\\\/2018\\\/10\\\/aserfiotis1.jpg\",\"width\":1100,\"height\":470},{\"@type\":\"BreadcrumbList\",\"@id\":\"https:\\\/\\\/jornalbeirario.com.br\\\/portal\\\/?p=61501#breadcrumb\",\"itemListElement\":[{\"@type\":\"ListItem\",\"position\":1,\"name\":\"Home\",\"item\":\"https:\\\/\\\/jornalbeirario.com.br\\\/portal\"},{\"@type\":\"ListItem\",\"position\":2,\"name\":\"Regi\u00e3o ajuda a reeleger Serfiotis e eleger candidato &#8220;forasteiro&#8221;\"}]},{\"@type\":\"WebSite\",\"@id\":\"https:\\\/\\\/jornalbeirario.com.br\\\/portal\\\/#website\",\"url\":\"https:\\\/\\\/jornalbeirario.com.br\\\/portal\\\/\",\"name\":\"JORNAL BEIRA RIO\",\"description\":\"\",\"publisher\":{\"@id\":\"https:\\\/\\\/jornalbeirario.com.br\\\/portal\\\/#organization\"},\"potentialAction\":[{\"@type\":\"SearchAction\",\"target\":{\"@type\":\"EntryPoint\",\"urlTemplate\":\"https:\\\/\\\/jornalbeirario.com.br\\\/portal\\\/?s={search_term_string}\"},\"query-input\":{\"@type\":\"PropertyValueSpecification\",\"valueRequired\":true,\"valueName\":\"search_term_string\"}}],\"inLanguage\":\"pt-BR\"},{\"@type\":\"Organization\",\"@id\":\"https:\\\/\\\/jornalbeirario.com.br\\\/portal\\\/#organization\",\"name\":\"JORNAL BEIRA RIO\",\"url\":\"https:\\\/\\\/jornalbeirario.com.br\\\/portal\\\/\",\"logo\":{\"@type\":\"ImageObject\",\"inLanguage\":\"pt-BR\",\"@id\":\"https:\\\/\\\/jornalbeirario.com.br\\\/portal\\\/#\\\/schema\\\/logo\\\/image\\\/\",\"url\":\"https:\\\/\\\/jornalbeirario.com.br\\\/portal\\\/wp-content\\\/uploads\\\/2017\\\/09\\\/BEIRA-RIO_logo600.png\",\"contentUrl\":\"https:\\\/\\\/jornalbeirario.com.br\\\/portal\\\/wp-content\\\/uploads\\\/2017\\\/09\\\/BEIRA-RIO_logo600.png\",\"width\":650,\"height\":108,\"caption\":\"JORNAL BEIRA RIO\"},\"image\":{\"@id\":\"https:\\\/\\\/jornalbeirario.com.br\\\/portal\\\/#\\\/schema\\\/logo\\\/image\\\/\"}},{\"@type\":\"Person\",\"@id\":\"https:\\\/\\\/jornalbeirario.com.br\\\/portal\\\/#\\\/schema\\\/person\\\/c6c423e4c2465d2a9233f6539173e7c1\",\"name\":\"Jornal BEIRA-RIO\",\"image\":{\"@type\":\"ImageObject\",\"inLanguage\":\"pt-BR\",\"@id\":\"https:\\\/\\\/jornalbeirario.com.br\\\/portal\\\/wp-content\\\/uploads\\\/2023\\\/10\\\/logojbr1.jpg\",\"url\":\"https:\\\/\\\/jornalbeirario.com.br\\\/portal\\\/wp-content\\\/uploads\\\/2023\\\/10\\\/logojbr1.jpg\",\"contentUrl\":\"https:\\\/\\\/jornalbeirario.com.br\\\/portal\\\/wp-content\\\/uploads\\\/2023\\\/10\\\/logojbr1.jpg\",\"caption\":\"Jornal BEIRA-RIO\"},\"url\":\"https:\\\/\\\/jornalbeirario.com.br\\\/portal\\\/?author=1\"}]}<\/script>\n<!-- \/ Yoast SEO plugin. -->","yoast_head_json":{"title":"Regi\u00e3o ajuda a reeleger Serfiotis e eleger candidato \"forasteiro\" - JORNAL BEIRA RIO","robots":{"index":"index","follow":"follow","max-snippet":"max-snippet:-1","max-image-preview":"max-image-preview:large","max-video-preview":"max-video-preview:-1"},"canonical":"https:\/\/jornalbeirario.com.br\/portal\/?p=61501","og_locale":"pt_BR","og_type":"article","og_title":"Regi\u00e3o ajuda a reeleger Serfiotis e eleger candidato \"forasteiro\" - JORNAL BEIRA RIO","og_description":"O deputado federal Alexandre Serfiotis (PSD) foi reeleito para mais um mandato na C\u00e2mara Federal. Filho do ex-prefeito de Porto Real, Jorge Serfiotis, morto","og_url":"https:\/\/jornalbeirario.com.br\/portal\/?p=61501","og_site_name":"JORNAL BEIRA RIO","article_published_time":"2018-10-08T17:13:16+00:00","article_modified_time":"2018-10-08T17:55:50+00:00","og_image":[{"width":1100,"height":470,"url":"https:\/\/jornalbeirario.com.br\/portal\/wp-content\/uploads\/2018\/10\/aserfiotis1.jpg","type":"image\/jpeg"}],"author":"Jornal BEIRA-RIO","twitter_card":"summary_large_image","twitter_misc":{"Escrito por":"Jornal BEIRA-RIO","Est. tempo de leitura":"3 minutos"},"schema":{"@context":"https:\/\/schema.org","@graph":[{"@type":"Article","@id":"https:\/\/jornalbeirario.com.br\/portal\/?p=61501#article","isPartOf":{"@id":"https:\/\/jornalbeirario.com.br\/portal\/?p=61501"},"author":{"name":"Jornal BEIRA-RIO","@id":"https:\/\/jornalbeirario.com.br\/portal\/#\/schema\/person\/c6c423e4c2465d2a9233f6539173e7c1"},"headline":"Regi\u00e3o ajuda a reeleger Serfiotis e eleger candidato &#8220;forasteiro&#8221;","datePublished":"2018-10-08T17:13:16+00:00","dateModified":"2018-10-08T17:55:50+00:00","mainEntityOfPage":{"@id":"https:\/\/jornalbeirario.com.br\/portal\/?p=61501"},"wordCount":623,"commentCount":0,"publisher":{"@id":"https:\/\/jornalbeirario.com.br\/portal\/#organization"},"image":{"@id":"https:\/\/jornalbeirario.com.br\/portal\/?p=61501#primaryimage"},"thumbnailUrl":"https:\/\/jornalbeirario.com.br\/portal\/wp-content\/uploads\/2018\/10\/aserfiotis1.jpg","articleSection":["Elei\u00e7\u00f5es 2018","Manchete"],"inLanguage":"pt-BR","potentialAction":[{"@type":"CommentAction","name":"Comment","target":["https:\/\/jornalbeirario.com.br\/portal\/?p=61501#respond"]}]},{"@type":"WebPage","@id":"https:\/\/jornalbeirario.com.br\/portal\/?p=61501","url":"https:\/\/jornalbeirario.com.br\/portal\/?p=61501","name":"Regi\u00e3o ajuda a reeleger Serfiotis e eleger candidato \"forasteiro\" - JORNAL BEIRA RIO","isPartOf":{"@id":"https:\/\/jornalbeirario.com.br\/portal\/#website"},"primaryImageOfPage":{"@id":"https:\/\/jornalbeirario.com.br\/portal\/?p=61501#primaryimage"},"image":{"@id":"https:\/\/jornalbeirario.com.br\/portal\/?p=61501#primaryimage"},"thumbnailUrl":"https:\/\/jornalbeirario.com.br\/portal\/wp-content\/uploads\/2018\/10\/aserfiotis1.jpg","datePublished":"2018-10-08T17:13:16+00:00","dateModified":"2018-10-08T17:55:50+00:00","breadcrumb":{"@id":"https:\/\/jornalbeirario.com.br\/portal\/?p=61501#breadcrumb"},"inLanguage":"pt-BR","potentialAction":[{"@type":"ReadAction","target":["https:\/\/jornalbeirario.com.br\/portal\/?p=61501"]}]},{"@type":"ImageObject","inLanguage":"pt-BR","@id":"https:\/\/jornalbeirario.com.br\/portal\/?p=61501#primaryimage","url":"https:\/\/jornalbeirario.com.br\/portal\/wp-content\/uploads\/2018\/10\/aserfiotis1.jpg","contentUrl":"https:\/\/jornalbeirario.com.br\/portal\/wp-content\/uploads\/2018\/10\/aserfiotis1.jpg","width":1100,"height":470},{"@type":"BreadcrumbList","@id":"https:\/\/jornalbeirario.com.br\/portal\/?p=61501#breadcrumb","itemListElement":[{"@type":"ListItem","position":1,"name":"Home","item":"https:\/\/jornalbeirario.com.br\/portal"},{"@type":"ListItem","position":2,"name":"Regi\u00e3o ajuda a reeleger Serfiotis e eleger candidato &#8220;forasteiro&#8221;"}]},{"@type":"WebSite","@id":"https:\/\/jornalbeirario.com.br\/portal\/#website","url":"https:\/\/jornalbeirario.com.br\/portal\/","name":"JORNAL BEIRA RIO","description":"","publisher":{"@id":"https:\/\/jornalbeirario.com.br\/portal\/#organization"},"potentialAction":[{"@type":"SearchAction","target":{"@type":"EntryPoint","urlTemplate":"https:\/\/jornalbeirario.com.br\/portal\/?s={search_term_string}"},"query-input":{"@type":"PropertyValueSpecification","valueRequired":true,"valueName":"search_term_string"}}],"inLanguage":"pt-BR"},{"@type":"Organization","@id":"https:\/\/jornalbeirario.com.br\/portal\/#organization","name":"JORNAL BEIRA RIO","url":"https:\/\/jornalbeirario.com.br\/portal\/","logo":{"@type":"ImageObject","inLanguage":"pt-BR","@id":"https:\/\/jornalbeirario.com.br\/portal\/#\/schema\/logo\/image\/","url":"https:\/\/jornalbeirario.com.br\/portal\/wp-content\/uploads\/2017\/09\/BEIRA-RIO_logo600.png","contentUrl":"https:\/\/jornalbeirario.com.br\/portal\/wp-content\/uploads\/2017\/09\/BEIRA-RIO_logo600.png","width":650,"height":108,"caption":"JORNAL BEIRA RIO"},"image":{"@id":"https:\/\/jornalbeirario.com.br\/portal\/#\/schema\/logo\/image\/"}},{"@type":"Person","@id":"https:\/\/jornalbeirario.com.br\/portal\/#\/schema\/person\/c6c423e4c2465d2a9233f6539173e7c1","name":"Jornal BEIRA-RIO","image":{"@type":"ImageObject","inLanguage":"pt-BR","@id":"https:\/\/jornalbeirario.com.br\/portal\/wp-content\/uploads\/2023\/10\/logojbr1.jpg","url":"https:\/\/jornalbeirario.com.br\/portal\/wp-content\/uploads\/2023\/10\/logojbr1.jpg","contentUrl":"https:\/\/jornalbeirario.com.br\/portal\/wp-content\/uploads\/2023\/10\/logojbr1.jpg","caption":"Jornal BEIRA-RIO"},"url":"https:\/\/jornalbeirario.com.br\/portal\/?author=1"}]}},"_links":{"self":[{"href":"https:\/\/jornalbeirario.com.br\/portal\/index.php?rest_route=\/wp\/v2\/posts\/61501","targetHints":{"allow":["GET"]}}],"collection":[{"href":"https:\/\/jornalbeirario.com.br\/portal\/index.php?rest_route=\/wp\/v2\/posts"}],"about":[{"href":"https:\/\/jornalbeirario.com.br\/portal\/index.php?rest_route=\/wp\/v2\/types\/post"}],"author":[{"embeddable":true,"href":"https:\/\/jornalbeirario.com.br\/portal\/index.php?rest_route=\/wp\/v2\/users\/1"}],"replies":[{"embeddable":true,"href":"https:\/\/jornalbeirario.com.br\/portal\/index.php?rest_route=%2Fwp%2Fv2%2Fcomments&post=61501"}],"version-history":[{"count":28,"href":"https:\/\/jornalbeirario.com.br\/portal\/index.php?rest_route=\/wp\/v2\/posts\/61501\/revisions"}],"predecessor-version":[{"id":61538,"href":"https:\/\/jornalbeirario.com.br\/portal\/index.php?rest_route=\/wp\/v2\/posts\/61501\/revisions\/61538"}],"wp:featuredmedia":[{"embeddable":true,"href":"https:\/\/jornalbeirario.com.br\/portal\/index.php?rest_route=\/wp\/v2\/media\/61527"}],"wp:attachment":[{"href":"https:\/\/jornalbeirario.com.br\/portal\/index.php?rest_route=%2Fwp%2Fv2%2Fmedia&parent=61501"}],"wp:term":[{"taxonomy":"category","embeddable":true,"href":"https:\/\/jornalbeirario.com.br\/portal\/index.php?rest_route=%2Fwp%2Fv2%2Fcategories&post=61501"},{"taxonomy":"post_tag","embeddable":true,"href":"https:\/\/jornalbeirario.com.br\/portal\/index.php?rest_route=%2Fwp%2Fv2%2Ftags&post=61501"}],"curies":[{"name":"wp","href":"https:\/\/api.w.org\/{rel}","templated":true}]}}