
{"id":61425,"date":"2018-10-09T10:26:20","date_gmt":"2018-10-09T13:26:20","guid":{"rendered":"http:\/\/jornalbeirario.com.br\/portal\/?p=61425"},"modified":"2018-10-09T10:26:20","modified_gmt":"2018-10-09T13:26:20","slug":"obituario-49","status":"publish","type":"post","link":"https:\/\/jornalbeirario.com.br\/portal\/?p=61425","title":{"rendered":"Obitu\u00e1rio"},"content":{"rendered":"<p style=\"text-align: justify;\">A aposentada Eliza Apparecida de Andrade, 82, morreu dia 15, no Hospital Samer, de choque refrat\u00e1rio, sopro pneumonar, pneumonia, hipertens\u00e3o arterial sist\u00eamica e diabetes.<\/p>\n<p style=\"text-align: justify;\">Morreu dia 17 a dona de casa Crelaine Brito, 42, na UPA Resende, de infarto agudo do mioc\u00e1rdio.<\/p>\n<p style=\"text-align: justify;\">Dia 17, morreu o aposentado Antonio Jos\u00e9 da Concei\u00e7\u00e3o, 73, no Hospital de Emerg\u00eancia, de c\u00e2ncer de es\u00f4fago.<\/p>\n<p style=\"text-align: justify;\">A dom\u00e9stica Maria Jos\u00e9 de Almeida, 72, morreu dia 18 na Santa Casa de Resende, de pneumonia, pancitopenia e artrite reumatoide.<\/p>\n<p style=\"text-align: justify;\">Morreu dia 19 o aposentado Valter Luis Diniz da Costa, 53, no Hospital de Emerg\u00eancia, de choque misto, insufici\u00eancia renal aguda, doen\u00e7a pulmonar obstrutiva cr\u00f4nica, pneumonia, transtorno psiqui\u00e1trico, diabetes e hipertens\u00e3o arterial sist\u00eamica.<\/p>\n<p style=\"text-align: justify;\">Dia 19, morreu a dom\u00e9stica Therezinha Theodoro de Oliveira, 85, no Hospital de Emerg\u00eancia, de choque misto, pneumonia, gangrena \u00famida e oclus\u00e3o arterial aguda.<\/p>\n<p style=\"text-align: justify;\">O comerciante Gabriel Moreira de Souza, 27, morreu dia 20 em via p\u00fablica, de ferimentos penetrantes de cr\u00e2nio com les\u00e3o encef\u00e1lica e a\u00e7\u00e3o perfuro-contundente (PAF).<\/p>\n<p style=\"text-align: justify;\">Morreu dia 20 a dona de casa Vera L\u00facia de Souza Freitas, 58, no Hospital de Emerg\u00eancia, de insufici\u00eancia respirat\u00f3ria aguda, insufici\u00eancia renal cr\u00f4nica, acidose metab\u00f3lica grave e carcinoma uterino.<\/p>\n<p style=\"text-align: justify;\">Dia 21, morreu o pedreiro Tiago J\u00fanior da Silva Tavares, 41, na Estrada Bulh\u00f5es-Resende, de ferimento penetrante de cr\u00e2nio com les\u00e3o encef\u00e1lica e instrumento p\u00e9rfuro contundente (PAF).<\/p>\n<p style=\"text-align: justify;\">O ambulante Otacilio de Paula Filho, 52, morreu dia 21 na Santa Casa de Resende, de neurocriptococose e neurosifilis.<\/p>\n<p style=\"text-align: justify;\">Morreu dia 21 a aposentada Elizabete da Silva Dutra, 57, no Hospital de Emerg\u00eancia, de edema agudo do pulm\u00e3o, insufici\u00eancia card\u00edaca congestiva, insufici\u00eancia renal,hipertens\u00e3o arterial sist\u00eamica, diabetes e obesidade.<\/p>\n<p style=\"text-align: justify;\">Dia 23, morreu o aposentado Geraldo Rodrigues de Oliveira, 70, em casa no bairro Para\u00edso, de morte s\u00fabita, Mal de Alzheimer avan\u00e7ado e doen\u00e7a pulmonar obstrutiva cr\u00f4nica.<\/p>\n<p style=\"text-align: justify;\">O aposentado Zain Dias, 71, morreu dia 24 no Pronto Atendimento do Para\u00edso, de causa indeterminada segundo atestado de \u00f3bito assinado pelo m\u00e9dico Primo Jos\u00e9 Sobreira.<\/p>\n<p style=\"text-align: justify;\">Morreu dia 24 o aposentado Mario de Souza, 86, na UPA Resende, de causa indeterminada segundo atestado de \u00f3bito assinado pela m\u00e9dica Ana Elisa Romeu Azevedo.<\/p>\n<p style=\"text-align: justify;\">Dia 25, morreu a dom\u00e9stica Ana L\u00facia de F\u00e1tima Artur dos Santos, 57, em casa na Alegria, de causa desconhecida, segundo atestado de \u00f3bito assinado pela m\u00e9dica Ana Clara Gavi\u00e3o Corr\u00eaa.<\/p>\n<p style=\"text-align: justify;\">O pedreiro Jorge Carvalho, 70, morreu dia 26, na Santa Casa de Resende, de pneumonia.<\/p>\n<p style=\"text-align: justify;\">Morreu dia 26 o comerciante Jo\u00e3o Soares de Oliveira, 93, no Hospital da Unimed Resende, de insufici\u00eancia respirat\u00f3ria aguda, inala\u00e7\u00e3o do conte\u00fado g\u00e1strico, doen\u00e7a pulmonar obstrutiva cr\u00f4nica e linfoma n\u00e3o hodgkin.<\/p>\n<p style=\"text-align: justify;\">Dia 26, morreu a dona de casa Izabel da Silva Muela, 88, no Hospital da Unimed Resende, de inala\u00e7\u00e3o do conte\u00fado g\u00e1strico, dem\u00eancia na Doen\u00e7a de Alzheimer e sequela de AVC.<\/p>\n<p style=\"text-align: justify;\">A dona de casa Anna Rocha de Borba, 84, morreu dia 27, no Hospital da Unimed Resende, de disfun\u00e7\u00e3o org\u00e2nica m\u00faltipla e dem\u00eancia terminal.<\/p>\n<p style=\"text-align: justify;\">Morreu dia 28 a dom\u00e9stica Maria Jos\u00e9 Candida, 68, no Hospital de Emerg\u00eancia, de fal\u00eancia de m\u00faltiplos \u00f3rg\u00e3os, insufici\u00eancia renal aguda, desidrata\u00e7\u00e3o, desnutri\u00e7\u00e3o e caquexia.<\/p>\n<p style=\"text-align: justify;\">Dia 28, morreu a dona de casa Natalina Corr\u00eaa de Assis, 87, em casa no bairro Vila Hulda, de parada cardiorrespirat\u00f3ria, hipertens\u00e3o arterial, sist\u00eamica e neoplasia hep\u00e1tica.<\/p>\n<p style=\"text-align: justify;\">O jardineiro F\u00e1bio Siqueira Moreira, 33, morreu dia 29, na Estrada Resende-Arape\u00ed, de ferimento penetrante de cr\u00e2nio com les\u00e3o encef\u00e1lica.<\/p>\n<p style=\"text-align: justify;\">Morreu dia 30, morreu a aposentada Ana Rezende Almeida, 70, em casa no bairro Sa\u00fade, em S\u00e3o Paulo, de asfixia mec\u00e2nica e constri\u00e7\u00e3o cervical.<\/p>\n<p style=\"text-align: justify;\">Dia 30, morreu a dona de casa Clarice Gon\u00e7alves da Silva, 89, no Hospital de Emerg\u00eancia, de sepse e pneumonia.<\/p>\n<p style=\"text-align: justify;\">A dona de casa Regina de F\u00e1tima Silva, 57, morreu dia 1\u00ba em casa no bairro Vila Moderna, de parada cardiorrespirat\u00f3ria, sequela de AVE, hipertens\u00e3o arterial sist\u00eamica e gonartrose.<\/p>\n<p style=\"text-align: justify;\">Morreu dia 2 a dona de casa Margarida Zampieri de Lima, 92, no Hospital S\u00e3o Lucas, em Copacabana, no Rio de Janeiro, de choque s\u00e9ptico pulmonar, pneumonia broncoaspirativa e disfagia.<\/p>\n<p style=\"text-align: justify;\">Dia 2, morreu o pintor Paulo Pinheiro da Silva, 69, na Santa Casa de Resende, de pneumonia, silicose pulmonar e AVE isqu\u00eamico.<\/p>\n<p style=\"text-align: justify;\">A dona de casa In\u00e1cia Aparecida Ferreira de Siqueira, 67, morreu dia 3 na Santa Casa de Resende, de insufici\u00eancia card\u00edaca.<\/p>\n<p style=\"text-align: justify;\">Morreu dia 3 o aut\u00f4nomo Ivan de Souza Balieiro, 64, na Santa Casa de Resende, de sepse pulmonar.<\/p>\n","protected":false},"excerpt":{"rendered":"<p>A aposentada Eliza Apparecida de Andrade, 82, morreu dia 15, no Hospital Samer, de choque refrat\u00e1rio, sopro pneumonar, pneumonia, hipertens\u00e3o arterial sist\u00eamica e diabetes.<\/p>\n","protected":false},"author":1,"featured_media":51903,"comment_status":"open","ping_status":"open","sticky":false,"template":"","format":"standard","meta":{"pmpro_default_level":"","footnotes":""},"categories":[164],"tags":[],"class_list":["post-61425","post","type-post","status-publish","format-standard","has-post-thumbnail","hentry","category-obituario","pmpro-has-access"],"yoast_head":"<!-- This site is optimized with the Yoast SEO plugin v27.4 - https:\/\/yoast.com\/product\/yoast-seo-wordpress\/ -->\n<title>Obitu\u00e1rio - JORNAL BEIRA RIO<\/title>\n<meta name=\"robots\" content=\"index, follow, max-snippet:-1, max-image-preview:large, max-video-preview:-1\" \/>\n<link rel=\"canonical\" href=\"https:\/\/jornalbeirario.com.br\/portal\/?p=61425\" \/>\n<meta property=\"og:locale\" content=\"pt_BR\" \/>\n<meta property=\"og:type\" content=\"article\" \/>\n<meta property=\"og:title\" content=\"Obitu\u00e1rio - JORNAL BEIRA RIO\" \/>\n<meta property=\"og:description\" content=\"A aposentada Eliza Apparecida de Andrade, 82, morreu dia 15, no Hospital Samer, de choque refrat\u00e1rio, sopro pneumonar, pneumonia, hipertens\u00e3o arterial sist\u00eamica e diabetes.\" \/>\n<meta property=\"og:url\" content=\"https:\/\/jornalbeirario.com.br\/portal\/?p=61425\" \/>\n<meta property=\"og:site_name\" content=\"JORNAL BEIRA RIO\" \/>\n<meta property=\"article:published_time\" content=\"2018-10-09T13:26:20+00:00\" \/>\n<meta property=\"og:image\" content=\"https:\/\/jornalbeirario.com.br\/portal\/wp-content\/uploads\/2017\/07\/morte-1.jpg\" \/>\n\t<meta property=\"og:image:width\" content=\"640\" \/>\n\t<meta property=\"og:image:height\" content=\"480\" \/>\n\t<meta property=\"og:image:type\" content=\"image\/jpeg\" \/>\n<meta name=\"author\" content=\"Jornal BEIRA-RIO\" \/>\n<meta name=\"twitter:card\" content=\"summary_large_image\" \/>\n<meta name=\"twitter:label1\" content=\"Escrito por\" \/>\n\t<meta name=\"twitter:data1\" content=\"Jornal BEIRA-RIO\" \/>\n\t<meta name=\"twitter:label2\" content=\"Est. tempo de leitura\" \/>\n\t<meta name=\"twitter:data2\" content=\"4 minutos\" \/>\n<script type=\"application\/ld+json\" class=\"yoast-schema-graph\">{\"@context\":\"https:\\\/\\\/schema.org\",\"@graph\":[{\"@type\":\"Article\",\"@id\":\"https:\\\/\\\/jornalbeirario.com.br\\\/portal\\\/?p=61425#article\",\"isPartOf\":{\"@id\":\"https:\\\/\\\/jornalbeirario.com.br\\\/portal\\\/?p=61425\"},\"author\":{\"name\":\"Jornal BEIRA-RIO\",\"@id\":\"https:\\\/\\\/jornalbeirario.com.br\\\/portal\\\/#\\\/schema\\\/person\\\/c6c423e4c2465d2a9233f6539173e7c1\"},\"headline\":\"Obitu\u00e1rio\",\"datePublished\":\"2018-10-09T13:26:20+00:00\",\"mainEntityOfPage\":{\"@id\":\"https:\\\/\\\/jornalbeirario.com.br\\\/portal\\\/?p=61425\"},\"wordCount\":770,\"commentCount\":0,\"publisher\":{\"@id\":\"https:\\\/\\\/jornalbeirario.com.br\\\/portal\\\/#organization\"},\"image\":{\"@id\":\"https:\\\/\\\/jornalbeirario.com.br\\\/portal\\\/?p=61425#primaryimage\"},\"thumbnailUrl\":\"https:\\\/\\\/jornalbeirario.com.br\\\/portal\\\/wp-content\\\/uploads\\\/2017\\\/07\\\/morte-1.jpg\",\"articleSection\":[\"Obitu\u00e1rio\"],\"inLanguage\":\"pt-BR\",\"potentialAction\":[{\"@type\":\"CommentAction\",\"name\":\"Comment\",\"target\":[\"https:\\\/\\\/jornalbeirario.com.br\\\/portal\\\/?p=61425#respond\"]}]},{\"@type\":\"WebPage\",\"@id\":\"https:\\\/\\\/jornalbeirario.com.br\\\/portal\\\/?p=61425\",\"url\":\"https:\\\/\\\/jornalbeirario.com.br\\\/portal\\\/?p=61425\",\"name\":\"Obitu\u00e1rio - JORNAL BEIRA RIO\",\"isPartOf\":{\"@id\":\"https:\\\/\\\/jornalbeirario.com.br\\\/portal\\\/#website\"},\"primaryImageOfPage\":{\"@id\":\"https:\\\/\\\/jornalbeirario.com.br\\\/portal\\\/?p=61425#primaryimage\"},\"image\":{\"@id\":\"https:\\\/\\\/jornalbeirario.com.br\\\/portal\\\/?p=61425#primaryimage\"},\"thumbnailUrl\":\"https:\\\/\\\/jornalbeirario.com.br\\\/portal\\\/wp-content\\\/uploads\\\/2017\\\/07\\\/morte-1.jpg\",\"datePublished\":\"2018-10-09T13:26:20+00:00\",\"breadcrumb\":{\"@id\":\"https:\\\/\\\/jornalbeirario.com.br\\\/portal\\\/?p=61425#breadcrumb\"},\"inLanguage\":\"pt-BR\",\"potentialAction\":[{\"@type\":\"ReadAction\",\"target\":[\"https:\\\/\\\/jornalbeirario.com.br\\\/portal\\\/?p=61425\"]}]},{\"@type\":\"ImageObject\",\"inLanguage\":\"pt-BR\",\"@id\":\"https:\\\/\\\/jornalbeirario.com.br\\\/portal\\\/?p=61425#primaryimage\",\"url\":\"https:\\\/\\\/jornalbeirario.com.br\\\/portal\\\/wp-content\\\/uploads\\\/2017\\\/07\\\/morte-1.jpg\",\"contentUrl\":\"https:\\\/\\\/jornalbeirario.com.br\\\/portal\\\/wp-content\\\/uploads\\\/2017\\\/07\\\/morte-1.jpg\",\"width\":640,\"height\":480},{\"@type\":\"BreadcrumbList\",\"@id\":\"https:\\\/\\\/jornalbeirario.com.br\\\/portal\\\/?p=61425#breadcrumb\",\"itemListElement\":[{\"@type\":\"ListItem\",\"position\":1,\"name\":\"Home\",\"item\":\"https:\\\/\\\/jornalbeirario.com.br\\\/portal\"},{\"@type\":\"ListItem\",\"position\":2,\"name\":\"Obitu\u00e1rio\"}]},{\"@type\":\"WebSite\",\"@id\":\"https:\\\/\\\/jornalbeirario.com.br\\\/portal\\\/#website\",\"url\":\"https:\\\/\\\/jornalbeirario.com.br\\\/portal\\\/\",\"name\":\"JORNAL BEIRA RIO\",\"description\":\"\",\"publisher\":{\"@id\":\"https:\\\/\\\/jornalbeirario.com.br\\\/portal\\\/#organization\"},\"potentialAction\":[{\"@type\":\"SearchAction\",\"target\":{\"@type\":\"EntryPoint\",\"urlTemplate\":\"https:\\\/\\\/jornalbeirario.com.br\\\/portal\\\/?s={search_term_string}\"},\"query-input\":{\"@type\":\"PropertyValueSpecification\",\"valueRequired\":true,\"valueName\":\"search_term_string\"}}],\"inLanguage\":\"pt-BR\"},{\"@type\":\"Organization\",\"@id\":\"https:\\\/\\\/jornalbeirario.com.br\\\/portal\\\/#organization\",\"name\":\"JORNAL BEIRA RIO\",\"url\":\"https:\\\/\\\/jornalbeirario.com.br\\\/portal\\\/\",\"logo\":{\"@type\":\"ImageObject\",\"inLanguage\":\"pt-BR\",\"@id\":\"https:\\\/\\\/jornalbeirario.com.br\\\/portal\\\/#\\\/schema\\\/logo\\\/image\\\/\",\"url\":\"https:\\\/\\\/jornalbeirario.com.br\\\/portal\\\/wp-content\\\/uploads\\\/2017\\\/09\\\/BEIRA-RIO_logo600.png\",\"contentUrl\":\"https:\\\/\\\/jornalbeirario.com.br\\\/portal\\\/wp-content\\\/uploads\\\/2017\\\/09\\\/BEIRA-RIO_logo600.png\",\"width\":650,\"height\":108,\"caption\":\"JORNAL BEIRA RIO\"},\"image\":{\"@id\":\"https:\\\/\\\/jornalbeirario.com.br\\\/portal\\\/#\\\/schema\\\/logo\\\/image\\\/\"}},{\"@type\":\"Person\",\"@id\":\"https:\\\/\\\/jornalbeirario.com.br\\\/portal\\\/#\\\/schema\\\/person\\\/c6c423e4c2465d2a9233f6539173e7c1\",\"name\":\"Jornal BEIRA-RIO\",\"image\":{\"@type\":\"ImageObject\",\"inLanguage\":\"pt-BR\",\"@id\":\"https:\\\/\\\/jornalbeirario.com.br\\\/portal\\\/wp-content\\\/uploads\\\/2023\\\/10\\\/logojbr1.jpg\",\"url\":\"https:\\\/\\\/jornalbeirario.com.br\\\/portal\\\/wp-content\\\/uploads\\\/2023\\\/10\\\/logojbr1.jpg\",\"contentUrl\":\"https:\\\/\\\/jornalbeirario.com.br\\\/portal\\\/wp-content\\\/uploads\\\/2023\\\/10\\\/logojbr1.jpg\",\"caption\":\"Jornal BEIRA-RIO\"},\"url\":\"https:\\\/\\\/jornalbeirario.com.br\\\/portal\\\/?author=1\"}]}<\/script>\n<!-- \/ Yoast SEO plugin. -->","yoast_head_json":{"title":"Obitu\u00e1rio - JORNAL BEIRA RIO","robots":{"index":"index","follow":"follow","max-snippet":"max-snippet:-1","max-image-preview":"max-image-preview:large","max-video-preview":"max-video-preview:-1"},"canonical":"https:\/\/jornalbeirario.com.br\/portal\/?p=61425","og_locale":"pt_BR","og_type":"article","og_title":"Obitu\u00e1rio - JORNAL BEIRA RIO","og_description":"A aposentada Eliza Apparecida de Andrade, 82, morreu dia 15, no Hospital Samer, de choque refrat\u00e1rio, sopro pneumonar, pneumonia, hipertens\u00e3o arterial sist\u00eamica e diabetes.","og_url":"https:\/\/jornalbeirario.com.br\/portal\/?p=61425","og_site_name":"JORNAL BEIRA RIO","article_published_time":"2018-10-09T13:26:20+00:00","og_image":[{"width":640,"height":480,"url":"https:\/\/jornalbeirario.com.br\/portal\/wp-content\/uploads\/2017\/07\/morte-1.jpg","type":"image\/jpeg"}],"author":"Jornal BEIRA-RIO","twitter_card":"summary_large_image","twitter_misc":{"Escrito por":"Jornal BEIRA-RIO","Est. tempo de leitura":"4 minutos"},"schema":{"@context":"https:\/\/schema.org","@graph":[{"@type":"Article","@id":"https:\/\/jornalbeirario.com.br\/portal\/?p=61425#article","isPartOf":{"@id":"https:\/\/jornalbeirario.com.br\/portal\/?p=61425"},"author":{"name":"Jornal BEIRA-RIO","@id":"https:\/\/jornalbeirario.com.br\/portal\/#\/schema\/person\/c6c423e4c2465d2a9233f6539173e7c1"},"headline":"Obitu\u00e1rio","datePublished":"2018-10-09T13:26:20+00:00","mainEntityOfPage":{"@id":"https:\/\/jornalbeirario.com.br\/portal\/?p=61425"},"wordCount":770,"commentCount":0,"publisher":{"@id":"https:\/\/jornalbeirario.com.br\/portal\/#organization"},"image":{"@id":"https:\/\/jornalbeirario.com.br\/portal\/?p=61425#primaryimage"},"thumbnailUrl":"https:\/\/jornalbeirario.com.br\/portal\/wp-content\/uploads\/2017\/07\/morte-1.jpg","articleSection":["Obitu\u00e1rio"],"inLanguage":"pt-BR","potentialAction":[{"@type":"CommentAction","name":"Comment","target":["https:\/\/jornalbeirario.com.br\/portal\/?p=61425#respond"]}]},{"@type":"WebPage","@id":"https:\/\/jornalbeirario.com.br\/portal\/?p=61425","url":"https:\/\/jornalbeirario.com.br\/portal\/?p=61425","name":"Obitu\u00e1rio - JORNAL BEIRA RIO","isPartOf":{"@id":"https:\/\/jornalbeirario.com.br\/portal\/#website"},"primaryImageOfPage":{"@id":"https:\/\/jornalbeirario.com.br\/portal\/?p=61425#primaryimage"},"image":{"@id":"https:\/\/jornalbeirario.com.br\/portal\/?p=61425#primaryimage"},"thumbnailUrl":"https:\/\/jornalbeirario.com.br\/portal\/wp-content\/uploads\/2017\/07\/morte-1.jpg","datePublished":"2018-10-09T13:26:20+00:00","breadcrumb":{"@id":"https:\/\/jornalbeirario.com.br\/portal\/?p=61425#breadcrumb"},"inLanguage":"pt-BR","potentialAction":[{"@type":"ReadAction","target":["https:\/\/jornalbeirario.com.br\/portal\/?p=61425"]}]},{"@type":"ImageObject","inLanguage":"pt-BR","@id":"https:\/\/jornalbeirario.com.br\/portal\/?p=61425#primaryimage","url":"https:\/\/jornalbeirario.com.br\/portal\/wp-content\/uploads\/2017\/07\/morte-1.jpg","contentUrl":"https:\/\/jornalbeirario.com.br\/portal\/wp-content\/uploads\/2017\/07\/morte-1.jpg","width":640,"height":480},{"@type":"BreadcrumbList","@id":"https:\/\/jornalbeirario.com.br\/portal\/?p=61425#breadcrumb","itemListElement":[{"@type":"ListItem","position":1,"name":"Home","item":"https:\/\/jornalbeirario.com.br\/portal"},{"@type":"ListItem","position":2,"name":"Obitu\u00e1rio"}]},{"@type":"WebSite","@id":"https:\/\/jornalbeirario.com.br\/portal\/#website","url":"https:\/\/jornalbeirario.com.br\/portal\/","name":"JORNAL BEIRA RIO","description":"","publisher":{"@id":"https:\/\/jornalbeirario.com.br\/portal\/#organization"},"potentialAction":[{"@type":"SearchAction","target":{"@type":"EntryPoint","urlTemplate":"https:\/\/jornalbeirario.com.br\/portal\/?s={search_term_string}"},"query-input":{"@type":"PropertyValueSpecification","valueRequired":true,"valueName":"search_term_string"}}],"inLanguage":"pt-BR"},{"@type":"Organization","@id":"https:\/\/jornalbeirario.com.br\/portal\/#organization","name":"JORNAL BEIRA RIO","url":"https:\/\/jornalbeirario.com.br\/portal\/","logo":{"@type":"ImageObject","inLanguage":"pt-BR","@id":"https:\/\/jornalbeirario.com.br\/portal\/#\/schema\/logo\/image\/","url":"https:\/\/jornalbeirario.com.br\/portal\/wp-content\/uploads\/2017\/09\/BEIRA-RIO_logo600.png","contentUrl":"https:\/\/jornalbeirario.com.br\/portal\/wp-content\/uploads\/2017\/09\/BEIRA-RIO_logo600.png","width":650,"height":108,"caption":"JORNAL BEIRA RIO"},"image":{"@id":"https:\/\/jornalbeirario.com.br\/portal\/#\/schema\/logo\/image\/"}},{"@type":"Person","@id":"https:\/\/jornalbeirario.com.br\/portal\/#\/schema\/person\/c6c423e4c2465d2a9233f6539173e7c1","name":"Jornal BEIRA-RIO","image":{"@type":"ImageObject","inLanguage":"pt-BR","@id":"https:\/\/jornalbeirario.com.br\/portal\/wp-content\/uploads\/2023\/10\/logojbr1.jpg","url":"https:\/\/jornalbeirario.com.br\/portal\/wp-content\/uploads\/2023\/10\/logojbr1.jpg","contentUrl":"https:\/\/jornalbeirario.com.br\/portal\/wp-content\/uploads\/2023\/10\/logojbr1.jpg","caption":"Jornal BEIRA-RIO"},"url":"https:\/\/jornalbeirario.com.br\/portal\/?author=1"}]}},"_links":{"self":[{"href":"https:\/\/jornalbeirario.com.br\/portal\/index.php?rest_route=\/wp\/v2\/posts\/61425","targetHints":{"allow":["GET"]}}],"collection":[{"href":"https:\/\/jornalbeirario.com.br\/portal\/index.php?rest_route=\/wp\/v2\/posts"}],"about":[{"href":"https:\/\/jornalbeirario.com.br\/portal\/index.php?rest_route=\/wp\/v2\/types\/post"}],"author":[{"embeddable":true,"href":"https:\/\/jornalbeirario.com.br\/portal\/index.php?rest_route=\/wp\/v2\/users\/1"}],"replies":[{"embeddable":true,"href":"https:\/\/jornalbeirario.com.br\/portal\/index.php?rest_route=%2Fwp%2Fv2%2Fcomments&post=61425"}],"version-history":[{"count":4,"href":"https:\/\/jornalbeirario.com.br\/portal\/index.php?rest_route=\/wp\/v2\/posts\/61425\/revisions"}],"predecessor-version":[{"id":61459,"href":"https:\/\/jornalbeirario.com.br\/portal\/index.php?rest_route=\/wp\/v2\/posts\/61425\/revisions\/61459"}],"wp:featuredmedia":[{"embeddable":true,"href":"https:\/\/jornalbeirario.com.br\/portal\/index.php?rest_route=\/wp\/v2\/media\/51903"}],"wp:attachment":[{"href":"https:\/\/jornalbeirario.com.br\/portal\/index.php?rest_route=%2Fwp%2Fv2%2Fmedia&parent=61425"}],"wp:term":[{"taxonomy":"category","embeddable":true,"href":"https:\/\/jornalbeirario.com.br\/portal\/index.php?rest_route=%2Fwp%2Fv2%2Fcategories&post=61425"},{"taxonomy":"post_tag","embeddable":true,"href":"https:\/\/jornalbeirario.com.br\/portal\/index.php?rest_route=%2Fwp%2Fv2%2Ftags&post=61425"}],"curies":[{"name":"wp","href":"https:\/\/api.w.org\/{rel}","templated":true}]}}