
{"id":61409,"date":"2018-10-03T09:25:10","date_gmt":"2018-10-03T12:25:10","guid":{"rendered":"http:\/\/jornalbeirario.com.br\/portal\/?p=61409"},"modified":"2018-10-03T09:25:10","modified_gmt":"2018-10-03T12:25:10","slug":"quatis-realiza-pre-matricula-na-rede-municipal-de-ensino","status":"publish","type":"post","link":"https:\/\/jornalbeirario.com.br\/portal\/?p=61409","title":{"rendered":"Quatis realiza pr\u00e9-matr\u00edcula na rede municipal de ensino"},"content":{"rendered":"<figure id=\"attachment_61411\" aria-describedby=\"caption-attachment-61411\" style=\"width: 300px\" class=\"wp-caption alignleft\"><img loading=\"lazy\" decoding=\"async\" class=\"size-medium wp-image-61411\" src=\"https:\/\/jornalbeirario.com.br\/portal\/wp-content\/uploads\/2018\/10\/escolaquatis1-300x168.jpg\" alt=\"\" width=\"300\" height=\"168\" srcset=\"https:\/\/jornalbeirario.com.br\/portal\/wp-content\/uploads\/2018\/10\/escolaquatis1-300x168.jpg 300w, https:\/\/jornalbeirario.com.br\/portal\/wp-content\/uploads\/2018\/10\/escolaquatis1-768x431.jpg 768w, https:\/\/jornalbeirario.com.br\/portal\/wp-content\/uploads\/2018\/10\/escolaquatis1-715x400.jpg 715w, https:\/\/jornalbeirario.com.br\/portal\/wp-content\/uploads\/2018\/10\/escolaquatis1.jpg 856w\" sizes=\"auto, (max-width: 300px) 100vw, 300px\" \/><figcaption id=\"caption-attachment-61411\" class=\"wp-caption-text\">Alunos da Escola Municipal Benta Pereira (Joaquim Leite), uma das institui\u00e7\u00f5es de ensino que realizam a pr\u00e9-matr\u00edcula<\/figcaption><\/figure>\n<p style=\"text-align: justify;\">Est\u00e1 aberto o prazo destinado \u00e0 pr\u00e9-matr\u00edcula nas nove escolas e nas duas creches da rede municipal de ensino em Quatis, nas unidades escolares do munic\u00edpio, das 8 \u00e0s 16 horas (da creche ao Ensino fundamental, passando pela Educa\u00e7\u00e3o Infantil), e de 17 \u00e0s 20 horas (Educa\u00e7\u00e3o de Jovens e Adultos). A pr\u00e9-matr\u00edcula poder\u00e1 ser feita at\u00e9 o dia 1\u00ba de novembro.<\/p>\n<p style=\"text-align: justify;\">Durante a pr\u00e9-matr\u00edcula, segundo a Secretaria de Educa\u00e7\u00e3o, os alunos interessados em ocupar as vagas para o ano letivo devem manifestar essa inten\u00e7\u00e3o, informando o nome, endere\u00e7o e meios de contatos nas secretarias das unidades escolares. No caso das crian\u00e7as e estudantes menores de 18 anos, a pr\u00e9-matr\u00edcula dever\u00e1 ser efetivada pelos pais ou respons\u00e1veis. Os alunos que j\u00e1 est\u00e3o matriculados em qualquer unidade da rede n\u00e3o precisam fazer a pr\u00e9-matr\u00edcula, exceto se pretendem mudar de escola para o ano de 2019.<\/p>\n<p style=\"text-align: justify;\">Para a pr\u00e9-matr\u00edcula nas creches municipais, as crian\u00e7as dever\u00e3o ter nascidos no per\u00edodo de 1\u00ba de abril de 2016 a 4 de outubro de 2018. J\u00e1 nas escolas, as crian\u00e7as dever\u00e3o ter completados tr\u00eas anos de idade at\u00e9 o dia 31 de mar\u00e7o de 2019. No caso do projeto EJA (Educa\u00e7\u00e3o de Jovens e Adultos), a idade solicitada \u00e9 a partir dos 15 anos, completados tamb\u00e9m at\u00e9 o dia 31 de mar\u00e7o do pr\u00f3ximo ano.<\/p>\n<p style=\"text-align: justify;\">Est\u00e3o oferecendo a pr\u00e9-matr\u00edcula as escolas Maria Helena Rafael De Elias, Julieta Sampaio, Pessoa de Barros (as tr\u00eas situadas no Centro), Edm\u00e9a Dulce de Barros Franco (Jardim Independ\u00eancia), Henry Nestl\u00e9 (S\u00e3o Benedito), CIEP Municipalizado Marciana Machado De Elias (Nossa Senhora do Ros\u00e1rio), Vict\u00f3ria dos Prazeres (Jardim Pollastri), Carlos Campos de Faria (Falc\u00e3o), An\u00e9sia Alves de Oliveira (S\u00e3o Joaquim), Benta Pereira (Joaquim Leite) e Irm\u00e3 Elizabete Alves (comunidade quilombola de Santana), al\u00e9m das creches municipais Adriana Maria de Souza e Concei\u00e7\u00e3o Aparecida, que se localizam, respectivamente, no Loteamento Santa B\u00e1rbara e no bairro Jardim Pollastri.<\/p>\n<p style=\"text-align: justify;\"><em>Fonte e foto: Coordenadoria de Comunica\u00e7\u00e3o Governamental (PMQ)<\/em><\/p>\n","protected":false},"excerpt":{"rendered":"<p>Est\u00e1 aberto o prazo destinado \u00e0 pr\u00e9-matr\u00edcula nas nove escolas e nas duas creches da rede municipal de ensino em Quatis, nas unidades escolares<\/p>\n","protected":false},"author":1,"featured_media":61411,"comment_status":"open","ping_status":"open","sticky":false,"template":"","format":"standard","meta":{"pmpro_default_level":"","footnotes":""},"categories":[28,233],"tags":[],"class_list":["post-61409","post","type-post","status-publish","format-standard","has-post-thumbnail","hentry","category-educacao","category-regiao","pmpro-has-access"],"yoast_head":"<!-- This site is optimized with the Yoast SEO plugin v27.4 - https:\/\/yoast.com\/product\/yoast-seo-wordpress\/ -->\n<title>Quatis realiza pr\u00e9-matr\u00edcula na rede municipal de ensino - JORNAL BEIRA RIO<\/title>\n<meta name=\"robots\" content=\"index, follow, max-snippet:-1, max-image-preview:large, max-video-preview:-1\" \/>\n<link rel=\"canonical\" href=\"https:\/\/jornalbeirario.com.br\/portal\/?p=61409\" \/>\n<meta property=\"og:locale\" content=\"pt_BR\" \/>\n<meta property=\"og:type\" content=\"article\" \/>\n<meta property=\"og:title\" content=\"Quatis realiza pr\u00e9-matr\u00edcula na rede municipal de ensino - JORNAL BEIRA RIO\" \/>\n<meta property=\"og:description\" content=\"Est\u00e1 aberto o prazo destinado \u00e0 pr\u00e9-matr\u00edcula nas nove escolas e nas duas creches da rede municipal de ensino em Quatis, nas unidades escolares\" \/>\n<meta property=\"og:url\" content=\"https:\/\/jornalbeirario.com.br\/portal\/?p=61409\" \/>\n<meta property=\"og:site_name\" content=\"JORNAL BEIRA RIO\" \/>\n<meta property=\"article:published_time\" content=\"2018-10-03T12:25:10+00:00\" \/>\n<meta property=\"og:image\" content=\"https:\/\/jornalbeirario.com.br\/portal\/wp-content\/uploads\/2018\/10\/escolaquatis1.jpg\" \/>\n\t<meta property=\"og:image:width\" content=\"856\" \/>\n\t<meta property=\"og:image:height\" content=\"480\" \/>\n\t<meta property=\"og:image:type\" content=\"image\/jpeg\" \/>\n<meta name=\"author\" content=\"Jornal BEIRA-RIO\" \/>\n<meta name=\"twitter:card\" content=\"summary_large_image\" \/>\n<meta name=\"twitter:label1\" content=\"Escrito por\" \/>\n\t<meta name=\"twitter:data1\" content=\"Jornal BEIRA-RIO\" \/>\n\t<meta name=\"twitter:label2\" content=\"Est. tempo de leitura\" \/>\n\t<meta name=\"twitter:data2\" content=\"2 minutos\" \/>\n<script type=\"application\/ld+json\" class=\"yoast-schema-graph\">{\"@context\":\"https:\\\/\\\/schema.org\",\"@graph\":[{\"@type\":\"Article\",\"@id\":\"https:\\\/\\\/jornalbeirario.com.br\\\/portal\\\/?p=61409#article\",\"isPartOf\":{\"@id\":\"https:\\\/\\\/jornalbeirario.com.br\\\/portal\\\/?p=61409\"},\"author\":{\"name\":\"Jornal BEIRA-RIO\",\"@id\":\"https:\\\/\\\/jornalbeirario.com.br\\\/portal\\\/#\\\/schema\\\/person\\\/c6c423e4c2465d2a9233f6539173e7c1\"},\"headline\":\"Quatis realiza pr\u00e9-matr\u00edcula na rede municipal de ensino\",\"datePublished\":\"2018-10-03T12:25:10+00:00\",\"mainEntityOfPage\":{\"@id\":\"https:\\\/\\\/jornalbeirario.com.br\\\/portal\\\/?p=61409\"},\"wordCount\":390,\"commentCount\":0,\"publisher\":{\"@id\":\"https:\\\/\\\/jornalbeirario.com.br\\\/portal\\\/#organization\"},\"image\":{\"@id\":\"https:\\\/\\\/jornalbeirario.com.br\\\/portal\\\/?p=61409#primaryimage\"},\"thumbnailUrl\":\"https:\\\/\\\/jornalbeirario.com.br\\\/portal\\\/wp-content\\\/uploads\\\/2018\\\/10\\\/escolaquatis1.jpg\",\"articleSection\":[\"Educa\u00e7\u00e3o\",\"Regi\u00e3o\"],\"inLanguage\":\"pt-BR\",\"potentialAction\":[{\"@type\":\"CommentAction\",\"name\":\"Comment\",\"target\":[\"https:\\\/\\\/jornalbeirario.com.br\\\/portal\\\/?p=61409#respond\"]}]},{\"@type\":\"WebPage\",\"@id\":\"https:\\\/\\\/jornalbeirario.com.br\\\/portal\\\/?p=61409\",\"url\":\"https:\\\/\\\/jornalbeirario.com.br\\\/portal\\\/?p=61409\",\"name\":\"Quatis realiza pr\u00e9-matr\u00edcula na rede municipal de ensino - JORNAL BEIRA RIO\",\"isPartOf\":{\"@id\":\"https:\\\/\\\/jornalbeirario.com.br\\\/portal\\\/#website\"},\"primaryImageOfPage\":{\"@id\":\"https:\\\/\\\/jornalbeirario.com.br\\\/portal\\\/?p=61409#primaryimage\"},\"image\":{\"@id\":\"https:\\\/\\\/jornalbeirario.com.br\\\/portal\\\/?p=61409#primaryimage\"},\"thumbnailUrl\":\"https:\\\/\\\/jornalbeirario.com.br\\\/portal\\\/wp-content\\\/uploads\\\/2018\\\/10\\\/escolaquatis1.jpg\",\"datePublished\":\"2018-10-03T12:25:10+00:00\",\"breadcrumb\":{\"@id\":\"https:\\\/\\\/jornalbeirario.com.br\\\/portal\\\/?p=61409#breadcrumb\"},\"inLanguage\":\"pt-BR\",\"potentialAction\":[{\"@type\":\"ReadAction\",\"target\":[\"https:\\\/\\\/jornalbeirario.com.br\\\/portal\\\/?p=61409\"]}]},{\"@type\":\"ImageObject\",\"inLanguage\":\"pt-BR\",\"@id\":\"https:\\\/\\\/jornalbeirario.com.br\\\/portal\\\/?p=61409#primaryimage\",\"url\":\"https:\\\/\\\/jornalbeirario.com.br\\\/portal\\\/wp-content\\\/uploads\\\/2018\\\/10\\\/escolaquatis1.jpg\",\"contentUrl\":\"https:\\\/\\\/jornalbeirario.com.br\\\/portal\\\/wp-content\\\/uploads\\\/2018\\\/10\\\/escolaquatis1.jpg\",\"width\":856,\"height\":480,\"caption\":\"Alunos da Escola Municipal Benta Pereira (Joaquim Leite) est\u00e3o entre escolas que realizam a pr\u00e9-matr\u00edcula\"},{\"@type\":\"BreadcrumbList\",\"@id\":\"https:\\\/\\\/jornalbeirario.com.br\\\/portal\\\/?p=61409#breadcrumb\",\"itemListElement\":[{\"@type\":\"ListItem\",\"position\":1,\"name\":\"Home\",\"item\":\"https:\\\/\\\/jornalbeirario.com.br\\\/portal\"},{\"@type\":\"ListItem\",\"position\":2,\"name\":\"Quatis realiza pr\u00e9-matr\u00edcula na rede municipal de ensino\"}]},{\"@type\":\"WebSite\",\"@id\":\"https:\\\/\\\/jornalbeirario.com.br\\\/portal\\\/#website\",\"url\":\"https:\\\/\\\/jornalbeirario.com.br\\\/portal\\\/\",\"name\":\"JORNAL BEIRA RIO\",\"description\":\"\",\"publisher\":{\"@id\":\"https:\\\/\\\/jornalbeirario.com.br\\\/portal\\\/#organization\"},\"potentialAction\":[{\"@type\":\"SearchAction\",\"target\":{\"@type\":\"EntryPoint\",\"urlTemplate\":\"https:\\\/\\\/jornalbeirario.com.br\\\/portal\\\/?s={search_term_string}\"},\"query-input\":{\"@type\":\"PropertyValueSpecification\",\"valueRequired\":true,\"valueName\":\"search_term_string\"}}],\"inLanguage\":\"pt-BR\"},{\"@type\":\"Organization\",\"@id\":\"https:\\\/\\\/jornalbeirario.com.br\\\/portal\\\/#organization\",\"name\":\"JORNAL BEIRA RIO\",\"url\":\"https:\\\/\\\/jornalbeirario.com.br\\\/portal\\\/\",\"logo\":{\"@type\":\"ImageObject\",\"inLanguage\":\"pt-BR\",\"@id\":\"https:\\\/\\\/jornalbeirario.com.br\\\/portal\\\/#\\\/schema\\\/logo\\\/image\\\/\",\"url\":\"https:\\\/\\\/jornalbeirario.com.br\\\/portal\\\/wp-content\\\/uploads\\\/2017\\\/09\\\/BEIRA-RIO_logo600.png\",\"contentUrl\":\"https:\\\/\\\/jornalbeirario.com.br\\\/portal\\\/wp-content\\\/uploads\\\/2017\\\/09\\\/BEIRA-RIO_logo600.png\",\"width\":650,\"height\":108,\"caption\":\"JORNAL BEIRA RIO\"},\"image\":{\"@id\":\"https:\\\/\\\/jornalbeirario.com.br\\\/portal\\\/#\\\/schema\\\/logo\\\/image\\\/\"}},{\"@type\":\"Person\",\"@id\":\"https:\\\/\\\/jornalbeirario.com.br\\\/portal\\\/#\\\/schema\\\/person\\\/c6c423e4c2465d2a9233f6539173e7c1\",\"name\":\"Jornal BEIRA-RIO\",\"image\":{\"@type\":\"ImageObject\",\"inLanguage\":\"pt-BR\",\"@id\":\"https:\\\/\\\/jornalbeirario.com.br\\\/portal\\\/wp-content\\\/uploads\\\/2023\\\/10\\\/logojbr1.jpg\",\"url\":\"https:\\\/\\\/jornalbeirario.com.br\\\/portal\\\/wp-content\\\/uploads\\\/2023\\\/10\\\/logojbr1.jpg\",\"contentUrl\":\"https:\\\/\\\/jornalbeirario.com.br\\\/portal\\\/wp-content\\\/uploads\\\/2023\\\/10\\\/logojbr1.jpg\",\"caption\":\"Jornal BEIRA-RIO\"},\"url\":\"https:\\\/\\\/jornalbeirario.com.br\\\/portal\\\/?author=1\"}]}<\/script>\n<!-- \/ Yoast SEO plugin. -->","yoast_head_json":{"title":"Quatis realiza pr\u00e9-matr\u00edcula na rede municipal de ensino - JORNAL BEIRA RIO","robots":{"index":"index","follow":"follow","max-snippet":"max-snippet:-1","max-image-preview":"max-image-preview:large","max-video-preview":"max-video-preview:-1"},"canonical":"https:\/\/jornalbeirario.com.br\/portal\/?p=61409","og_locale":"pt_BR","og_type":"article","og_title":"Quatis realiza pr\u00e9-matr\u00edcula na rede municipal de ensino - JORNAL BEIRA RIO","og_description":"Est\u00e1 aberto o prazo destinado \u00e0 pr\u00e9-matr\u00edcula nas nove escolas e nas duas creches da rede municipal de ensino em Quatis, nas unidades escolares","og_url":"https:\/\/jornalbeirario.com.br\/portal\/?p=61409","og_site_name":"JORNAL BEIRA RIO","article_published_time":"2018-10-03T12:25:10+00:00","og_image":[{"width":856,"height":480,"url":"https:\/\/jornalbeirario.com.br\/portal\/wp-content\/uploads\/2018\/10\/escolaquatis1.jpg","type":"image\/jpeg"}],"author":"Jornal BEIRA-RIO","twitter_card":"summary_large_image","twitter_misc":{"Escrito por":"Jornal BEIRA-RIO","Est. tempo de leitura":"2 minutos"},"schema":{"@context":"https:\/\/schema.org","@graph":[{"@type":"Article","@id":"https:\/\/jornalbeirario.com.br\/portal\/?p=61409#article","isPartOf":{"@id":"https:\/\/jornalbeirario.com.br\/portal\/?p=61409"},"author":{"name":"Jornal BEIRA-RIO","@id":"https:\/\/jornalbeirario.com.br\/portal\/#\/schema\/person\/c6c423e4c2465d2a9233f6539173e7c1"},"headline":"Quatis realiza pr\u00e9-matr\u00edcula na rede municipal de ensino","datePublished":"2018-10-03T12:25:10+00:00","mainEntityOfPage":{"@id":"https:\/\/jornalbeirario.com.br\/portal\/?p=61409"},"wordCount":390,"commentCount":0,"publisher":{"@id":"https:\/\/jornalbeirario.com.br\/portal\/#organization"},"image":{"@id":"https:\/\/jornalbeirario.com.br\/portal\/?p=61409#primaryimage"},"thumbnailUrl":"https:\/\/jornalbeirario.com.br\/portal\/wp-content\/uploads\/2018\/10\/escolaquatis1.jpg","articleSection":["Educa\u00e7\u00e3o","Regi\u00e3o"],"inLanguage":"pt-BR","potentialAction":[{"@type":"CommentAction","name":"Comment","target":["https:\/\/jornalbeirario.com.br\/portal\/?p=61409#respond"]}]},{"@type":"WebPage","@id":"https:\/\/jornalbeirario.com.br\/portal\/?p=61409","url":"https:\/\/jornalbeirario.com.br\/portal\/?p=61409","name":"Quatis realiza pr\u00e9-matr\u00edcula na rede municipal de ensino - JORNAL BEIRA RIO","isPartOf":{"@id":"https:\/\/jornalbeirario.com.br\/portal\/#website"},"primaryImageOfPage":{"@id":"https:\/\/jornalbeirario.com.br\/portal\/?p=61409#primaryimage"},"image":{"@id":"https:\/\/jornalbeirario.com.br\/portal\/?p=61409#primaryimage"},"thumbnailUrl":"https:\/\/jornalbeirario.com.br\/portal\/wp-content\/uploads\/2018\/10\/escolaquatis1.jpg","datePublished":"2018-10-03T12:25:10+00:00","breadcrumb":{"@id":"https:\/\/jornalbeirario.com.br\/portal\/?p=61409#breadcrumb"},"inLanguage":"pt-BR","potentialAction":[{"@type":"ReadAction","target":["https:\/\/jornalbeirario.com.br\/portal\/?p=61409"]}]},{"@type":"ImageObject","inLanguage":"pt-BR","@id":"https:\/\/jornalbeirario.com.br\/portal\/?p=61409#primaryimage","url":"https:\/\/jornalbeirario.com.br\/portal\/wp-content\/uploads\/2018\/10\/escolaquatis1.jpg","contentUrl":"https:\/\/jornalbeirario.com.br\/portal\/wp-content\/uploads\/2018\/10\/escolaquatis1.jpg","width":856,"height":480,"caption":"Alunos da Escola Municipal Benta Pereira (Joaquim Leite) est\u00e3o entre escolas que realizam a pr\u00e9-matr\u00edcula"},{"@type":"BreadcrumbList","@id":"https:\/\/jornalbeirario.com.br\/portal\/?p=61409#breadcrumb","itemListElement":[{"@type":"ListItem","position":1,"name":"Home","item":"https:\/\/jornalbeirario.com.br\/portal"},{"@type":"ListItem","position":2,"name":"Quatis realiza pr\u00e9-matr\u00edcula na rede municipal de ensino"}]},{"@type":"WebSite","@id":"https:\/\/jornalbeirario.com.br\/portal\/#website","url":"https:\/\/jornalbeirario.com.br\/portal\/","name":"JORNAL BEIRA RIO","description":"","publisher":{"@id":"https:\/\/jornalbeirario.com.br\/portal\/#organization"},"potentialAction":[{"@type":"SearchAction","target":{"@type":"EntryPoint","urlTemplate":"https:\/\/jornalbeirario.com.br\/portal\/?s={search_term_string}"},"query-input":{"@type":"PropertyValueSpecification","valueRequired":true,"valueName":"search_term_string"}}],"inLanguage":"pt-BR"},{"@type":"Organization","@id":"https:\/\/jornalbeirario.com.br\/portal\/#organization","name":"JORNAL BEIRA RIO","url":"https:\/\/jornalbeirario.com.br\/portal\/","logo":{"@type":"ImageObject","inLanguage":"pt-BR","@id":"https:\/\/jornalbeirario.com.br\/portal\/#\/schema\/logo\/image\/","url":"https:\/\/jornalbeirario.com.br\/portal\/wp-content\/uploads\/2017\/09\/BEIRA-RIO_logo600.png","contentUrl":"https:\/\/jornalbeirario.com.br\/portal\/wp-content\/uploads\/2017\/09\/BEIRA-RIO_logo600.png","width":650,"height":108,"caption":"JORNAL BEIRA RIO"},"image":{"@id":"https:\/\/jornalbeirario.com.br\/portal\/#\/schema\/logo\/image\/"}},{"@type":"Person","@id":"https:\/\/jornalbeirario.com.br\/portal\/#\/schema\/person\/c6c423e4c2465d2a9233f6539173e7c1","name":"Jornal BEIRA-RIO","image":{"@type":"ImageObject","inLanguage":"pt-BR","@id":"https:\/\/jornalbeirario.com.br\/portal\/wp-content\/uploads\/2023\/10\/logojbr1.jpg","url":"https:\/\/jornalbeirario.com.br\/portal\/wp-content\/uploads\/2023\/10\/logojbr1.jpg","contentUrl":"https:\/\/jornalbeirario.com.br\/portal\/wp-content\/uploads\/2023\/10\/logojbr1.jpg","caption":"Jornal BEIRA-RIO"},"url":"https:\/\/jornalbeirario.com.br\/portal\/?author=1"}]}},"_links":{"self":[{"href":"https:\/\/jornalbeirario.com.br\/portal\/index.php?rest_route=\/wp\/v2\/posts\/61409","targetHints":{"allow":["GET"]}}],"collection":[{"href":"https:\/\/jornalbeirario.com.br\/portal\/index.php?rest_route=\/wp\/v2\/posts"}],"about":[{"href":"https:\/\/jornalbeirario.com.br\/portal\/index.php?rest_route=\/wp\/v2\/types\/post"}],"author":[{"embeddable":true,"href":"https:\/\/jornalbeirario.com.br\/portal\/index.php?rest_route=\/wp\/v2\/users\/1"}],"replies":[{"embeddable":true,"href":"https:\/\/jornalbeirario.com.br\/portal\/index.php?rest_route=%2Fwp%2Fv2%2Fcomments&post=61409"}],"version-history":[{"count":3,"href":"https:\/\/jornalbeirario.com.br\/portal\/index.php?rest_route=\/wp\/v2\/posts\/61409\/revisions"}],"predecessor-version":[{"id":61413,"href":"https:\/\/jornalbeirario.com.br\/portal\/index.php?rest_route=\/wp\/v2\/posts\/61409\/revisions\/61413"}],"wp:featuredmedia":[{"embeddable":true,"href":"https:\/\/jornalbeirario.com.br\/portal\/index.php?rest_route=\/wp\/v2\/media\/61411"}],"wp:attachment":[{"href":"https:\/\/jornalbeirario.com.br\/portal\/index.php?rest_route=%2Fwp%2Fv2%2Fmedia&parent=61409"}],"wp:term":[{"taxonomy":"category","embeddable":true,"href":"https:\/\/jornalbeirario.com.br\/portal\/index.php?rest_route=%2Fwp%2Fv2%2Fcategories&post=61409"},{"taxonomy":"post_tag","embeddable":true,"href":"https:\/\/jornalbeirario.com.br\/portal\/index.php?rest_route=%2Fwp%2Fv2%2Ftags&post=61409"}],"curies":[{"name":"wp","href":"https:\/\/api.w.org\/{rel}","templated":true}]}}