
{"id":61317,"date":"2018-09-28T14:09:52","date_gmt":"2018-09-28T17:09:52","guid":{"rendered":"http:\/\/jornalbeirario.com.br\/portal\/?p=61317"},"modified":"2018-09-28T14:09:52","modified_gmt":"2018-09-28T17:09:52","slug":"nao-e-direita-e-esquerda-e-barbarie-x-civilizacao","status":"publish","type":"post","link":"https:\/\/jornalbeirario.com.br\/portal\/?p=61317","title":{"rendered":"N\u00e3o \u00e9 Direita e Esquerda. \u00c9 Barb\u00e1rie X Civiliza\u00e7\u00e3o"},"content":{"rendered":"<div dir=\"ltr\">\n<p style=\"text-align: justify;\">Embora n\u00e3o supere em reverbera\u00e7\u00e3o a express\u00e3o #EleN\u00e3o, uma das afirma\u00e7\u00f5es mais repetidas durante o atual per\u00edodo eleitoral faz men\u00e7\u00e3o \u00e0 polariza\u00e7\u00e3o entre Direita e Esquerda. Para a disputa presidencial, principalmente. Os coment\u00e1rios mais raivosos e, em certos casos, temperados com uma pitada de m\u00e1goa, vem de setores simp\u00e1ticos e\/ou colaboradores do Poder. Digo, do verdadeiro Poder, o econ\u00f4mico, que det\u00e9m na esfera pol\u00edtica, uma eficiente ferramenta de manipula\u00e7\u00e3o social e consequentemente, de manuten\u00e7\u00e3o dos privil\u00e9gios da classe. E isso, sempre com o fiel apoio da m\u00eddia conservadora e subserviente, n\u00e3o fosse ela mais um bra\u00e7o desse Poder.<\/p>\n<p style=\"text-align: justify;\">Claro que as cr\u00edticas seriam bem mais amenas, ou sequer existiriam, caso o candidato preferido do Poder estivesse cotado para disputar e com possibilidades de vencer. Mas isso n\u00e3o acontece. Alckmin e seu partido s\u00e3o xif\u00f3pagos de Temer e do MDB. Por essas e outras, entre um furto de merenda escolar aqui e um esc\u00e2ndalo do Rodo Anel ali, ele n\u00e3o decolou e parece que vai levar PSDB e o Centr\u00e3o para o buraco. Meireles e outros quetais, quando aparecem nas pesquisas, nada mais s\u00e3o do que tra\u00e7os. Ou menos que isso. Sobressaem ent\u00e3o, Bolsonaro e Haddad como reais competidores do pleito. As inten\u00e7\u00f5es de voto detectadas por diversos institutos dizem isso. Justificam o discurso da tal polariza\u00e7\u00e3o.<\/p>\n<p style=\"text-align: justify;\">Essa hist\u00f3ria n\u00e3o come\u00e7ou agora. Foi tramada em surdina h\u00e1 tempos pelo Poder e explodiu nas passeatas de 2013 na Avenida Paulista, com o pessoal vestido de camisa da sele\u00e7\u00e3o, brindando com champanhe, tirando fotos com policiais militares e pedindo a cabe\u00e7a da Presidenta Dilma Roussef. Naquele momento, sem que os donos do Poder percebessem, ou por pura conveni\u00eancia, o barco correu e o resultado \u00e9 que os arm\u00e1rios foram se abrindo e de l\u00e1, uma casta de intoler\u00e2ncia, machismo, racismo, homofobia saiu saltitante e faceira.<\/p>\n<p style=\"text-align: justify;\">Com a porteira aberta, esses aprendizes de nazifascistas sonharam com um representante na mais alta cadeira de Bras\u00edlia. E viram num in\u00f3cuo ex-capit\u00e3o essa possibilidade. Ent\u00e3o, uma onda de insanidade tomou conta dessa gente que n\u00e3o l\u00ea, e que passou a seguir o falso Messias, aclamando-o como Mito. Nada mais ris\u00edvel. Assim recrudesceu o confronto de opostos e a polariza\u00e7\u00e3o consolidou-se. Os donos do Poder perderam o controle e ficaram sem o seu representante nas elei\u00e7\u00f5es.<\/p>\n<p style=\"text-align: justify;\">Mas ser\u00e1 que os donos do Poder perderam mesmo o controle da situa\u00e7\u00e3o? N\u00e3o acredito. As ferramentas de manipula\u00e7\u00e3o da sociedade n\u00e3o se limitam aos maus pol\u00edticos ou \u00e0 m\u00eddia. A mais eficiente das ferramentas de manuten\u00e7\u00e3o do Status Quo \u00e9 o Poder Judici\u00e1rio. Uma parte dele, pelo menos. A parte mais poderosa, claro. Eles t\u00eam tudo nas m\u00e3os. Defecaram e andaram solenemente quando o conselho de direitos humanos da ONU pediu a liberdade de Lula. Se lixaram para as in\u00fameras manifesta\u00e7\u00f5es que denunciaram a arbitrariedade feita com o ex-presidente; se lixaram para vozes c\u00e9lebres e respeitadas em todo o mundo que vociferavam que Lula \u00e9 um preso pol\u00edtico, que a democracia e o Estado de Direito est\u00e3o sendo feridos de morte. Nada.<\/p>\n<p style=\"text-align: justify;\">Como alguns dizem por a\u00ed, n\u00e3o \u00e9 uma batalha entre Direita e Esquerda que se trava nessas elei\u00e7\u00f5es. O confronto \u00e9 entre a barb\u00e1rie e a civiliza\u00e7\u00e3o. E no frigir dos ovos, o Poder deve optar pela barb\u00e1rie e assumir a campanha do ex-capit\u00e3o, uma topeira que j\u00e1 usou farda e que se chegasse ao poder seria bem poss\u00edvel que mudasse o bras\u00e3o nacional para uma cruz gamada. Um ex-militar que com toda a certeza envergonha os militares realmente comprometidos com a ess\u00eancia das for\u00e7as armadas. A defesa da p\u00e1tria. Os verdadeiros patriotas. N\u00e3os os falastr\u00f5es que vem a p\u00fablico falar de patriotismo e assistem calados a entrega de patrim\u00f4nios do nosso povo como a Petrobr\u00e1s, a Embraer, a Eletrobr\u00e1s e num passado recente, a CSN e a Vale do Rio Doce. Um sil\u00eancio c\u00famplice.<\/p>\n<p style=\"text-align: justify;\">Essas linhas cresceriam demais, o assunto \u00e9 extenso, e o mundo digital \u00e9 impaciente e ansioso. Fico por aqui. Acredito que a maioria dos brasileiros assim como vem fazenda h\u00e1 quatro elei\u00e7\u00f5es consecutivas, ir\u00e1 eleger o candidato do Partido dos Trabalhadores. A maioria do povo sentiu na pele o bem que foi ser governado por uma filosofia partid\u00e1ria de vi\u00e9s popular. Quem experimentou, gostou e quer mais. Somente os extremamente ego\u00edstas e individualistas n\u00e3o percebem isso. N\u00e3o enxergam que s\u00f3 um governo bom para a maioria, trar\u00e1 a paz para uma sociedade que anseia por justi\u00e7a social, pela possibilidade de amadurecer em civilidade e assumir seu papel de lideran\u00e7a para um mundo mais justo, solid\u00e1rio e equilibrado. \u00c9 o que eu espero. Mas o Poder&#8230;<\/p>\n<\/div>\n","protected":false},"excerpt":{"rendered":"<p>Embora n\u00e3o supere em reverbera\u00e7\u00e3o a express\u00e3o #EleN\u00e3o, uma das afirma\u00e7\u00f5es mais repetidas durante o atual per\u00edodo eleitoral faz men\u00e7\u00e3o \u00e0 polariza\u00e7\u00e3o entre Direita<\/p>\n","protected":false},"author":242,"featured_media":0,"comment_status":"open","ping_status":"open","sticky":false,"template":"","format":"standard","meta":{"pmpro_default_level":"","footnotes":""},"categories":[1],"tags":[],"class_list":["post-61317","post","type-post","status-publish","format-standard","hentry","category-cidade","pmpro-has-access"],"yoast_head":"<!-- This site is optimized with the Yoast SEO plugin v27.4 - https:\/\/yoast.com\/product\/yoast-seo-wordpress\/ -->\n<title>N\u00e3o \u00e9 Direita e Esquerda. \u00c9 Barb\u00e1rie X Civiliza\u00e7\u00e3o - JORNAL BEIRA RIO<\/title>\n<meta name=\"robots\" content=\"index, follow, max-snippet:-1, max-image-preview:large, max-video-preview:-1\" \/>\n<link rel=\"canonical\" href=\"https:\/\/jornalbeirario.com.br\/portal\/?p=61317\" \/>\n<meta property=\"og:locale\" content=\"pt_BR\" \/>\n<meta property=\"og:type\" content=\"article\" \/>\n<meta property=\"og:title\" content=\"N\u00e3o \u00e9 Direita e Esquerda. \u00c9 Barb\u00e1rie X Civiliza\u00e7\u00e3o - JORNAL BEIRA RIO\" \/>\n<meta property=\"og:description\" content=\"Embora n\u00e3o supere em reverbera\u00e7\u00e3o a express\u00e3o #EleN\u00e3o, uma das afirma\u00e7\u00f5es mais repetidas durante o atual per\u00edodo eleitoral faz men\u00e7\u00e3o \u00e0 polariza\u00e7\u00e3o entre Direita\" \/>\n<meta property=\"og:url\" content=\"https:\/\/jornalbeirario.com.br\/portal\/?p=61317\" \/>\n<meta property=\"og:site_name\" content=\"JORNAL BEIRA RIO\" \/>\n<meta property=\"article:published_time\" content=\"2018-09-28T17:09:52+00:00\" \/>\n<meta name=\"author\" content=\"La\u00eds Amaral\" \/>\n<meta name=\"twitter:card\" content=\"summary_large_image\" \/>\n<meta name=\"twitter:label1\" content=\"Escrito por\" \/>\n\t<meta name=\"twitter:data1\" content=\"La\u00eds Amaral\" \/>\n\t<meta name=\"twitter:label2\" content=\"Est. tempo de leitura\" \/>\n\t<meta name=\"twitter:data2\" content=\"4 minutos\" \/>\n<script type=\"application\/ld+json\" class=\"yoast-schema-graph\">{\"@context\":\"https:\\\/\\\/schema.org\",\"@graph\":[{\"@type\":\"Article\",\"@id\":\"https:\\\/\\\/jornalbeirario.com.br\\\/portal\\\/?p=61317#article\",\"isPartOf\":{\"@id\":\"https:\\\/\\\/jornalbeirario.com.br\\\/portal\\\/?p=61317\"},\"author\":{\"name\":\"La\u00eds Amaral\",\"@id\":\"https:\\\/\\\/jornalbeirario.com.br\\\/portal\\\/#\\\/schema\\\/person\\\/07ce3ae95231104790048d62ba21d81a\"},\"headline\":\"N\u00e3o \u00e9 Direita e Esquerda. \u00c9 Barb\u00e1rie X Civiliza\u00e7\u00e3o\",\"datePublished\":\"2018-09-28T17:09:52+00:00\",\"mainEntityOfPage\":{\"@id\":\"https:\\\/\\\/jornalbeirario.com.br\\\/portal\\\/?p=61317\"},\"wordCount\":852,\"commentCount\":0,\"publisher\":{\"@id\":\"https:\\\/\\\/jornalbeirario.com.br\\\/portal\\\/#organization\"},\"articleSection\":[\"Cidade\"],\"inLanguage\":\"pt-BR\",\"potentialAction\":[{\"@type\":\"CommentAction\",\"name\":\"Comment\",\"target\":[\"https:\\\/\\\/jornalbeirario.com.br\\\/portal\\\/?p=61317#respond\"]}]},{\"@type\":\"WebPage\",\"@id\":\"https:\\\/\\\/jornalbeirario.com.br\\\/portal\\\/?p=61317\",\"url\":\"https:\\\/\\\/jornalbeirario.com.br\\\/portal\\\/?p=61317\",\"name\":\"N\u00e3o \u00e9 Direita e Esquerda. \u00c9 Barb\u00e1rie X Civiliza\u00e7\u00e3o - JORNAL BEIRA RIO\",\"isPartOf\":{\"@id\":\"https:\\\/\\\/jornalbeirario.com.br\\\/portal\\\/#website\"},\"datePublished\":\"2018-09-28T17:09:52+00:00\",\"breadcrumb\":{\"@id\":\"https:\\\/\\\/jornalbeirario.com.br\\\/portal\\\/?p=61317#breadcrumb\"},\"inLanguage\":\"pt-BR\",\"potentialAction\":[{\"@type\":\"ReadAction\",\"target\":[\"https:\\\/\\\/jornalbeirario.com.br\\\/portal\\\/?p=61317\"]}]},{\"@type\":\"BreadcrumbList\",\"@id\":\"https:\\\/\\\/jornalbeirario.com.br\\\/portal\\\/?p=61317#breadcrumb\",\"itemListElement\":[{\"@type\":\"ListItem\",\"position\":1,\"name\":\"Home\",\"item\":\"https:\\\/\\\/jornalbeirario.com.br\\\/portal\"},{\"@type\":\"ListItem\",\"position\":2,\"name\":\"N\u00e3o \u00e9 Direita e Esquerda. \u00c9 Barb\u00e1rie X Civiliza\u00e7\u00e3o\"}]},{\"@type\":\"WebSite\",\"@id\":\"https:\\\/\\\/jornalbeirario.com.br\\\/portal\\\/#website\",\"url\":\"https:\\\/\\\/jornalbeirario.com.br\\\/portal\\\/\",\"name\":\"JORNAL BEIRA RIO\",\"description\":\"\",\"publisher\":{\"@id\":\"https:\\\/\\\/jornalbeirario.com.br\\\/portal\\\/#organization\"},\"potentialAction\":[{\"@type\":\"SearchAction\",\"target\":{\"@type\":\"EntryPoint\",\"urlTemplate\":\"https:\\\/\\\/jornalbeirario.com.br\\\/portal\\\/?s={search_term_string}\"},\"query-input\":{\"@type\":\"PropertyValueSpecification\",\"valueRequired\":true,\"valueName\":\"search_term_string\"}}],\"inLanguage\":\"pt-BR\"},{\"@type\":\"Organization\",\"@id\":\"https:\\\/\\\/jornalbeirario.com.br\\\/portal\\\/#organization\",\"name\":\"JORNAL BEIRA RIO\",\"url\":\"https:\\\/\\\/jornalbeirario.com.br\\\/portal\\\/\",\"logo\":{\"@type\":\"ImageObject\",\"inLanguage\":\"pt-BR\",\"@id\":\"https:\\\/\\\/jornalbeirario.com.br\\\/portal\\\/#\\\/schema\\\/logo\\\/image\\\/\",\"url\":\"https:\\\/\\\/jornalbeirario.com.br\\\/portal\\\/wp-content\\\/uploads\\\/2017\\\/09\\\/BEIRA-RIO_logo600.png\",\"contentUrl\":\"https:\\\/\\\/jornalbeirario.com.br\\\/portal\\\/wp-content\\\/uploads\\\/2017\\\/09\\\/BEIRA-RIO_logo600.png\",\"width\":650,\"height\":108,\"caption\":\"JORNAL BEIRA RIO\"},\"image\":{\"@id\":\"https:\\\/\\\/jornalbeirario.com.br\\\/portal\\\/#\\\/schema\\\/logo\\\/image\\\/\"}},{\"@type\":\"Person\",\"@id\":\"https:\\\/\\\/jornalbeirario.com.br\\\/portal\\\/#\\\/schema\\\/person\\\/07ce3ae95231104790048d62ba21d81a\",\"name\":\"La\u00eds Amaral\",\"image\":{\"@type\":\"ImageObject\",\"inLanguage\":\"pt-BR\",\"@id\":\"https:\\\/\\\/jornalbeirario.com.br\\\/portal\\\/wp-content\\\/uploads\\\/2016\\\/09\\\/lairavatar2-1.png\",\"url\":\"https:\\\/\\\/jornalbeirario.com.br\\\/portal\\\/wp-content\\\/uploads\\\/2016\\\/09\\\/lairavatar2-1.png\",\"contentUrl\":\"https:\\\/\\\/jornalbeirario.com.br\\\/portal\\\/wp-content\\\/uploads\\\/2016\\\/09\\\/lairavatar2-1.png\",\"caption\":\"La\u00eds Amaral\"},\"url\":\"https:\\\/\\\/jornalbeirario.com.br\\\/portal\\\/?author=242\"}]}<\/script>\n<!-- \/ Yoast SEO plugin. -->","yoast_head_json":{"title":"N\u00e3o \u00e9 Direita e Esquerda. \u00c9 Barb\u00e1rie X Civiliza\u00e7\u00e3o - JORNAL BEIRA RIO","robots":{"index":"index","follow":"follow","max-snippet":"max-snippet:-1","max-image-preview":"max-image-preview:large","max-video-preview":"max-video-preview:-1"},"canonical":"https:\/\/jornalbeirario.com.br\/portal\/?p=61317","og_locale":"pt_BR","og_type":"article","og_title":"N\u00e3o \u00e9 Direita e Esquerda. \u00c9 Barb\u00e1rie X Civiliza\u00e7\u00e3o - JORNAL BEIRA RIO","og_description":"Embora n\u00e3o supere em reverbera\u00e7\u00e3o a express\u00e3o #EleN\u00e3o, uma das afirma\u00e7\u00f5es mais repetidas durante o atual per\u00edodo eleitoral faz men\u00e7\u00e3o \u00e0 polariza\u00e7\u00e3o entre Direita","og_url":"https:\/\/jornalbeirario.com.br\/portal\/?p=61317","og_site_name":"JORNAL BEIRA RIO","article_published_time":"2018-09-28T17:09:52+00:00","author":"La\u00eds Amaral","twitter_card":"summary_large_image","twitter_misc":{"Escrito por":"La\u00eds Amaral","Est. tempo de leitura":"4 minutos"},"schema":{"@context":"https:\/\/schema.org","@graph":[{"@type":"Article","@id":"https:\/\/jornalbeirario.com.br\/portal\/?p=61317#article","isPartOf":{"@id":"https:\/\/jornalbeirario.com.br\/portal\/?p=61317"},"author":{"name":"La\u00eds Amaral","@id":"https:\/\/jornalbeirario.com.br\/portal\/#\/schema\/person\/07ce3ae95231104790048d62ba21d81a"},"headline":"N\u00e3o \u00e9 Direita e Esquerda. \u00c9 Barb\u00e1rie X Civiliza\u00e7\u00e3o","datePublished":"2018-09-28T17:09:52+00:00","mainEntityOfPage":{"@id":"https:\/\/jornalbeirario.com.br\/portal\/?p=61317"},"wordCount":852,"commentCount":0,"publisher":{"@id":"https:\/\/jornalbeirario.com.br\/portal\/#organization"},"articleSection":["Cidade"],"inLanguage":"pt-BR","potentialAction":[{"@type":"CommentAction","name":"Comment","target":["https:\/\/jornalbeirario.com.br\/portal\/?p=61317#respond"]}]},{"@type":"WebPage","@id":"https:\/\/jornalbeirario.com.br\/portal\/?p=61317","url":"https:\/\/jornalbeirario.com.br\/portal\/?p=61317","name":"N\u00e3o \u00e9 Direita e Esquerda. \u00c9 Barb\u00e1rie X Civiliza\u00e7\u00e3o - JORNAL BEIRA RIO","isPartOf":{"@id":"https:\/\/jornalbeirario.com.br\/portal\/#website"},"datePublished":"2018-09-28T17:09:52+00:00","breadcrumb":{"@id":"https:\/\/jornalbeirario.com.br\/portal\/?p=61317#breadcrumb"},"inLanguage":"pt-BR","potentialAction":[{"@type":"ReadAction","target":["https:\/\/jornalbeirario.com.br\/portal\/?p=61317"]}]},{"@type":"BreadcrumbList","@id":"https:\/\/jornalbeirario.com.br\/portal\/?p=61317#breadcrumb","itemListElement":[{"@type":"ListItem","position":1,"name":"Home","item":"https:\/\/jornalbeirario.com.br\/portal"},{"@type":"ListItem","position":2,"name":"N\u00e3o \u00e9 Direita e Esquerda. \u00c9 Barb\u00e1rie X Civiliza\u00e7\u00e3o"}]},{"@type":"WebSite","@id":"https:\/\/jornalbeirario.com.br\/portal\/#website","url":"https:\/\/jornalbeirario.com.br\/portal\/","name":"JORNAL BEIRA RIO","description":"","publisher":{"@id":"https:\/\/jornalbeirario.com.br\/portal\/#organization"},"potentialAction":[{"@type":"SearchAction","target":{"@type":"EntryPoint","urlTemplate":"https:\/\/jornalbeirario.com.br\/portal\/?s={search_term_string}"},"query-input":{"@type":"PropertyValueSpecification","valueRequired":true,"valueName":"search_term_string"}}],"inLanguage":"pt-BR"},{"@type":"Organization","@id":"https:\/\/jornalbeirario.com.br\/portal\/#organization","name":"JORNAL BEIRA RIO","url":"https:\/\/jornalbeirario.com.br\/portal\/","logo":{"@type":"ImageObject","inLanguage":"pt-BR","@id":"https:\/\/jornalbeirario.com.br\/portal\/#\/schema\/logo\/image\/","url":"https:\/\/jornalbeirario.com.br\/portal\/wp-content\/uploads\/2017\/09\/BEIRA-RIO_logo600.png","contentUrl":"https:\/\/jornalbeirario.com.br\/portal\/wp-content\/uploads\/2017\/09\/BEIRA-RIO_logo600.png","width":650,"height":108,"caption":"JORNAL BEIRA RIO"},"image":{"@id":"https:\/\/jornalbeirario.com.br\/portal\/#\/schema\/logo\/image\/"}},{"@type":"Person","@id":"https:\/\/jornalbeirario.com.br\/portal\/#\/schema\/person\/07ce3ae95231104790048d62ba21d81a","name":"La\u00eds Amaral","image":{"@type":"ImageObject","inLanguage":"pt-BR","@id":"https:\/\/jornalbeirario.com.br\/portal\/wp-content\/uploads\/2016\/09\/lairavatar2-1.png","url":"https:\/\/jornalbeirario.com.br\/portal\/wp-content\/uploads\/2016\/09\/lairavatar2-1.png","contentUrl":"https:\/\/jornalbeirario.com.br\/portal\/wp-content\/uploads\/2016\/09\/lairavatar2-1.png","caption":"La\u00eds Amaral"},"url":"https:\/\/jornalbeirario.com.br\/portal\/?author=242"}]}},"_links":{"self":[{"href":"https:\/\/jornalbeirario.com.br\/portal\/index.php?rest_route=\/wp\/v2\/posts\/61317","targetHints":{"allow":["GET"]}}],"collection":[{"href":"https:\/\/jornalbeirario.com.br\/portal\/index.php?rest_route=\/wp\/v2\/posts"}],"about":[{"href":"https:\/\/jornalbeirario.com.br\/portal\/index.php?rest_route=\/wp\/v2\/types\/post"}],"author":[{"embeddable":true,"href":"https:\/\/jornalbeirario.com.br\/portal\/index.php?rest_route=\/wp\/v2\/users\/242"}],"replies":[{"embeddable":true,"href":"https:\/\/jornalbeirario.com.br\/portal\/index.php?rest_route=%2Fwp%2Fv2%2Fcomments&post=61317"}],"version-history":[{"count":1,"href":"https:\/\/jornalbeirario.com.br\/portal\/index.php?rest_route=\/wp\/v2\/posts\/61317\/revisions"}],"predecessor-version":[{"id":61318,"href":"https:\/\/jornalbeirario.com.br\/portal\/index.php?rest_route=\/wp\/v2\/posts\/61317\/revisions\/61318"}],"wp:attachment":[{"href":"https:\/\/jornalbeirario.com.br\/portal\/index.php?rest_route=%2Fwp%2Fv2%2Fmedia&parent=61317"}],"wp:term":[{"taxonomy":"category","embeddable":true,"href":"https:\/\/jornalbeirario.com.br\/portal\/index.php?rest_route=%2Fwp%2Fv2%2Fcategories&post=61317"},{"taxonomy":"post_tag","embeddable":true,"href":"https:\/\/jornalbeirario.com.br\/portal\/index.php?rest_route=%2Fwp%2Fv2%2Ftags&post=61317"}],"curies":[{"name":"wp","href":"https:\/\/api.w.org\/{rel}","templated":true}]}}