
{"id":61044,"date":"2018-09-13T00:16:18","date_gmt":"2018-09-13T03:16:18","guid":{"rendered":"http:\/\/jornalbeirario.com.br\/portal\/?p=61044"},"modified":"2018-09-13T11:26:55","modified_gmt":"2018-09-13T14:26:55","slug":"apenas-dois-dos-oito-candidatos-participam-de-sabatina-da-sfpmr","status":"publish","type":"post","link":"https:\/\/jornalbeirario.com.br\/portal\/?p=61044","title":{"rendered":"Sabatina do sindicato dos servidores t\u00eam apenas dois participantes"},"content":{"rendered":"<p style=\"text-align: justify;\"><img loading=\"lazy\" decoding=\"async\" class=\"alignright size-medium wp-image-61072\" src=\"https:\/\/jornalbeirario.com.br\/portal\/wp-content\/uploads\/2018\/09\/sabatina2-266x300.jpg\" alt=\"\" width=\"266\" height=\"300\" srcset=\"https:\/\/jornalbeirario.com.br\/portal\/wp-content\/uploads\/2018\/09\/sabatina2-266x300.jpg 266w, https:\/\/jornalbeirario.com.br\/portal\/wp-content\/uploads\/2018\/09\/sabatina2.jpg 479w\" sizes=\"auto, (max-width: 266px) 100vw, 266px\" \/> Com a presen\u00e7a de apenas dois dos oito candidatos a deputados federais que representam o munic\u00edpio de Resende, o Sindicato dos Servidores P\u00fablicos de Resende (SFPMR) realizou na noite desta quarta-feira, dia 12, <a href=\"https:\/\/jornalbeirario.com.br\/portal\/?p=60982\">uma sabatina <\/a>entre os candidatos Caio Sampaio (Rede, \u00e0 direita) e F\u00e1bio Brunelli (PSB, na foto abaixo).<\/p>\n<p style=\"text-align: justify;\">&#8211; Lamento muito pelos candidatos que n\u00e3o vieram hoje, perderam a oportunidade de se expressar aqui, da mesma forma que o F\u00e1bio se expressou. Mesmo assim, mostramos que \u00e9 poss\u00edvel fazer democracia com sinceridade &#8211; respondeu o candidato da Rede.<\/p>\n<p style=\"text-align: justify;\">Dois seis ausentes, metade deles justificou a n\u00e3o presen\u00e7a no evento. O candidato Pedra (PSD) tinha um compromisso de campanha durante o hor\u00e1rio da sabatina, Roque Cerqueira (PDT) estava no vel\u00f3rio de um conhecido em Duque de Caxias, e Laureano (Avante) estava lan\u00e7ando sua campanha. Pr Claudina Tavares (PPS), Carminha Lima (PPS) e Cristina Bolsonaro (Podemos) n\u00e3o justificaram suas aus\u00eancias.<\/p>\n<p style=\"text-align: justify;\">Para F\u00e1bio, ainda que parte dos candidatos tenha justificado a aus\u00eancia, para ele as escolhas foram absurdas. &#8220;\u00c9 estranho os outros candidatos sequer comparecerem a uma sabatina, s\u00f3 porque est\u00e3o fazendo campanha&#8221;, citou.<\/p>\n<p style=\"text-align: justify;\">Os dois\u00a0<span style=\"text-align: justify;\">candidatos responderam perguntas sobre as reformas trabalhistas e a da previd\u00eancia, reforma pol\u00edtica, terceiriza\u00e7\u00e3o e aprova\u00e7\u00e3o da PEC 241 (C\u00e2mara) ou PEC 55 (Senado). E ambos se mostraram contr\u00e1rios as muitas das ideias e aprova\u00e7\u00f5es de reformas por parte do Governo Federal. Quest\u00f5es predominantemente locais foram a dos CCs (cargos comissionados) tamb\u00e9m foram lembrados.<\/span><\/p>\n<p style=\"text-align: justify;\">&#8211; Eu votaria contra a Reforma da Previd\u00eancia, pois da forma que ela foi colocada no Congresso ela chega a ser agressiva. Ela at\u00e9 poderia ser feita, desde que a pir\u00e2mide da sociedade brasileira n\u00e3o fosse modificada para prejudicar os mais pobres &#8211; destaca Sampaio.<\/p>\n<p style=\"text-align: justify;\">Brunelli relembrou que a mesma poder\u00e1 ser votada e aprovada depois das elei\u00e7\u00f5es. &#8220;Essa reforma inclui que a idade m\u00ednima para a aposentadoria passa a ser de 65 anos, s\u00f3 que aqui no Brasil a expectativa de vida \u00e9 baixa se comparado a outros pa\u00edses que tamb\u00e9m reformaram sua aposentadora&#8221;.<\/p>\n<p style=\"text-align: justify;\">Em rela\u00e7\u00e3o \u00e0s Reformas Trabalhistas, eles tamb\u00e9m s\u00e3o contr\u00e1rios \u00e0s medidas tomadas pelo presidente Michel Temer (MDB). &#8220;De fato, at\u00e9 defendo reforma trabalhista, mas essa do Temer \u00e9 uma vergonha! Considero um massacre \u00e0s classes sociais mais baixas. Se venderam por acordos financeiros para que os parlamentares votassem, e agora deixam o trabalhador sem uma prote\u00e7\u00e3o sindical e ref\u00e9m dos patr\u00f5es&#8221;, fala Sampaio.<\/p>\n<p style=\"text-align: justify;\"><img loading=\"lazy\" decoding=\"async\" class=\"size-medium wp-image-61073 alignleft\" src=\"https:\/\/jornalbeirario.com.br\/portal\/wp-content\/uploads\/2018\/09\/sabatina3-225x300.jpg\" alt=\"\" width=\"225\" height=\"300\" srcset=\"https:\/\/jornalbeirario.com.br\/portal\/wp-content\/uploads\/2018\/09\/sabatina3-225x300.jpg 225w, https:\/\/jornalbeirario.com.br\/portal\/wp-content\/uploads\/2018\/09\/sabatina3.jpg 480w\" sizes=\"auto, (max-width: 225px) 100vw, 225px\" \/>A terceiriza\u00e7\u00e3o e a PEC do Limite de Teto dos Gastos foram alvos de cr\u00edticas na sabatina dos dois candidatos. &#8220;Essa PEC \u00e9 um\u00a0 esc\u00e1rnio, um deboche. Isso tudo porque segundo Sampaio,\u00a0 o governo s\u00f3 beneficia os mais ricos, ou seja, banqueiros e empres\u00e1rios. E muitos brasileiros sequer sabem quem \u00e9 o PEC e o que\u00a0 ele faz&#8221;, acrescenta o candidato.<\/p>\n<p style=\"text-align: justify;\">&#8220;PRA GERAR EMPREGO, \u00c9 MENTIRA!<\/p>\n<p style=\"text-align: justify;\">&#8211; Qual \u00e9 a pegadinha dessa lei? Convenceram a popula\u00e7\u00e3o de que a escolha era para gerar mais empregos, mas \u00e9 mentira. Al\u00e9m disso, as dificuldades para processar o patr\u00e3o s\u00e3o absurdas e o n\u00famero de desemprego s\u00f3 aumentou &#8211; conclui Sampaio. &#8220;Terceiriza\u00e7\u00e3o n\u00e3o traz nenhum benef\u00edcio ao trabalhador no Brasil. Sou contra ela em forma irrestrita, devido a alta rotatividade do funcion\u00e1rio, ter baixa qualidade do trabalho e baixo sal\u00e1rio&#8221;, diz Brunelli.<\/p>\n<p style=\"text-align: justify;\">O presidente em exerc\u00edcio do SFPMR, Georv\u00e2nio Sousa, fez uma avalia\u00e7\u00e3o do evento. &#8220;Fiquei feliz com a qualidade dos candidatos que puderam comparecer, isso \u00e9 s\u00f3 o come\u00e7o de um projeto que era o nosso sonho desde 2016. S\u00f3 que na ocasi\u00e3o nenhum candidato a prefeito nos atendeu, diferente do que aconteceu este ano, com os candidatos a deputado federal&#8221;, relembra.<\/p>\n<p style=\"text-align: justify;\">Para quem quiser acompanhar como foi a sabatina atrav\u00e9s de v\u00eddeos, \u00e9 s\u00f3 acessar a p\u00e1gina do sindicato nas redes sociais <a href=\"https:\/\/www.facebook.com\/Sindicato-dos-Funcion%C3%A1rios-P%C3%BAblicos-do-Munic%C3%ADpio-de-Resende-235362053200748\/\">clicando aqui<\/a>.<\/p>\n","protected":false},"excerpt":{"rendered":"<p>Com a presen\u00e7a de apenas dois dos oito candidatos a deputados federais que representam o munic\u00edpio de Resende, o Sindicato dos Servidores P\u00fablicos de<\/p>\n","protected":false},"author":1,"featured_media":61058,"comment_status":"open","ping_status":"open","sticky":false,"template":"","format":"standard","meta":{"pmpro_default_level":"","footnotes":""},"categories":[232,227],"tags":[],"class_list":["post-61044","post","type-post","status-publish","format-standard","has-post-thumbnail","hentry","category-eleicoes-2018","category-manchete","pmpro-has-access"],"yoast_head":"<!-- This site is optimized with the Yoast SEO plugin v27.4 - https:\/\/yoast.com\/product\/yoast-seo-wordpress\/ -->\n<title>Sabatina do sindicato dos servidores t\u00eam apenas dois participantes - JORNAL BEIRA RIO<\/title>\n<meta name=\"robots\" content=\"index, follow, max-snippet:-1, max-image-preview:large, max-video-preview:-1\" \/>\n<link rel=\"canonical\" href=\"https:\/\/jornalbeirario.com.br\/portal\/?p=61044\" \/>\n<meta property=\"og:locale\" content=\"pt_BR\" \/>\n<meta property=\"og:type\" content=\"article\" \/>\n<meta property=\"og:title\" content=\"Sabatina do sindicato dos servidores t\u00eam apenas dois participantes - JORNAL BEIRA RIO\" \/>\n<meta property=\"og:description\" content=\"Com a presen\u00e7a de apenas dois dos oito candidatos a deputados federais que representam o munic\u00edpio de Resende, o Sindicato dos Servidores P\u00fablicos de\" \/>\n<meta property=\"og:url\" content=\"https:\/\/jornalbeirario.com.br\/portal\/?p=61044\" \/>\n<meta property=\"og:site_name\" content=\"JORNAL BEIRA RIO\" \/>\n<meta property=\"article:published_time\" content=\"2018-09-13T03:16:18+00:00\" \/>\n<meta property=\"article:modified_time\" content=\"2018-09-13T14:26:55+00:00\" \/>\n<meta property=\"og:image\" content=\"https:\/\/jornalbeirario.com.br\/portal\/wp-content\/uploads\/2018\/09\/sabatina1.jpg\" \/>\n\t<meta property=\"og:image:width\" content=\"1100\" \/>\n\t<meta property=\"og:image:height\" content=\"470\" \/>\n\t<meta property=\"og:image:type\" content=\"image\/jpeg\" \/>\n<meta name=\"author\" content=\"Jornal BEIRA-RIO\" \/>\n<meta name=\"twitter:card\" content=\"summary_large_image\" \/>\n<meta name=\"twitter:label1\" content=\"Escrito por\" \/>\n\t<meta name=\"twitter:data1\" content=\"Jornal BEIRA-RIO\" \/>\n\t<meta name=\"twitter:label2\" content=\"Est. tempo de leitura\" \/>\n\t<meta name=\"twitter:data2\" content=\"3 minutos\" \/>\n<script type=\"application\/ld+json\" class=\"yoast-schema-graph\">{\"@context\":\"https:\\\/\\\/schema.org\",\"@graph\":[{\"@type\":\"Article\",\"@id\":\"https:\\\/\\\/jornalbeirario.com.br\\\/portal\\\/?p=61044#article\",\"isPartOf\":{\"@id\":\"https:\\\/\\\/jornalbeirario.com.br\\\/portal\\\/?p=61044\"},\"author\":{\"name\":\"Jornal BEIRA-RIO\",\"@id\":\"https:\\\/\\\/jornalbeirario.com.br\\\/portal\\\/#\\\/schema\\\/person\\\/c6c423e4c2465d2a9233f6539173e7c1\"},\"headline\":\"Sabatina do sindicato dos servidores t\u00eam apenas dois participantes\",\"datePublished\":\"2018-09-13T03:16:18+00:00\",\"dateModified\":\"2018-09-13T14:26:55+00:00\",\"mainEntityOfPage\":{\"@id\":\"https:\\\/\\\/jornalbeirario.com.br\\\/portal\\\/?p=61044\"},\"wordCount\":675,\"commentCount\":0,\"publisher\":{\"@id\":\"https:\\\/\\\/jornalbeirario.com.br\\\/portal\\\/#organization\"},\"image\":{\"@id\":\"https:\\\/\\\/jornalbeirario.com.br\\\/portal\\\/?p=61044#primaryimage\"},\"thumbnailUrl\":\"https:\\\/\\\/jornalbeirario.com.br\\\/portal\\\/wp-content\\\/uploads\\\/2018\\\/09\\\/sabatina1.jpg\",\"articleSection\":[\"Elei\u00e7\u00f5es 2018\",\"Manchete\"],\"inLanguage\":\"pt-BR\",\"potentialAction\":[{\"@type\":\"CommentAction\",\"name\":\"Comment\",\"target\":[\"https:\\\/\\\/jornalbeirario.com.br\\\/portal\\\/?p=61044#respond\"]}]},{\"@type\":\"WebPage\",\"@id\":\"https:\\\/\\\/jornalbeirario.com.br\\\/portal\\\/?p=61044\",\"url\":\"https:\\\/\\\/jornalbeirario.com.br\\\/portal\\\/?p=61044\",\"name\":\"Sabatina do sindicato dos servidores t\u00eam apenas dois participantes - JORNAL BEIRA RIO\",\"isPartOf\":{\"@id\":\"https:\\\/\\\/jornalbeirario.com.br\\\/portal\\\/#website\"},\"primaryImageOfPage\":{\"@id\":\"https:\\\/\\\/jornalbeirario.com.br\\\/portal\\\/?p=61044#primaryimage\"},\"image\":{\"@id\":\"https:\\\/\\\/jornalbeirario.com.br\\\/portal\\\/?p=61044#primaryimage\"},\"thumbnailUrl\":\"https:\\\/\\\/jornalbeirario.com.br\\\/portal\\\/wp-content\\\/uploads\\\/2018\\\/09\\\/sabatina1.jpg\",\"datePublished\":\"2018-09-13T03:16:18+00:00\",\"dateModified\":\"2018-09-13T14:26:55+00:00\",\"breadcrumb\":{\"@id\":\"https:\\\/\\\/jornalbeirario.com.br\\\/portal\\\/?p=61044#breadcrumb\"},\"inLanguage\":\"pt-BR\",\"potentialAction\":[{\"@type\":\"ReadAction\",\"target\":[\"https:\\\/\\\/jornalbeirario.com.br\\\/portal\\\/?p=61044\"]}]},{\"@type\":\"ImageObject\",\"inLanguage\":\"pt-BR\",\"@id\":\"https:\\\/\\\/jornalbeirario.com.br\\\/portal\\\/?p=61044#primaryimage\",\"url\":\"https:\\\/\\\/jornalbeirario.com.br\\\/portal\\\/wp-content\\\/uploads\\\/2018\\\/09\\\/sabatina1.jpg\",\"contentUrl\":\"https:\\\/\\\/jornalbeirario.com.br\\\/portal\\\/wp-content\\\/uploads\\\/2018\\\/09\\\/sabatina1.jpg\",\"width\":1100,\"height\":470},{\"@type\":\"BreadcrumbList\",\"@id\":\"https:\\\/\\\/jornalbeirario.com.br\\\/portal\\\/?p=61044#breadcrumb\",\"itemListElement\":[{\"@type\":\"ListItem\",\"position\":1,\"name\":\"Home\",\"item\":\"https:\\\/\\\/jornalbeirario.com.br\\\/portal\"},{\"@type\":\"ListItem\",\"position\":2,\"name\":\"Sabatina do sindicato dos servidores t\u00eam apenas dois participantes\"}]},{\"@type\":\"WebSite\",\"@id\":\"https:\\\/\\\/jornalbeirario.com.br\\\/portal\\\/#website\",\"url\":\"https:\\\/\\\/jornalbeirario.com.br\\\/portal\\\/\",\"name\":\"JORNAL BEIRA RIO\",\"description\":\"\",\"publisher\":{\"@id\":\"https:\\\/\\\/jornalbeirario.com.br\\\/portal\\\/#organization\"},\"potentialAction\":[{\"@type\":\"SearchAction\",\"target\":{\"@type\":\"EntryPoint\",\"urlTemplate\":\"https:\\\/\\\/jornalbeirario.com.br\\\/portal\\\/?s={search_term_string}\"},\"query-input\":{\"@type\":\"PropertyValueSpecification\",\"valueRequired\":true,\"valueName\":\"search_term_string\"}}],\"inLanguage\":\"pt-BR\"},{\"@type\":\"Organization\",\"@id\":\"https:\\\/\\\/jornalbeirario.com.br\\\/portal\\\/#organization\",\"name\":\"JORNAL BEIRA RIO\",\"url\":\"https:\\\/\\\/jornalbeirario.com.br\\\/portal\\\/\",\"logo\":{\"@type\":\"ImageObject\",\"inLanguage\":\"pt-BR\",\"@id\":\"https:\\\/\\\/jornalbeirario.com.br\\\/portal\\\/#\\\/schema\\\/logo\\\/image\\\/\",\"url\":\"https:\\\/\\\/jornalbeirario.com.br\\\/portal\\\/wp-content\\\/uploads\\\/2017\\\/09\\\/BEIRA-RIO_logo600.png\",\"contentUrl\":\"https:\\\/\\\/jornalbeirario.com.br\\\/portal\\\/wp-content\\\/uploads\\\/2017\\\/09\\\/BEIRA-RIO_logo600.png\",\"width\":650,\"height\":108,\"caption\":\"JORNAL BEIRA RIO\"},\"image\":{\"@id\":\"https:\\\/\\\/jornalbeirario.com.br\\\/portal\\\/#\\\/schema\\\/logo\\\/image\\\/\"}},{\"@type\":\"Person\",\"@id\":\"https:\\\/\\\/jornalbeirario.com.br\\\/portal\\\/#\\\/schema\\\/person\\\/c6c423e4c2465d2a9233f6539173e7c1\",\"name\":\"Jornal BEIRA-RIO\",\"image\":{\"@type\":\"ImageObject\",\"inLanguage\":\"pt-BR\",\"@id\":\"https:\\\/\\\/jornalbeirario.com.br\\\/portal\\\/wp-content\\\/uploads\\\/2023\\\/10\\\/logojbr1.jpg\",\"url\":\"https:\\\/\\\/jornalbeirario.com.br\\\/portal\\\/wp-content\\\/uploads\\\/2023\\\/10\\\/logojbr1.jpg\",\"contentUrl\":\"https:\\\/\\\/jornalbeirario.com.br\\\/portal\\\/wp-content\\\/uploads\\\/2023\\\/10\\\/logojbr1.jpg\",\"caption\":\"Jornal BEIRA-RIO\"},\"url\":\"https:\\\/\\\/jornalbeirario.com.br\\\/portal\\\/?author=1\"}]}<\/script>\n<!-- \/ Yoast SEO plugin. -->","yoast_head_json":{"title":"Sabatina do sindicato dos servidores t\u00eam apenas dois participantes - JORNAL BEIRA RIO","robots":{"index":"index","follow":"follow","max-snippet":"max-snippet:-1","max-image-preview":"max-image-preview:large","max-video-preview":"max-video-preview:-1"},"canonical":"https:\/\/jornalbeirario.com.br\/portal\/?p=61044","og_locale":"pt_BR","og_type":"article","og_title":"Sabatina do sindicato dos servidores t\u00eam apenas dois participantes - JORNAL BEIRA RIO","og_description":"Com a presen\u00e7a de apenas dois dos oito candidatos a deputados federais que representam o munic\u00edpio de Resende, o Sindicato dos Servidores P\u00fablicos de","og_url":"https:\/\/jornalbeirario.com.br\/portal\/?p=61044","og_site_name":"JORNAL BEIRA RIO","article_published_time":"2018-09-13T03:16:18+00:00","article_modified_time":"2018-09-13T14:26:55+00:00","og_image":[{"width":1100,"height":470,"url":"https:\/\/jornalbeirario.com.br\/portal\/wp-content\/uploads\/2018\/09\/sabatina1.jpg","type":"image\/jpeg"}],"author":"Jornal BEIRA-RIO","twitter_card":"summary_large_image","twitter_misc":{"Escrito por":"Jornal BEIRA-RIO","Est. tempo de leitura":"3 minutos"},"schema":{"@context":"https:\/\/schema.org","@graph":[{"@type":"Article","@id":"https:\/\/jornalbeirario.com.br\/portal\/?p=61044#article","isPartOf":{"@id":"https:\/\/jornalbeirario.com.br\/portal\/?p=61044"},"author":{"name":"Jornal BEIRA-RIO","@id":"https:\/\/jornalbeirario.com.br\/portal\/#\/schema\/person\/c6c423e4c2465d2a9233f6539173e7c1"},"headline":"Sabatina do sindicato dos servidores t\u00eam apenas dois participantes","datePublished":"2018-09-13T03:16:18+00:00","dateModified":"2018-09-13T14:26:55+00:00","mainEntityOfPage":{"@id":"https:\/\/jornalbeirario.com.br\/portal\/?p=61044"},"wordCount":675,"commentCount":0,"publisher":{"@id":"https:\/\/jornalbeirario.com.br\/portal\/#organization"},"image":{"@id":"https:\/\/jornalbeirario.com.br\/portal\/?p=61044#primaryimage"},"thumbnailUrl":"https:\/\/jornalbeirario.com.br\/portal\/wp-content\/uploads\/2018\/09\/sabatina1.jpg","articleSection":["Elei\u00e7\u00f5es 2018","Manchete"],"inLanguage":"pt-BR","potentialAction":[{"@type":"CommentAction","name":"Comment","target":["https:\/\/jornalbeirario.com.br\/portal\/?p=61044#respond"]}]},{"@type":"WebPage","@id":"https:\/\/jornalbeirario.com.br\/portal\/?p=61044","url":"https:\/\/jornalbeirario.com.br\/portal\/?p=61044","name":"Sabatina do sindicato dos servidores t\u00eam apenas dois participantes - JORNAL BEIRA RIO","isPartOf":{"@id":"https:\/\/jornalbeirario.com.br\/portal\/#website"},"primaryImageOfPage":{"@id":"https:\/\/jornalbeirario.com.br\/portal\/?p=61044#primaryimage"},"image":{"@id":"https:\/\/jornalbeirario.com.br\/portal\/?p=61044#primaryimage"},"thumbnailUrl":"https:\/\/jornalbeirario.com.br\/portal\/wp-content\/uploads\/2018\/09\/sabatina1.jpg","datePublished":"2018-09-13T03:16:18+00:00","dateModified":"2018-09-13T14:26:55+00:00","breadcrumb":{"@id":"https:\/\/jornalbeirario.com.br\/portal\/?p=61044#breadcrumb"},"inLanguage":"pt-BR","potentialAction":[{"@type":"ReadAction","target":["https:\/\/jornalbeirario.com.br\/portal\/?p=61044"]}]},{"@type":"ImageObject","inLanguage":"pt-BR","@id":"https:\/\/jornalbeirario.com.br\/portal\/?p=61044#primaryimage","url":"https:\/\/jornalbeirario.com.br\/portal\/wp-content\/uploads\/2018\/09\/sabatina1.jpg","contentUrl":"https:\/\/jornalbeirario.com.br\/portal\/wp-content\/uploads\/2018\/09\/sabatina1.jpg","width":1100,"height":470},{"@type":"BreadcrumbList","@id":"https:\/\/jornalbeirario.com.br\/portal\/?p=61044#breadcrumb","itemListElement":[{"@type":"ListItem","position":1,"name":"Home","item":"https:\/\/jornalbeirario.com.br\/portal"},{"@type":"ListItem","position":2,"name":"Sabatina do sindicato dos servidores t\u00eam apenas dois participantes"}]},{"@type":"WebSite","@id":"https:\/\/jornalbeirario.com.br\/portal\/#website","url":"https:\/\/jornalbeirario.com.br\/portal\/","name":"JORNAL BEIRA RIO","description":"","publisher":{"@id":"https:\/\/jornalbeirario.com.br\/portal\/#organization"},"potentialAction":[{"@type":"SearchAction","target":{"@type":"EntryPoint","urlTemplate":"https:\/\/jornalbeirario.com.br\/portal\/?s={search_term_string}"},"query-input":{"@type":"PropertyValueSpecification","valueRequired":true,"valueName":"search_term_string"}}],"inLanguage":"pt-BR"},{"@type":"Organization","@id":"https:\/\/jornalbeirario.com.br\/portal\/#organization","name":"JORNAL BEIRA RIO","url":"https:\/\/jornalbeirario.com.br\/portal\/","logo":{"@type":"ImageObject","inLanguage":"pt-BR","@id":"https:\/\/jornalbeirario.com.br\/portal\/#\/schema\/logo\/image\/","url":"https:\/\/jornalbeirario.com.br\/portal\/wp-content\/uploads\/2017\/09\/BEIRA-RIO_logo600.png","contentUrl":"https:\/\/jornalbeirario.com.br\/portal\/wp-content\/uploads\/2017\/09\/BEIRA-RIO_logo600.png","width":650,"height":108,"caption":"JORNAL BEIRA RIO"},"image":{"@id":"https:\/\/jornalbeirario.com.br\/portal\/#\/schema\/logo\/image\/"}},{"@type":"Person","@id":"https:\/\/jornalbeirario.com.br\/portal\/#\/schema\/person\/c6c423e4c2465d2a9233f6539173e7c1","name":"Jornal BEIRA-RIO","image":{"@type":"ImageObject","inLanguage":"pt-BR","@id":"https:\/\/jornalbeirario.com.br\/portal\/wp-content\/uploads\/2023\/10\/logojbr1.jpg","url":"https:\/\/jornalbeirario.com.br\/portal\/wp-content\/uploads\/2023\/10\/logojbr1.jpg","contentUrl":"https:\/\/jornalbeirario.com.br\/portal\/wp-content\/uploads\/2023\/10\/logojbr1.jpg","caption":"Jornal BEIRA-RIO"},"url":"https:\/\/jornalbeirario.com.br\/portal\/?author=1"}]}},"_links":{"self":[{"href":"https:\/\/jornalbeirario.com.br\/portal\/index.php?rest_route=\/wp\/v2\/posts\/61044","targetHints":{"allow":["GET"]}}],"collection":[{"href":"https:\/\/jornalbeirario.com.br\/portal\/index.php?rest_route=\/wp\/v2\/posts"}],"about":[{"href":"https:\/\/jornalbeirario.com.br\/portal\/index.php?rest_route=\/wp\/v2\/types\/post"}],"author":[{"embeddable":true,"href":"https:\/\/jornalbeirario.com.br\/portal\/index.php?rest_route=\/wp\/v2\/users\/1"}],"replies":[{"embeddable":true,"href":"https:\/\/jornalbeirario.com.br\/portal\/index.php?rest_route=%2Fwp%2Fv2%2Fcomments&post=61044"}],"version-history":[{"count":31,"href":"https:\/\/jornalbeirario.com.br\/portal\/index.php?rest_route=\/wp\/v2\/posts\/61044\/revisions"}],"predecessor-version":[{"id":61079,"href":"https:\/\/jornalbeirario.com.br\/portal\/index.php?rest_route=\/wp\/v2\/posts\/61044\/revisions\/61079"}],"wp:featuredmedia":[{"embeddable":true,"href":"https:\/\/jornalbeirario.com.br\/portal\/index.php?rest_route=\/wp\/v2\/media\/61058"}],"wp:attachment":[{"href":"https:\/\/jornalbeirario.com.br\/portal\/index.php?rest_route=%2Fwp%2Fv2%2Fmedia&parent=61044"}],"wp:term":[{"taxonomy":"category","embeddable":true,"href":"https:\/\/jornalbeirario.com.br\/portal\/index.php?rest_route=%2Fwp%2Fv2%2Fcategories&post=61044"},{"taxonomy":"post_tag","embeddable":true,"href":"https:\/\/jornalbeirario.com.br\/portal\/index.php?rest_route=%2Fwp%2Fv2%2Ftags&post=61044"}],"curies":[{"name":"wp","href":"https:\/\/api.w.org\/{rel}","templated":true}]}}