
{"id":60772,"date":"2018-08-28T12:36:15","date_gmt":"2018-08-28T15:36:15","guid":{"rendered":"http:\/\/jornalbeirario.com.br\/portal\/?p=60772"},"modified":"2018-09-03T09:24:58","modified_gmt":"2018-09-03T12:24:58","slug":"segunda-etapa-do-congresso-do-povo-acontece-neste-fim-de-semana","status":"publish","type":"post","link":"https:\/\/jornalbeirario.com.br\/portal\/?p=60772","title":{"rendered":"Segunda etapa do Congresso do Povo acontece neste fim de semana"},"content":{"rendered":"<figure id=\"attachment_60781\" aria-describedby=\"caption-attachment-60781\" style=\"width: 225px\" class=\"wp-caption alignright\"><img loading=\"lazy\" decoding=\"async\" class=\"size-medium wp-image-60781\" src=\"https:\/\/jornalbeirario.com.br\/portal\/wp-content\/uploads\/2018\/08\/congressopovo2-225x300.jpg\" alt=\"\" width=\"225\" height=\"300\" srcset=\"https:\/\/jornalbeirario.com.br\/portal\/wp-content\/uploads\/2018\/08\/congressopovo2-225x300.jpg 225w, https:\/\/jornalbeirario.com.br\/portal\/wp-content\/uploads\/2018\/08\/congressopovo2.jpg 479w\" sizes=\"auto, (max-width: 225px) 100vw, 225px\" \/><figcaption id=\"caption-attachment-60781\" class=\"wp-caption-text\">Pol\u00edticas p\u00fablicas foram discutidas na primeira etapa do evento, no in\u00edcio deste m\u00eas<\/figcaption><\/figure>\n<p style=\"text-align: justify;\">Neste s\u00e1bado, dia 1\u00ba, acontece a segunda etapa do Congresso do Povo de Resende, onde ser\u00e1 debatido e definido um Plano de A\u00e7\u00e3o\u00a0a partir das propostas levantadas <a href=\"https:\/\/jornalbeirario.com.br\/portal\/?p=60141\">durante a primeira etapa do Congresso<\/a>, realizada no \u00faltimo dia 4, e tamb\u00e9m a escolha do Comit\u00ea Popular do Congresso do Povo de Resende. Um dos integrantes da comiss\u00e3o organizadora, Alvaro Britto, faz um balan\u00e7o sobre a primeira etapa.<\/p>\n<p style=\"text-align: justify;\">&#8211; Fazemos um balan\u00e7o muito positivo de nosso evento, contamos com mais de 60 pessoas, de v\u00e1rios bairros, tivemos representantes de sindicatos, movimentos sociais, at\u00e9 vereadores compareceram, al\u00e9m de cidad\u00e3os e cidad\u00e3s interessados em discutir os problemas da cidade, buscar solu\u00e7\u00f5es. Acho que \u00e9 uma demanda que temos, uma necessidade das pessoas voltarem a se organizar e voltarem a acreditar no seu papel, em seu pr\u00f3prio protagonismo. A organiza\u00e7\u00e3o popular \u00e9 fundamental para pressionar os governante em rela\u00e7\u00e3o \u00e0s pol\u00edticas p\u00fablicas &#8211; diz Alvaro.<\/p>\n<p style=\"text-align: justify;\">Ele tamb\u00e9m destaca tamb\u00e9m a realiza\u00e7\u00e3o dos debates no evento, dos depoimentos de representantes de grupos considerados invis\u00edveis em nossa sociedade, entre eles os da mulher negra, do jovem, do servidor p\u00fablico, do segmento LGBT, que segundo o representante, s\u00e3o geralmente ignorados e no congresso foram discutidos. &#8220;Estamos muito otimistas com esse processo do Congresso do Povo&#8221;, acrescentou.<\/p>\n<p style=\"text-align: justify;\">Sobre as propostas, Alvaro apontou que todas foram importantes, j\u00e1 porque foram frutos de discuss\u00e3o dos grupos e firmadas na plen\u00e1ria final.<\/p>\n<p style=\"text-align: justify;\">&#8211; A maioria delas parte de uma constata\u00e7\u00e3o de que nos \u00faltimos dois anos a gente vive um cen\u00e1rio em que a viol\u00eancia cresceu (principalmente entre mulheres, negros, jovens e pobres), e o aumento do desemprego, a pobreza e a mis\u00e9ria. Essas tem\u00e1ticas, sem d\u00favida, v\u00e3o atrair o foco, mas para isso depende da a\u00e7\u00e3o popular. A proposta de buscarmos formas de di\u00e1logo e articula\u00e7\u00e3o, acho que isso deveria ser retomado para conquistar pol\u00edticas p\u00fablicas &#8211; cita.<\/p>\n<p style=\"text-align: justify;\">Sobre a escolha do comit\u00ea, Alvaro revela que a organiza\u00e7\u00e3o n\u00e3o pretende adotar entraves burocr\u00e1ticos. &#8220;N\u00e3o queremos nada burocr\u00e1tico. Quem n\u00e3o participou da primeira etapa e gostaria de dar sua contribui\u00e7\u00e3o, est\u00e1 convidado a participar. Se houver entidades, participar\u00e3o, se houver somente pessoas, tamb\u00e9m. N\u00e3o temos formato de escolha definido, faremos isso no encontro. Quem tiver disposto a ajudar, estaremos juntos, n\u00e3o tenho menor d\u00favida disso&#8221;, completa.<\/p>\n<p style=\"text-align: justify;\">Para quem quiser participar, a segunda etapa acontecer\u00e1 neste s\u00e1bado, de 10 \u00e0s 12h, no Sal\u00e3o Comunit\u00e1rio S\u00e3o Judas Tadeu, no bairro Itapuca, em Resende, e est\u00e1 aberta \u00e0 comunidade, movimentos e outros grupos em geral. Outras informa\u00e7\u00f5es sobre o evento pode ser <a href=\"https:\/\/www.facebook.com\/Congresso-do-Povo-de-Resende-RJ-694115487600857\/?__xts__%5B0%5D=68.ARA6noAu31FrDPbWBXpC65_sM8YcXismPYZ3u_tME1G9JCdbsNEQQbghHPFMm0xKq58cS3GQ01qi0uzvKZR-39myOyY3EVaaKltgUzxiqWdTultJm4dfz9usyoJM41AdJ08KD_0\">acessadas na fanpage<\/a> do evento.<\/p>\n<p><em>Fotos:\u00a0Luiz Carlos Fortunato e Divulga\u00e7\u00e3o\/Redes Sociais<\/em><\/p>\n","protected":false},"excerpt":{"rendered":"<p>Neste s\u00e1bado, dia 1\u00ba, acontece a segunda etapa do Congresso do Povo de Resende, onde ser\u00e1 debatido e definido um Plano de A\u00e7\u00e3o\u00a0a partir<\/p>\n","protected":false},"author":1,"featured_media":60775,"comment_status":"open","ping_status":"open","sticky":false,"template":"","format":"standard","meta":{"pmpro_default_level":"","footnotes":""},"categories":[1,227,11],"tags":[],"class_list":["post-60772","post","type-post","status-publish","format-standard","has-post-thumbnail","hentry","category-cidade","category-manchete","category-politica","pmpro-has-access"],"yoast_head":"<!-- This site is optimized with the Yoast SEO plugin v27.4 - https:\/\/yoast.com\/product\/yoast-seo-wordpress\/ -->\n<title>Segunda etapa do Congresso do Povo acontece neste fim de semana - JORNAL BEIRA RIO<\/title>\n<meta name=\"robots\" content=\"index, follow, max-snippet:-1, max-image-preview:large, max-video-preview:-1\" \/>\n<link rel=\"canonical\" href=\"https:\/\/jornalbeirario.com.br\/portal\/?p=60772\" \/>\n<meta property=\"og:locale\" content=\"pt_BR\" \/>\n<meta property=\"og:type\" content=\"article\" \/>\n<meta property=\"og:title\" content=\"Segunda etapa do Congresso do Povo acontece neste fim de semana - JORNAL BEIRA RIO\" \/>\n<meta property=\"og:description\" content=\"Neste s\u00e1bado, dia 1\u00ba, acontece a segunda etapa do Congresso do Povo de Resende, onde ser\u00e1 debatido e definido um Plano de A\u00e7\u00e3o\u00a0a partir\" \/>\n<meta property=\"og:url\" content=\"https:\/\/jornalbeirario.com.br\/portal\/?p=60772\" \/>\n<meta property=\"og:site_name\" content=\"JORNAL BEIRA RIO\" \/>\n<meta property=\"article:published_time\" content=\"2018-08-28T15:36:15+00:00\" \/>\n<meta property=\"article:modified_time\" content=\"2018-09-03T12:24:58+00:00\" \/>\n<meta property=\"og:image\" content=\"https:\/\/jornalbeirario.com.br\/portal\/wp-content\/uploads\/2018\/08\/congressopovo1.jpg\" \/>\n\t<meta property=\"og:image:width\" content=\"1100\" \/>\n\t<meta property=\"og:image:height\" content=\"470\" \/>\n\t<meta property=\"og:image:type\" content=\"image\/jpeg\" \/>\n<meta name=\"author\" content=\"Jornal BEIRA-RIO\" \/>\n<meta name=\"twitter:card\" content=\"summary_large_image\" \/>\n<meta name=\"twitter:label1\" content=\"Escrito por\" \/>\n\t<meta name=\"twitter:data1\" content=\"Jornal BEIRA-RIO\" \/>\n\t<meta name=\"twitter:label2\" content=\"Est. tempo de leitura\" \/>\n\t<meta name=\"twitter:data2\" content=\"3 minutos\" \/>\n<script type=\"application\/ld+json\" class=\"yoast-schema-graph\">{\"@context\":\"https:\\\/\\\/schema.org\",\"@graph\":[{\"@type\":\"Article\",\"@id\":\"https:\\\/\\\/jornalbeirario.com.br\\\/portal\\\/?p=60772#article\",\"isPartOf\":{\"@id\":\"https:\\\/\\\/jornalbeirario.com.br\\\/portal\\\/?p=60772\"},\"author\":{\"name\":\"Jornal BEIRA-RIO\",\"@id\":\"https:\\\/\\\/jornalbeirario.com.br\\\/portal\\\/#\\\/schema\\\/person\\\/c6c423e4c2465d2a9233f6539173e7c1\"},\"headline\":\"Segunda etapa do Congresso do Povo acontece neste fim de semana\",\"datePublished\":\"2018-08-28T15:36:15+00:00\",\"dateModified\":\"2018-09-03T12:24:58+00:00\",\"mainEntityOfPage\":{\"@id\":\"https:\\\/\\\/jornalbeirario.com.br\\\/portal\\\/?p=60772\"},\"wordCount\":513,\"commentCount\":0,\"publisher\":{\"@id\":\"https:\\\/\\\/jornalbeirario.com.br\\\/portal\\\/#organization\"},\"image\":{\"@id\":\"https:\\\/\\\/jornalbeirario.com.br\\\/portal\\\/?p=60772#primaryimage\"},\"thumbnailUrl\":\"https:\\\/\\\/jornalbeirario.com.br\\\/portal\\\/wp-content\\\/uploads\\\/2018\\\/08\\\/congressopovo1.jpg\",\"articleSection\":[\"Cidade\",\"Manchete\",\"Pol\u00edtica\"],\"inLanguage\":\"pt-BR\",\"potentialAction\":[{\"@type\":\"CommentAction\",\"name\":\"Comment\",\"target\":[\"https:\\\/\\\/jornalbeirario.com.br\\\/portal\\\/?p=60772#respond\"]}]},{\"@type\":\"WebPage\",\"@id\":\"https:\\\/\\\/jornalbeirario.com.br\\\/portal\\\/?p=60772\",\"url\":\"https:\\\/\\\/jornalbeirario.com.br\\\/portal\\\/?p=60772\",\"name\":\"Segunda etapa do Congresso do Povo acontece neste fim de semana - JORNAL BEIRA RIO\",\"isPartOf\":{\"@id\":\"https:\\\/\\\/jornalbeirario.com.br\\\/portal\\\/#website\"},\"primaryImageOfPage\":{\"@id\":\"https:\\\/\\\/jornalbeirario.com.br\\\/portal\\\/?p=60772#primaryimage\"},\"image\":{\"@id\":\"https:\\\/\\\/jornalbeirario.com.br\\\/portal\\\/?p=60772#primaryimage\"},\"thumbnailUrl\":\"https:\\\/\\\/jornalbeirario.com.br\\\/portal\\\/wp-content\\\/uploads\\\/2018\\\/08\\\/congressopovo1.jpg\",\"datePublished\":\"2018-08-28T15:36:15+00:00\",\"dateModified\":\"2018-09-03T12:24:58+00:00\",\"breadcrumb\":{\"@id\":\"https:\\\/\\\/jornalbeirario.com.br\\\/portal\\\/?p=60772#breadcrumb\"},\"inLanguage\":\"pt-BR\",\"potentialAction\":[{\"@type\":\"ReadAction\",\"target\":[\"https:\\\/\\\/jornalbeirario.com.br\\\/portal\\\/?p=60772\"]}]},{\"@type\":\"ImageObject\",\"inLanguage\":\"pt-BR\",\"@id\":\"https:\\\/\\\/jornalbeirario.com.br\\\/portal\\\/?p=60772#primaryimage\",\"url\":\"https:\\\/\\\/jornalbeirario.com.br\\\/portal\\\/wp-content\\\/uploads\\\/2018\\\/08\\\/congressopovo1.jpg\",\"contentUrl\":\"https:\\\/\\\/jornalbeirario.com.br\\\/portal\\\/wp-content\\\/uploads\\\/2018\\\/08\\\/congressopovo1.jpg\",\"width\":1100,\"height\":470},{\"@type\":\"BreadcrumbList\",\"@id\":\"https:\\\/\\\/jornalbeirario.com.br\\\/portal\\\/?p=60772#breadcrumb\",\"itemListElement\":[{\"@type\":\"ListItem\",\"position\":1,\"name\":\"Home\",\"item\":\"https:\\\/\\\/jornalbeirario.com.br\\\/portal\"},{\"@type\":\"ListItem\",\"position\":2,\"name\":\"Segunda etapa do Congresso do Povo acontece neste fim de semana\"}]},{\"@type\":\"WebSite\",\"@id\":\"https:\\\/\\\/jornalbeirario.com.br\\\/portal\\\/#website\",\"url\":\"https:\\\/\\\/jornalbeirario.com.br\\\/portal\\\/\",\"name\":\"JORNAL BEIRA RIO\",\"description\":\"\",\"publisher\":{\"@id\":\"https:\\\/\\\/jornalbeirario.com.br\\\/portal\\\/#organization\"},\"potentialAction\":[{\"@type\":\"SearchAction\",\"target\":{\"@type\":\"EntryPoint\",\"urlTemplate\":\"https:\\\/\\\/jornalbeirario.com.br\\\/portal\\\/?s={search_term_string}\"},\"query-input\":{\"@type\":\"PropertyValueSpecification\",\"valueRequired\":true,\"valueName\":\"search_term_string\"}}],\"inLanguage\":\"pt-BR\"},{\"@type\":\"Organization\",\"@id\":\"https:\\\/\\\/jornalbeirario.com.br\\\/portal\\\/#organization\",\"name\":\"JORNAL BEIRA RIO\",\"url\":\"https:\\\/\\\/jornalbeirario.com.br\\\/portal\\\/\",\"logo\":{\"@type\":\"ImageObject\",\"inLanguage\":\"pt-BR\",\"@id\":\"https:\\\/\\\/jornalbeirario.com.br\\\/portal\\\/#\\\/schema\\\/logo\\\/image\\\/\",\"url\":\"https:\\\/\\\/jornalbeirario.com.br\\\/portal\\\/wp-content\\\/uploads\\\/2017\\\/09\\\/BEIRA-RIO_logo600.png\",\"contentUrl\":\"https:\\\/\\\/jornalbeirario.com.br\\\/portal\\\/wp-content\\\/uploads\\\/2017\\\/09\\\/BEIRA-RIO_logo600.png\",\"width\":650,\"height\":108,\"caption\":\"JORNAL BEIRA RIO\"},\"image\":{\"@id\":\"https:\\\/\\\/jornalbeirario.com.br\\\/portal\\\/#\\\/schema\\\/logo\\\/image\\\/\"}},{\"@type\":\"Person\",\"@id\":\"https:\\\/\\\/jornalbeirario.com.br\\\/portal\\\/#\\\/schema\\\/person\\\/c6c423e4c2465d2a9233f6539173e7c1\",\"name\":\"Jornal BEIRA-RIO\",\"image\":{\"@type\":\"ImageObject\",\"inLanguage\":\"pt-BR\",\"@id\":\"https:\\\/\\\/jornalbeirario.com.br\\\/portal\\\/wp-content\\\/uploads\\\/2023\\\/10\\\/logojbr1.jpg\",\"url\":\"https:\\\/\\\/jornalbeirario.com.br\\\/portal\\\/wp-content\\\/uploads\\\/2023\\\/10\\\/logojbr1.jpg\",\"contentUrl\":\"https:\\\/\\\/jornalbeirario.com.br\\\/portal\\\/wp-content\\\/uploads\\\/2023\\\/10\\\/logojbr1.jpg\",\"caption\":\"Jornal BEIRA-RIO\"},\"url\":\"https:\\\/\\\/jornalbeirario.com.br\\\/portal\\\/?author=1\"}]}<\/script>\n<!-- \/ Yoast SEO plugin. -->","yoast_head_json":{"title":"Segunda etapa do Congresso do Povo acontece neste fim de semana - JORNAL BEIRA RIO","robots":{"index":"index","follow":"follow","max-snippet":"max-snippet:-1","max-image-preview":"max-image-preview:large","max-video-preview":"max-video-preview:-1"},"canonical":"https:\/\/jornalbeirario.com.br\/portal\/?p=60772","og_locale":"pt_BR","og_type":"article","og_title":"Segunda etapa do Congresso do Povo acontece neste fim de semana - JORNAL BEIRA RIO","og_description":"Neste s\u00e1bado, dia 1\u00ba, acontece a segunda etapa do Congresso do Povo de Resende, onde ser\u00e1 debatido e definido um Plano de A\u00e7\u00e3o\u00a0a partir","og_url":"https:\/\/jornalbeirario.com.br\/portal\/?p=60772","og_site_name":"JORNAL BEIRA RIO","article_published_time":"2018-08-28T15:36:15+00:00","article_modified_time":"2018-09-03T12:24:58+00:00","og_image":[{"width":1100,"height":470,"url":"https:\/\/jornalbeirario.com.br\/portal\/wp-content\/uploads\/2018\/08\/congressopovo1.jpg","type":"image\/jpeg"}],"author":"Jornal BEIRA-RIO","twitter_card":"summary_large_image","twitter_misc":{"Escrito por":"Jornal BEIRA-RIO","Est. tempo de leitura":"3 minutos"},"schema":{"@context":"https:\/\/schema.org","@graph":[{"@type":"Article","@id":"https:\/\/jornalbeirario.com.br\/portal\/?p=60772#article","isPartOf":{"@id":"https:\/\/jornalbeirario.com.br\/portal\/?p=60772"},"author":{"name":"Jornal BEIRA-RIO","@id":"https:\/\/jornalbeirario.com.br\/portal\/#\/schema\/person\/c6c423e4c2465d2a9233f6539173e7c1"},"headline":"Segunda etapa do Congresso do Povo acontece neste fim de semana","datePublished":"2018-08-28T15:36:15+00:00","dateModified":"2018-09-03T12:24:58+00:00","mainEntityOfPage":{"@id":"https:\/\/jornalbeirario.com.br\/portal\/?p=60772"},"wordCount":513,"commentCount":0,"publisher":{"@id":"https:\/\/jornalbeirario.com.br\/portal\/#organization"},"image":{"@id":"https:\/\/jornalbeirario.com.br\/portal\/?p=60772#primaryimage"},"thumbnailUrl":"https:\/\/jornalbeirario.com.br\/portal\/wp-content\/uploads\/2018\/08\/congressopovo1.jpg","articleSection":["Cidade","Manchete","Pol\u00edtica"],"inLanguage":"pt-BR","potentialAction":[{"@type":"CommentAction","name":"Comment","target":["https:\/\/jornalbeirario.com.br\/portal\/?p=60772#respond"]}]},{"@type":"WebPage","@id":"https:\/\/jornalbeirario.com.br\/portal\/?p=60772","url":"https:\/\/jornalbeirario.com.br\/portal\/?p=60772","name":"Segunda etapa do Congresso do Povo acontece neste fim de semana - JORNAL BEIRA RIO","isPartOf":{"@id":"https:\/\/jornalbeirario.com.br\/portal\/#website"},"primaryImageOfPage":{"@id":"https:\/\/jornalbeirario.com.br\/portal\/?p=60772#primaryimage"},"image":{"@id":"https:\/\/jornalbeirario.com.br\/portal\/?p=60772#primaryimage"},"thumbnailUrl":"https:\/\/jornalbeirario.com.br\/portal\/wp-content\/uploads\/2018\/08\/congressopovo1.jpg","datePublished":"2018-08-28T15:36:15+00:00","dateModified":"2018-09-03T12:24:58+00:00","breadcrumb":{"@id":"https:\/\/jornalbeirario.com.br\/portal\/?p=60772#breadcrumb"},"inLanguage":"pt-BR","potentialAction":[{"@type":"ReadAction","target":["https:\/\/jornalbeirario.com.br\/portal\/?p=60772"]}]},{"@type":"ImageObject","inLanguage":"pt-BR","@id":"https:\/\/jornalbeirario.com.br\/portal\/?p=60772#primaryimage","url":"https:\/\/jornalbeirario.com.br\/portal\/wp-content\/uploads\/2018\/08\/congressopovo1.jpg","contentUrl":"https:\/\/jornalbeirario.com.br\/portal\/wp-content\/uploads\/2018\/08\/congressopovo1.jpg","width":1100,"height":470},{"@type":"BreadcrumbList","@id":"https:\/\/jornalbeirario.com.br\/portal\/?p=60772#breadcrumb","itemListElement":[{"@type":"ListItem","position":1,"name":"Home","item":"https:\/\/jornalbeirario.com.br\/portal"},{"@type":"ListItem","position":2,"name":"Segunda etapa do Congresso do Povo acontece neste fim de semana"}]},{"@type":"WebSite","@id":"https:\/\/jornalbeirario.com.br\/portal\/#website","url":"https:\/\/jornalbeirario.com.br\/portal\/","name":"JORNAL BEIRA RIO","description":"","publisher":{"@id":"https:\/\/jornalbeirario.com.br\/portal\/#organization"},"potentialAction":[{"@type":"SearchAction","target":{"@type":"EntryPoint","urlTemplate":"https:\/\/jornalbeirario.com.br\/portal\/?s={search_term_string}"},"query-input":{"@type":"PropertyValueSpecification","valueRequired":true,"valueName":"search_term_string"}}],"inLanguage":"pt-BR"},{"@type":"Organization","@id":"https:\/\/jornalbeirario.com.br\/portal\/#organization","name":"JORNAL BEIRA RIO","url":"https:\/\/jornalbeirario.com.br\/portal\/","logo":{"@type":"ImageObject","inLanguage":"pt-BR","@id":"https:\/\/jornalbeirario.com.br\/portal\/#\/schema\/logo\/image\/","url":"https:\/\/jornalbeirario.com.br\/portal\/wp-content\/uploads\/2017\/09\/BEIRA-RIO_logo600.png","contentUrl":"https:\/\/jornalbeirario.com.br\/portal\/wp-content\/uploads\/2017\/09\/BEIRA-RIO_logo600.png","width":650,"height":108,"caption":"JORNAL BEIRA RIO"},"image":{"@id":"https:\/\/jornalbeirario.com.br\/portal\/#\/schema\/logo\/image\/"}},{"@type":"Person","@id":"https:\/\/jornalbeirario.com.br\/portal\/#\/schema\/person\/c6c423e4c2465d2a9233f6539173e7c1","name":"Jornal BEIRA-RIO","image":{"@type":"ImageObject","inLanguage":"pt-BR","@id":"https:\/\/jornalbeirario.com.br\/portal\/wp-content\/uploads\/2023\/10\/logojbr1.jpg","url":"https:\/\/jornalbeirario.com.br\/portal\/wp-content\/uploads\/2023\/10\/logojbr1.jpg","contentUrl":"https:\/\/jornalbeirario.com.br\/portal\/wp-content\/uploads\/2023\/10\/logojbr1.jpg","caption":"Jornal BEIRA-RIO"},"url":"https:\/\/jornalbeirario.com.br\/portal\/?author=1"}]}},"_links":{"self":[{"href":"https:\/\/jornalbeirario.com.br\/portal\/index.php?rest_route=\/wp\/v2\/posts\/60772","targetHints":{"allow":["GET"]}}],"collection":[{"href":"https:\/\/jornalbeirario.com.br\/portal\/index.php?rest_route=\/wp\/v2\/posts"}],"about":[{"href":"https:\/\/jornalbeirario.com.br\/portal\/index.php?rest_route=\/wp\/v2\/types\/post"}],"author":[{"embeddable":true,"href":"https:\/\/jornalbeirario.com.br\/portal\/index.php?rest_route=\/wp\/v2\/users\/1"}],"replies":[{"embeddable":true,"href":"https:\/\/jornalbeirario.com.br\/portal\/index.php?rest_route=%2Fwp%2Fv2%2Fcomments&post=60772"}],"version-history":[{"count":13,"href":"https:\/\/jornalbeirario.com.br\/portal\/index.php?rest_route=\/wp\/v2\/posts\/60772\/revisions"}],"predecessor-version":[{"id":60856,"href":"https:\/\/jornalbeirario.com.br\/portal\/index.php?rest_route=\/wp\/v2\/posts\/60772\/revisions\/60856"}],"wp:featuredmedia":[{"embeddable":true,"href":"https:\/\/jornalbeirario.com.br\/portal\/index.php?rest_route=\/wp\/v2\/media\/60775"}],"wp:attachment":[{"href":"https:\/\/jornalbeirario.com.br\/portal\/index.php?rest_route=%2Fwp%2Fv2%2Fmedia&parent=60772"}],"wp:term":[{"taxonomy":"category","embeddable":true,"href":"https:\/\/jornalbeirario.com.br\/portal\/index.php?rest_route=%2Fwp%2Fv2%2Fcategories&post=60772"},{"taxonomy":"post_tag","embeddable":true,"href":"https:\/\/jornalbeirario.com.br\/portal\/index.php?rest_route=%2Fwp%2Fv2%2Ftags&post=60772"}],"curies":[{"name":"wp","href":"https:\/\/api.w.org\/{rel}","templated":true}]}}