
{"id":60558,"date":"2018-08-20T09:49:36","date_gmt":"2018-08-20T12:49:36","guid":{"rendered":"http:\/\/jornalbeirario.com.br\/portal\/?p=60558"},"modified":"2018-08-20T11:52:22","modified_gmt":"2018-08-20T14:52:22","slug":"disputa-presidencial-no-pais-e-a-maior-desde-1989","status":"publish","type":"post","link":"https:\/\/jornalbeirario.com.br\/portal\/?p=60558","title":{"rendered":"Disputa presidencial no pa\u00eds \u00e9 a maior desde 1989"},"content":{"rendered":"<figure id=\"attachment_60564\" aria-describedby=\"caption-attachment-60564\" style=\"width: 300px\" class=\"wp-caption alignright\"><img loading=\"lazy\" decoding=\"async\" class=\"wp-image-60564 size-medium\" src=\"https:\/\/jornalbeirario.com.br\/portal\/wp-content\/uploads\/2018\/08\/presidenciaveis2-1-300x176.jpg\" alt=\"\" width=\"300\" height=\"176\" srcset=\"https:\/\/jornalbeirario.com.br\/portal\/wp-content\/uploads\/2018\/08\/presidenciaveis2-1-300x176.jpg 300w, https:\/\/jornalbeirario.com.br\/portal\/wp-content\/uploads\/2018\/08\/presidenciaveis2-1-184x109.jpg 184w, https:\/\/jornalbeirario.com.br\/portal\/wp-content\/uploads\/2018\/08\/presidenciaveis2-1.jpg 640w\" sizes=\"auto, (max-width: 300px) 100vw, 300px\" \/><figcaption id=\"caption-attachment-60564\" class=\"wp-caption-text\">Lula, Bolsonaro e Marina est\u00e3o entre os tr\u00eas melhores colocados nas pesquisas de inten\u00e7\u00e3o de voto (Fotos: Arquivo)<\/figcaption><\/figure>\n<p style=\"text-align: justify;\">Desde a redemocratiza\u00e7\u00e3o do Brasil, no ano de 1989, a elei\u00e7\u00e3o presidencial de 2018 ter\u00e1 o maior n\u00famero de candidatos a presid\u00eancia da Rep\u00fablica. Ser\u00e3o 13 candidatos, ao todo, que ter\u00e3o muitos desafios, desde pend\u00eancias na Justi\u00e7a, disputas partid\u00e1rias internas e candidatos que enfrentar\u00e3o a escassez de tempo de propaganda no r\u00e1dio e na televis\u00e3o, at\u00e9 a alta rejei\u00e7\u00e3o ou falta de popularidade e impedimento para participar de debate.<\/p>\n<p style=\"text-align: justify;\">Ap\u00f3s registrarem suas candidaturas, no \u00faltimo dia 15, eles j\u00e1 est\u00e3o nas ruas atr\u00e1s de votos dos eleitores, sendo que no r\u00e1dio e na televis\u00e3o o hor\u00e1rio eleitoral s\u00f3 come\u00e7a dia 31 de agosto. Al\u00e9m de Lula (PT), que tem a seu favor uma declara\u00e7\u00e3o da ONU na briga pela presid\u00eancia (leia ao final desta mat\u00e9ria), outros nomes conhecidos como Marina Silva (Rede) e Geraldo Alckmin (PSDB) tamb\u00e9m est\u00e3o no p\u00e1reo. Confira o perfil de cada um dos 13 candidatos:<\/p>\n<p style=\"text-align: justify;\">Lula (PT) &#8211; O ex-presidente Luiz In\u00e1cio Lula da Silva, de 72 anos, tem liderado os cen\u00e1rios para a elei\u00e7\u00e3o presidencial em 2018. Mas pode ser impedido de disputar a elei\u00e7\u00e3o, uma vez que foi condenado em segunda inst\u00e2ncia por corrup\u00e7\u00e3o e lavagem de dinheiro. Sentenciado a 12 anos e 1 m\u00eas de pris\u00e3o, o petista pode ter sua candidatura barrada pela Lei da Ficha Limpa.<\/p>\n<p style=\"text-align: justify;\">Lula teve a pris\u00e3o decretada em abril, depois que o Supremo Tribunal Federal (STF) recusou o pedido de habeas corpus para que ficasse em liberdade at\u00e9 que se esgotassem todos os recursos. Seu vice \u00e9 o ex-ministro da Educa\u00e7\u00e3o e ex-prefeito de S\u00e3o Paulo Fernando Haddad &#8211; \u00e9 esperado que ele assuma a cabe\u00e7a da chapa caso Lula seja impedido de concorrer, tendo Manuela D&#8217;\u00c1vila (PCdoB) como vice.<\/p>\n<p style=\"text-align: justify;\">Jair Bolsonaro (PSL) &#8211; O deputado federal Jair Bolsonaro, de 63 anos, aparece em primeiro lugar nas pesquisas de opini\u00e3o nos cen\u00e1rios eleitorais sem Lula. Bolsonaro trocou de partido para disputar as elei\u00e7\u00f5es. O deputado estava filiado ao PSC (Partido Social Crist\u00e3o) e chegou a assinar a ficha de filia\u00e7\u00e3o do PEN (Partido Ecol\u00f3gico Nacional). Mas, em seguida, filiou-se ao PSL (Partido Social Liberal).<\/p>\n<p style=\"text-align: justify;\">Em 5 de agosto, Bolsonaro oficializou o general da reserva do Ex\u00e9rcito Hamilton Mour\u00e3o, do PRTB, como seu candidato a vice. Ele ter\u00e1 pouco tempo de propaganda no r\u00e1dio e na televis\u00e3o. Para estipular o tempo de cada candidato, leva-se em conta o n\u00famero de deputados federais eleitos pelo partido em 2014. No caso do PSL, foram apenas dois. O tempo exato ainda n\u00e3o foi calculado pelo TSE, mas as estimativas para Bolsonaro, sem coliga\u00e7\u00f5es, giram em torno de meros dez segundos.<\/p>\n<p style=\"text-align: justify;\">Militar da reserva e professor de educa\u00e7\u00e3o f\u00edsica, Bolsonaro \u00e9 deputado federal desde 1991 &#8211; acumula sete mandatos por cinco partidos diferentes.<\/p>\n<p style=\"text-align: justify;\">Geraldo Alckmin (PSDB) &#8211; O ex-governador de S\u00e3o Paulo, Geraldo Alckmin, de 65 anos, assumiu em dezembro a presid\u00eancia do PSDB para tentar apaziguar o partido, que se dividiu entre ficar ou sair da base de apoio ao governo de Michel Temer (MDB). Seu principal desafio \u00e9 romper a estagna\u00e7\u00e3o nas pesquisas de inten\u00e7\u00e3o de voto &#8211; por enquanto, o tucano ainda n\u00e3o conseguiu deixar a casa dos 7% de inten\u00e7\u00e3o de voto. No \u00faltimo Datafolha, Alckmin tem entre 6 e 7% da inten\u00e7\u00e3o de votos, atr\u00e1s de Bolsonaro, Marina e Ciro Gomes &#8211; e em cen\u00e1rios sem Lula.<\/p>\n<p style=\"text-align: justify;\">Al\u00e9m das muitas disputas internas que enfrenta em seu partido, Alckmin assumiu um PSDB desgastado pelas den\u00fancias de corrup\u00e7\u00e3o contra integrantes, em especial as que pesam contra o senador A\u00e9cio Neves, que disputou as elei\u00e7\u00f5es presidenciais em 2014. Alckmin tamb\u00e9m foi acusado de receber R$ 10 milh\u00f5es em quantias n\u00e3o declaradas da Odebrecht, o que ele nega.<\/p>\n<p style=\"text-align: justify;\">Formado em medicina, come\u00e7ou a carreira pol\u00edtica como vereador e, depois, foi prefeito de Pindamonhangaba (SP), sua cidade natal. Em 1994, foi eleito vice-governador de S\u00e3o Paulo e acabou assumindo o governo com o agravamento do estado de sa\u00fade de M\u00e1rio Covas, em 2001. Perdeu a disputa pela prefeitura de S\u00e3o Paulo em 2008, mas voltou como governador em 2010 e foi reeleito em 2014.<\/p>\n<p style=\"text-align: justify;\">Marina Silva (Rede) &#8211; A ex-senadora e ex-ministra do Meio Ambiente Marina Silva lan\u00e7ou oficialmente sua candidatura em 2 de dezembro de 2017, pela Rede. De acordo com o \u00faltimo Datafolha, Marina est\u00e1 em segundo lugar em todos os cen\u00e1rios sem Lula, com entre 14% e 15% de inten\u00e7\u00e3o de voto, atr\u00e1s de Bolsonaro. A ex-ministra vai precisar tamb\u00e9m responder a cr\u00edticas de ser omissa em momentos em que muitos aguardavam um posicionamento firme sobre temas centrais ou disputas pol\u00edticas, e de ter declarado apoio ao senador A\u00e9cio Neves no segundo turno das elei\u00e7\u00f5es de 2014.<\/p>\n<p style=\"text-align: justify;\">Avessa a embates e a ataques, a pr\u00f3pria candidata avalia que ser\u00e1 uma campanha extremamente agressiva. Seu vice ser\u00e1 Eduardo Jorge, do Partido Verde. Marina, que tem 60 anos, disputou as duas \u00faltimas elei\u00e7\u00f5es presidenciais, uma pelo PV e outra pelo PSB. Ela come\u00e7ou a carreira pol\u00edtica no PT &#8211; onde chegou a ser ministra do Meio Ambiente, durante o governo Lula (2003-2010).<\/p>\n<p style=\"text-align: justify;\">Ciro Gomes (PDT) &#8211; A candidatura presidencial do ex-ministro e ex-governador do Cear\u00e1 Ciro Gomes, de 60 anos, foi confirmada em mar\u00e7o de 2018 pelo PDT e oficializada no fim de julho. Por enquanto, \u00e9 o nome ligado \u00e0 esquerda que vai melhor nas pesquisas &#8211; s\u00f3 atr\u00e1s de Lula. Segundo o Datafolha de junho, nos cen\u00e1rios eleitorais sem Lula, Ciro aparece em terceiro lugar, atr\u00e1s de Bolsonaro e Marina, com entre 10% e 11% de inten\u00e7\u00e3o de votos. Os demais candidatos de esquerda n\u00e3o passam de 2% de inten\u00e7\u00e3o de voto.<\/p>\n<p style=\"text-align: justify;\">A falta de aliados para fortalecer a candidatura \u00e9 um obst\u00e1culo para Ciro &#8211; ao final da temporada de conven\u00e7\u00f5es partid\u00e1rias, ele acabou isolado. Foi preterido pelo PSB (que optou pela neutralidade ap\u00f3s um acordo com o PT), e pelo PC do B, que fechou alian\u00e7a com os petistas. O estilo franco e impulsivo que h\u00e1 anos rende a Ciro a fama de &#8220;destemperado&#8221; pode ser um empecilho.<\/p>\n<p style=\"text-align: justify;\">Ciro j\u00e1 foi prefeito de Fortaleza, deputado estadual, deputado federal, governador do Cear\u00e1 e ministro dos governos Itamar Franco (Fazenda) e Lula (Integra\u00e7\u00e3o Nacional). Sua vice ser\u00e1 a senadora do PDT K\u00e1tia Abreu. Passou por sete partidos em 37 anos de vida p\u00fablica. J\u00e1 concorreu \u00e0 Presid\u00eancia duas vezes, em 1998 e em 2002.<\/p>\n<p style=\"text-align: justify;\">\u00c1lvaro Dias (Podemos) &#8211; O ex-tucano \u00c1lvaro Dias, de 73 anos, ganhou fama no Senado por ser um ferrenho cr\u00edtico da gest\u00e3o petista e integrante ativo de CPIs (Comiss\u00f5es Parlamentares de Inqu\u00e9rito). No ano passado, ele trocou o PV pelo Podemos &#8211; antigo PTN &#8211; com a expectativa de se lan\u00e7ar candidato, mas ainda enfrenta o desafio de se tornar um nome mais conhecido nacionalmente, capaz de conseguir mais que os 4% de votos sinalizados pelas pesquisas.<\/p>\n<p style=\"text-align: justify;\">\u00c1lvaro Dias cursou Hist\u00f3ria e est\u00e1 no quarto mandato consecutivo de senador. J\u00e1 foi vereador, deputado estadual, deputado federal e governador do Paran\u00e1. \u00c9 de uma tradicional fam\u00edlia de pol\u00edticos do Estado.<\/p>\n<p style=\"text-align: justify;\">Jo\u00e3o Amo\u00eado (Novo) &#8211; O ex-executivo do sistema financeiro Jo\u00e3o Amo\u00eado, de 55 anos, se afastou da presid\u00eancia do partido que ele pr\u00f3prio ajudou a criar em 2015 para ser lan\u00e7ado pr\u00e9-candidato \u00e0 Presid\u00eancia. Pelas regras do Novo, candidatos n\u00e3o podem exercer fun\u00e7\u00f5es partid\u00e1rias nos 15 meses anteriores \u00e0 elei\u00e7\u00e3o. Amo\u00eado n\u00e3o \u00e9 um candidato conhecido. Tem viajado o pa\u00eds para fazer palestras na tentativa de tornar-se mais popular. No Datafolha de junho, Amo\u00eado obteve no m\u00e1ximo 1% da inten\u00e7\u00e3o de votos.<\/p>\n<p style=\"text-align: justify;\">Novato em elei\u00e7\u00f5es gerais, o partido de Amo\u00eado conta com o apoio de profissionais liberais, de economistas que ocuparam cargos importantes no governo de FHC, como Gustavo Franco, e tem entre seus quadros o ex-treinador de v\u00f4lei Bernardinho.<\/p>\n<p style=\"text-align: justify;\">Formado em Engenharia Civil e Administra\u00e7\u00e3o, Amo\u00eado come\u00e7ou a carreira profissional trabalhando para bancos e chegou a ser vice-presidente do Unibanco e membro do conselho de administra\u00e7\u00e3o do Ita\u00fa-BBA. Atualmente, \u00e9 s\u00f3cio do Instituto de Estudos de Pol\u00edtica Econ\u00f4mica\/Casa das Gar\u00e7as.<\/p>\n<p style=\"text-align: justify;\">Guilherme Boulos (PSOL) &#8211; Em mar\u00e7o, o PSOL anunciou o nome do l\u00edder do Movimento dos Trabalhadores Sem Teto (MTST), Guilherme Boulos, de 36 anos, como candidato \u00e0 Presid\u00eancia. A chapa ter\u00e1 como candidata a vice-presidente a ativista ind\u00edgena S\u00f4nia Bone Guajajara, tamb\u00e9m do PSOL.<\/p>\n<p style=\"text-align: justify;\">No Datafolha de junho, Boulos obteve no m\u00e1ximo 1% da inten\u00e7\u00e3o de votos. Para o deputado federal Chico Alencar (PSOL-RJ), \u00e9 mais f\u00e1cil o partido se coligar com movimentos da sociedade civil organizada do que com partidos pol\u00edticos. &#8220;H\u00e1 um descr\u00e9dito muito grande, as pessoas est\u00e3o com nojo dos partidos&#8221;, diz Alencar.<\/p>\n<p style=\"text-align: justify;\">Boulos venceu a disputa interna no PSOL, que tinha como pr\u00e9-candidatos os economistas Pl\u00ednio de Arruda Sampaio Jr., Nildo Ouriques e Hamilton Assis, militante do movimento negro. Em julho, o partido oficializou a chapa formada por Boulos e S\u00f4nia.<\/p>\n<p style=\"text-align: justify;\">Professor e escritor, Guilherme Boulos \u00e9 formado em Filosofia pela USP, tem especializa\u00e7\u00e3o em Psicologia Cl\u00ednica pela PUC-SP e mestrado em Psiquiatria pela USP. \u00c9 membro da coordena\u00e7\u00e3o do Movimento dos Trabalhadores Sem Teto, no qual milita h\u00e1 16 anos, e da Frente Povo Sem Medo.<\/p>\n<p style=\"text-align: justify;\">Henrique Meirelles (MDB) &#8211; O ex-ministro da Fazenda, Henrique Meirelles, de 72 anos, come\u00e7ou a construir a sua candidatura presidencial em abril deste ano, quando deixou o cargo no governo de Michel Temer e trocou o PSD por seu partido atual, o MDB.<\/p>\n<p style=\"text-align: justify;\">No come\u00e7o de agosto, a candidatura de Meirelles foi oficializada pela conven\u00e7\u00e3o do MDB &#8211; mesmo com a oposi\u00e7\u00e3o de alguns caciques regionais do partido, como Renan Calheiros (Alagoas), Roberto Requi\u00e3o (Paran\u00e1) e Jarbas Vasconcelos (Pernambuco), entre outros. Meirelles teve 357 dos 419 votos dos convencionais, ou 85% do total.<\/p>\n<p style=\"text-align: justify;\">Mesmo assim, a falta de popularidade ainda \u00e9 um obst\u00e1culo a ser superado. No Datafolha de junho, Meirelles obteve 1% da inten\u00e7\u00e3o de votos.<\/p>\n<p style=\"text-align: justify;\">A trajet\u00f3ria profissional de Meirelles est\u00e1 ligada \u00e0 \u00e1rea financeira internacional. Antes de ser presidente do Banco Central, entre 2003 e 2011, no governo Lula, foi o principal executivo do BankBoston. Antes de assumir a Fazenda, Meirelles atuou por quatro anos como presidente do conselho de administra\u00e7\u00e3o da J&amp;F Investimentos, holding criada pela fam\u00edlia Batista e controladora do frigor\u00edfico JBS, envolvido em esc\u00e2ndalos de corrup\u00e7\u00e3o.<\/p>\n<p style=\"text-align: justify;\">Vera L\u00facia (PSTU) &#8211; A ex-oper\u00e1ria Vera L\u00facia, de 50 anos, foi lan\u00e7ada como cabe\u00e7a da chapa presidencial do PSTU, que dever\u00e1 ter como vice o professor Hertz Dias, da rede p\u00fablica do Maranh\u00e3o.<\/p>\n<p style=\"text-align: justify;\">Vera \u00e9 ativista sindical em Sergipe, ex-militante petista e ex-oper\u00e1ria da ind\u00fastria cal\u00e7adista. Ela participou da funda\u00e7\u00e3o do PSTU em seu Estado, junto com outros ex-filiados do PT, depois que sua corrente foi expulsa do petismo em 1992.<\/p>\n<p style=\"text-align: justify;\">A candidatura tem por objetivo apontar o que o partido considera a forma ileg\u00edtima e antidemocr\u00e1tica como s\u00e3o disputadas as elei\u00e7\u00f5es no Brasil. O PSTU considera que o objetivo final de um partido revolucion\u00e1rio n\u00e3o \u00e9 disputar elei\u00e7\u00f5es, e sim organizar os trabalhadores para tomar o poder.<\/p>\n<p style=\"text-align: justify;\">Jo\u00e3o Vicente Goulart (PPL) &#8211; No domingo, o Partido P\u00e1tria Livre oficializou a candidatura de Jo\u00e3o Goulart Filho \u00e0 presid\u00eancia, em um evento em S\u00e3o Paulo. O candidato do PPL \u00e9 filho do ex-presidente Jo\u00e3o Goulart, o Jango (1919-1976), cujo mandato foi interrompido pelo golpe militar de abril de 1964.<\/p>\n<p style=\"text-align: justify;\">Nascido no Rio de Janeiro, Jo\u00e3o Vicente passou a inf\u00e2ncia e a adolesc\u00eancia no Uruguai, onde sua fam\u00edlia se encontrava exilada ap\u00f3s o golpe militar. De volta ao Brasil, Jo\u00e3o Vicente ajudou na funda\u00e7\u00e3o do PDT, junto do tio Leonel Brizola. Durante a campanha, defender\u00e1 propostas nacionalistas e identificadas com a esquerda. Goulart ter\u00e1 como vice um professor universit\u00e1rio de Bras\u00edlia, L\u00e9o Alves, tamb\u00e9m do PPL.<\/p>\n<p style=\"text-align: justify;\">Eymael (DC) &#8211; Jos\u00e9 Maria Eymael foi oficializado como o candidato presidencial pelo partido Democracia Crist\u00e3 (DC), em conven\u00e7\u00e3o no \u00faltimo s\u00e1bado (28 de julho), em S\u00e3o Paulo. Esta ser\u00e1 a 5\u00aa vez que o advogado disputa a presid\u00eancia da Rep\u00fablica. Ele ter\u00e1 como vice o pastor H\u00e9lvio Costa (DC).<\/p>\n<p style=\"text-align: justify;\">Em 2014, Eymael teve apenas 0,06% dos votos &#8211; ele chegou a dizer que n\u00e3o disputaria mais a Presid\u00eancia da Rep\u00fablica. O candidato da DC (antigo PSDC) \u00e9 famoso pelo jingle de campanha, lan\u00e7ado em 1985: &#8220;Ey, Ey, Eymael, um democrata crist\u00e3o (&#8230;)&#8221;.<\/p>\n<p style=\"text-align: justify;\">Cabo Daciolo (Patriota) &#8211; Eleito deputado federal pelo PSOL em 2014 com 49 mil votos, Benevenuto Daciolo Fonseca dos Santos, mais conhecido como Cabo Daciolo, tem 42 anos e concorrer\u00e1 \u00e0 Presid\u00eancia da Rep\u00fablica pela primeira vez. O bombeiro j\u00e1 foi filiado ao PTdoB e, hoje, est\u00e1 no Patriota (antigo Partido Ecol\u00f3gico Nacional). Daciolo ter\u00e1 como vice a pedagoga Suelene Balduino, tamb\u00e9m do Patriota.<\/p>\n<p style=\"text-align: justify;\">Antes de iniciar sua carreira pol\u00edtica, liderou uma greve de bombeiros em seu Estado de origem, o Rio, em 2011, quando chegou a ficar preso. Em 2015, logo depois de eleito, Daciolo foi expulso do PSOL por infidelidade partid\u00e1ria &#8211; a sigla entendeu que as posi\u00e7\u00f5es defendidas por ele contrariavam o estatuto do partido.<\/p>\n<p style=\"text-align: justify;\">COMIT\u00ca DA ONU DETERMINA PARTICIPA\u00c7\u00c3O DE LULA<br \/>\nUma declara\u00e7\u00e3o do Comit\u00ea de Direitos Humanos da ONU divulgada na \u00faltima sexta-feira, dia 17, determinou que o ex-presidente Luiz In\u00e1cio Lula da Silva tem direito de fazer campanha e disputar as elei\u00e7\u00f5es at\u00e9 que seus recursos legais sejam totalmente examinados. O comit\u00ea, que \u00e9 formado por especialistas em direitos civis e pol\u00edticos, deliberou sobre um pedido urgente apresentado pelos advogados de Lula em 27 de julho.<\/p>\n<p style=\"text-align: justify;\">Segundo a declara\u00e7\u00e3o, o pa\u00eds ter\u00e1 que tomar &#8220;todas as medidas necess\u00e1rias para garantir que Lula (&#8230;) possa exercer seus direitos pol\u00edticos enquanto estiver na pris\u00e3o, como candidato nas elei\u00e7\u00f5es presidenciais&#8221;. Ainda de acordo com o comit\u00ea, Lula s\u00f3 poder\u00e1 ser desqualificado uma vez que &#8220;todos os recursos pendentes sejam completados em um procedimento justo e que sua condena\u00e7\u00e3o seja final&#8221;.<\/p>\n<p style=\"text-align: justify;\">O Comit\u00ea, que tem sede em Genebra, \u00e9 respons\u00e1vel pelo monitoramento das viola\u00e7\u00f5es do Pacto Internacional sobre Direitos Civis e Pol\u00edticos, bem como por um texto suplementar chamado Protocolo Facultativo. Como o Brasil ratificou ambos os textos, \u00e9 tecnicamente obrigado a cumprir as conclus\u00f5es desse comit\u00ea, de acordo com seus integrantes.<\/p>\n<p style=\"text-align: justify;\">Mas a declara\u00e7\u00e3o vem dividindo opini\u00f5es. Na tarde do mesmo dia, o ministro das Rela\u00e7\u00f5es Exteriores, Aloysio Nunes, informou nas redes sociais que as decis\u00f5es &#8220;tem car\u00e1ter de recomenda\u00e7\u00e3o e n\u00e3o possui efeito juridicamente vinculante&#8221;. J\u00e1 os advogados de Lula defendem que a manifesta\u00e7\u00e3o do comit\u00ea \u00e9 uma norma e precisa ser atendida. &#8220;De que forma o Brasil vai cumprir isso n\u00e3o cabe a n\u00f3s aqui discutir, mas n\u00e3o h\u00e1 op\u00e7\u00e3o. Deve cumprir, n\u00e3o \u00e9 uma recomenda\u00e7\u00e3o&#8221;, afirmou o criminalista Cristiano Zanin Martins.<\/p>\n<p style=\"text-align: justify;\">Segundo\u00a0a vice-presidente do comit\u00ea da ONU,\u00a0Sarah Cleveland, o Brasil tem &#8220;a obriga\u00e7\u00e3o legal&#8221; de cumprir a recomenda\u00e7\u00e3o\u00a0&#8220;imediatamente&#8221;, embora esta n\u00e3o seja uma ordem judicial, pois o comit\u00ea n\u00e3o \u00e9 uma Corte. Segundo ela, se o Brasil n\u00e3o cumprir, estar\u00e1 &#8220;violando&#8221; obriga\u00e7\u00f5es legais assumidas ao ratificar o Pacto Internacional sobre Direitos Civis e Pol\u00edticos.<\/p>\n<p><em>Fontes: Correio Braziliense e BBC Brasil<\/em><\/p>\n","protected":false},"excerpt":{"rendered":"<p>Desde a redemocratiza\u00e7\u00e3o do Brasil, no ano de 1989, a elei\u00e7\u00e3o presidencial de 2018 ter\u00e1 o maior n\u00famero de candidatos a presid\u00eancia da Rep\u00fablica.<\/p>\n","protected":false},"author":1,"featured_media":60565,"comment_status":"open","ping_status":"open","sticky":false,"template":"","format":"standard","meta":{"pmpro_default_level":"","footnotes":""},"categories":[232,227],"tags":[],"class_list":["post-60558","post","type-post","status-publish","format-standard","has-post-thumbnail","hentry","category-eleicoes-2018","category-manchete","pmpro-has-access"],"yoast_head":"<!-- This site is optimized with the Yoast SEO plugin v27.4 - https:\/\/yoast.com\/product\/yoast-seo-wordpress\/ -->\n<title>Disputa presidencial no pa\u00eds \u00e9 a maior desde 1989 - JORNAL BEIRA RIO<\/title>\n<meta name=\"robots\" content=\"index, follow, max-snippet:-1, max-image-preview:large, max-video-preview:-1\" \/>\n<link rel=\"canonical\" href=\"https:\/\/jornalbeirario.com.br\/portal\/?p=60558\" \/>\n<meta property=\"og:locale\" content=\"pt_BR\" \/>\n<meta property=\"og:type\" content=\"article\" \/>\n<meta property=\"og:title\" content=\"Disputa presidencial no pa\u00eds \u00e9 a maior desde 1989 - JORNAL BEIRA RIO\" \/>\n<meta property=\"og:description\" content=\"Desde a redemocratiza\u00e7\u00e3o do Brasil, no ano de 1989, a elei\u00e7\u00e3o presidencial de 2018 ter\u00e1 o maior n\u00famero de candidatos a presid\u00eancia da Rep\u00fablica.\" \/>\n<meta property=\"og:url\" content=\"https:\/\/jornalbeirario.com.br\/portal\/?p=60558\" \/>\n<meta property=\"og:site_name\" content=\"JORNAL BEIRA RIO\" \/>\n<meta property=\"article:published_time\" content=\"2018-08-20T12:49:36+00:00\" \/>\n<meta property=\"article:modified_time\" content=\"2018-08-20T14:52:22+00:00\" \/>\n<meta property=\"og:image\" content=\"https:\/\/jornalbeirario.com.br\/portal\/wp-content\/uploads\/2018\/08\/presidenciaveis1-1.jpg\" \/>\n\t<meta property=\"og:image:width\" content=\"1100\" \/>\n\t<meta property=\"og:image:height\" content=\"470\" \/>\n\t<meta property=\"og:image:type\" content=\"image\/jpeg\" \/>\n<meta name=\"author\" content=\"Jornal BEIRA-RIO\" \/>\n<meta name=\"twitter:card\" content=\"summary_large_image\" \/>\n<meta name=\"twitter:label1\" content=\"Escrito por\" \/>\n\t<meta name=\"twitter:data1\" content=\"Jornal BEIRA-RIO\" \/>\n\t<meta name=\"twitter:label2\" content=\"Est. tempo de leitura\" \/>\n\t<meta name=\"twitter:data2\" content=\"13 minutos\" \/>\n<script type=\"application\/ld+json\" class=\"yoast-schema-graph\">{\"@context\":\"https:\\\/\\\/schema.org\",\"@graph\":[{\"@type\":\"Article\",\"@id\":\"https:\\\/\\\/jornalbeirario.com.br\\\/portal\\\/?p=60558#article\",\"isPartOf\":{\"@id\":\"https:\\\/\\\/jornalbeirario.com.br\\\/portal\\\/?p=60558\"},\"author\":{\"name\":\"Jornal BEIRA-RIO\",\"@id\":\"https:\\\/\\\/jornalbeirario.com.br\\\/portal\\\/#\\\/schema\\\/person\\\/c6c423e4c2465d2a9233f6539173e7c1\"},\"headline\":\"Disputa presidencial no pa\u00eds \u00e9 a maior desde 1989\",\"datePublished\":\"2018-08-20T12:49:36+00:00\",\"dateModified\":\"2018-08-20T14:52:22+00:00\",\"mainEntityOfPage\":{\"@id\":\"https:\\\/\\\/jornalbeirario.com.br\\\/portal\\\/?p=60558\"},\"wordCount\":2660,\"commentCount\":0,\"publisher\":{\"@id\":\"https:\\\/\\\/jornalbeirario.com.br\\\/portal\\\/#organization\"},\"image\":{\"@id\":\"https:\\\/\\\/jornalbeirario.com.br\\\/portal\\\/?p=60558#primaryimage\"},\"thumbnailUrl\":\"https:\\\/\\\/jornalbeirario.com.br\\\/portal\\\/wp-content\\\/uploads\\\/2018\\\/08\\\/presidenciaveis1-1.jpg\",\"articleSection\":[\"Elei\u00e7\u00f5es 2018\",\"Manchete\"],\"inLanguage\":\"pt-BR\",\"potentialAction\":[{\"@type\":\"CommentAction\",\"name\":\"Comment\",\"target\":[\"https:\\\/\\\/jornalbeirario.com.br\\\/portal\\\/?p=60558#respond\"]}]},{\"@type\":\"WebPage\",\"@id\":\"https:\\\/\\\/jornalbeirario.com.br\\\/portal\\\/?p=60558\",\"url\":\"https:\\\/\\\/jornalbeirario.com.br\\\/portal\\\/?p=60558\",\"name\":\"Disputa presidencial no pa\u00eds \u00e9 a maior desde 1989 - JORNAL BEIRA RIO\",\"isPartOf\":{\"@id\":\"https:\\\/\\\/jornalbeirario.com.br\\\/portal\\\/#website\"},\"primaryImageOfPage\":{\"@id\":\"https:\\\/\\\/jornalbeirario.com.br\\\/portal\\\/?p=60558#primaryimage\"},\"image\":{\"@id\":\"https:\\\/\\\/jornalbeirario.com.br\\\/portal\\\/?p=60558#primaryimage\"},\"thumbnailUrl\":\"https:\\\/\\\/jornalbeirario.com.br\\\/portal\\\/wp-content\\\/uploads\\\/2018\\\/08\\\/presidenciaveis1-1.jpg\",\"datePublished\":\"2018-08-20T12:49:36+00:00\",\"dateModified\":\"2018-08-20T14:52:22+00:00\",\"breadcrumb\":{\"@id\":\"https:\\\/\\\/jornalbeirario.com.br\\\/portal\\\/?p=60558#breadcrumb\"},\"inLanguage\":\"pt-BR\",\"potentialAction\":[{\"@type\":\"ReadAction\",\"target\":[\"https:\\\/\\\/jornalbeirario.com.br\\\/portal\\\/?p=60558\"]}]},{\"@type\":\"ImageObject\",\"inLanguage\":\"pt-BR\",\"@id\":\"https:\\\/\\\/jornalbeirario.com.br\\\/portal\\\/?p=60558#primaryimage\",\"url\":\"https:\\\/\\\/jornalbeirario.com.br\\\/portal\\\/wp-content\\\/uploads\\\/2018\\\/08\\\/presidenciaveis1-1.jpg\",\"contentUrl\":\"https:\\\/\\\/jornalbeirario.com.br\\\/portal\\\/wp-content\\\/uploads\\\/2018\\\/08\\\/presidenciaveis1-1.jpg\",\"width\":1100,\"height\":470},{\"@type\":\"BreadcrumbList\",\"@id\":\"https:\\\/\\\/jornalbeirario.com.br\\\/portal\\\/?p=60558#breadcrumb\",\"itemListElement\":[{\"@type\":\"ListItem\",\"position\":1,\"name\":\"Home\",\"item\":\"https:\\\/\\\/jornalbeirario.com.br\\\/portal\"},{\"@type\":\"ListItem\",\"position\":2,\"name\":\"Disputa presidencial no pa\u00eds \u00e9 a maior desde 1989\"}]},{\"@type\":\"WebSite\",\"@id\":\"https:\\\/\\\/jornalbeirario.com.br\\\/portal\\\/#website\",\"url\":\"https:\\\/\\\/jornalbeirario.com.br\\\/portal\\\/\",\"name\":\"JORNAL BEIRA RIO\",\"description\":\"\",\"publisher\":{\"@id\":\"https:\\\/\\\/jornalbeirario.com.br\\\/portal\\\/#organization\"},\"potentialAction\":[{\"@type\":\"SearchAction\",\"target\":{\"@type\":\"EntryPoint\",\"urlTemplate\":\"https:\\\/\\\/jornalbeirario.com.br\\\/portal\\\/?s={search_term_string}\"},\"query-input\":{\"@type\":\"PropertyValueSpecification\",\"valueRequired\":true,\"valueName\":\"search_term_string\"}}],\"inLanguage\":\"pt-BR\"},{\"@type\":\"Organization\",\"@id\":\"https:\\\/\\\/jornalbeirario.com.br\\\/portal\\\/#organization\",\"name\":\"JORNAL BEIRA RIO\",\"url\":\"https:\\\/\\\/jornalbeirario.com.br\\\/portal\\\/\",\"logo\":{\"@type\":\"ImageObject\",\"inLanguage\":\"pt-BR\",\"@id\":\"https:\\\/\\\/jornalbeirario.com.br\\\/portal\\\/#\\\/schema\\\/logo\\\/image\\\/\",\"url\":\"https:\\\/\\\/jornalbeirario.com.br\\\/portal\\\/wp-content\\\/uploads\\\/2017\\\/09\\\/BEIRA-RIO_logo600.png\",\"contentUrl\":\"https:\\\/\\\/jornalbeirario.com.br\\\/portal\\\/wp-content\\\/uploads\\\/2017\\\/09\\\/BEIRA-RIO_logo600.png\",\"width\":650,\"height\":108,\"caption\":\"JORNAL BEIRA RIO\"},\"image\":{\"@id\":\"https:\\\/\\\/jornalbeirario.com.br\\\/portal\\\/#\\\/schema\\\/logo\\\/image\\\/\"}},{\"@type\":\"Person\",\"@id\":\"https:\\\/\\\/jornalbeirario.com.br\\\/portal\\\/#\\\/schema\\\/person\\\/c6c423e4c2465d2a9233f6539173e7c1\",\"name\":\"Jornal BEIRA-RIO\",\"image\":{\"@type\":\"ImageObject\",\"inLanguage\":\"pt-BR\",\"@id\":\"https:\\\/\\\/jornalbeirario.com.br\\\/portal\\\/wp-content\\\/uploads\\\/2023\\\/10\\\/logojbr1.jpg\",\"url\":\"https:\\\/\\\/jornalbeirario.com.br\\\/portal\\\/wp-content\\\/uploads\\\/2023\\\/10\\\/logojbr1.jpg\",\"contentUrl\":\"https:\\\/\\\/jornalbeirario.com.br\\\/portal\\\/wp-content\\\/uploads\\\/2023\\\/10\\\/logojbr1.jpg\",\"caption\":\"Jornal BEIRA-RIO\"},\"url\":\"https:\\\/\\\/jornalbeirario.com.br\\\/portal\\\/?author=1\"}]}<\/script>\n<!-- \/ Yoast SEO plugin. -->","yoast_head_json":{"title":"Disputa presidencial no pa\u00eds \u00e9 a maior desde 1989 - JORNAL BEIRA RIO","robots":{"index":"index","follow":"follow","max-snippet":"max-snippet:-1","max-image-preview":"max-image-preview:large","max-video-preview":"max-video-preview:-1"},"canonical":"https:\/\/jornalbeirario.com.br\/portal\/?p=60558","og_locale":"pt_BR","og_type":"article","og_title":"Disputa presidencial no pa\u00eds \u00e9 a maior desde 1989 - JORNAL BEIRA RIO","og_description":"Desde a redemocratiza\u00e7\u00e3o do Brasil, no ano de 1989, a elei\u00e7\u00e3o presidencial de 2018 ter\u00e1 o maior n\u00famero de candidatos a presid\u00eancia da Rep\u00fablica.","og_url":"https:\/\/jornalbeirario.com.br\/portal\/?p=60558","og_site_name":"JORNAL BEIRA RIO","article_published_time":"2018-08-20T12:49:36+00:00","article_modified_time":"2018-08-20T14:52:22+00:00","og_image":[{"width":1100,"height":470,"url":"https:\/\/jornalbeirario.com.br\/portal\/wp-content\/uploads\/2018\/08\/presidenciaveis1-1.jpg","type":"image\/jpeg"}],"author":"Jornal BEIRA-RIO","twitter_card":"summary_large_image","twitter_misc":{"Escrito por":"Jornal BEIRA-RIO","Est. tempo de leitura":"13 minutos"},"schema":{"@context":"https:\/\/schema.org","@graph":[{"@type":"Article","@id":"https:\/\/jornalbeirario.com.br\/portal\/?p=60558#article","isPartOf":{"@id":"https:\/\/jornalbeirario.com.br\/portal\/?p=60558"},"author":{"name":"Jornal BEIRA-RIO","@id":"https:\/\/jornalbeirario.com.br\/portal\/#\/schema\/person\/c6c423e4c2465d2a9233f6539173e7c1"},"headline":"Disputa presidencial no pa\u00eds \u00e9 a maior desde 1989","datePublished":"2018-08-20T12:49:36+00:00","dateModified":"2018-08-20T14:52:22+00:00","mainEntityOfPage":{"@id":"https:\/\/jornalbeirario.com.br\/portal\/?p=60558"},"wordCount":2660,"commentCount":0,"publisher":{"@id":"https:\/\/jornalbeirario.com.br\/portal\/#organization"},"image":{"@id":"https:\/\/jornalbeirario.com.br\/portal\/?p=60558#primaryimage"},"thumbnailUrl":"https:\/\/jornalbeirario.com.br\/portal\/wp-content\/uploads\/2018\/08\/presidenciaveis1-1.jpg","articleSection":["Elei\u00e7\u00f5es 2018","Manchete"],"inLanguage":"pt-BR","potentialAction":[{"@type":"CommentAction","name":"Comment","target":["https:\/\/jornalbeirario.com.br\/portal\/?p=60558#respond"]}]},{"@type":"WebPage","@id":"https:\/\/jornalbeirario.com.br\/portal\/?p=60558","url":"https:\/\/jornalbeirario.com.br\/portal\/?p=60558","name":"Disputa presidencial no pa\u00eds \u00e9 a maior desde 1989 - JORNAL BEIRA RIO","isPartOf":{"@id":"https:\/\/jornalbeirario.com.br\/portal\/#website"},"primaryImageOfPage":{"@id":"https:\/\/jornalbeirario.com.br\/portal\/?p=60558#primaryimage"},"image":{"@id":"https:\/\/jornalbeirario.com.br\/portal\/?p=60558#primaryimage"},"thumbnailUrl":"https:\/\/jornalbeirario.com.br\/portal\/wp-content\/uploads\/2018\/08\/presidenciaveis1-1.jpg","datePublished":"2018-08-20T12:49:36+00:00","dateModified":"2018-08-20T14:52:22+00:00","breadcrumb":{"@id":"https:\/\/jornalbeirario.com.br\/portal\/?p=60558#breadcrumb"},"inLanguage":"pt-BR","potentialAction":[{"@type":"ReadAction","target":["https:\/\/jornalbeirario.com.br\/portal\/?p=60558"]}]},{"@type":"ImageObject","inLanguage":"pt-BR","@id":"https:\/\/jornalbeirario.com.br\/portal\/?p=60558#primaryimage","url":"https:\/\/jornalbeirario.com.br\/portal\/wp-content\/uploads\/2018\/08\/presidenciaveis1-1.jpg","contentUrl":"https:\/\/jornalbeirario.com.br\/portal\/wp-content\/uploads\/2018\/08\/presidenciaveis1-1.jpg","width":1100,"height":470},{"@type":"BreadcrumbList","@id":"https:\/\/jornalbeirario.com.br\/portal\/?p=60558#breadcrumb","itemListElement":[{"@type":"ListItem","position":1,"name":"Home","item":"https:\/\/jornalbeirario.com.br\/portal"},{"@type":"ListItem","position":2,"name":"Disputa presidencial no pa\u00eds \u00e9 a maior desde 1989"}]},{"@type":"WebSite","@id":"https:\/\/jornalbeirario.com.br\/portal\/#website","url":"https:\/\/jornalbeirario.com.br\/portal\/","name":"JORNAL BEIRA RIO","description":"","publisher":{"@id":"https:\/\/jornalbeirario.com.br\/portal\/#organization"},"potentialAction":[{"@type":"SearchAction","target":{"@type":"EntryPoint","urlTemplate":"https:\/\/jornalbeirario.com.br\/portal\/?s={search_term_string}"},"query-input":{"@type":"PropertyValueSpecification","valueRequired":true,"valueName":"search_term_string"}}],"inLanguage":"pt-BR"},{"@type":"Organization","@id":"https:\/\/jornalbeirario.com.br\/portal\/#organization","name":"JORNAL BEIRA RIO","url":"https:\/\/jornalbeirario.com.br\/portal\/","logo":{"@type":"ImageObject","inLanguage":"pt-BR","@id":"https:\/\/jornalbeirario.com.br\/portal\/#\/schema\/logo\/image\/","url":"https:\/\/jornalbeirario.com.br\/portal\/wp-content\/uploads\/2017\/09\/BEIRA-RIO_logo600.png","contentUrl":"https:\/\/jornalbeirario.com.br\/portal\/wp-content\/uploads\/2017\/09\/BEIRA-RIO_logo600.png","width":650,"height":108,"caption":"JORNAL BEIRA RIO"},"image":{"@id":"https:\/\/jornalbeirario.com.br\/portal\/#\/schema\/logo\/image\/"}},{"@type":"Person","@id":"https:\/\/jornalbeirario.com.br\/portal\/#\/schema\/person\/c6c423e4c2465d2a9233f6539173e7c1","name":"Jornal BEIRA-RIO","image":{"@type":"ImageObject","inLanguage":"pt-BR","@id":"https:\/\/jornalbeirario.com.br\/portal\/wp-content\/uploads\/2023\/10\/logojbr1.jpg","url":"https:\/\/jornalbeirario.com.br\/portal\/wp-content\/uploads\/2023\/10\/logojbr1.jpg","contentUrl":"https:\/\/jornalbeirario.com.br\/portal\/wp-content\/uploads\/2023\/10\/logojbr1.jpg","caption":"Jornal BEIRA-RIO"},"url":"https:\/\/jornalbeirario.com.br\/portal\/?author=1"}]}},"_links":{"self":[{"href":"https:\/\/jornalbeirario.com.br\/portal\/index.php?rest_route=\/wp\/v2\/posts\/60558","targetHints":{"allow":["GET"]}}],"collection":[{"href":"https:\/\/jornalbeirario.com.br\/portal\/index.php?rest_route=\/wp\/v2\/posts"}],"about":[{"href":"https:\/\/jornalbeirario.com.br\/portal\/index.php?rest_route=\/wp\/v2\/types\/post"}],"author":[{"embeddable":true,"href":"https:\/\/jornalbeirario.com.br\/portal\/index.php?rest_route=\/wp\/v2\/users\/1"}],"replies":[{"embeddable":true,"href":"https:\/\/jornalbeirario.com.br\/portal\/index.php?rest_route=%2Fwp%2Fv2%2Fcomments&post=60558"}],"version-history":[{"count":7,"href":"https:\/\/jornalbeirario.com.br\/portal\/index.php?rest_route=\/wp\/v2\/posts\/60558\/revisions"}],"predecessor-version":[{"id":60571,"href":"https:\/\/jornalbeirario.com.br\/portal\/index.php?rest_route=\/wp\/v2\/posts\/60558\/revisions\/60571"}],"wp:featuredmedia":[{"embeddable":true,"href":"https:\/\/jornalbeirario.com.br\/portal\/index.php?rest_route=\/wp\/v2\/media\/60565"}],"wp:attachment":[{"href":"https:\/\/jornalbeirario.com.br\/portal\/index.php?rest_route=%2Fwp%2Fv2%2Fmedia&parent=60558"}],"wp:term":[{"taxonomy":"category","embeddable":true,"href":"https:\/\/jornalbeirario.com.br\/portal\/index.php?rest_route=%2Fwp%2Fv2%2Fcategories&post=60558"},{"taxonomy":"post_tag","embeddable":true,"href":"https:\/\/jornalbeirario.com.br\/portal\/index.php?rest_route=%2Fwp%2Fv2%2Ftags&post=60558"}],"curies":[{"name":"wp","href":"https:\/\/api.w.org\/{rel}","templated":true}]}}