
{"id":60462,"date":"2018-08-15T15:53:59","date_gmt":"2018-08-15T18:53:59","guid":{"rendered":"http:\/\/jornalbeirario.com.br\/portal\/?p=60462"},"modified":"2018-08-15T19:43:28","modified_gmt":"2018-08-15T22:43:28","slug":"conheca-os-10-candidatos-a-presidente-ja-confirmados-pelo-tse","status":"publish","type":"post","link":"https:\/\/jornalbeirario.com.br\/portal\/?p=60462","title":{"rendered":"Conhe\u00e7a os 13 candidatos que disputar\u00e3o a presid\u00eancia da Rep\u00fablica"},"content":{"rendered":"<figure id=\"attachment_60453\" aria-describedby=\"caption-attachment-60453\" style=\"width: 300px\" class=\"wp-caption alignright\"><img loading=\"lazy\" decoding=\"async\" class=\"size-medium wp-image-60453\" src=\"https:\/\/jornalbeirario.com.br\/portal\/wp-content\/uploads\/2018\/08\/presidenciaveis1-300x225.jpg\" alt=\"\" width=\"300\" height=\"225\" srcset=\"https:\/\/jornalbeirario.com.br\/portal\/wp-content\/uploads\/2018\/08\/presidenciaveis1-300x225.jpg 300w, https:\/\/jornalbeirario.com.br\/portal\/wp-content\/uploads\/2018\/08\/presidenciaveis1.jpg 640w\" sizes=\"auto, (max-width: 300px) 100vw, 300px\" \/><figcaption id=\"caption-attachment-60453\" class=\"wp-caption-text\">Acima: Meirelles, Marina, Alvaro, Bolsonaro e Amo\u00eado. Abaixo: Cabo Daciolo, Alckmin, Vera L\u00facia, Boulos e Ciro Gomes (Fotos: Reprodu\u00e7\u00e3o)<\/figcaption><\/figure>\n<p style=\"text-align: justify;\"><em>Atualizado \u00e0s 19h43<\/em><\/p>\n<p style=\"text-align: justify;\">Nesta quarta-feira, dia 15, foram registradas as 13 candidaturas a presid\u00eancia da Rep\u00fablica no Tribunal Superior Eleitoral (TSE): Alvaro Dias (Podemos), Cabo Daciolo (Patriota), Ciro Gomes (PDT), Geraldo Alckmin (PSDB), Guilherme Boulos (PSOL), Henrique Meirelles (MDB), Jair Bolsonaro (PSL), Jo\u00e3o Amo\u00eado (Novo), Jo\u00e3o Goulart Filho (PPL), Jos\u00e9 Maria Eymael (DC), Luiz In\u00e1cio Lula da Silva (PT), Marina Silva (Rede) e Vera L\u00facia (PSTU).<\/p>\n<p style=\"text-align: justify;\">A campanha eleitoral come\u00e7a oficialmente no pr\u00f3ximo dia 16, e no dia 31, come\u00e7a o hor\u00e1rio eleitoral gratuito no r\u00e1dio e na TV. O TSE tem at\u00e9 17 de setembro para fazer uma an\u00e1lise inicial dos registros. Depois desse prazo, ainda ser\u00e1 poss\u00edvel analisar recursos. De qualquer decis\u00e3o, cabe recurso ao Supremo Tribunal Federal. Veja abaixo quais candidatos fizeram o registro e algumas das informa\u00e7\u00f5es apresentadas por eles (na ordem alfab\u00e9tica).<\/p>\n<figure id=\"attachment_60485\" aria-describedby=\"caption-attachment-60485\" style=\"width: 300px\" class=\"wp-caption alignleft\"><img loading=\"lazy\" decoding=\"async\" class=\"size-medium wp-image-60485\" src=\"https:\/\/jornalbeirario.com.br\/portal\/wp-content\/uploads\/2018\/08\/presidenciaveis2-300x225.jpg\" alt=\"\" width=\"300\" height=\"225\" srcset=\"https:\/\/jornalbeirario.com.br\/portal\/wp-content\/uploads\/2018\/08\/presidenciaveis2-300x225.jpg 300w, https:\/\/jornalbeirario.com.br\/portal\/wp-content\/uploads\/2018\/08\/presidenciaveis2.jpg 640w\" sizes=\"auto, (max-width: 300px) 100vw, 300px\" \/><figcaption id=\"caption-attachment-60485\" class=\"wp-caption-text\">Lula, Goulart e Eymael foram os \u00faltimos a registrarem candidatura (Fotos: Reprodu\u00e7\u00e3o)<\/figcaption><\/figure>\n<p style=\"text-align: justify;\">ALVARO DIAS (Podemos) &#8211;\u00a0Candidatura registrada em 14 de agosto<\/p>\n<p style=\"text-align: justify;\">Ocupa\u00e7\u00e3o declarada: senador; bens declarados: R$ 2.889.933,32<\/p>\n<p style=\"text-align: justify;\">CABO DACIOLO (Patriota) &#8211;\u00a0Candidatura registrada em 8 de agosto<\/p>\n<p style=\"text-align: justify;\">Ocupa\u00e7\u00e3o declarada: deputado; bens declarados: nenhum<\/p>\n<p style=\"text-align: justify;\">CIRO GOMES (PDT) &#8211;\u00a0Candidatura registrada em 10 de agosto<\/p>\n<p style=\"text-align: justify;\">Ocupa\u00e7\u00e3o declarada: advogado; bens declarados: R$ 1.695.203,15<\/p>\n<p style=\"text-align: justify;\">GERALDO ALCKMIN (PSDB) &#8211;\u00a0Candidatura registrada em 8 de agosto<\/p>\n<p style=\"text-align: justify;\">Ocupa\u00e7\u00e3o declarada: m\u00e9dico; bens declarados: R$ 1.379.131,70<\/p>\n<p style=\"text-align: justify;\">GUILHERME BOULOS (PSOL) &#8211;\u00a0Candidatura registrada em 6 de agosto<\/p>\n<p style=\"text-align: justify;\">Ocupa\u00e7\u00e3o declarada: historiador; bens declarados: R$ 15.416,00<\/p>\n<p style=\"text-align: justify;\">HENRIQUE MEIRELLES (MDB) &#8211;\u00a0Candidatura registrada em 15 de agosto<\/p>\n<p style=\"text-align: justify;\">Ocupa\u00e7\u00e3o declarada: engenheiro; bens declarados: R$377.496.700,70<\/p>\n<p style=\"text-align: justify;\">JAIR BOLSONARO (PSL) &#8211; Candidatura registrada em 14 de agosto<\/p>\n<p style=\"text-align: justify;\">Ocupa\u00e7\u00e3o declarada: membro das For\u00e7as Armadas; Bens declarados: R$ 2.286.779,48<\/p>\n<p style=\"text-align: justify;\">JO\u00c3O AMO\u00caDO (Novo) &#8211;\u00a0Candidatura registrada em 13 de agosto<\/p>\n<p style=\"text-align: justify;\">Ocupa\u00e7\u00e3o declarada: engenheiro; bens declarados: R$ 425.066.485,46<\/p>\n<p style=\"text-align: justify;\">JO\u00c3O GOULART FILHO (PPL) &#8211;\u00a0Candidatura registrada em 15 de agosto<\/p>\n<p style=\"text-align: justify;\">Ocupa\u00e7\u00e3o declarada: escritor e cr\u00edtico; Bens declarados: R$ 8.591.035,79<\/p>\n<p style=\"text-align: justify;\">JOS\u00c9 MARIA EYMAEL (DC) &#8211;\u00a0Candidatura registrada em 15 de agosto<\/p>\n<p style=\"text-align: justify;\">Ocupa\u00e7\u00e3o declarada: empres\u00e1rio; Bens declarados: R$ 6.135.114,71<\/p>\n<p style=\"text-align: justify;\">LUIZ IN\u00c1CIO LULA DA SILVA (PT)\u00a0&#8211;\u00a0Candidatura registrada em 15 de agosto<\/p>\n<p style=\"text-align: justify;\">Ocupa\u00e7\u00e3o declarada: torneiro mec\u00e2nico; Bens declarados: R$7.987.921,57<\/p>\n<p style=\"text-align: justify;\">MARINA SILVA (REDE) &#8211;\u00a0Candidatura registrada em 15 de agosto<\/p>\n<p style=\"text-align: justify;\">Ocupa\u00e7\u00e3o declarada: historiadora; bens declarados: R$ 118.835,13<\/p>\n<p style=\"text-align: justify;\">VERA L\u00daCIA (PSTU) &#8211; Candidatura registrada em 6 de agosto<\/p>\n<p style=\"text-align: justify;\">Ocupa\u00e7\u00e3o declarada: outros; bens declarados: R$ 20.000,00<\/p>\n","protected":false},"excerpt":{"rendered":"<p>Atualizado \u00e0s 19h43 Nesta quarta-feira, dia 15, foram registradas as 13 candidaturas a presid\u00eancia da Rep\u00fablica no Tribunal Superior Eleitoral (TSE): Alvaro Dias (Podemos),<\/p>\n","protected":false},"author":1,"featured_media":60453,"comment_status":"open","ping_status":"open","sticky":false,"template":"","format":"standard","meta":{"pmpro_default_level":"","footnotes":""},"categories":[232],"tags":[],"class_list":["post-60462","post","type-post","status-publish","format-standard","has-post-thumbnail","hentry","category-eleicoes-2018","pmpro-has-access"],"yoast_head":"<!-- This site is optimized with the Yoast SEO plugin v27.4 - https:\/\/yoast.com\/product\/yoast-seo-wordpress\/ -->\n<title>Conhe\u00e7a os 13 candidatos que disputar\u00e3o a presid\u00eancia da Rep\u00fablica - JORNAL BEIRA RIO<\/title>\n<meta name=\"robots\" content=\"index, follow, max-snippet:-1, max-image-preview:large, max-video-preview:-1\" \/>\n<link rel=\"canonical\" href=\"https:\/\/jornalbeirario.com.br\/portal\/?p=60462\" \/>\n<meta property=\"og:locale\" content=\"pt_BR\" \/>\n<meta property=\"og:type\" content=\"article\" \/>\n<meta property=\"og:title\" content=\"Conhe\u00e7a os 10 candidatos a presidente j\u00e1 confirmados pelo TSE - JORNAL BEIRA-RIO\" \/>\n<meta property=\"og:description\" content=\"Atualizado \u00e0s 19h43 Nesta quarta-feira, dia 15, foram registradas as 13 candidaturas a presid\u00eancia da Rep\u00fablica no Tribunal Superior Eleitoral (TSE): Alvaro Dias (Podemos),\" \/>\n<meta property=\"og:url\" content=\"https:\/\/jornalbeirario.com.br\/portal\/?p=60462\" \/>\n<meta property=\"og:site_name\" content=\"JORNAL BEIRA RIO\" \/>\n<meta property=\"article:published_time\" content=\"2018-08-15T18:53:59+00:00\" \/>\n<meta property=\"article:modified_time\" content=\"2018-08-15T22:43:28+00:00\" \/>\n<meta property=\"og:image\" content=\"http:\/\/jornalbeirario.com.br\/portal\/wp-content\/uploads\/2018\/08\/presidenciaveis1.jpg\" \/>\n<meta name=\"author\" content=\"Jornal BEIRA-RIO\" \/>\n<meta name=\"twitter:card\" content=\"summary_large_image\" \/>\n<meta name=\"twitter:label1\" content=\"Escrito por\" \/>\n\t<meta name=\"twitter:data1\" content=\"Jornal BEIRA-RIO\" \/>\n\t<meta name=\"twitter:label2\" content=\"Est. tempo de leitura\" \/>\n\t<meta name=\"twitter:data2\" content=\"2 minutos\" \/>\n<script type=\"application\/ld+json\" class=\"yoast-schema-graph\">{\"@context\":\"https:\\\/\\\/schema.org\",\"@graph\":[{\"@type\":\"Article\",\"@id\":\"https:\\\/\\\/jornalbeirario.com.br\\\/portal\\\/?p=60462#article\",\"isPartOf\":{\"@id\":\"https:\\\/\\\/jornalbeirario.com.br\\\/portal\\\/?p=60462\"},\"author\":{\"name\":\"Jornal BEIRA-RIO\",\"@id\":\"https:\\\/\\\/jornalbeirario.com.br\\\/portal\\\/#\\\/schema\\\/person\\\/c6c423e4c2465d2a9233f6539173e7c1\"},\"headline\":\"Conhe\u00e7a os 13 candidatos que disputar\u00e3o a presid\u00eancia da Rep\u00fablica\",\"datePublished\":\"2018-08-15T18:53:59+00:00\",\"dateModified\":\"2018-08-15T22:43:28+00:00\",\"mainEntityOfPage\":{\"@id\":\"https:\\\/\\\/jornalbeirario.com.br\\\/portal\\\/?p=60462\"},\"wordCount\":440,\"commentCount\":0,\"publisher\":{\"@id\":\"https:\\\/\\\/jornalbeirario.com.br\\\/portal\\\/#organization\"},\"image\":{\"@id\":\"https:\\\/\\\/jornalbeirario.com.br\\\/portal\\\/?p=60462#primaryimage\"},\"thumbnailUrl\":\"https:\\\/\\\/jornalbeirario.com.br\\\/portal\\\/wp-content\\\/uploads\\\/2018\\\/08\\\/presidenciaveis1.jpg\",\"articleSection\":[\"Elei\u00e7\u00f5es 2018\"],\"inLanguage\":\"pt-BR\",\"potentialAction\":[{\"@type\":\"CommentAction\",\"name\":\"Comment\",\"target\":[\"https:\\\/\\\/jornalbeirario.com.br\\\/portal\\\/?p=60462#respond\"]}]},{\"@type\":\"WebPage\",\"@id\":\"https:\\\/\\\/jornalbeirario.com.br\\\/portal\\\/?p=60462\",\"url\":\"https:\\\/\\\/jornalbeirario.com.br\\\/portal\\\/?p=60462\",\"name\":\"Conhe\u00e7a os 13 candidatos que disputar\u00e3o a presid\u00eancia da Rep\u00fablica - JORNAL BEIRA RIO\",\"isPartOf\":{\"@id\":\"https:\\\/\\\/jornalbeirario.com.br\\\/portal\\\/#website\"},\"primaryImageOfPage\":{\"@id\":\"https:\\\/\\\/jornalbeirario.com.br\\\/portal\\\/?p=60462#primaryimage\"},\"image\":{\"@id\":\"https:\\\/\\\/jornalbeirario.com.br\\\/portal\\\/?p=60462#primaryimage\"},\"thumbnailUrl\":\"https:\\\/\\\/jornalbeirario.com.br\\\/portal\\\/wp-content\\\/uploads\\\/2018\\\/08\\\/presidenciaveis1.jpg\",\"datePublished\":\"2018-08-15T18:53:59+00:00\",\"dateModified\":\"2018-08-15T22:43:28+00:00\",\"breadcrumb\":{\"@id\":\"https:\\\/\\\/jornalbeirario.com.br\\\/portal\\\/?p=60462#breadcrumb\"},\"inLanguage\":\"pt-BR\",\"potentialAction\":[{\"@type\":\"ReadAction\",\"target\":[\"https:\\\/\\\/jornalbeirario.com.br\\\/portal\\\/?p=60462\"]}]},{\"@type\":\"ImageObject\",\"inLanguage\":\"pt-BR\",\"@id\":\"https:\\\/\\\/jornalbeirario.com.br\\\/portal\\\/?p=60462#primaryimage\",\"url\":\"https:\\\/\\\/jornalbeirario.com.br\\\/portal\\\/wp-content\\\/uploads\\\/2018\\\/08\\\/presidenciaveis1.jpg\",\"contentUrl\":\"https:\\\/\\\/jornalbeirario.com.br\\\/portal\\\/wp-content\\\/uploads\\\/2018\\\/08\\\/presidenciaveis1.jpg\",\"width\":640,\"height\":480,\"caption\":\"Acima: Meirelles, Marina, Alvaro, Bolsonaro e Amo\u00eado. Abaixo: Cabo Daciolo, Alckmin, Vera L\u00facia, Boulos e Ciro Gomes\"},{\"@type\":\"BreadcrumbList\",\"@id\":\"https:\\\/\\\/jornalbeirario.com.br\\\/portal\\\/?p=60462#breadcrumb\",\"itemListElement\":[{\"@type\":\"ListItem\",\"position\":1,\"name\":\"Home\",\"item\":\"https:\\\/\\\/jornalbeirario.com.br\\\/portal\"},{\"@type\":\"ListItem\",\"position\":2,\"name\":\"Conhe\u00e7a os 13 candidatos que disputar\u00e3o a presid\u00eancia da Rep\u00fablica\"}]},{\"@type\":\"WebSite\",\"@id\":\"https:\\\/\\\/jornalbeirario.com.br\\\/portal\\\/#website\",\"url\":\"https:\\\/\\\/jornalbeirario.com.br\\\/portal\\\/\",\"name\":\"JORNAL BEIRA RIO\",\"description\":\"\",\"publisher\":{\"@id\":\"https:\\\/\\\/jornalbeirario.com.br\\\/portal\\\/#organization\"},\"potentialAction\":[{\"@type\":\"SearchAction\",\"target\":{\"@type\":\"EntryPoint\",\"urlTemplate\":\"https:\\\/\\\/jornalbeirario.com.br\\\/portal\\\/?s={search_term_string}\"},\"query-input\":{\"@type\":\"PropertyValueSpecification\",\"valueRequired\":true,\"valueName\":\"search_term_string\"}}],\"inLanguage\":\"pt-BR\"},{\"@type\":\"Organization\",\"@id\":\"https:\\\/\\\/jornalbeirario.com.br\\\/portal\\\/#organization\",\"name\":\"JORNAL BEIRA RIO\",\"url\":\"https:\\\/\\\/jornalbeirario.com.br\\\/portal\\\/\",\"logo\":{\"@type\":\"ImageObject\",\"inLanguage\":\"pt-BR\",\"@id\":\"https:\\\/\\\/jornalbeirario.com.br\\\/portal\\\/#\\\/schema\\\/logo\\\/image\\\/\",\"url\":\"https:\\\/\\\/jornalbeirario.com.br\\\/portal\\\/wp-content\\\/uploads\\\/2017\\\/09\\\/BEIRA-RIO_logo600.png\",\"contentUrl\":\"https:\\\/\\\/jornalbeirario.com.br\\\/portal\\\/wp-content\\\/uploads\\\/2017\\\/09\\\/BEIRA-RIO_logo600.png\",\"width\":650,\"height\":108,\"caption\":\"JORNAL BEIRA RIO\"},\"image\":{\"@id\":\"https:\\\/\\\/jornalbeirario.com.br\\\/portal\\\/#\\\/schema\\\/logo\\\/image\\\/\"}},{\"@type\":\"Person\",\"@id\":\"https:\\\/\\\/jornalbeirario.com.br\\\/portal\\\/#\\\/schema\\\/person\\\/c6c423e4c2465d2a9233f6539173e7c1\",\"name\":\"Jornal BEIRA-RIO\",\"image\":{\"@type\":\"ImageObject\",\"inLanguage\":\"pt-BR\",\"@id\":\"https:\\\/\\\/jornalbeirario.com.br\\\/portal\\\/wp-content\\\/uploads\\\/2023\\\/10\\\/logojbr1.jpg\",\"url\":\"https:\\\/\\\/jornalbeirario.com.br\\\/portal\\\/wp-content\\\/uploads\\\/2023\\\/10\\\/logojbr1.jpg\",\"contentUrl\":\"https:\\\/\\\/jornalbeirario.com.br\\\/portal\\\/wp-content\\\/uploads\\\/2023\\\/10\\\/logojbr1.jpg\",\"caption\":\"Jornal BEIRA-RIO\"},\"url\":\"https:\\\/\\\/jornalbeirario.com.br\\\/portal\\\/?author=1\"}]}<\/script>\n<!-- \/ Yoast SEO plugin. -->","yoast_head_json":{"title":"Conhe\u00e7a os 13 candidatos que disputar\u00e3o a presid\u00eancia da Rep\u00fablica - JORNAL BEIRA RIO","robots":{"index":"index","follow":"follow","max-snippet":"max-snippet:-1","max-image-preview":"max-image-preview:large","max-video-preview":"max-video-preview:-1"},"canonical":"https:\/\/jornalbeirario.com.br\/portal\/?p=60462","og_locale":"pt_BR","og_type":"article","og_title":"Conhe\u00e7a os 10 candidatos a presidente j\u00e1 confirmados pelo TSE - JORNAL BEIRA-RIO","og_description":"Atualizado \u00e0s 19h43 Nesta quarta-feira, dia 15, foram registradas as 13 candidaturas a presid\u00eancia da Rep\u00fablica no Tribunal Superior Eleitoral (TSE): Alvaro Dias (Podemos),","og_url":"https:\/\/jornalbeirario.com.br\/portal\/?p=60462","og_site_name":"JORNAL BEIRA RIO","article_published_time":"2018-08-15T18:53:59+00:00","article_modified_time":"2018-08-15T22:43:28+00:00","og_image":[{"url":"http:\/\/jornalbeirario.com.br\/portal\/wp-content\/uploads\/2018\/08\/presidenciaveis1.jpg","type":"","width":"","height":""}],"author":"Jornal BEIRA-RIO","twitter_card":"summary_large_image","twitter_misc":{"Escrito por":"Jornal BEIRA-RIO","Est. tempo de leitura":"2 minutos"},"schema":{"@context":"https:\/\/schema.org","@graph":[{"@type":"Article","@id":"https:\/\/jornalbeirario.com.br\/portal\/?p=60462#article","isPartOf":{"@id":"https:\/\/jornalbeirario.com.br\/portal\/?p=60462"},"author":{"name":"Jornal BEIRA-RIO","@id":"https:\/\/jornalbeirario.com.br\/portal\/#\/schema\/person\/c6c423e4c2465d2a9233f6539173e7c1"},"headline":"Conhe\u00e7a os 13 candidatos que disputar\u00e3o a presid\u00eancia da Rep\u00fablica","datePublished":"2018-08-15T18:53:59+00:00","dateModified":"2018-08-15T22:43:28+00:00","mainEntityOfPage":{"@id":"https:\/\/jornalbeirario.com.br\/portal\/?p=60462"},"wordCount":440,"commentCount":0,"publisher":{"@id":"https:\/\/jornalbeirario.com.br\/portal\/#organization"},"image":{"@id":"https:\/\/jornalbeirario.com.br\/portal\/?p=60462#primaryimage"},"thumbnailUrl":"https:\/\/jornalbeirario.com.br\/portal\/wp-content\/uploads\/2018\/08\/presidenciaveis1.jpg","articleSection":["Elei\u00e7\u00f5es 2018"],"inLanguage":"pt-BR","potentialAction":[{"@type":"CommentAction","name":"Comment","target":["https:\/\/jornalbeirario.com.br\/portal\/?p=60462#respond"]}]},{"@type":"WebPage","@id":"https:\/\/jornalbeirario.com.br\/portal\/?p=60462","url":"https:\/\/jornalbeirario.com.br\/portal\/?p=60462","name":"Conhe\u00e7a os 13 candidatos que disputar\u00e3o a presid\u00eancia da Rep\u00fablica - JORNAL BEIRA RIO","isPartOf":{"@id":"https:\/\/jornalbeirario.com.br\/portal\/#website"},"primaryImageOfPage":{"@id":"https:\/\/jornalbeirario.com.br\/portal\/?p=60462#primaryimage"},"image":{"@id":"https:\/\/jornalbeirario.com.br\/portal\/?p=60462#primaryimage"},"thumbnailUrl":"https:\/\/jornalbeirario.com.br\/portal\/wp-content\/uploads\/2018\/08\/presidenciaveis1.jpg","datePublished":"2018-08-15T18:53:59+00:00","dateModified":"2018-08-15T22:43:28+00:00","breadcrumb":{"@id":"https:\/\/jornalbeirario.com.br\/portal\/?p=60462#breadcrumb"},"inLanguage":"pt-BR","potentialAction":[{"@type":"ReadAction","target":["https:\/\/jornalbeirario.com.br\/portal\/?p=60462"]}]},{"@type":"ImageObject","inLanguage":"pt-BR","@id":"https:\/\/jornalbeirario.com.br\/portal\/?p=60462#primaryimage","url":"https:\/\/jornalbeirario.com.br\/portal\/wp-content\/uploads\/2018\/08\/presidenciaveis1.jpg","contentUrl":"https:\/\/jornalbeirario.com.br\/portal\/wp-content\/uploads\/2018\/08\/presidenciaveis1.jpg","width":640,"height":480,"caption":"Acima: Meirelles, Marina, Alvaro, Bolsonaro e Amo\u00eado. Abaixo: Cabo Daciolo, Alckmin, Vera L\u00facia, Boulos e Ciro Gomes"},{"@type":"BreadcrumbList","@id":"https:\/\/jornalbeirario.com.br\/portal\/?p=60462#breadcrumb","itemListElement":[{"@type":"ListItem","position":1,"name":"Home","item":"https:\/\/jornalbeirario.com.br\/portal"},{"@type":"ListItem","position":2,"name":"Conhe\u00e7a os 13 candidatos que disputar\u00e3o a presid\u00eancia da Rep\u00fablica"}]},{"@type":"WebSite","@id":"https:\/\/jornalbeirario.com.br\/portal\/#website","url":"https:\/\/jornalbeirario.com.br\/portal\/","name":"JORNAL BEIRA RIO","description":"","publisher":{"@id":"https:\/\/jornalbeirario.com.br\/portal\/#organization"},"potentialAction":[{"@type":"SearchAction","target":{"@type":"EntryPoint","urlTemplate":"https:\/\/jornalbeirario.com.br\/portal\/?s={search_term_string}"},"query-input":{"@type":"PropertyValueSpecification","valueRequired":true,"valueName":"search_term_string"}}],"inLanguage":"pt-BR"},{"@type":"Organization","@id":"https:\/\/jornalbeirario.com.br\/portal\/#organization","name":"JORNAL BEIRA RIO","url":"https:\/\/jornalbeirario.com.br\/portal\/","logo":{"@type":"ImageObject","inLanguage":"pt-BR","@id":"https:\/\/jornalbeirario.com.br\/portal\/#\/schema\/logo\/image\/","url":"https:\/\/jornalbeirario.com.br\/portal\/wp-content\/uploads\/2017\/09\/BEIRA-RIO_logo600.png","contentUrl":"https:\/\/jornalbeirario.com.br\/portal\/wp-content\/uploads\/2017\/09\/BEIRA-RIO_logo600.png","width":650,"height":108,"caption":"JORNAL BEIRA RIO"},"image":{"@id":"https:\/\/jornalbeirario.com.br\/portal\/#\/schema\/logo\/image\/"}},{"@type":"Person","@id":"https:\/\/jornalbeirario.com.br\/portal\/#\/schema\/person\/c6c423e4c2465d2a9233f6539173e7c1","name":"Jornal BEIRA-RIO","image":{"@type":"ImageObject","inLanguage":"pt-BR","@id":"https:\/\/jornalbeirario.com.br\/portal\/wp-content\/uploads\/2023\/10\/logojbr1.jpg","url":"https:\/\/jornalbeirario.com.br\/portal\/wp-content\/uploads\/2023\/10\/logojbr1.jpg","contentUrl":"https:\/\/jornalbeirario.com.br\/portal\/wp-content\/uploads\/2023\/10\/logojbr1.jpg","caption":"Jornal BEIRA-RIO"},"url":"https:\/\/jornalbeirario.com.br\/portal\/?author=1"}]}},"_links":{"self":[{"href":"https:\/\/jornalbeirario.com.br\/portal\/index.php?rest_route=\/wp\/v2\/posts\/60462","targetHints":{"allow":["GET"]}}],"collection":[{"href":"https:\/\/jornalbeirario.com.br\/portal\/index.php?rest_route=\/wp\/v2\/posts"}],"about":[{"href":"https:\/\/jornalbeirario.com.br\/portal\/index.php?rest_route=\/wp\/v2\/types\/post"}],"author":[{"embeddable":true,"href":"https:\/\/jornalbeirario.com.br\/portal\/index.php?rest_route=\/wp\/v2\/users\/1"}],"replies":[{"embeddable":true,"href":"https:\/\/jornalbeirario.com.br\/portal\/index.php?rest_route=%2Fwp%2Fv2%2Fcomments&post=60462"}],"version-history":[{"count":8,"href":"https:\/\/jornalbeirario.com.br\/portal\/index.php?rest_route=\/wp\/v2\/posts\/60462\/revisions"}],"predecessor-version":[{"id":60488,"href":"https:\/\/jornalbeirario.com.br\/portal\/index.php?rest_route=\/wp\/v2\/posts\/60462\/revisions\/60488"}],"wp:featuredmedia":[{"embeddable":true,"href":"https:\/\/jornalbeirario.com.br\/portal\/index.php?rest_route=\/wp\/v2\/media\/60453"}],"wp:attachment":[{"href":"https:\/\/jornalbeirario.com.br\/portal\/index.php?rest_route=%2Fwp%2Fv2%2Fmedia&parent=60462"}],"wp:term":[{"taxonomy":"category","embeddable":true,"href":"https:\/\/jornalbeirario.com.br\/portal\/index.php?rest_route=%2Fwp%2Fv2%2Fcategories&post=60462"},{"taxonomy":"post_tag","embeddable":true,"href":"https:\/\/jornalbeirario.com.br\/portal\/index.php?rest_route=%2Fwp%2Fv2%2Ftags&post=60462"}],"curies":[{"name":"wp","href":"https:\/\/api.w.org\/{rel}","templated":true}]}}